{"id":236591,"date":"2020-09-08T14:30:47","date_gmt":"2020-09-08T12:30:47","guid":{"rendered":"https:\/\/acefootball.com\/da\/?p=236591"},"modified":"2020-09-08T14:30:48","modified_gmt":"2020-09-08T12:30:48","slug":"kan-de-vaelte-praesidenten-snart-halvvejs-i-underskriftindsamlingen","status":"publish","type":"post","link":"https:\/\/acefootball.com\/da\/fodboldnyheder\/kan-de-vaelte-praesidenten-snart-halvvejs-i-underskriftindsamlingen\/","title":{"rendered":"Kan de v\u00e6lte pr\u00e6sidenten? &#8211; Snart halvvejs i underskriftindsamlingen"},"content":{"rendered":"\n<h2>FC Barcelona-medlemmerne har nu n\u00e6sten indsamlet halvdelen af de n\u00f8dvendige underskrifter, der skal til for at fremtvinge et valg f\u00f8r tid i klubben<\/h2>\n\n\n\n<p>Pr\u00e6sidentkandidaterne Jordi Farr\u00e9, V\u00edctor Font og Llu\u00eds Fern\u00e1ndez-Al\u00e0 gik i sidste uge sammen om at neds\u00e6tte et mistillidskvotum mod den siddende FC Barcelona-pr\u00e6sident Josep Maria Bartomeu.<\/p>\n\n\n\n<p>Her skal der indsamles 16.520 underskrifter blandt officielle medlemmer i klubben for, at man kan v\u00e6lte Bartomeu af pinden og udskrive et valg f\u00f8r tid.<\/p>\n\n\n\n<p>Allerede i dag har man samlet 7.500 af disse, hvorfor man n\u00e6sten er halvvejs.<\/p>\n\n\n\n<figure class=\"wp-block-embed-twitter wp-block-embed is-type-rich is-provider-twitter\"><div class=\"wp-block-embed__wrapper\">\n<blockquote class=\"twitter-tweet\" data-width=\"550\" data-dnt=\"true\"><p lang=\"ca\" dir=\"ltr\">7\u20e3.5\u20e30\u20e30\u20e3\u203c<br>\ud83d\udcaa PODEM<br>\ud83d\udd25 VOLEM<br>\u2705 HO FAREM <br><br>Freguem la meitat de l&#39;objectiu, rematem la feina!<br><br>Consulta el teu local m\u00e9s proper i l\u2019horari de disponibilitat, tenim la teva papereta llesta \ud83d\udce8<br><br>\ud83d\udccd<a href=\"https:\/\/t.co\/ZbIvlbf9vO\">https:\/\/t.co\/ZbIvlbf9vO<\/a> <a href=\"https:\/\/t.co\/H3P2jL5QO0\">pic.twitter.com\/H3P2jL5QO0<\/a><\/p>&mdash; Plataforma M\u00e9s que una Moci\u00f3 (@MesQueUnaMocio) <a href=\"https:\/\/twitter.com\/MesQueUnaMocio\/status\/1303203914624368643?ref_src=twsrc%5Etfw\">September 8, 2020<\/a><\/blockquote><script async src=\"https:\/\/platform.twitter.com\/widgets.js\" charset=\"utf-8\"><\/script>\n<\/div><\/figure>\n\n\n\n<p>De 7.500 underskrifter betyder, at medlemmerne nu har otte dage til at samle de sidste 9.020 underskrifter inden deadline den 16. september.<\/p>\n\n\n\n<p>Medlemmerne fors\u00f8gte sig ogs\u00e5 med et mistillidskvotum i 2017 efter salget af Neymar til PSG, men dette overlevede Bartomeu, der dog p\u00e5 ingen m\u00e5de har form\u00e5et at g\u00f8re sig mere popul\u00e6r siden da.<\/p>\n","protected":false},"excerpt":{"rendered":"<p>FC Barcelona-medlemmerne har nu indsamlet halvdelen af de n\u00f8dvendige underskrifter, der skal til for at fremtvinge et valg f\u00f8r tid i klubben<\/p>\n","protected":false},"author":74,"featured_media":236597,"comment_status":"open","ping_status":"closed","sticky":false,"template":"","format":"standard","meta":{"om_disable_all_campaigns":false,"push_articles_ronaldo":{"active":false,"canonical":0,"publish":false},"force_updates":null},"categories":[1],"tags":[41,2308,303],"enet_tags":{"team":["8634"],"league":["87"],"sport_events":[]},"yoast_head":"<!-- This site is optimized with the Yoast SEO plugin v18.3 - https:\/\/yoast.com\/wordpress\/plugins\/seo\/ -->\n<title>Kan de v\u00e6lte pr\u00e6sidenten? - Snart halvvejs i underskriftindsamlingen<\/title>\n<meta name=\"description\" content=\"FC Barcelona-medlemmerne har nu indsamlet halvdelen af de n\u00f8dvendige underskrifter, der skal til for at fremtvinge et valg f\u00f8r tid i klubben\" \/>\n<meta name=\"robots\" content=\"index, follow, max-snippet:-1, max-image-preview:large, max-video-preview:-1\" \/>\n<link rel=\"canonical\" href=\"https:\/\/acefootball.com\/da\/fodboldnyheder\/kan-de-vaelte-praesidenten-snart-halvvejs-i-underskriftindsamlingen\/\" \/>\n<meta property=\"og:locale\" content=\"en_US\" \/>\n<meta property=\"og:type\" content=\"article\" \/>\n<meta property=\"og:title\" content=\"Kan de v\u00e6lte pr\u00e6sidenten? - Snart halvvejs i underskriftindsamlingen\" \/>\n<meta property=\"og:description\" content=\"FC Barcelona-medlemmerne har nu indsamlet halvdelen af de n\u00f8dvendige underskrifter, der skal til for at fremtvinge et valg f\u00f8r tid i klubben\" \/>\n<meta property=\"og:url\" content=\"https:\/\/acefootball.com\/da\/fodboldnyheder\/kan-de-vaelte-praesidenten-snart-halvvejs-i-underskriftindsamlingen\/\" \/>\n<meta property=\"og:site_name\" content=\"Ace Football Danmark\" \/>\n<meta property=\"article:publisher\" content=\"https:\/\/www.facebook.com\/acefootballdk\" \/>\n<meta property=\"article:published_time\" content=\"2020-09-08T12:30:47+00:00\" \/>\n<meta property=\"article:modified_time\" content=\"2020-09-08T12:30:48+00:00\" \/>\n<meta property=\"og:image\" content=\"https:\/\/acefootball.com\/da\/wp-content\/uploads\/sites\/2\/2020\/09\/Bartomeu-Barcelona.jpg\" \/>\n\t<meta property=\"og:image:width\" content=\"1024\" \/>\n\t<meta property=\"og:image:height\" content=\"683\" \/>\n\t<meta property=\"og:image:type\" content=\"image\/jpeg\" \/>\n<meta name=\"twitter:card\" content=\"summary_large_image\" \/>\n<meta name=\"twitter:label1\" content=\"Written by\" \/>\n\t<meta name=\"twitter:data1\" content=\"Patrick Hesselb\u00e6k\" \/>\n\t<meta name=\"twitter:label2\" content=\"Est. reading time\" \/>\n\t<meta name=\"twitter:data2\" content=\"1 minute\" \/>\n<script type=\"application\/ld+json\" class=\"yoast-schema-graph\">{\"@context\":\"https:\/\/schema.org\",\"@graph\":[{\"@type\":\"Organization\",\"@id\":\"https:\/\/acefootball.com\/da\/#organization\",\"name\":\"Ace Football\",\"url\":\"https:\/\/acefootball.com\/da\/\",\"sameAs\":[\"https:\/\/www.facebook.com\/acefootballdk\"],\"logo\":{\"@type\":\"ImageObject\",\"@id\":\"https:\/\/acefootball.com\/da\/#logo\",\"inLanguage\":\"en-US\",\"url\":\"https:\/\/acefootball.com\/da\/wp-content\/uploads\/sites\/2\/2020\/07\/Ace-Football-30-07-2020-2.png\",\"contentUrl\":\"https:\/\/acefootball.com\/da\/wp-content\/uploads\/sites\/2\/2020\/07\/Ace-Football-30-07-2020-2.png\",\"width\":1200,\"height\":600,\"caption\":\"Ace Football\"},\"image\":{\"@id\":\"https:\/\/acefootball.com\/da\/#logo\"}},{\"@type\":\"WebSite\",\"@id\":\"https:\/\/acefootball.com\/da\/#website\",\"url\":\"https:\/\/acefootball.com\/da\/\",\"name\":\"Ace Football Danmark\",\"description\":\"Nyheder, Spiltips &amp; Livescore\",\"publisher\":{\"@id\":\"https:\/\/acefootball.com\/da\/#organization\"},\"potentialAction\":[{\"@type\":\"SearchAction\",\"target\":{\"@type\":\"EntryPoint\",\"urlTemplate\":\"https:\/\/acefootball.com\/da\/?s={search_term_string}\"},\"query-input\":\"required name=search_term_string\"}],\"inLanguage\":\"en-US\"},{\"@type\":\"ImageObject\",\"@id\":\"https:\/\/acefootball.com\/da\/fodboldnyheder\/kan-de-vaelte-praesidenten-snart-halvvejs-i-underskriftindsamlingen\/#primaryimage\",\"inLanguage\":\"en-US\",\"url\":\"https:\/\/acefootball.com\/da\/wp-content\/uploads\/sites\/2\/2020\/09\/Bartomeu-Barcelona.jpg\",\"contentUrl\":\"https:\/\/acefootball.com\/da\/wp-content\/uploads\/sites\/2\/2020\/09\/Bartomeu-Barcelona.jpg\",\"width\":1024,\"height\":683,\"caption\":\"Foto: Getty Images\"},{\"@type\":\"WebPage\",\"@id\":\"https:\/\/acefootball.com\/da\/fodboldnyheder\/kan-de-vaelte-praesidenten-snart-halvvejs-i-underskriftindsamlingen\/#webpage\",\"url\":\"https:\/\/acefootball.com\/da\/fodboldnyheder\/kan-de-vaelte-praesidenten-snart-halvvejs-i-underskriftindsamlingen\/\",\"name\":\"Kan de v\u00e6lte pr\u00e6sidenten? - Snart halvvejs i underskriftindsamlingen\",\"isPartOf\":{\"@id\":\"https:\/\/acefootball.com\/da\/#website\"},\"primaryImageOfPage\":{\"@id\":\"https:\/\/acefootball.com\/da\/fodboldnyheder\/kan-de-vaelte-praesidenten-snart-halvvejs-i-underskriftindsamlingen\/#primaryimage\"},\"datePublished\":\"2020-09-08T12:30:47+00:00\",\"dateModified\":\"2020-09-08T12:30:48+00:00\",\"description\":\"FC Barcelona-medlemmerne har nu indsamlet halvdelen af de n\u00f8dvendige underskrifter, der skal til for at fremtvinge et valg f\u00f8r tid i klubben\",\"breadcrumb\":{\"@id\":\"https:\/\/acefootball.com\/da\/fodboldnyheder\/kan-de-vaelte-praesidenten-snart-halvvejs-i-underskriftindsamlingen\/#breadcrumb\"},\"inLanguage\":\"en-US\",\"potentialAction\":[{\"@type\":\"ReadAction\",\"target\":[\"https:\/\/acefootball.com\/da\/fodboldnyheder\/kan-de-vaelte-praesidenten-snart-halvvejs-i-underskriftindsamlingen\/\"]}]},{\"@type\":\"BreadcrumbList\",\"@id\":\"https:\/\/acefootball.com\/da\/fodboldnyheder\/kan-de-vaelte-praesidenten-snart-halvvejs-i-underskriftindsamlingen\/#breadcrumb\",\"itemListElement\":[{\"@type\":\"ListItem\",\"position\":1,\"name\":\"Home\",\"item\":\"https:\/\/acefootball.com\/da\/\"},{\"@type\":\"ListItem\",\"position\":2,\"name\":\"Kan de v\u00e6lte pr\u00e6sidenten? &#8211; Snart halvvejs i underskriftindsamlingen\"}]},{\"@type\":\"Article\",\"@id\":\"https:\/\/acefootball.com\/da\/fodboldnyheder\/kan-de-vaelte-praesidenten-snart-halvvejs-i-underskriftindsamlingen\/#article\",\"isPartOf\":{\"@id\":\"https:\/\/acefootball.com\/da\/fodboldnyheder\/kan-de-vaelte-praesidenten-snart-halvvejs-i-underskriftindsamlingen\/#webpage\"},\"author\":{\"@id\":\"https:\/\/acefootball.com\/da\/#\/schema\/person\/fd6223a1c033400b41da7853ddf88c84\"},\"headline\":\"Kan de v\u00e6lte pr\u00e6sidenten? &#8211; Snart halvvejs i underskriftindsamlingen\",\"datePublished\":\"2020-09-08T12:30:47+00:00\",\"dateModified\":\"2020-09-08T12:30:48+00:00\",\"mainEntityOfPage\":{\"@id\":\"https:\/\/acefootball.com\/da\/fodboldnyheder\/kan-de-vaelte-praesidenten-snart-halvvejs-i-underskriftindsamlingen\/#webpage\"},\"wordCount\":203,\"commentCount\":0,\"publisher\":{\"@id\":\"https:\/\/acefootball.com\/da\/#organization\"},\"image\":{\"@id\":\"https:\/\/acefootball.com\/da\/fodboldnyheder\/kan-de-vaelte-praesidenten-snart-halvvejs-i-underskriftindsamlingen\/#primaryimage\"},\"thumbnailUrl\":\"https:\/\/acefootball.com\/da\/wp-content\/uploads\/sites\/2\/2020\/09\/Bartomeu-Barcelona.jpg\",\"keywords\":[\"FC Barcelona\",\"Josep Maria Bartomeu\",\"La Liga\"],\"articleSection\":[\"Nyhed\"],\"inLanguage\":\"en-US\",\"potentialAction\":[{\"@type\":\"CommentAction\",\"name\":\"Comment\",\"target\":[\"https:\/\/acefootball.com\/da\/fodboldnyheder\/kan-de-vaelte-praesidenten-snart-halvvejs-i-underskriftindsamlingen\/#respond\"]}]},{\"@type\":\"Person\",\"@id\":\"https:\/\/acefootball.com\/da\/#\/schema\/person\/fd6223a1c033400b41da7853ddf88c84\",\"name\":\"Patrick Hesselb\u00e6k\",\"image\":{\"@type\":\"ImageObject\",\"@id\":\"https:\/\/acefootball.com\/da\/#personlogo\",\"inLanguage\":\"en-US\",\"url\":\"https:\/\/secure.gravatar.com\/avatar\/7919060992759bffbffb199d6cbdce6f?s=96&d=mm&r=g\",\"contentUrl\":\"https:\/\/secure.gravatar.com\/avatar\/7919060992759bffbffb199d6cbdce6f?s=96&d=mm&r=g\",\"caption\":\"Patrick Hesselb\u00e6k\"},\"description\":\"Redakt\u00f8r p\u00e5 den danske Ace Football-redaktion. Uddannet i kommunikation fra Aalborg Universitet. Prim\u00e6rt fokus p\u00e5 den danske 3F Superliga og de st\u00f8rste europ\u00e6iske turneringer.\",\"sameAs\":[\"https:\/\/www.linkedin.com\/in\/patrick-hesselbk-2a4b1711a\/\"],\"url\":\"https:\/\/acefootball.com\/da\/fodboldnyheder\/author\/patrickhesselbaek\/\"}]}<\/script>\n<!-- \/ Yoast SEO plugin. -->","yoast_head_json":{"title":"Kan de v\u00e6lte pr\u00e6sidenten? - Snart halvvejs i underskriftindsamlingen","description":"FC Barcelona-medlemmerne har nu indsamlet halvdelen af de n\u00f8dvendige underskrifter, der skal til for at fremtvinge et valg f\u00f8r tid i klubben","robots":{"index":"index","follow":"follow","max-snippet":"max-snippet:-1","max-image-preview":"max-image-preview:large","max-video-preview":"max-video-preview:-1"},"canonical":"https:\/\/acefootball.com\/da\/fodboldnyheder\/kan-de-vaelte-praesidenten-snart-halvvejs-i-underskriftindsamlingen\/","og_locale":"en_US","og_type":"article","og_title":"Kan de v\u00e6lte pr\u00e6sidenten? - Snart halvvejs i underskriftindsamlingen","og_description":"FC Barcelona-medlemmerne har nu indsamlet halvdelen af de n\u00f8dvendige underskrifter, der skal til for at fremtvinge et valg f\u00f8r tid i klubben","og_url":"https:\/\/acefootball.com\/da\/fodboldnyheder\/kan-de-vaelte-praesidenten-snart-halvvejs-i-underskriftindsamlingen\/","og_site_name":"Ace Football Danmark","article_publisher":"https:\/\/www.facebook.com\/acefootballdk","article_published_time":"2020-09-08T12:30:47+00:00","article_modified_time":"2020-09-08T12:30:48+00:00","og_image":[{"width":1024,"height":683,"url":"https:\/\/acefootball.com\/da\/wp-content\/uploads\/sites\/2\/2020\/09\/Bartomeu-Barcelona.jpg","type":"image\/jpeg"}],"twitter_card":"summary_large_image","twitter_misc":{"Written by":"Patrick Hesselb\u00e6k","Est. reading time":"1 minute"},"schema":{"@context":"https:\/\/schema.org","@graph":[{"@type":"Organization","@id":"https:\/\/acefootball.com\/da\/#organization","name":"Ace Football","url":"https:\/\/acefootball.com\/da\/","sameAs":["https:\/\/www.facebook.com\/acefootballdk"],"logo":{"@type":"ImageObject","@id":"https:\/\/acefootball.com\/da\/#logo","inLanguage":"en-US","url":"https:\/\/acefootball.com\/da\/wp-content\/uploads\/sites\/2\/2020\/07\/Ace-Football-30-07-2020-2.png","contentUrl":"https:\/\/acefootball.com\/da\/wp-content\/uploads\/sites\/2\/2020\/07\/Ace-Football-30-07-2020-2.png","width":1200,"height":600,"caption":"Ace Football"},"image":{"@id":"https:\/\/acefootball.com\/da\/#logo"}},{"@type":"WebSite","@id":"https:\/\/acefootball.com\/da\/#website","url":"https:\/\/acefootball.com\/da\/","name":"Ace Football Danmark","description":"Nyheder, Spiltips &amp; Livescore","publisher":{"@id":"https:\/\/acefootball.com\/da\/#organization"},"potentialAction":[{"@type":"SearchAction","target":{"@type":"EntryPoint","urlTemplate":"https:\/\/acefootball.com\/da\/?s={search_term_string}"},"query-input":"required name=search_term_string"}],"inLanguage":"en-US"},{"@type":"ImageObject","@id":"https:\/\/acefootball.com\/da\/fodboldnyheder\/kan-de-vaelte-praesidenten-snart-halvvejs-i-underskriftindsamlingen\/#primaryimage","inLanguage":"en-US","url":"https:\/\/acefootball.com\/da\/wp-content\/uploads\/sites\/2\/2020\/09\/Bartomeu-Barcelona.jpg","contentUrl":"https:\/\/acefootball.com\/da\/wp-content\/uploads\/sites\/2\/2020\/09\/Bartomeu-Barcelona.jpg","width":1024,"height":683,"caption":"Foto: Getty Images"},{"@type":"WebPage","@id":"https:\/\/acefootball.com\/da\/fodboldnyheder\/kan-de-vaelte-praesidenten-snart-halvvejs-i-underskriftindsamlingen\/#webpage","url":"https:\/\/acefootball.com\/da\/fodboldnyheder\/kan-de-vaelte-praesidenten-snart-halvvejs-i-underskriftindsamlingen\/","name":"Kan de v\u00e6lte pr\u00e6sidenten? - Snart halvvejs i underskriftindsamlingen","isPartOf":{"@id":"https:\/\/acefootball.com\/da\/#website"},"primaryImageOfPage":{"@id":"https:\/\/acefootball.com\/da\/fodboldnyheder\/kan-de-vaelte-praesidenten-snart-halvvejs-i-underskriftindsamlingen\/#primaryimage"},"datePublished":"2020-09-08T12:30:47+00:00","dateModified":"2020-09-08T12:30:48+00:00","description":"FC Barcelona-medlemmerne har nu indsamlet halvdelen af de n\u00f8dvendige underskrifter, der skal til for at fremtvinge et valg f\u00f8r tid i klubben","breadcrumb":{"@id":"https:\/\/acefootball.com\/da\/fodboldnyheder\/kan-de-vaelte-praesidenten-snart-halvvejs-i-underskriftindsamlingen\/#breadcrumb"},"inLanguage":"en-US","potentialAction":[{"@type":"ReadAction","target":["https:\/\/acefootball.com\/da\/fodboldnyheder\/kan-de-vaelte-praesidenten-snart-halvvejs-i-underskriftindsamlingen\/"]}]},{"@type":"BreadcrumbList","@id":"https:\/\/acefootball.com\/da\/fodboldnyheder\/kan-de-vaelte-praesidenten-snart-halvvejs-i-underskriftindsamlingen\/#breadcrumb","itemListElement":[{"@type":"ListItem","position":1,"name":"Home","item":"https:\/\/acefootball.com\/da\/"},{"@type":"ListItem","position":2,"name":"Kan de v\u00e6lte pr\u00e6sidenten? &#8211; Snart halvvejs i underskriftindsamlingen"}]},{"@type":"Article","@id":"https:\/\/acefootball.com\/da\/fodboldnyheder\/kan-de-vaelte-praesidenten-snart-halvvejs-i-underskriftindsamlingen\/#article","isPartOf":{"@id":"https:\/\/acefootball.com\/da\/fodboldnyheder\/kan-de-vaelte-praesidenten-snart-halvvejs-i-underskriftindsamlingen\/#webpage"},"author":{"@id":"https:\/\/acefootball.com\/da\/#\/schema\/person\/fd6223a1c033400b41da7853ddf88c84"},"headline":"Kan de v\u00e6lte pr\u00e6sidenten? &#8211; Snart halvvejs i underskriftindsamlingen","datePublished":"2020-09-08T12:30:47+00:00","dateModified":"2020-09-08T12:30:48+00:00","mainEntityOfPage":{"@id":"https:\/\/acefootball.com\/da\/fodboldnyheder\/kan-de-vaelte-praesidenten-snart-halvvejs-i-underskriftindsamlingen\/#webpage"},"wordCount":203,"commentCount":0,"publisher":{"@id":"https:\/\/acefootball.com\/da\/#organization"},"image":{"@id":"https:\/\/acefootball.com\/da\/fodboldnyheder\/kan-de-vaelte-praesidenten-snart-halvvejs-i-underskriftindsamlingen\/#primaryimage"},"thumbnailUrl":"https:\/\/acefootball.com\/da\/wp-content\/uploads\/sites\/2\/2020\/09\/Bartomeu-Barcelona.jpg","keywords":["FC Barcelona","Josep Maria Bartomeu","La Liga"],"articleSection":["Nyhed"],"inLanguage":"en-US","potentialAction":[{"@type":"CommentAction","name":"Comment","target":["https:\/\/acefootball.com\/da\/fodboldnyheder\/kan-de-vaelte-praesidenten-snart-halvvejs-i-underskriftindsamlingen\/#respond"]}]},{"@type":"Person","@id":"https:\/\/acefootball.com\/da\/#\/schema\/person\/fd6223a1c033400b41da7853ddf88c84","name":"Patrick Hesselb\u00e6k","image":{"@type":"ImageObject","@id":"https:\/\/acefootball.com\/da\/#personlogo","inLanguage":"en-US","url":"https:\/\/secure.gravatar.com\/avatar\/7919060992759bffbffb199d6cbdce6f?s=96&d=mm&r=g","contentUrl":"https:\/\/secure.gravatar.com\/avatar\/7919060992759bffbffb199d6cbdce6f?s=96&d=mm&r=g","caption":"Patrick Hesselb\u00e6k"},"description":"Redakt\u00f8r p\u00e5 den danske Ace Football-redaktion. Uddannet i kommunikation fra Aalborg Universitet. Prim\u00e6rt fokus p\u00e5 den danske 3F Superliga og de st\u00f8rste europ\u00e6iske turneringer.","sameAs":["https:\/\/www.linkedin.com\/in\/patrick-hesselbk-2a4b1711a\/"],"url":"https:\/\/acefootball.com\/da\/fodboldnyheder\/author\/patrickhesselbaek\/"}]}},"fimg_url":"https:\/\/acefootball.com\/da\/wp-content\/uploads\/sites\/2\/2020\/09\/Bartomeu-Barcelona.jpg","_links":{"self":[{"href":"https:\/\/acefootball.com\/da\/wp-json\/wp\/v2\/posts\/236591"}],"collection":[{"href":"https:\/\/acefootball.com\/da\/wp-json\/wp\/v2\/posts"}],"about":[{"href":"https:\/\/acefootball.com\/da\/wp-json\/wp\/v2\/types\/post"}],"author":[{"embeddable":true,"href":"https:\/\/acefootball.com\/da\/wp-json\/wp\/v2\/users\/74"}],"replies":[{"embeddable":true,"href":"https:\/\/acefootball.com\/da\/wp-json\/wp\/v2\/comments?post=236591"}],"version-history":[{"count":0,"href":"https:\/\/acefootball.com\/da\/wp-json\/wp\/v2\/posts\/236591\/revisions"}],"wp:featuredmedia":[{"embeddable":true,"href":"https:\/\/acefootball.com\/da\/wp-json\/wp\/v2\/media\/236597"}],"wp:attachment":[{"href":"https:\/\/acefootball.com\/da\/wp-json\/wp\/v2\/media?parent=236591"}],"wp:term":[{"taxonomy":"category","embeddable":true,"href":"https:\/\/acefootball.com\/da\/wp-json\/wp\/v2\/categories?post=236591"},{"taxonomy":"post_tag","embeddable":true,"href":"https:\/\/acefootball.com\/da\/wp-json\/wp\/v2\/tags?post=236591"}],"curies":[{"name":"wp","href":"https:\/\/api.w.org\/{rel}","templated":true}]}}