{"id":236513,"date":"2020-09-07T21:12:59","date_gmt":"2020-09-07T19:12:59","guid":{"rendered":"https:\/\/acefootball.com\/da\/?p=236513"},"modified":"2020-09-07T21:20:20","modified_gmt":"2020-09-07T19:20:20","slug":"officielt-everton-henter-james-i-real-madrid","status":"publish","type":"post","link":"https:\/\/acefootball.com\/da\/fodboldnyheder\/officielt-everton-henter-james-i-real-madrid\/","title":{"rendered":"Officielt: Everton henter James i Real Madrid"},"content":{"rendered":"\n<h2>Everton har netop bekr\u00e6ftet, at man har hentet James Rodr\u00edguez, som dermed slipper v\u00e6k fra en reservetjans i Real Madrid<\/h2>\n\n\n\n<p>Fodboldverdenen er blevet en transfersaga fattigere, da James Rodr\u00edguez nu omsider er blevet pr\u00e6senteret i Everton.<\/p>\n\n\n\n<p>Premier League-mandskabet bekr\u00e6fter s\u00e5ledes p\u00e5 sin hjemmeside, at man har k\u00f8bt colombianeren fri af Real Madrid og udstyret ham med en to\u00e5rig aftale. Der er option p\u00e5 et \u00e5r mere.<\/p>\n\n\n\n<p>Der er ikke oplyst en transfersum, men medier ansl\u00e5r handlen til en v\u00e6rdi af 170 millioner kroner.<\/p>\n\n\n\n<figure class=\"wp-block-embed-twitter wp-block-embed is-type-rich is-provider-twitter\"><div class=\"wp-block-embed__wrapper\">\n<blockquote class=\"twitter-tweet\" data-width=\"550\" data-dnt=\"true\"><p lang=\"en\" dir=\"ltr\">\ud83c\udde8\ud83c\uddf4 | It&#39;s official&#8230; <a href=\"https:\/\/twitter.com\/jamesdrodriguez?ref_src=twsrc%5Etfw\">@jamesdrodriguez<\/a> is a Blue! \ud83d\udd35<a href=\"https:\/\/twitter.com\/hashtag\/Al%C3%B3James?src=hash&amp;ref_src=twsrc%5Etfw\">#Al\u00f3James<\/a> <a href=\"https:\/\/t.co\/hNDsLvtqtT\">pic.twitter.com\/hNDsLvtqtT<\/a><\/p>&mdash; Everton (@Everton) <a href=\"https:\/\/twitter.com\/Everton\/status\/1303045630290546688?ref_src=twsrc%5Etfw\">September 7, 2020<\/a><\/blockquote><script async src=\"https:\/\/platform.twitter.com\/widgets.js\" charset=\"utf-8\"><\/script>\n<\/div><\/figure>\n\n\n\n<p>Det har da ogs\u00e5 l\u00e6nge ligget i kortene, at James skulle v\u00e6k fra Real Madrid, hvor det i sidste s\u00e6son kun blev til 14 kampe i alle turneringer.<\/p>\n\n\n\n<p>I Everton bliver den kreative offensivspiller genforenet med cheftr\u00e6ner Carlo Ancelotti, som tilbage i 2014 netop var ham, der hentede James til den spanske hovedstadsklub.<\/p>\n\n\n\n<p>K\u00f8bet af James Rodr\u00edguez kommer kun to dage efter, at Allan blev hentet i Napoli.<\/p>\n","protected":false},"excerpt":{"rendered":"<p>Everton har netop bekr\u00e6ftet, at man har hentet James Rodr\u00edguez, som dermed slipper v\u00e6k fra en reservetjans i Real Madrid<\/p>\n","protected":false},"author":705,"featured_media":236515,"comment_status":"open","ping_status":"closed","sticky":false,"template":"","format":"standard","meta":{"om_disable_all_campaigns":false,"push_articles_ronaldo":{"active":false,"canonical":0,"publish":false},"force_updates":null},"categories":[8327],"tags":[212,86,303,134,85],"enet_tags":{"team":["8668","8633"],"player":["164684"],"league":["87","47"],"sport_events":[]},"yoast_head":"<!-- This site is optimized with the Yoast SEO plugin v18.3 - https:\/\/yoast.com\/wordpress\/plugins\/seo\/ -->\n<title>Officielt: Everton henter James i Real Madrid<\/title>\n<meta name=\"description\" content=\"Everton har netop bekr\u00e6ftet, at man har hentet James Rodr\u00edguez, som dermed slipper v\u00e6k fra en reservetjans i Real Madrid\" \/>\n<meta name=\"robots\" content=\"index, follow, max-snippet:-1, max-image-preview:large, max-video-preview:-1\" \/>\n<link rel=\"canonical\" href=\"https:\/\/acefootball.com\/da\/fodboldnyheder\/officielt-everton-henter-james-i-real-madrid\/\" \/>\n<meta property=\"og:locale\" content=\"en_US\" \/>\n<meta property=\"og:type\" content=\"article\" \/>\n<meta property=\"og:title\" content=\"Officielt: Everton henter James i Real Madrid\" \/>\n<meta property=\"og:description\" content=\"Everton har netop bekr\u00e6ftet, at man har hentet James Rodr\u00edguez, som dermed slipper v\u00e6k fra en reservetjans i Real Madrid\" \/>\n<meta property=\"og:url\" content=\"https:\/\/acefootball.com\/da\/fodboldnyheder\/officielt-everton-henter-james-i-real-madrid\/\" \/>\n<meta property=\"og:site_name\" content=\"Ace Football Danmark\" \/>\n<meta property=\"article:publisher\" content=\"https:\/\/www.facebook.com\/acefootballdk\" \/>\n<meta property=\"article:published_time\" content=\"2020-09-07T19:12:59+00:00\" \/>\n<meta property=\"article:modified_time\" content=\"2020-09-07T19:20:20+00:00\" \/>\n<meta property=\"og:image\" content=\"https:\/\/acefootball.com\/da\/wp-content\/uploads\/sites\/2\/2020\/09\/Design-uden-navn-3-1.jpg\" \/>\n\t<meta property=\"og:image:width\" content=\"1024\" \/>\n\t<meta property=\"og:image:height\" content=\"683\" \/>\n\t<meta property=\"og:image:type\" content=\"image\/jpeg\" \/>\n<meta name=\"twitter:card\" content=\"summary_large_image\" \/>\n<meta name=\"twitter:label1\" content=\"Written by\" \/>\n\t<meta name=\"twitter:data1\" content=\"Mads Dreyer\" \/>\n\t<meta name=\"twitter:label2\" content=\"Est. reading time\" \/>\n\t<meta name=\"twitter:data2\" content=\"1 minute\" \/>\n<script type=\"application\/ld+json\" class=\"yoast-schema-graph\">{\"@context\":\"https:\/\/schema.org\",\"@graph\":[{\"@type\":\"Organization\",\"@id\":\"https:\/\/acefootball.com\/da\/#organization\",\"name\":\"Ace Football\",\"url\":\"https:\/\/acefootball.com\/da\/\",\"sameAs\":[\"https:\/\/www.facebook.com\/acefootballdk\"],\"logo\":{\"@type\":\"ImageObject\",\"@id\":\"https:\/\/acefootball.com\/da\/#logo\",\"inLanguage\":\"en-US\",\"url\":\"https:\/\/acefootball.com\/da\/wp-content\/uploads\/sites\/2\/2020\/07\/Ace-Football-30-07-2020-2.png\",\"contentUrl\":\"https:\/\/acefootball.com\/da\/wp-content\/uploads\/sites\/2\/2020\/07\/Ace-Football-30-07-2020-2.png\",\"width\":1200,\"height\":600,\"caption\":\"Ace Football\"},\"image\":{\"@id\":\"https:\/\/acefootball.com\/da\/#logo\"}},{\"@type\":\"WebSite\",\"@id\":\"https:\/\/acefootball.com\/da\/#website\",\"url\":\"https:\/\/acefootball.com\/da\/\",\"name\":\"Ace Football Danmark\",\"description\":\"Nyheder, Spiltips &amp; Livescore\",\"publisher\":{\"@id\":\"https:\/\/acefootball.com\/da\/#organization\"},\"potentialAction\":[{\"@type\":\"SearchAction\",\"target\":{\"@type\":\"EntryPoint\",\"urlTemplate\":\"https:\/\/acefootball.com\/da\/?s={search_term_string}\"},\"query-input\":\"required name=search_term_string\"}],\"inLanguage\":\"en-US\"},{\"@type\":\"ImageObject\",\"@id\":\"https:\/\/acefootball.com\/da\/fodboldnyheder\/officielt-everton-henter-james-i-real-madrid\/#primaryimage\",\"inLanguage\":\"en-US\",\"url\":\"https:\/\/acefootball.com\/da\/wp-content\/uploads\/sites\/2\/2020\/09\/Design-uden-navn-3-1.jpg\",\"contentUrl\":\"https:\/\/acefootball.com\/da\/wp-content\/uploads\/sites\/2\/2020\/09\/Design-uden-navn-3-1.jpg\",\"width\":1024,\"height\":683,\"caption\":\"Foto: Everton FC\"},{\"@type\":\"WebPage\",\"@id\":\"https:\/\/acefootball.com\/da\/fodboldnyheder\/officielt-everton-henter-james-i-real-madrid\/#webpage\",\"url\":\"https:\/\/acefootball.com\/da\/fodboldnyheder\/officielt-everton-henter-james-i-real-madrid\/\",\"name\":\"Officielt: Everton henter James i Real Madrid\",\"isPartOf\":{\"@id\":\"https:\/\/acefootball.com\/da\/#website\"},\"primaryImageOfPage\":{\"@id\":\"https:\/\/acefootball.com\/da\/fodboldnyheder\/officielt-everton-henter-james-i-real-madrid\/#primaryimage\"},\"datePublished\":\"2020-09-07T19:12:59+00:00\",\"dateModified\":\"2020-09-07T19:20:20+00:00\",\"description\":\"Everton har netop bekr\u00e6ftet, at man har hentet James Rodr\u00edguez, som dermed slipper v\u00e6k fra en reservetjans i Real Madrid\",\"breadcrumb\":{\"@id\":\"https:\/\/acefootball.com\/da\/fodboldnyheder\/officielt-everton-henter-james-i-real-madrid\/#breadcrumb\"},\"inLanguage\":\"en-US\",\"potentialAction\":[{\"@type\":\"ReadAction\",\"target\":[\"https:\/\/acefootball.com\/da\/fodboldnyheder\/officielt-everton-henter-james-i-real-madrid\/\"]}]},{\"@type\":\"BreadcrumbList\",\"@id\":\"https:\/\/acefootball.com\/da\/fodboldnyheder\/officielt-everton-henter-james-i-real-madrid\/#breadcrumb\",\"itemListElement\":[{\"@type\":\"ListItem\",\"position\":1,\"name\":\"Home\",\"item\":\"https:\/\/acefootball.com\/da\/\"},{\"@type\":\"ListItem\",\"position\":2,\"name\":\"Officielt: Everton henter James i Real Madrid\"}]},{\"@type\":\"Article\",\"@id\":\"https:\/\/acefootball.com\/da\/fodboldnyheder\/officielt-everton-henter-james-i-real-madrid\/#article\",\"isPartOf\":{\"@id\":\"https:\/\/acefootball.com\/da\/fodboldnyheder\/officielt-everton-henter-james-i-real-madrid\/#webpage\"},\"author\":{\"@id\":\"https:\/\/acefootball.com\/da\/#\/schema\/person\/ee67e9cf04a276f144100ffa722f10cd\"},\"headline\":\"Officielt: Everton henter James i Real Madrid\",\"datePublished\":\"2020-09-07T19:12:59+00:00\",\"dateModified\":\"2020-09-07T19:20:20+00:00\",\"mainEntityOfPage\":{\"@id\":\"https:\/\/acefootball.com\/da\/fodboldnyheder\/officielt-everton-henter-james-i-real-madrid\/#webpage\"},\"wordCount\":177,\"commentCount\":0,\"publisher\":{\"@id\":\"https:\/\/acefootball.com\/da\/#organization\"},\"image\":{\"@id\":\"https:\/\/acefootball.com\/da\/fodboldnyheder\/officielt-everton-henter-james-i-real-madrid\/#primaryimage\"},\"thumbnailUrl\":\"https:\/\/acefootball.com\/da\/wp-content\/uploads\/sites\/2\/2020\/09\/Design-uden-navn-3-1.jpg\",\"keywords\":[\"Everton\",\"James Rodr\u00edguez\",\"La Liga\",\"Premier League\",\"Real Madrid\"],\"articleSection\":[\"Topnyhed\"],\"inLanguage\":\"en-US\",\"potentialAction\":[{\"@type\":\"CommentAction\",\"name\":\"Comment\",\"target\":[\"https:\/\/acefootball.com\/da\/fodboldnyheder\/officielt-everton-henter-james-i-real-madrid\/#respond\"]}]},{\"@type\":\"Person\",\"@id\":\"https:\/\/acefootball.com\/da\/#\/schema\/person\/ee67e9cf04a276f144100ffa722f10cd\",\"name\":\"Mads Dreyer\",\"image\":{\"@type\":\"ImageObject\",\"@id\":\"https:\/\/acefootball.com\/da\/#personlogo\",\"inLanguage\":\"en-US\",\"url\":\"https:\/\/secure.gravatar.com\/avatar\/7c7abf72cfde9902b6a60efe60c88d4c?s=96&d=mm&r=g\",\"contentUrl\":\"https:\/\/secure.gravatar.com\/avatar\/7c7abf72cfde9902b6a60efe60c88d4c?s=96&d=mm&r=g\",\"caption\":\"Mads Dreyer\"},\"description\":\"Skribent og fodboldn\u00f8rd, der lige nu fort\u00e6ller om alt og intet i fodboldverdenen p\u00e5 acefootball.com. Uddannet i kommunikation fra Aalborg Universitet.\",\"sameAs\":[\"https:\/\/www.linkedin.com\/in\/mads-dreyer-b9b08266\/\"],\"url\":\"https:\/\/acefootball.com\/da\/fodboldnyheder\/author\/mdnronaldo\/\"}]}<\/script>\n<!-- \/ Yoast SEO plugin. -->","yoast_head_json":{"title":"Officielt: Everton henter James i Real Madrid","description":"Everton har netop bekr\u00e6ftet, at man har hentet James Rodr\u00edguez, som dermed slipper v\u00e6k fra en reservetjans i Real Madrid","robots":{"index":"index","follow":"follow","max-snippet":"max-snippet:-1","max-image-preview":"max-image-preview:large","max-video-preview":"max-video-preview:-1"},"canonical":"https:\/\/acefootball.com\/da\/fodboldnyheder\/officielt-everton-henter-james-i-real-madrid\/","og_locale":"en_US","og_type":"article","og_title":"Officielt: Everton henter James i Real Madrid","og_description":"Everton har netop bekr\u00e6ftet, at man har hentet James Rodr\u00edguez, som dermed slipper v\u00e6k fra en reservetjans i Real Madrid","og_url":"https:\/\/acefootball.com\/da\/fodboldnyheder\/officielt-everton-henter-james-i-real-madrid\/","og_site_name":"Ace Football Danmark","article_publisher":"https:\/\/www.facebook.com\/acefootballdk","article_published_time":"2020-09-07T19:12:59+00:00","article_modified_time":"2020-09-07T19:20:20+00:00","og_image":[{"width":1024,"height":683,"url":"https:\/\/acefootball.com\/da\/wp-content\/uploads\/sites\/2\/2020\/09\/Design-uden-navn-3-1.jpg","type":"image\/jpeg"}],"twitter_card":"summary_large_image","twitter_misc":{"Written by":"Mads Dreyer","Est. reading time":"1 minute"},"schema":{"@context":"https:\/\/schema.org","@graph":[{"@type":"Organization","@id":"https:\/\/acefootball.com\/da\/#organization","name":"Ace Football","url":"https:\/\/acefootball.com\/da\/","sameAs":["https:\/\/www.facebook.com\/acefootballdk"],"logo":{"@type":"ImageObject","@id":"https:\/\/acefootball.com\/da\/#logo","inLanguage":"en-US","url":"https:\/\/acefootball.com\/da\/wp-content\/uploads\/sites\/2\/2020\/07\/Ace-Football-30-07-2020-2.png","contentUrl":"https:\/\/acefootball.com\/da\/wp-content\/uploads\/sites\/2\/2020\/07\/Ace-Football-30-07-2020-2.png","width":1200,"height":600,"caption":"Ace Football"},"image":{"@id":"https:\/\/acefootball.com\/da\/#logo"}},{"@type":"WebSite","@id":"https:\/\/acefootball.com\/da\/#website","url":"https:\/\/acefootball.com\/da\/","name":"Ace Football Danmark","description":"Nyheder, Spiltips &amp; Livescore","publisher":{"@id":"https:\/\/acefootball.com\/da\/#organization"},"potentialAction":[{"@type":"SearchAction","target":{"@type":"EntryPoint","urlTemplate":"https:\/\/acefootball.com\/da\/?s={search_term_string}"},"query-input":"required name=search_term_string"}],"inLanguage":"en-US"},{"@type":"ImageObject","@id":"https:\/\/acefootball.com\/da\/fodboldnyheder\/officielt-everton-henter-james-i-real-madrid\/#primaryimage","inLanguage":"en-US","url":"https:\/\/acefootball.com\/da\/wp-content\/uploads\/sites\/2\/2020\/09\/Design-uden-navn-3-1.jpg","contentUrl":"https:\/\/acefootball.com\/da\/wp-content\/uploads\/sites\/2\/2020\/09\/Design-uden-navn-3-1.jpg","width":1024,"height":683,"caption":"Foto: Everton FC"},{"@type":"WebPage","@id":"https:\/\/acefootball.com\/da\/fodboldnyheder\/officielt-everton-henter-james-i-real-madrid\/#webpage","url":"https:\/\/acefootball.com\/da\/fodboldnyheder\/officielt-everton-henter-james-i-real-madrid\/","name":"Officielt: Everton henter James i Real Madrid","isPartOf":{"@id":"https:\/\/acefootball.com\/da\/#website"},"primaryImageOfPage":{"@id":"https:\/\/acefootball.com\/da\/fodboldnyheder\/officielt-everton-henter-james-i-real-madrid\/#primaryimage"},"datePublished":"2020-09-07T19:12:59+00:00","dateModified":"2020-09-07T19:20:20+00:00","description":"Everton har netop bekr\u00e6ftet, at man har hentet James Rodr\u00edguez, som dermed slipper v\u00e6k fra en reservetjans i Real Madrid","breadcrumb":{"@id":"https:\/\/acefootball.com\/da\/fodboldnyheder\/officielt-everton-henter-james-i-real-madrid\/#breadcrumb"},"inLanguage":"en-US","potentialAction":[{"@type":"ReadAction","target":["https:\/\/acefootball.com\/da\/fodboldnyheder\/officielt-everton-henter-james-i-real-madrid\/"]}]},{"@type":"BreadcrumbList","@id":"https:\/\/acefootball.com\/da\/fodboldnyheder\/officielt-everton-henter-james-i-real-madrid\/#breadcrumb","itemListElement":[{"@type":"ListItem","position":1,"name":"Home","item":"https:\/\/acefootball.com\/da\/"},{"@type":"ListItem","position":2,"name":"Officielt: Everton henter James i Real Madrid"}]},{"@type":"Article","@id":"https:\/\/acefootball.com\/da\/fodboldnyheder\/officielt-everton-henter-james-i-real-madrid\/#article","isPartOf":{"@id":"https:\/\/acefootball.com\/da\/fodboldnyheder\/officielt-everton-henter-james-i-real-madrid\/#webpage"},"author":{"@id":"https:\/\/acefootball.com\/da\/#\/schema\/person\/ee67e9cf04a276f144100ffa722f10cd"},"headline":"Officielt: Everton henter James i Real Madrid","datePublished":"2020-09-07T19:12:59+00:00","dateModified":"2020-09-07T19:20:20+00:00","mainEntityOfPage":{"@id":"https:\/\/acefootball.com\/da\/fodboldnyheder\/officielt-everton-henter-james-i-real-madrid\/#webpage"},"wordCount":177,"commentCount":0,"publisher":{"@id":"https:\/\/acefootball.com\/da\/#organization"},"image":{"@id":"https:\/\/acefootball.com\/da\/fodboldnyheder\/officielt-everton-henter-james-i-real-madrid\/#primaryimage"},"thumbnailUrl":"https:\/\/acefootball.com\/da\/wp-content\/uploads\/sites\/2\/2020\/09\/Design-uden-navn-3-1.jpg","keywords":["Everton","James Rodr\u00edguez","La Liga","Premier League","Real Madrid"],"articleSection":["Topnyhed"],"inLanguage":"en-US","potentialAction":[{"@type":"CommentAction","name":"Comment","target":["https:\/\/acefootball.com\/da\/fodboldnyheder\/officielt-everton-henter-james-i-real-madrid\/#respond"]}]},{"@type":"Person","@id":"https:\/\/acefootball.com\/da\/#\/schema\/person\/ee67e9cf04a276f144100ffa722f10cd","name":"Mads Dreyer","image":{"@type":"ImageObject","@id":"https:\/\/acefootball.com\/da\/#personlogo","inLanguage":"en-US","url":"https:\/\/secure.gravatar.com\/avatar\/7c7abf72cfde9902b6a60efe60c88d4c?s=96&d=mm&r=g","contentUrl":"https:\/\/secure.gravatar.com\/avatar\/7c7abf72cfde9902b6a60efe60c88d4c?s=96&d=mm&r=g","caption":"Mads Dreyer"},"description":"Skribent og fodboldn\u00f8rd, der lige nu fort\u00e6ller om alt og intet i fodboldverdenen p\u00e5 acefootball.com. Uddannet i kommunikation fra Aalborg Universitet.","sameAs":["https:\/\/www.linkedin.com\/in\/mads-dreyer-b9b08266\/"],"url":"https:\/\/acefootball.com\/da\/fodboldnyheder\/author\/mdnronaldo\/"}]}},"fimg_url":"https:\/\/acefootball.com\/da\/wp-content\/uploads\/sites\/2\/2020\/09\/Design-uden-navn-3-1.jpg","_links":{"self":[{"href":"https:\/\/acefootball.com\/da\/wp-json\/wp\/v2\/posts\/236513"}],"collection":[{"href":"https:\/\/acefootball.com\/da\/wp-json\/wp\/v2\/posts"}],"about":[{"href":"https:\/\/acefootball.com\/da\/wp-json\/wp\/v2\/types\/post"}],"author":[{"embeddable":true,"href":"https:\/\/acefootball.com\/da\/wp-json\/wp\/v2\/users\/705"}],"replies":[{"embeddable":true,"href":"https:\/\/acefootball.com\/da\/wp-json\/wp\/v2\/comments?post=236513"}],"version-history":[{"count":0,"href":"https:\/\/acefootball.com\/da\/wp-json\/wp\/v2\/posts\/236513\/revisions"}],"wp:featuredmedia":[{"embeddable":true,"href":"https:\/\/acefootball.com\/da\/wp-json\/wp\/v2\/media\/236515"}],"wp:attachment":[{"href":"https:\/\/acefootball.com\/da\/wp-json\/wp\/v2\/media?parent=236513"}],"wp:term":[{"taxonomy":"category","embeddable":true,"href":"https:\/\/acefootball.com\/da\/wp-json\/wp\/v2\/categories?post=236513"},{"taxonomy":"post_tag","embeddable":true,"href":"https:\/\/acefootball.com\/da\/wp-json\/wp\/v2\/tags?post=236513"}],"curies":[{"name":"wp","href":"https:\/\/api.w.org\/{rel}","templated":true}]}}