{"id":236512,"date":"2020-09-07T22:07:01","date_gmt":"2020-09-07T20:07:01","guid":{"rendered":"https:\/\/acefootball.com\/da\/?p=236512"},"modified":"2020-09-07T22:07:02","modified_gmt":"2020-09-07T20:07:02","slug":"lettelse-i-real-madrid-asensio-slipper-med-skraekken","status":"publish","type":"post","link":"https:\/\/acefootball.com\/da\/fodboldnyheder\/lettelse-i-real-madrid-asensio-slipper-med-skraekken\/","title":{"rendered":"Lettelse i Real Madrid: Asensio slipper med skr\u00e6kken"},"content":{"rendered":"\n<h2>Marco Asensio har f\u00e5et kn\u00e6et scannet efter et uheld i den spanske landsholdslejr, og Real Madrid-spilleren er sluppet uskadt fra h\u00e6ndelsen<\/h2>\n\n\n\n<p>Der var frygt for endnu en grim kn\u00e6skade, da Marco Asensio i tirsdags m\u00e5tte forlade den spanske landsholdslejr efter et uheld.<\/p>\n\n\n\n<p>Real Madrid-spilleren tog efterf\u00f8lgende tilbage til hovedstaden for at f\u00e5 kontrolleret det udsatte kn\u00e6, og der har nu vist sig ikke at v\u00e6re st\u00f8rre problemer. Det skriver <a href=\"https:\/\/www.marca.com\/en\/football\/real-madrid\/2020\/09\/07\/5f56740d22601d8b7b8b45e7.html\" target=\"_blank\" rel=\"noreferrer noopener\">Marca<\/a>.<\/p>\n\n\n\n<p>Der skulle ikke v\u00e6re tale om andet et slag, og efter et par dage i tr\u00e6ningscenteret burde offensivspilleren v\u00e6re tilbage p\u00e5 tr\u00e6ningsbanen.<\/p>\n\n\n\n<figure class=\"wp-block-embed-wordpress wp-block-embed is-type-wp-embed is-provider-ace-football-danmark\"><div class=\"wp-block-embed__wrapper\">\n<blockquote class=\"wp-embedded-content\" data-secret=\"ElYUP6Ufgm\"><a href=\"https:\/\/acefootball.com\/da\/fodboldnyheder\/officielt-everton-henter-james-i-real-madrid\/\">Officielt: Everton henter James i Real Madrid<\/a><\/blockquote><iframe class=\"wp-embedded-content\" sandbox=\"allow-scripts\" security=\"restricted\" style=\"position: absolute; clip: rect(1px, 1px, 1px, 1px);\" title=\"&#8220;Officielt: Everton henter James i Real Madrid&#8221; &#8212; Ace Football Danmark\" src=\"https:\/\/acefootball.com\/da\/fodboldnyheder\/officielt-everton-henter-james-i-real-madrid\/embed\/#?secret=ElYUP6Ufgm\" data-secret=\"ElYUP6Ufgm\" width=\"600\" height=\"338\" frameborder=\"0\" marginwidth=\"0\" marginheight=\"0\" scrolling=\"no\"><\/iframe>\n<\/div><\/figure>\n\n\n\n<p>Marco Asensio har ellers god grund til at v\u00e6re p\u00e5 vagt, n\u00e5r der er smerter i kn\u00e6et, da han sad ude det meste af sidste s\u00e6son med en ledb\u00e5ndsskade.<\/p>\n","protected":false},"excerpt":{"rendered":"<p>Marco Asensio har f\u00e5et kn\u00e6et scannet efter et uheld i den spanske landsholdslejr, og Real Madrid-spilleren er sluppet uskadt fra h\u00e6ndelsen<\/p>\n","protected":false},"author":705,"featured_media":236520,"comment_status":"open","ping_status":"closed","sticky":false,"template":"","format":"standard","meta":{"om_disable_all_campaigns":false,"push_articles_ronaldo":{"active":false,"canonical":0,"publish":false},"force_updates":null},"categories":[1],"tags":[303,813,85],"enet_tags":{"league":["87"],"player":["498033"],"team":["8633"],"sport_events":[]},"yoast_head":"<!-- This site is optimized with the Yoast SEO plugin v18.3 - https:\/\/yoast.com\/wordpress\/plugins\/seo\/ -->\n<title>Lettelse i Real Madrid: Asensio slipper med skr\u00e6kken<\/title>\n<meta name=\"description\" content=\"Marco Asensio har f\u00e5et kn\u00e6et scannet efter et uheld i den spanske landsholdslejr, og Real Madrid-spilleren er sluppet uskadt fra h\u00e6ndelsen\" \/>\n<meta name=\"robots\" content=\"index, follow, max-snippet:-1, max-image-preview:large, max-video-preview:-1\" \/>\n<link rel=\"canonical\" href=\"https:\/\/acefootball.com\/da\/fodboldnyheder\/lettelse-i-real-madrid-asensio-slipper-med-skraekken\/\" \/>\n<meta property=\"og:locale\" content=\"en_US\" \/>\n<meta property=\"og:type\" content=\"article\" \/>\n<meta property=\"og:title\" content=\"Lettelse i Real Madrid: Asensio slipper med skr\u00e6kken\" \/>\n<meta property=\"og:description\" content=\"Marco Asensio har f\u00e5et kn\u00e6et scannet efter et uheld i den spanske landsholdslejr, og Real Madrid-spilleren er sluppet uskadt fra h\u00e6ndelsen\" \/>\n<meta property=\"og:url\" content=\"https:\/\/acefootball.com\/da\/fodboldnyheder\/lettelse-i-real-madrid-asensio-slipper-med-skraekken\/\" \/>\n<meta property=\"og:site_name\" content=\"Ace Football Danmark\" \/>\n<meta property=\"article:publisher\" content=\"https:\/\/www.facebook.com\/acefootballdk\" \/>\n<meta property=\"article:published_time\" content=\"2020-09-07T20:07:01+00:00\" \/>\n<meta property=\"article:modified_time\" content=\"2020-09-07T20:07:02+00:00\" \/>\n<meta property=\"og:image\" content=\"https:\/\/acefootball.com\/da\/wp-content\/uploads\/sites\/2\/2020\/09\/GettyImages-1147120378.jpg\" \/>\n\t<meta property=\"og:image:width\" content=\"1024\" \/>\n\t<meta property=\"og:image:height\" content=\"748\" \/>\n\t<meta property=\"og:image:type\" content=\"image\/jpeg\" \/>\n<meta name=\"twitter:card\" content=\"summary_large_image\" \/>\n<meta name=\"twitter:label1\" content=\"Written by\" \/>\n\t<meta name=\"twitter:data1\" content=\"Mads Dreyer\" \/>\n\t<meta name=\"twitter:label2\" content=\"Est. reading time\" \/>\n\t<meta name=\"twitter:data2\" content=\"1 minute\" \/>\n<script type=\"application\/ld+json\" class=\"yoast-schema-graph\">{\"@context\":\"https:\/\/schema.org\",\"@graph\":[{\"@type\":\"Organization\",\"@id\":\"https:\/\/acefootball.com\/da\/#organization\",\"name\":\"Ace Football\",\"url\":\"https:\/\/acefootball.com\/da\/\",\"sameAs\":[\"https:\/\/www.facebook.com\/acefootballdk\"],\"logo\":{\"@type\":\"ImageObject\",\"@id\":\"https:\/\/acefootball.com\/da\/#logo\",\"inLanguage\":\"en-US\",\"url\":\"https:\/\/acefootball.com\/da\/wp-content\/uploads\/sites\/2\/2020\/07\/Ace-Football-30-07-2020-2.png\",\"contentUrl\":\"https:\/\/acefootball.com\/da\/wp-content\/uploads\/sites\/2\/2020\/07\/Ace-Football-30-07-2020-2.png\",\"width\":1200,\"height\":600,\"caption\":\"Ace Football\"},\"image\":{\"@id\":\"https:\/\/acefootball.com\/da\/#logo\"}},{\"@type\":\"WebSite\",\"@id\":\"https:\/\/acefootball.com\/da\/#website\",\"url\":\"https:\/\/acefootball.com\/da\/\",\"name\":\"Ace Football Danmark\",\"description\":\"Nyheder, Spiltips &amp; Livescore\",\"publisher\":{\"@id\":\"https:\/\/acefootball.com\/da\/#organization\"},\"potentialAction\":[{\"@type\":\"SearchAction\",\"target\":{\"@type\":\"EntryPoint\",\"urlTemplate\":\"https:\/\/acefootball.com\/da\/?s={search_term_string}\"},\"query-input\":\"required name=search_term_string\"}],\"inLanguage\":\"en-US\"},{\"@type\":\"ImageObject\",\"@id\":\"https:\/\/acefootball.com\/da\/fodboldnyheder\/lettelse-i-real-madrid-asensio-slipper-med-skraekken\/#primaryimage\",\"inLanguage\":\"en-US\",\"url\":\"https:\/\/acefootball.com\/da\/wp-content\/uploads\/sites\/2\/2020\/09\/GettyImages-1147120378.jpg\",\"contentUrl\":\"https:\/\/acefootball.com\/da\/wp-content\/uploads\/sites\/2\/2020\/09\/GettyImages-1147120378.jpg\",\"width\":1024,\"height\":748,\"caption\":\"MADRID, SPAIN - MAY 05: Marco Asensio of Real Madrid (R) is challenged by Alvaro Gonzalez of Villereal during the La Liga match between Real Madrid CF and Villarreal CF at Estadio Santiago Bernabeu on May 05, 2019 in Madrid, Spain. (Photo by Angel Martinez\/Getty Images)\"},{\"@type\":\"WebPage\",\"@id\":\"https:\/\/acefootball.com\/da\/fodboldnyheder\/lettelse-i-real-madrid-asensio-slipper-med-skraekken\/#webpage\",\"url\":\"https:\/\/acefootball.com\/da\/fodboldnyheder\/lettelse-i-real-madrid-asensio-slipper-med-skraekken\/\",\"name\":\"Lettelse i Real Madrid: Asensio slipper med skr\u00e6kken\",\"isPartOf\":{\"@id\":\"https:\/\/acefootball.com\/da\/#website\"},\"primaryImageOfPage\":{\"@id\":\"https:\/\/acefootball.com\/da\/fodboldnyheder\/lettelse-i-real-madrid-asensio-slipper-med-skraekken\/#primaryimage\"},\"datePublished\":\"2020-09-07T20:07:01+00:00\",\"dateModified\":\"2020-09-07T20:07:02+00:00\",\"description\":\"Marco Asensio har f\u00e5et kn\u00e6et scannet efter et uheld i den spanske landsholdslejr, og Real Madrid-spilleren er sluppet uskadt fra h\u00e6ndelsen\",\"breadcrumb\":{\"@id\":\"https:\/\/acefootball.com\/da\/fodboldnyheder\/lettelse-i-real-madrid-asensio-slipper-med-skraekken\/#breadcrumb\"},\"inLanguage\":\"en-US\",\"potentialAction\":[{\"@type\":\"ReadAction\",\"target\":[\"https:\/\/acefootball.com\/da\/fodboldnyheder\/lettelse-i-real-madrid-asensio-slipper-med-skraekken\/\"]}]},{\"@type\":\"BreadcrumbList\",\"@id\":\"https:\/\/acefootball.com\/da\/fodboldnyheder\/lettelse-i-real-madrid-asensio-slipper-med-skraekken\/#breadcrumb\",\"itemListElement\":[{\"@type\":\"ListItem\",\"position\":1,\"name\":\"Home\",\"item\":\"https:\/\/acefootball.com\/da\/\"},{\"@type\":\"ListItem\",\"position\":2,\"name\":\"Lettelse i Real Madrid: Asensio slipper med skr\u00e6kken\"}]},{\"@type\":\"Article\",\"@id\":\"https:\/\/acefootball.com\/da\/fodboldnyheder\/lettelse-i-real-madrid-asensio-slipper-med-skraekken\/#article\",\"isPartOf\":{\"@id\":\"https:\/\/acefootball.com\/da\/fodboldnyheder\/lettelse-i-real-madrid-asensio-slipper-med-skraekken\/#webpage\"},\"author\":{\"@id\":\"https:\/\/acefootball.com\/da\/#\/schema\/person\/ee67e9cf04a276f144100ffa722f10cd\"},\"headline\":\"Lettelse i Real Madrid: Asensio slipper med skr\u00e6kken\",\"datePublished\":\"2020-09-07T20:07:01+00:00\",\"dateModified\":\"2020-09-07T20:07:02+00:00\",\"mainEntityOfPage\":{\"@id\":\"https:\/\/acefootball.com\/da\/fodboldnyheder\/lettelse-i-real-madrid-asensio-slipper-med-skraekken\/#webpage\"},\"wordCount\":153,\"commentCount\":0,\"publisher\":{\"@id\":\"https:\/\/acefootball.com\/da\/#organization\"},\"image\":{\"@id\":\"https:\/\/acefootball.com\/da\/fodboldnyheder\/lettelse-i-real-madrid-asensio-slipper-med-skraekken\/#primaryimage\"},\"thumbnailUrl\":\"https:\/\/acefootball.com\/da\/wp-content\/uploads\/sites\/2\/2020\/09\/GettyImages-1147120378.jpg\",\"keywords\":[\"La Liga\",\"Marco Asensio\",\"Real Madrid\"],\"articleSection\":[\"Nyhed\"],\"inLanguage\":\"en-US\",\"potentialAction\":[{\"@type\":\"CommentAction\",\"name\":\"Comment\",\"target\":[\"https:\/\/acefootball.com\/da\/fodboldnyheder\/lettelse-i-real-madrid-asensio-slipper-med-skraekken\/#respond\"]}]},{\"@type\":\"Person\",\"@id\":\"https:\/\/acefootball.com\/da\/#\/schema\/person\/ee67e9cf04a276f144100ffa722f10cd\",\"name\":\"Mads Dreyer\",\"image\":{\"@type\":\"ImageObject\",\"@id\":\"https:\/\/acefootball.com\/da\/#personlogo\",\"inLanguage\":\"en-US\",\"url\":\"https:\/\/secure.gravatar.com\/avatar\/7c7abf72cfde9902b6a60efe60c88d4c?s=96&d=mm&r=g\",\"contentUrl\":\"https:\/\/secure.gravatar.com\/avatar\/7c7abf72cfde9902b6a60efe60c88d4c?s=96&d=mm&r=g\",\"caption\":\"Mads Dreyer\"},\"description\":\"Skribent og fodboldn\u00f8rd, der lige nu fort\u00e6ller om alt og intet i fodboldverdenen p\u00e5 acefootball.com. Uddannet i kommunikation fra Aalborg Universitet.\",\"sameAs\":[\"https:\/\/www.linkedin.com\/in\/mads-dreyer-b9b08266\/\"],\"url\":\"https:\/\/acefootball.com\/da\/fodboldnyheder\/author\/mdnronaldo\/\"}]}<\/script>\n<!-- \/ Yoast SEO plugin. -->","yoast_head_json":{"title":"Lettelse i Real Madrid: Asensio slipper med skr\u00e6kken","description":"Marco Asensio har f\u00e5et kn\u00e6et scannet efter et uheld i den spanske landsholdslejr, og Real Madrid-spilleren er sluppet uskadt fra h\u00e6ndelsen","robots":{"index":"index","follow":"follow","max-snippet":"max-snippet:-1","max-image-preview":"max-image-preview:large","max-video-preview":"max-video-preview:-1"},"canonical":"https:\/\/acefootball.com\/da\/fodboldnyheder\/lettelse-i-real-madrid-asensio-slipper-med-skraekken\/","og_locale":"en_US","og_type":"article","og_title":"Lettelse i Real Madrid: Asensio slipper med skr\u00e6kken","og_description":"Marco Asensio har f\u00e5et kn\u00e6et scannet efter et uheld i den spanske landsholdslejr, og Real Madrid-spilleren er sluppet uskadt fra h\u00e6ndelsen","og_url":"https:\/\/acefootball.com\/da\/fodboldnyheder\/lettelse-i-real-madrid-asensio-slipper-med-skraekken\/","og_site_name":"Ace Football Danmark","article_publisher":"https:\/\/www.facebook.com\/acefootballdk","article_published_time":"2020-09-07T20:07:01+00:00","article_modified_time":"2020-09-07T20:07:02+00:00","og_image":[{"width":1024,"height":748,"url":"https:\/\/acefootball.com\/da\/wp-content\/uploads\/sites\/2\/2020\/09\/GettyImages-1147120378.jpg","type":"image\/jpeg"}],"twitter_card":"summary_large_image","twitter_misc":{"Written by":"Mads Dreyer","Est. reading time":"1 minute"},"schema":{"@context":"https:\/\/schema.org","@graph":[{"@type":"Organization","@id":"https:\/\/acefootball.com\/da\/#organization","name":"Ace Football","url":"https:\/\/acefootball.com\/da\/","sameAs":["https:\/\/www.facebook.com\/acefootballdk"],"logo":{"@type":"ImageObject","@id":"https:\/\/acefootball.com\/da\/#logo","inLanguage":"en-US","url":"https:\/\/acefootball.com\/da\/wp-content\/uploads\/sites\/2\/2020\/07\/Ace-Football-30-07-2020-2.png","contentUrl":"https:\/\/acefootball.com\/da\/wp-content\/uploads\/sites\/2\/2020\/07\/Ace-Football-30-07-2020-2.png","width":1200,"height":600,"caption":"Ace Football"},"image":{"@id":"https:\/\/acefootball.com\/da\/#logo"}},{"@type":"WebSite","@id":"https:\/\/acefootball.com\/da\/#website","url":"https:\/\/acefootball.com\/da\/","name":"Ace Football Danmark","description":"Nyheder, Spiltips &amp; Livescore","publisher":{"@id":"https:\/\/acefootball.com\/da\/#organization"},"potentialAction":[{"@type":"SearchAction","target":{"@type":"EntryPoint","urlTemplate":"https:\/\/acefootball.com\/da\/?s={search_term_string}"},"query-input":"required name=search_term_string"}],"inLanguage":"en-US"},{"@type":"ImageObject","@id":"https:\/\/acefootball.com\/da\/fodboldnyheder\/lettelse-i-real-madrid-asensio-slipper-med-skraekken\/#primaryimage","inLanguage":"en-US","url":"https:\/\/acefootball.com\/da\/wp-content\/uploads\/sites\/2\/2020\/09\/GettyImages-1147120378.jpg","contentUrl":"https:\/\/acefootball.com\/da\/wp-content\/uploads\/sites\/2\/2020\/09\/GettyImages-1147120378.jpg","width":1024,"height":748,"caption":"MADRID, SPAIN - MAY 05: Marco Asensio of Real Madrid (R) is challenged by Alvaro Gonzalez of Villereal during the La Liga match between Real Madrid CF and Villarreal CF at Estadio Santiago Bernabeu on May 05, 2019 in Madrid, Spain. (Photo by Angel Martinez\/Getty Images)"},{"@type":"WebPage","@id":"https:\/\/acefootball.com\/da\/fodboldnyheder\/lettelse-i-real-madrid-asensio-slipper-med-skraekken\/#webpage","url":"https:\/\/acefootball.com\/da\/fodboldnyheder\/lettelse-i-real-madrid-asensio-slipper-med-skraekken\/","name":"Lettelse i Real Madrid: Asensio slipper med skr\u00e6kken","isPartOf":{"@id":"https:\/\/acefootball.com\/da\/#website"},"primaryImageOfPage":{"@id":"https:\/\/acefootball.com\/da\/fodboldnyheder\/lettelse-i-real-madrid-asensio-slipper-med-skraekken\/#primaryimage"},"datePublished":"2020-09-07T20:07:01+00:00","dateModified":"2020-09-07T20:07:02+00:00","description":"Marco Asensio har f\u00e5et kn\u00e6et scannet efter et uheld i den spanske landsholdslejr, og Real Madrid-spilleren er sluppet uskadt fra h\u00e6ndelsen","breadcrumb":{"@id":"https:\/\/acefootball.com\/da\/fodboldnyheder\/lettelse-i-real-madrid-asensio-slipper-med-skraekken\/#breadcrumb"},"inLanguage":"en-US","potentialAction":[{"@type":"ReadAction","target":["https:\/\/acefootball.com\/da\/fodboldnyheder\/lettelse-i-real-madrid-asensio-slipper-med-skraekken\/"]}]},{"@type":"BreadcrumbList","@id":"https:\/\/acefootball.com\/da\/fodboldnyheder\/lettelse-i-real-madrid-asensio-slipper-med-skraekken\/#breadcrumb","itemListElement":[{"@type":"ListItem","position":1,"name":"Home","item":"https:\/\/acefootball.com\/da\/"},{"@type":"ListItem","position":2,"name":"Lettelse i Real Madrid: Asensio slipper med skr\u00e6kken"}]},{"@type":"Article","@id":"https:\/\/acefootball.com\/da\/fodboldnyheder\/lettelse-i-real-madrid-asensio-slipper-med-skraekken\/#article","isPartOf":{"@id":"https:\/\/acefootball.com\/da\/fodboldnyheder\/lettelse-i-real-madrid-asensio-slipper-med-skraekken\/#webpage"},"author":{"@id":"https:\/\/acefootball.com\/da\/#\/schema\/person\/ee67e9cf04a276f144100ffa722f10cd"},"headline":"Lettelse i Real Madrid: Asensio slipper med skr\u00e6kken","datePublished":"2020-09-07T20:07:01+00:00","dateModified":"2020-09-07T20:07:02+00:00","mainEntityOfPage":{"@id":"https:\/\/acefootball.com\/da\/fodboldnyheder\/lettelse-i-real-madrid-asensio-slipper-med-skraekken\/#webpage"},"wordCount":153,"commentCount":0,"publisher":{"@id":"https:\/\/acefootball.com\/da\/#organization"},"image":{"@id":"https:\/\/acefootball.com\/da\/fodboldnyheder\/lettelse-i-real-madrid-asensio-slipper-med-skraekken\/#primaryimage"},"thumbnailUrl":"https:\/\/acefootball.com\/da\/wp-content\/uploads\/sites\/2\/2020\/09\/GettyImages-1147120378.jpg","keywords":["La Liga","Marco Asensio","Real Madrid"],"articleSection":["Nyhed"],"inLanguage":"en-US","potentialAction":[{"@type":"CommentAction","name":"Comment","target":["https:\/\/acefootball.com\/da\/fodboldnyheder\/lettelse-i-real-madrid-asensio-slipper-med-skraekken\/#respond"]}]},{"@type":"Person","@id":"https:\/\/acefootball.com\/da\/#\/schema\/person\/ee67e9cf04a276f144100ffa722f10cd","name":"Mads Dreyer","image":{"@type":"ImageObject","@id":"https:\/\/acefootball.com\/da\/#personlogo","inLanguage":"en-US","url":"https:\/\/secure.gravatar.com\/avatar\/7c7abf72cfde9902b6a60efe60c88d4c?s=96&d=mm&r=g","contentUrl":"https:\/\/secure.gravatar.com\/avatar\/7c7abf72cfde9902b6a60efe60c88d4c?s=96&d=mm&r=g","caption":"Mads Dreyer"},"description":"Skribent og fodboldn\u00f8rd, der lige nu fort\u00e6ller om alt og intet i fodboldverdenen p\u00e5 acefootball.com. Uddannet i kommunikation fra Aalborg Universitet.","sameAs":["https:\/\/www.linkedin.com\/in\/mads-dreyer-b9b08266\/"],"url":"https:\/\/acefootball.com\/da\/fodboldnyheder\/author\/mdnronaldo\/"}]}},"fimg_url":"https:\/\/acefootball.com\/da\/wp-content\/uploads\/sites\/2\/2020\/09\/GettyImages-1147120378.jpg","_links":{"self":[{"href":"https:\/\/acefootball.com\/da\/wp-json\/wp\/v2\/posts\/236512"}],"collection":[{"href":"https:\/\/acefootball.com\/da\/wp-json\/wp\/v2\/posts"}],"about":[{"href":"https:\/\/acefootball.com\/da\/wp-json\/wp\/v2\/types\/post"}],"author":[{"embeddable":true,"href":"https:\/\/acefootball.com\/da\/wp-json\/wp\/v2\/users\/705"}],"replies":[{"embeddable":true,"href":"https:\/\/acefootball.com\/da\/wp-json\/wp\/v2\/comments?post=236512"}],"version-history":[{"count":0,"href":"https:\/\/acefootball.com\/da\/wp-json\/wp\/v2\/posts\/236512\/revisions"}],"wp:featuredmedia":[{"embeddable":true,"href":"https:\/\/acefootball.com\/da\/wp-json\/wp\/v2\/media\/236520"}],"wp:attachment":[{"href":"https:\/\/acefootball.com\/da\/wp-json\/wp\/v2\/media?parent=236512"}],"wp:term":[{"taxonomy":"category","embeddable":true,"href":"https:\/\/acefootball.com\/da\/wp-json\/wp\/v2\/categories?post=236512"},{"taxonomy":"post_tag","embeddable":true,"href":"https:\/\/acefootball.com\/da\/wp-json\/wp\/v2\/tags?post=236512"}],"curies":[{"name":"wp","href":"https:\/\/api.w.org\/{rel}","templated":true}]}}