{"id":236229,"date":"2020-09-04T22:15:52","date_gmt":"2020-09-04T20:15:52","guid":{"rendered":"https:\/\/acefootball.com\/da\/?p=236229"},"modified":"2020-09-04T22:15:52","modified_gmt":"2020-09-04T20:15:52","slug":"frygt-for-ny-skade-real-offensiv-skal-scannes-mandag","status":"publish","type":"post","link":"https:\/\/acefootball.com\/da\/fodboldnyheder\/frygt-for-ny-skade-real-offensiv-skal-scannes-mandag\/","title":{"rendered":"Frygt for ny skade: Real-offensiv skal scannes mandag"},"content":{"rendered":"\n<h2>Marco Asensio forlod den spanske landsholdslejr i tirsdags efter et uheld, og Real Madrid-spilleren skal nu have tjekket kn\u00e6et<\/h2>\n\n\n\n<p>Det var ikke meget af sidste s\u00e6son, Marco Asensio n\u00e5ede at v\u00e6re med til, da han blev ramt af en alvorlig kn\u00e6skade, allerede inden f\u00f8rste turneringskamp.<\/p>\n\n\n\n<p>Takket v\u00e6re corona-pausen n\u00e5ede Asensio dog at deltage i 10 kampe henover sommeren, og Real Madrid-spilleren var derfor tilbage i landsholdsvarmen til den igangv\u00e6rende Nations League-runde.<\/p>\n\n\n\n<p>Den skadesplagede spanier m\u00e5tte dog forlade truppen allerede tirsdag efter at v\u00e6re gledet i en s\u00e5dan grad, at der opstod bange anelser for en ny kn\u00e6skade.<\/p>\n\n\n\n<div class=\"wp-block-si-widget wp-block-si-widget--center\"><si-lb-widget widget-id=\"PlayerSeasonProfile\" width=\"440\" data-card=\"true\" data-language=\"da\" data-provider=\"mrgreen\" data-player-id=\"498033\"><\/si-lb-widget><\/div>\n\n\n\n<p>Derfor er Asensio taget tilbage til Madrid, hvor der nu er planlagt en scanning af kn\u00e6et p\u00e5 mandag. Det skriver <a href=\"https:\/\/www.marca.com\/en\/football\/real-madrid\/2020\/09\/04\/5f5298ec268e3ec13c8b45d8.html\" target=\"_blank\" rel=\"noreferrer noopener\">Marca<\/a>.<\/p>\n\n\n\n<p>Der skulle dog ikke l\u00e6ngere v\u00e6re smerter, men med Asensios skadeshistorik in mente bliver der ikke taget nogen risiko.<\/p>\n","protected":false},"excerpt":{"rendered":"<p>Marco Asensio forlod den spanske landsholdslejr i tirsdags efter et uheld, og Real Madrid-spilleren skal nu have tjekket kn\u00e6et<\/p>\n","protected":false},"author":705,"featured_media":236230,"comment_status":"open","ping_status":"closed","sticky":false,"template":"","format":"standard","meta":{"om_disable_all_campaigns":false,"push_articles_ronaldo":{"active":false,"canonical":0,"publish":false},"force_updates":null},"categories":[1],"tags":[303,813,85,899],"enet_tags":{"league":["87"],"player":["498033"],"team":["8633","6720"],"sport_events":[]},"yoast_head":"<!-- This site is optimized with the Yoast SEO plugin v18.3 - https:\/\/yoast.com\/wordpress\/plugins\/seo\/ -->\n<title>Frygt for ny skade: Real-offensiv skal scannes mandag<\/title>\n<meta name=\"description\" content=\"Marco Asensio forlod den spanske landsholdslejr i tirsdags efter et uheld, og Real Madrid-spilleren skal nu have tjekket kn\u00e6et\" \/>\n<meta name=\"robots\" content=\"index, follow, max-snippet:-1, max-image-preview:large, max-video-preview:-1\" \/>\n<link rel=\"canonical\" href=\"https:\/\/acefootball.com\/da\/fodboldnyheder\/frygt-for-ny-skade-real-offensiv-skal-scannes-mandag\/\" \/>\n<meta property=\"og:locale\" content=\"en_US\" \/>\n<meta property=\"og:type\" content=\"article\" \/>\n<meta property=\"og:title\" content=\"Frygt for ny skade: Real-offensiv skal scannes mandag\" \/>\n<meta property=\"og:description\" content=\"Marco Asensio forlod den spanske landsholdslejr i tirsdags efter et uheld, og Real Madrid-spilleren skal nu have tjekket kn\u00e6et\" \/>\n<meta property=\"og:url\" content=\"https:\/\/acefootball.com\/da\/fodboldnyheder\/frygt-for-ny-skade-real-offensiv-skal-scannes-mandag\/\" \/>\n<meta property=\"og:site_name\" content=\"Ace Football Danmark\" \/>\n<meta property=\"article:publisher\" content=\"https:\/\/www.facebook.com\/acefootballdk\" \/>\n<meta property=\"article:published_time\" content=\"2020-09-04T20:15:52+00:00\" \/>\n<meta property=\"og:image\" content=\"https:\/\/acefootball.com\/da\/wp-content\/uploads\/sites\/2\/2020\/09\/GettyImages-1255479836.jpg\" \/>\n\t<meta property=\"og:image:width\" content=\"1024\" \/>\n\t<meta property=\"og:image:height\" content=\"737\" \/>\n\t<meta property=\"og:image:type\" content=\"image\/jpeg\" \/>\n<meta name=\"twitter:card\" content=\"summary_large_image\" \/>\n<meta name=\"twitter:label1\" content=\"Written by\" \/>\n\t<meta name=\"twitter:data1\" content=\"Mads Dreyer\" \/>\n\t<meta name=\"twitter:label2\" content=\"Est. reading time\" \/>\n\t<meta name=\"twitter:data2\" content=\"1 minute\" \/>\n<script type=\"application\/ld+json\" class=\"yoast-schema-graph\">{\"@context\":\"https:\/\/schema.org\",\"@graph\":[{\"@type\":\"Organization\",\"@id\":\"https:\/\/acefootball.com\/da\/#organization\",\"name\":\"Ace Football\",\"url\":\"https:\/\/acefootball.com\/da\/\",\"sameAs\":[\"https:\/\/www.facebook.com\/acefootballdk\"],\"logo\":{\"@type\":\"ImageObject\",\"@id\":\"https:\/\/acefootball.com\/da\/#logo\",\"inLanguage\":\"en-US\",\"url\":\"https:\/\/acefootball.com\/da\/wp-content\/uploads\/sites\/2\/2020\/07\/Ace-Football-30-07-2020-2.png\",\"contentUrl\":\"https:\/\/acefootball.com\/da\/wp-content\/uploads\/sites\/2\/2020\/07\/Ace-Football-30-07-2020-2.png\",\"width\":1200,\"height\":600,\"caption\":\"Ace Football\"},\"image\":{\"@id\":\"https:\/\/acefootball.com\/da\/#logo\"}},{\"@type\":\"WebSite\",\"@id\":\"https:\/\/acefootball.com\/da\/#website\",\"url\":\"https:\/\/acefootball.com\/da\/\",\"name\":\"Ace Football Danmark\",\"description\":\"Nyheder, Spiltips &amp; Livescore\",\"publisher\":{\"@id\":\"https:\/\/acefootball.com\/da\/#organization\"},\"potentialAction\":[{\"@type\":\"SearchAction\",\"target\":{\"@type\":\"EntryPoint\",\"urlTemplate\":\"https:\/\/acefootball.com\/da\/?s={search_term_string}\"},\"query-input\":\"required name=search_term_string\"}],\"inLanguage\":\"en-US\"},{\"@type\":\"ImageObject\",\"@id\":\"https:\/\/acefootball.com\/da\/fodboldnyheder\/frygt-for-ny-skade-real-offensiv-skal-scannes-mandag\/#primaryimage\",\"inLanguage\":\"en-US\",\"url\":\"https:\/\/acefootball.com\/da\/wp-content\/uploads\/sites\/2\/2020\/09\/GettyImages-1255479836.jpg\",\"contentUrl\":\"https:\/\/acefootball.com\/da\/wp-content\/uploads\/sites\/2\/2020\/09\/GettyImages-1255479836.jpg\",\"width\":1024,\"height\":737,\"caption\":\"MADRID, SPAIN - JULY 10: Marco Asensio of Real Madrid reacts after his goal was disallowed during the Liga match between Real Madrid CF and Deportivo Alaves at Estadio Alfredo Di Stefano on July 10, 2020 in Madrid, Spain. A later VAR review allowed the goal Real Madrid's second. (Photo by Denis Doyle\/Getty Images)\"},{\"@type\":\"WebPage\",\"@id\":\"https:\/\/acefootball.com\/da\/fodboldnyheder\/frygt-for-ny-skade-real-offensiv-skal-scannes-mandag\/#webpage\",\"url\":\"https:\/\/acefootball.com\/da\/fodboldnyheder\/frygt-for-ny-skade-real-offensiv-skal-scannes-mandag\/\",\"name\":\"Frygt for ny skade: Real-offensiv skal scannes mandag\",\"isPartOf\":{\"@id\":\"https:\/\/acefootball.com\/da\/#website\"},\"primaryImageOfPage\":{\"@id\":\"https:\/\/acefootball.com\/da\/fodboldnyheder\/frygt-for-ny-skade-real-offensiv-skal-scannes-mandag\/#primaryimage\"},\"datePublished\":\"2020-09-04T20:15:52+00:00\",\"dateModified\":\"2020-09-04T20:15:52+00:00\",\"description\":\"Marco Asensio forlod den spanske landsholdslejr i tirsdags efter et uheld, og Real Madrid-spilleren skal nu have tjekket kn\u00e6et\",\"breadcrumb\":{\"@id\":\"https:\/\/acefootball.com\/da\/fodboldnyheder\/frygt-for-ny-skade-real-offensiv-skal-scannes-mandag\/#breadcrumb\"},\"inLanguage\":\"en-US\",\"potentialAction\":[{\"@type\":\"ReadAction\",\"target\":[\"https:\/\/acefootball.com\/da\/fodboldnyheder\/frygt-for-ny-skade-real-offensiv-skal-scannes-mandag\/\"]}]},{\"@type\":\"BreadcrumbList\",\"@id\":\"https:\/\/acefootball.com\/da\/fodboldnyheder\/frygt-for-ny-skade-real-offensiv-skal-scannes-mandag\/#breadcrumb\",\"itemListElement\":[{\"@type\":\"ListItem\",\"position\":1,\"name\":\"Home\",\"item\":\"https:\/\/acefootball.com\/da\/\"},{\"@type\":\"ListItem\",\"position\":2,\"name\":\"Frygt for ny skade: Real-offensiv skal scannes mandag\"}]},{\"@type\":\"Article\",\"@id\":\"https:\/\/acefootball.com\/da\/fodboldnyheder\/frygt-for-ny-skade-real-offensiv-skal-scannes-mandag\/#article\",\"isPartOf\":{\"@id\":\"https:\/\/acefootball.com\/da\/fodboldnyheder\/frygt-for-ny-skade-real-offensiv-skal-scannes-mandag\/#webpage\"},\"author\":{\"@id\":\"https:\/\/acefootball.com\/da\/#\/schema\/person\/ee67e9cf04a276f144100ffa722f10cd\"},\"headline\":\"Frygt for ny skade: Real-offensiv skal scannes mandag\",\"datePublished\":\"2020-09-04T20:15:52+00:00\",\"dateModified\":\"2020-09-04T20:15:52+00:00\",\"mainEntityOfPage\":{\"@id\":\"https:\/\/acefootball.com\/da\/fodboldnyheder\/frygt-for-ny-skade-real-offensiv-skal-scannes-mandag\/#webpage\"},\"wordCount\":160,\"commentCount\":0,\"publisher\":{\"@id\":\"https:\/\/acefootball.com\/da\/#organization\"},\"image\":{\"@id\":\"https:\/\/acefootball.com\/da\/fodboldnyheder\/frygt-for-ny-skade-real-offensiv-skal-scannes-mandag\/#primaryimage\"},\"thumbnailUrl\":\"https:\/\/acefootball.com\/da\/wp-content\/uploads\/sites\/2\/2020\/09\/GettyImages-1255479836.jpg\",\"keywords\":[\"La Liga\",\"Marco Asensio\",\"Real Madrid\",\"Spanien\"],\"articleSection\":[\"Nyhed\"],\"inLanguage\":\"en-US\",\"potentialAction\":[{\"@type\":\"CommentAction\",\"name\":\"Comment\",\"target\":[\"https:\/\/acefootball.com\/da\/fodboldnyheder\/frygt-for-ny-skade-real-offensiv-skal-scannes-mandag\/#respond\"]}]},{\"@type\":\"Person\",\"@id\":\"https:\/\/acefootball.com\/da\/#\/schema\/person\/ee67e9cf04a276f144100ffa722f10cd\",\"name\":\"Mads Dreyer\",\"image\":{\"@type\":\"ImageObject\",\"@id\":\"https:\/\/acefootball.com\/da\/#personlogo\",\"inLanguage\":\"en-US\",\"url\":\"https:\/\/secure.gravatar.com\/avatar\/7c7abf72cfde9902b6a60efe60c88d4c?s=96&d=mm&r=g\",\"contentUrl\":\"https:\/\/secure.gravatar.com\/avatar\/7c7abf72cfde9902b6a60efe60c88d4c?s=96&d=mm&r=g\",\"caption\":\"Mads Dreyer\"},\"description\":\"Skribent og fodboldn\u00f8rd, der lige nu fort\u00e6ller om alt og intet i fodboldverdenen p\u00e5 acefootball.com. Uddannet i kommunikation fra Aalborg Universitet.\",\"sameAs\":[\"https:\/\/www.linkedin.com\/in\/mads-dreyer-b9b08266\/\"],\"url\":\"https:\/\/acefootball.com\/da\/fodboldnyheder\/author\/mdnronaldo\/\"}]}<\/script>\n<!-- \/ Yoast SEO plugin. -->","yoast_head_json":{"title":"Frygt for ny skade: Real-offensiv skal scannes mandag","description":"Marco Asensio forlod den spanske landsholdslejr i tirsdags efter et uheld, og Real Madrid-spilleren skal nu have tjekket kn\u00e6et","robots":{"index":"index","follow":"follow","max-snippet":"max-snippet:-1","max-image-preview":"max-image-preview:large","max-video-preview":"max-video-preview:-1"},"canonical":"https:\/\/acefootball.com\/da\/fodboldnyheder\/frygt-for-ny-skade-real-offensiv-skal-scannes-mandag\/","og_locale":"en_US","og_type":"article","og_title":"Frygt for ny skade: Real-offensiv skal scannes mandag","og_description":"Marco Asensio forlod den spanske landsholdslejr i tirsdags efter et uheld, og Real Madrid-spilleren skal nu have tjekket kn\u00e6et","og_url":"https:\/\/acefootball.com\/da\/fodboldnyheder\/frygt-for-ny-skade-real-offensiv-skal-scannes-mandag\/","og_site_name":"Ace Football Danmark","article_publisher":"https:\/\/www.facebook.com\/acefootballdk","article_published_time":"2020-09-04T20:15:52+00:00","og_image":[{"width":1024,"height":737,"url":"https:\/\/acefootball.com\/da\/wp-content\/uploads\/sites\/2\/2020\/09\/GettyImages-1255479836.jpg","type":"image\/jpeg"}],"twitter_card":"summary_large_image","twitter_misc":{"Written by":"Mads Dreyer","Est. reading time":"1 minute"},"schema":{"@context":"https:\/\/schema.org","@graph":[{"@type":"Organization","@id":"https:\/\/acefootball.com\/da\/#organization","name":"Ace Football","url":"https:\/\/acefootball.com\/da\/","sameAs":["https:\/\/www.facebook.com\/acefootballdk"],"logo":{"@type":"ImageObject","@id":"https:\/\/acefootball.com\/da\/#logo","inLanguage":"en-US","url":"https:\/\/acefootball.com\/da\/wp-content\/uploads\/sites\/2\/2020\/07\/Ace-Football-30-07-2020-2.png","contentUrl":"https:\/\/acefootball.com\/da\/wp-content\/uploads\/sites\/2\/2020\/07\/Ace-Football-30-07-2020-2.png","width":1200,"height":600,"caption":"Ace Football"},"image":{"@id":"https:\/\/acefootball.com\/da\/#logo"}},{"@type":"WebSite","@id":"https:\/\/acefootball.com\/da\/#website","url":"https:\/\/acefootball.com\/da\/","name":"Ace Football Danmark","description":"Nyheder, Spiltips &amp; Livescore","publisher":{"@id":"https:\/\/acefootball.com\/da\/#organization"},"potentialAction":[{"@type":"SearchAction","target":{"@type":"EntryPoint","urlTemplate":"https:\/\/acefootball.com\/da\/?s={search_term_string}"},"query-input":"required name=search_term_string"}],"inLanguage":"en-US"},{"@type":"ImageObject","@id":"https:\/\/acefootball.com\/da\/fodboldnyheder\/frygt-for-ny-skade-real-offensiv-skal-scannes-mandag\/#primaryimage","inLanguage":"en-US","url":"https:\/\/acefootball.com\/da\/wp-content\/uploads\/sites\/2\/2020\/09\/GettyImages-1255479836.jpg","contentUrl":"https:\/\/acefootball.com\/da\/wp-content\/uploads\/sites\/2\/2020\/09\/GettyImages-1255479836.jpg","width":1024,"height":737,"caption":"MADRID, SPAIN - JULY 10: Marco Asensio of Real Madrid reacts after his goal was disallowed during the Liga match between Real Madrid CF and Deportivo Alaves at Estadio Alfredo Di Stefano on July 10, 2020 in Madrid, Spain. A later VAR review allowed the goal Real Madrid's second. (Photo by Denis Doyle\/Getty Images)"},{"@type":"WebPage","@id":"https:\/\/acefootball.com\/da\/fodboldnyheder\/frygt-for-ny-skade-real-offensiv-skal-scannes-mandag\/#webpage","url":"https:\/\/acefootball.com\/da\/fodboldnyheder\/frygt-for-ny-skade-real-offensiv-skal-scannes-mandag\/","name":"Frygt for ny skade: Real-offensiv skal scannes mandag","isPartOf":{"@id":"https:\/\/acefootball.com\/da\/#website"},"primaryImageOfPage":{"@id":"https:\/\/acefootball.com\/da\/fodboldnyheder\/frygt-for-ny-skade-real-offensiv-skal-scannes-mandag\/#primaryimage"},"datePublished":"2020-09-04T20:15:52+00:00","dateModified":"2020-09-04T20:15:52+00:00","description":"Marco Asensio forlod den spanske landsholdslejr i tirsdags efter et uheld, og Real Madrid-spilleren skal nu have tjekket kn\u00e6et","breadcrumb":{"@id":"https:\/\/acefootball.com\/da\/fodboldnyheder\/frygt-for-ny-skade-real-offensiv-skal-scannes-mandag\/#breadcrumb"},"inLanguage":"en-US","potentialAction":[{"@type":"ReadAction","target":["https:\/\/acefootball.com\/da\/fodboldnyheder\/frygt-for-ny-skade-real-offensiv-skal-scannes-mandag\/"]}]},{"@type":"BreadcrumbList","@id":"https:\/\/acefootball.com\/da\/fodboldnyheder\/frygt-for-ny-skade-real-offensiv-skal-scannes-mandag\/#breadcrumb","itemListElement":[{"@type":"ListItem","position":1,"name":"Home","item":"https:\/\/acefootball.com\/da\/"},{"@type":"ListItem","position":2,"name":"Frygt for ny skade: Real-offensiv skal scannes mandag"}]},{"@type":"Article","@id":"https:\/\/acefootball.com\/da\/fodboldnyheder\/frygt-for-ny-skade-real-offensiv-skal-scannes-mandag\/#article","isPartOf":{"@id":"https:\/\/acefootball.com\/da\/fodboldnyheder\/frygt-for-ny-skade-real-offensiv-skal-scannes-mandag\/#webpage"},"author":{"@id":"https:\/\/acefootball.com\/da\/#\/schema\/person\/ee67e9cf04a276f144100ffa722f10cd"},"headline":"Frygt for ny skade: Real-offensiv skal scannes mandag","datePublished":"2020-09-04T20:15:52+00:00","dateModified":"2020-09-04T20:15:52+00:00","mainEntityOfPage":{"@id":"https:\/\/acefootball.com\/da\/fodboldnyheder\/frygt-for-ny-skade-real-offensiv-skal-scannes-mandag\/#webpage"},"wordCount":160,"commentCount":0,"publisher":{"@id":"https:\/\/acefootball.com\/da\/#organization"},"image":{"@id":"https:\/\/acefootball.com\/da\/fodboldnyheder\/frygt-for-ny-skade-real-offensiv-skal-scannes-mandag\/#primaryimage"},"thumbnailUrl":"https:\/\/acefootball.com\/da\/wp-content\/uploads\/sites\/2\/2020\/09\/GettyImages-1255479836.jpg","keywords":["La Liga","Marco Asensio","Real Madrid","Spanien"],"articleSection":["Nyhed"],"inLanguage":"en-US","potentialAction":[{"@type":"CommentAction","name":"Comment","target":["https:\/\/acefootball.com\/da\/fodboldnyheder\/frygt-for-ny-skade-real-offensiv-skal-scannes-mandag\/#respond"]}]},{"@type":"Person","@id":"https:\/\/acefootball.com\/da\/#\/schema\/person\/ee67e9cf04a276f144100ffa722f10cd","name":"Mads Dreyer","image":{"@type":"ImageObject","@id":"https:\/\/acefootball.com\/da\/#personlogo","inLanguage":"en-US","url":"https:\/\/secure.gravatar.com\/avatar\/7c7abf72cfde9902b6a60efe60c88d4c?s=96&d=mm&r=g","contentUrl":"https:\/\/secure.gravatar.com\/avatar\/7c7abf72cfde9902b6a60efe60c88d4c?s=96&d=mm&r=g","caption":"Mads Dreyer"},"description":"Skribent og fodboldn\u00f8rd, der lige nu fort\u00e6ller om alt og intet i fodboldverdenen p\u00e5 acefootball.com. Uddannet i kommunikation fra Aalborg Universitet.","sameAs":["https:\/\/www.linkedin.com\/in\/mads-dreyer-b9b08266\/"],"url":"https:\/\/acefootball.com\/da\/fodboldnyheder\/author\/mdnronaldo\/"}]}},"fimg_url":"https:\/\/acefootball.com\/da\/wp-content\/uploads\/sites\/2\/2020\/09\/GettyImages-1255479836.jpg","_links":{"self":[{"href":"https:\/\/acefootball.com\/da\/wp-json\/wp\/v2\/posts\/236229"}],"collection":[{"href":"https:\/\/acefootball.com\/da\/wp-json\/wp\/v2\/posts"}],"about":[{"href":"https:\/\/acefootball.com\/da\/wp-json\/wp\/v2\/types\/post"}],"author":[{"embeddable":true,"href":"https:\/\/acefootball.com\/da\/wp-json\/wp\/v2\/users\/705"}],"replies":[{"embeddable":true,"href":"https:\/\/acefootball.com\/da\/wp-json\/wp\/v2\/comments?post=236229"}],"version-history":[{"count":0,"href":"https:\/\/acefootball.com\/da\/wp-json\/wp\/v2\/posts\/236229\/revisions"}],"wp:featuredmedia":[{"embeddable":true,"href":"https:\/\/acefootball.com\/da\/wp-json\/wp\/v2\/media\/236230"}],"wp:attachment":[{"href":"https:\/\/acefootball.com\/da\/wp-json\/wp\/v2\/media?parent=236229"}],"wp:term":[{"taxonomy":"category","embeddable":true,"href":"https:\/\/acefootball.com\/da\/wp-json\/wp\/v2\/categories?post=236229"},{"taxonomy":"post_tag","embeddable":true,"href":"https:\/\/acefootball.com\/da\/wp-json\/wp\/v2\/tags?post=236229"}],"curies":[{"name":"wp","href":"https:\/\/api.w.org\/{rel}","templated":true}]}}