{"id":236158,"date":"2020-09-04T10:34:28","date_gmt":"2020-09-04T08:34:28","guid":{"rendered":"https:\/\/acefootball.com\/da\/?p=236158"},"modified":"2020-09-04T10:37:03","modified_gmt":"2020-09-04T08:37:03","slug":"medie-barcelona-praesident-anklages-for-korruption","status":"publish","type":"post","link":"https:\/\/acefootball.com\/da\/fodboldnyheder\/medie-barcelona-praesident-anklages-for-korruption\/","title":{"rendered":"Medie: Barcelona-pr\u00e6sident anklages for korruption"},"content":{"rendered":"\n<h2>If\u00f8lge det spanske medie El Mundo har det catalanske politi anklaget FC Barcelona-pr\u00e6sident Josep Maria Bartomeu for korruption<\/h2>\n\n\n\n<p>Det g\u00e5r ikke stille for sig i FC Barcelone for tiden, og specielt klubbens pr\u00e6sident Josep Maria Bartomeu form\u00e5r gang p\u00e5 gang at bringe sig i negativt fokus.<\/p>\n\n\n\n<p>Senest har det selvf\u00f8lgelig v\u00e6ret hele transfersagaen med Lionel Messi, der vil v\u00e6k, men inden da var der andre problemer i forbindelse med den s\u00e5kaldte &#8216;BarcaGate&#8217;.<\/p>\n\n\n\n<p>Her g\u00e5r rygterne p\u00e5, at pr\u00e6sidenten havde hyret et firma til at sprede falske, negative historier om de personer i klubben, der er modstander af ham. Dette gik blandt andet udover anf\u00f8rer Lionel Messi og forsvarsgeneralen Gerard Piqu\u00e9.<\/p>\n\n\n\n<p>Dette kan nu komme til at f\u00e5 konsekvenser for Bartomeu, der if\u00f8lge det nationale medie <a href=\"https:\/\/www.elmundo.es\/deportes\/futbol\/primera-division\/2020\/09\/03\/5f51354efc6c8361398b46a9.html\" target=\"_blank\" rel=\"noreferrer noopener\">El Mundo<\/a> er blevet anklaget for korruption af catalansk politi.<\/p>\n\n\n\n<p>Som det ser ud lige nu, kommer Bartomeu til at st\u00e5 i spidsen for Barcelona frem til n\u00e6ste \u00e5r, hvor der er valg, men s\u00e5fremt der bliver samlet 16.520 underskrifter til et mistillidskvotum, kan dette valg fremskydes til efter\u00e5ret 2020. Underskriftsindsamlingen er allerede i gang.<\/p>\n","protected":false},"excerpt":{"rendered":"<p>If\u00f8lge det spanske medie El Mundo har det catalanske politi anklaget FC Barcelona-pr\u00e6sident Josep Maria Bartomeu for korruption<\/p>\n","protected":false},"author":74,"featured_media":236159,"comment_status":"open","ping_status":"closed","sticky":false,"template":"","format":"standard","meta":{"om_disable_all_campaigns":false,"push_articles_ronaldo":{"active":false,"canonical":0,"publish":false},"force_updates":null},"categories":[1],"tags":[41,2308,303],"enet_tags":{"team":["8634"],"league":["87"],"sport_events":[]},"yoast_head":"<!-- This site is optimized with the Yoast SEO plugin v18.3 - https:\/\/yoast.com\/wordpress\/plugins\/seo\/ -->\n<title>Medie: Barcelona-pr\u00e6sident anklages for korruption<\/title>\n<meta name=\"description\" content=\"If\u00f8lge det spanske medie El Mundo har det catalanske politi anklaget FC Barcelona-pr\u00e6sident Josep Maria Bartomeu for korruption\" \/>\n<meta name=\"robots\" content=\"index, follow, max-snippet:-1, max-image-preview:large, max-video-preview:-1\" \/>\n<link rel=\"canonical\" href=\"https:\/\/acefootball.com\/da\/fodboldnyheder\/medie-barcelona-praesident-anklages-for-korruption\/\" \/>\n<meta property=\"og:locale\" content=\"en_US\" \/>\n<meta property=\"og:type\" content=\"article\" \/>\n<meta property=\"og:title\" content=\"Medie: Barcelona-pr\u00e6sident anklages for korruption\" \/>\n<meta property=\"og:description\" content=\"If\u00f8lge det spanske medie El Mundo har det catalanske politi anklaget FC Barcelona-pr\u00e6sident Josep Maria Bartomeu for korruption\" \/>\n<meta property=\"og:url\" content=\"https:\/\/acefootball.com\/da\/fodboldnyheder\/medie-barcelona-praesident-anklages-for-korruption\/\" \/>\n<meta property=\"og:site_name\" content=\"Ace Football Danmark\" \/>\n<meta property=\"article:publisher\" content=\"https:\/\/www.facebook.com\/acefootballdk\" \/>\n<meta property=\"article:published_time\" content=\"2020-09-04T08:34:28+00:00\" \/>\n<meta property=\"article:modified_time\" content=\"2020-09-04T08:37:03+00:00\" \/>\n<meta property=\"og:image\" content=\"https:\/\/acefootball.com\/da\/wp-content\/uploads\/sites\/2\/2020\/09\/GettyImages-599802238.jpg\" \/>\n\t<meta property=\"og:image:width\" content=\"1024\" \/>\n\t<meta property=\"og:image:height\" content=\"683\" \/>\n\t<meta property=\"og:image:type\" content=\"image\/jpeg\" \/>\n<meta name=\"twitter:card\" content=\"summary_large_image\" \/>\n<meta name=\"twitter:label1\" content=\"Written by\" \/>\n\t<meta name=\"twitter:data1\" content=\"Patrick Hesselb\u00e6k\" \/>\n\t<meta name=\"twitter:label2\" content=\"Est. reading time\" \/>\n\t<meta name=\"twitter:data2\" content=\"1 minute\" \/>\n<script type=\"application\/ld+json\" class=\"yoast-schema-graph\">{\"@context\":\"https:\/\/schema.org\",\"@graph\":[{\"@type\":\"Organization\",\"@id\":\"https:\/\/acefootball.com\/da\/#organization\",\"name\":\"Ace Football\",\"url\":\"https:\/\/acefootball.com\/da\/\",\"sameAs\":[\"https:\/\/www.facebook.com\/acefootballdk\"],\"logo\":{\"@type\":\"ImageObject\",\"@id\":\"https:\/\/acefootball.com\/da\/#logo\",\"inLanguage\":\"en-US\",\"url\":\"https:\/\/acefootball.com\/da\/wp-content\/uploads\/sites\/2\/2020\/07\/Ace-Football-30-07-2020-2.png\",\"contentUrl\":\"https:\/\/acefootball.com\/da\/wp-content\/uploads\/sites\/2\/2020\/07\/Ace-Football-30-07-2020-2.png\",\"width\":1200,\"height\":600,\"caption\":\"Ace Football\"},\"image\":{\"@id\":\"https:\/\/acefootball.com\/da\/#logo\"}},{\"@type\":\"WebSite\",\"@id\":\"https:\/\/acefootball.com\/da\/#website\",\"url\":\"https:\/\/acefootball.com\/da\/\",\"name\":\"Ace Football Danmark\",\"description\":\"Nyheder, Spiltips &amp; Livescore\",\"publisher\":{\"@id\":\"https:\/\/acefootball.com\/da\/#organization\"},\"potentialAction\":[{\"@type\":\"SearchAction\",\"target\":{\"@type\":\"EntryPoint\",\"urlTemplate\":\"https:\/\/acefootball.com\/da\/?s={search_term_string}\"},\"query-input\":\"required name=search_term_string\"}],\"inLanguage\":\"en-US\"},{\"@type\":\"ImageObject\",\"@id\":\"https:\/\/acefootball.com\/da\/fodboldnyheder\/medie-barcelona-praesident-anklages-for-korruption\/#primaryimage\",\"inLanguage\":\"en-US\",\"url\":\"https:\/\/acefootball.com\/da\/wp-content\/uploads\/sites\/2\/2020\/09\/GettyImages-599802238.jpg\",\"contentUrl\":\"https:\/\/acefootball.com\/da\/wp-content\/uploads\/sites\/2\/2020\/09\/GettyImages-599802238.jpg\",\"width\":1024,\"height\":683,\"caption\":\"NEW YORK, NY - SEPTEMBER 06: FC Barcelona President Josep Maria Bartomeu and Ronaldinho pose at a party at Mad 46 celebrating the opening of their first US office on September 6, 2016 in New York City. (Photo by Ed Mulholland\/Getty Images for FC Barcelona)\"},{\"@type\":\"WebPage\",\"@id\":\"https:\/\/acefootball.com\/da\/fodboldnyheder\/medie-barcelona-praesident-anklages-for-korruption\/#webpage\",\"url\":\"https:\/\/acefootball.com\/da\/fodboldnyheder\/medie-barcelona-praesident-anklages-for-korruption\/\",\"name\":\"Medie: Barcelona-pr\u00e6sident anklages for korruption\",\"isPartOf\":{\"@id\":\"https:\/\/acefootball.com\/da\/#website\"},\"primaryImageOfPage\":{\"@id\":\"https:\/\/acefootball.com\/da\/fodboldnyheder\/medie-barcelona-praesident-anklages-for-korruption\/#primaryimage\"},\"datePublished\":\"2020-09-04T08:34:28+00:00\",\"dateModified\":\"2020-09-04T08:37:03+00:00\",\"description\":\"If\u00f8lge det spanske medie El Mundo har det catalanske politi anklaget FC Barcelona-pr\u00e6sident Josep Maria Bartomeu for korruption\",\"breadcrumb\":{\"@id\":\"https:\/\/acefootball.com\/da\/fodboldnyheder\/medie-barcelona-praesident-anklages-for-korruption\/#breadcrumb\"},\"inLanguage\":\"en-US\",\"potentialAction\":[{\"@type\":\"ReadAction\",\"target\":[\"https:\/\/acefootball.com\/da\/fodboldnyheder\/medie-barcelona-praesident-anklages-for-korruption\/\"]}]},{\"@type\":\"BreadcrumbList\",\"@id\":\"https:\/\/acefootball.com\/da\/fodboldnyheder\/medie-barcelona-praesident-anklages-for-korruption\/#breadcrumb\",\"itemListElement\":[{\"@type\":\"ListItem\",\"position\":1,\"name\":\"Home\",\"item\":\"https:\/\/acefootball.com\/da\/\"},{\"@type\":\"ListItem\",\"position\":2,\"name\":\"Medie: Barcelona-pr\u00e6sident anklages for korruption\"}]},{\"@type\":\"Article\",\"@id\":\"https:\/\/acefootball.com\/da\/fodboldnyheder\/medie-barcelona-praesident-anklages-for-korruption\/#article\",\"isPartOf\":{\"@id\":\"https:\/\/acefootball.com\/da\/fodboldnyheder\/medie-barcelona-praesident-anklages-for-korruption\/#webpage\"},\"author\":{\"@id\":\"https:\/\/acefootball.com\/da\/#\/schema\/person\/fd6223a1c033400b41da7853ddf88c84\"},\"headline\":\"Medie: Barcelona-pr\u00e6sident anklages for korruption\",\"datePublished\":\"2020-09-04T08:34:28+00:00\",\"dateModified\":\"2020-09-04T08:37:03+00:00\",\"mainEntityOfPage\":{\"@id\":\"https:\/\/acefootball.com\/da\/fodboldnyheder\/medie-barcelona-praesident-anklages-for-korruption\/#webpage\"},\"wordCount\":200,\"commentCount\":0,\"publisher\":{\"@id\":\"https:\/\/acefootball.com\/da\/#organization\"},\"image\":{\"@id\":\"https:\/\/acefootball.com\/da\/fodboldnyheder\/medie-barcelona-praesident-anklages-for-korruption\/#primaryimage\"},\"thumbnailUrl\":\"https:\/\/acefootball.com\/da\/wp-content\/uploads\/sites\/2\/2020\/09\/GettyImages-599802238.jpg\",\"keywords\":[\"FC Barcelona\",\"Josep Maria Bartomeu\",\"La Liga\"],\"articleSection\":[\"Nyhed\"],\"inLanguage\":\"en-US\",\"potentialAction\":[{\"@type\":\"CommentAction\",\"name\":\"Comment\",\"target\":[\"https:\/\/acefootball.com\/da\/fodboldnyheder\/medie-barcelona-praesident-anklages-for-korruption\/#respond\"]}]},{\"@type\":\"Person\",\"@id\":\"https:\/\/acefootball.com\/da\/#\/schema\/person\/fd6223a1c033400b41da7853ddf88c84\",\"name\":\"Patrick Hesselb\u00e6k\",\"image\":{\"@type\":\"ImageObject\",\"@id\":\"https:\/\/acefootball.com\/da\/#personlogo\",\"inLanguage\":\"en-US\",\"url\":\"https:\/\/secure.gravatar.com\/avatar\/7919060992759bffbffb199d6cbdce6f?s=96&d=mm&r=g\",\"contentUrl\":\"https:\/\/secure.gravatar.com\/avatar\/7919060992759bffbffb199d6cbdce6f?s=96&d=mm&r=g\",\"caption\":\"Patrick Hesselb\u00e6k\"},\"description\":\"Redakt\u00f8r p\u00e5 den danske Ace Football-redaktion. Uddannet i kommunikation fra Aalborg Universitet. Prim\u00e6rt fokus p\u00e5 den danske 3F Superliga og de st\u00f8rste europ\u00e6iske turneringer.\",\"sameAs\":[\"https:\/\/www.linkedin.com\/in\/patrick-hesselbk-2a4b1711a\/\"],\"url\":\"https:\/\/acefootball.com\/da\/fodboldnyheder\/author\/patrickhesselbaek\/\"}]}<\/script>\n<!-- \/ Yoast SEO plugin. -->","yoast_head_json":{"title":"Medie: Barcelona-pr\u00e6sident anklages for korruption","description":"If\u00f8lge det spanske medie El Mundo har det catalanske politi anklaget FC Barcelona-pr\u00e6sident Josep Maria Bartomeu for korruption","robots":{"index":"index","follow":"follow","max-snippet":"max-snippet:-1","max-image-preview":"max-image-preview:large","max-video-preview":"max-video-preview:-1"},"canonical":"https:\/\/acefootball.com\/da\/fodboldnyheder\/medie-barcelona-praesident-anklages-for-korruption\/","og_locale":"en_US","og_type":"article","og_title":"Medie: Barcelona-pr\u00e6sident anklages for korruption","og_description":"If\u00f8lge det spanske medie El Mundo har det catalanske politi anklaget FC Barcelona-pr\u00e6sident Josep Maria Bartomeu for korruption","og_url":"https:\/\/acefootball.com\/da\/fodboldnyheder\/medie-barcelona-praesident-anklages-for-korruption\/","og_site_name":"Ace Football Danmark","article_publisher":"https:\/\/www.facebook.com\/acefootballdk","article_published_time":"2020-09-04T08:34:28+00:00","article_modified_time":"2020-09-04T08:37:03+00:00","og_image":[{"width":1024,"height":683,"url":"https:\/\/acefootball.com\/da\/wp-content\/uploads\/sites\/2\/2020\/09\/GettyImages-599802238.jpg","type":"image\/jpeg"}],"twitter_card":"summary_large_image","twitter_misc":{"Written by":"Patrick Hesselb\u00e6k","Est. reading time":"1 minute"},"schema":{"@context":"https:\/\/schema.org","@graph":[{"@type":"Organization","@id":"https:\/\/acefootball.com\/da\/#organization","name":"Ace Football","url":"https:\/\/acefootball.com\/da\/","sameAs":["https:\/\/www.facebook.com\/acefootballdk"],"logo":{"@type":"ImageObject","@id":"https:\/\/acefootball.com\/da\/#logo","inLanguage":"en-US","url":"https:\/\/acefootball.com\/da\/wp-content\/uploads\/sites\/2\/2020\/07\/Ace-Football-30-07-2020-2.png","contentUrl":"https:\/\/acefootball.com\/da\/wp-content\/uploads\/sites\/2\/2020\/07\/Ace-Football-30-07-2020-2.png","width":1200,"height":600,"caption":"Ace Football"},"image":{"@id":"https:\/\/acefootball.com\/da\/#logo"}},{"@type":"WebSite","@id":"https:\/\/acefootball.com\/da\/#website","url":"https:\/\/acefootball.com\/da\/","name":"Ace Football Danmark","description":"Nyheder, Spiltips &amp; Livescore","publisher":{"@id":"https:\/\/acefootball.com\/da\/#organization"},"potentialAction":[{"@type":"SearchAction","target":{"@type":"EntryPoint","urlTemplate":"https:\/\/acefootball.com\/da\/?s={search_term_string}"},"query-input":"required name=search_term_string"}],"inLanguage":"en-US"},{"@type":"ImageObject","@id":"https:\/\/acefootball.com\/da\/fodboldnyheder\/medie-barcelona-praesident-anklages-for-korruption\/#primaryimage","inLanguage":"en-US","url":"https:\/\/acefootball.com\/da\/wp-content\/uploads\/sites\/2\/2020\/09\/GettyImages-599802238.jpg","contentUrl":"https:\/\/acefootball.com\/da\/wp-content\/uploads\/sites\/2\/2020\/09\/GettyImages-599802238.jpg","width":1024,"height":683,"caption":"NEW YORK, NY - SEPTEMBER 06: FC Barcelona President Josep Maria Bartomeu and Ronaldinho pose at a party at Mad 46 celebrating the opening of their first US office on September 6, 2016 in New York City. (Photo by Ed Mulholland\/Getty Images for FC Barcelona)"},{"@type":"WebPage","@id":"https:\/\/acefootball.com\/da\/fodboldnyheder\/medie-barcelona-praesident-anklages-for-korruption\/#webpage","url":"https:\/\/acefootball.com\/da\/fodboldnyheder\/medie-barcelona-praesident-anklages-for-korruption\/","name":"Medie: Barcelona-pr\u00e6sident anklages for korruption","isPartOf":{"@id":"https:\/\/acefootball.com\/da\/#website"},"primaryImageOfPage":{"@id":"https:\/\/acefootball.com\/da\/fodboldnyheder\/medie-barcelona-praesident-anklages-for-korruption\/#primaryimage"},"datePublished":"2020-09-04T08:34:28+00:00","dateModified":"2020-09-04T08:37:03+00:00","description":"If\u00f8lge det spanske medie El Mundo har det catalanske politi anklaget FC Barcelona-pr\u00e6sident Josep Maria Bartomeu for korruption","breadcrumb":{"@id":"https:\/\/acefootball.com\/da\/fodboldnyheder\/medie-barcelona-praesident-anklages-for-korruption\/#breadcrumb"},"inLanguage":"en-US","potentialAction":[{"@type":"ReadAction","target":["https:\/\/acefootball.com\/da\/fodboldnyheder\/medie-barcelona-praesident-anklages-for-korruption\/"]}]},{"@type":"BreadcrumbList","@id":"https:\/\/acefootball.com\/da\/fodboldnyheder\/medie-barcelona-praesident-anklages-for-korruption\/#breadcrumb","itemListElement":[{"@type":"ListItem","position":1,"name":"Home","item":"https:\/\/acefootball.com\/da\/"},{"@type":"ListItem","position":2,"name":"Medie: Barcelona-pr\u00e6sident anklages for korruption"}]},{"@type":"Article","@id":"https:\/\/acefootball.com\/da\/fodboldnyheder\/medie-barcelona-praesident-anklages-for-korruption\/#article","isPartOf":{"@id":"https:\/\/acefootball.com\/da\/fodboldnyheder\/medie-barcelona-praesident-anklages-for-korruption\/#webpage"},"author":{"@id":"https:\/\/acefootball.com\/da\/#\/schema\/person\/fd6223a1c033400b41da7853ddf88c84"},"headline":"Medie: Barcelona-pr\u00e6sident anklages for korruption","datePublished":"2020-09-04T08:34:28+00:00","dateModified":"2020-09-04T08:37:03+00:00","mainEntityOfPage":{"@id":"https:\/\/acefootball.com\/da\/fodboldnyheder\/medie-barcelona-praesident-anklages-for-korruption\/#webpage"},"wordCount":200,"commentCount":0,"publisher":{"@id":"https:\/\/acefootball.com\/da\/#organization"},"image":{"@id":"https:\/\/acefootball.com\/da\/fodboldnyheder\/medie-barcelona-praesident-anklages-for-korruption\/#primaryimage"},"thumbnailUrl":"https:\/\/acefootball.com\/da\/wp-content\/uploads\/sites\/2\/2020\/09\/GettyImages-599802238.jpg","keywords":["FC Barcelona","Josep Maria Bartomeu","La Liga"],"articleSection":["Nyhed"],"inLanguage":"en-US","potentialAction":[{"@type":"CommentAction","name":"Comment","target":["https:\/\/acefootball.com\/da\/fodboldnyheder\/medie-barcelona-praesident-anklages-for-korruption\/#respond"]}]},{"@type":"Person","@id":"https:\/\/acefootball.com\/da\/#\/schema\/person\/fd6223a1c033400b41da7853ddf88c84","name":"Patrick Hesselb\u00e6k","image":{"@type":"ImageObject","@id":"https:\/\/acefootball.com\/da\/#personlogo","inLanguage":"en-US","url":"https:\/\/secure.gravatar.com\/avatar\/7919060992759bffbffb199d6cbdce6f?s=96&d=mm&r=g","contentUrl":"https:\/\/secure.gravatar.com\/avatar\/7919060992759bffbffb199d6cbdce6f?s=96&d=mm&r=g","caption":"Patrick Hesselb\u00e6k"},"description":"Redakt\u00f8r p\u00e5 den danske Ace Football-redaktion. Uddannet i kommunikation fra Aalborg Universitet. Prim\u00e6rt fokus p\u00e5 den danske 3F Superliga og de st\u00f8rste europ\u00e6iske turneringer.","sameAs":["https:\/\/www.linkedin.com\/in\/patrick-hesselbk-2a4b1711a\/"],"url":"https:\/\/acefootball.com\/da\/fodboldnyheder\/author\/patrickhesselbaek\/"}]}},"fimg_url":"https:\/\/acefootball.com\/da\/wp-content\/uploads\/sites\/2\/2020\/09\/GettyImages-599802238.jpg","_links":{"self":[{"href":"https:\/\/acefootball.com\/da\/wp-json\/wp\/v2\/posts\/236158"}],"collection":[{"href":"https:\/\/acefootball.com\/da\/wp-json\/wp\/v2\/posts"}],"about":[{"href":"https:\/\/acefootball.com\/da\/wp-json\/wp\/v2\/types\/post"}],"author":[{"embeddable":true,"href":"https:\/\/acefootball.com\/da\/wp-json\/wp\/v2\/users\/74"}],"replies":[{"embeddable":true,"href":"https:\/\/acefootball.com\/da\/wp-json\/wp\/v2\/comments?post=236158"}],"version-history":[{"count":0,"href":"https:\/\/acefootball.com\/da\/wp-json\/wp\/v2\/posts\/236158\/revisions"}],"wp:featuredmedia":[{"embeddable":true,"href":"https:\/\/acefootball.com\/da\/wp-json\/wp\/v2\/media\/236159"}],"wp:attachment":[{"href":"https:\/\/acefootball.com\/da\/wp-json\/wp\/v2\/media?parent=236158"}],"wp:term":[{"taxonomy":"category","embeddable":true,"href":"https:\/\/acefootball.com\/da\/wp-json\/wp\/v2\/categories?post=236158"},{"taxonomy":"post_tag","embeddable":true,"href":"https:\/\/acefootball.com\/da\/wp-json\/wp\/v2\/tags?post=236158"}],"curies":[{"name":"wp","href":"https:\/\/api.w.org\/{rel}","templated":true}]}}