{"id":236060,"date":"2021-05-04T09:46:00","date_gmt":"2021-05-04T07:46:00","guid":{"rendered":"https:\/\/acefootball.com\/da\/?p=236060"},"modified":"2021-05-04T10:07:20","modified_gmt":"2021-05-04T08:07:20","slug":"henter-fire-nye-spillere-saadan-ser-fc-graesroeddernes-hold-ud-i-dag","status":"publish","type":"post","link":"https:\/\/acefootball.com\/da\/fodboldnyheder\/henter-fire-nye-spillere-saadan-ser-fc-graesroeddernes-hold-ud-i-dag\/","title":{"rendered":"Tr\u00e6kker sig fra KS: S\u00e5dan ser FC Gr\u00e6sr\u00f8ddernes hold ud i dag"},"content":{"rendered":"\n<h2 id=\"h-for-r-tilbage-kunne-man-f-lge-dengang-nystiftede-fc-gr-sr-dderne-p-landsd-kkende-tv-l-s-her-hvordan-holdet-ser-ud-i-dag\">For \u00e5r tilbage kunne man f\u00f8lge dengang nystiftede FC Gr\u00e6sr\u00f8dderne p\u00e5 landsd\u00e6kkende TV. L\u00e6s her hvordan holdet ser ud i dag<\/h2>\n\n\n\n<p>Tilbage i 2015 stiftede de tidligere Superliga-spillere Mads Laudrup og Klaus Lykke FC Gr\u00e6sr\u00f8dderne.<\/p>\n\n\n\n<p>I klubbens f\u00f8rste sp\u00e6de \u00e5r, fulgte vi de tidligere topspillere brage igennem de laveste serier i dansk fodbold, hvor spillere som Poul H\u00fcbertz, Henrik \u2018Store\u2019 Larsen og Patrik Wozniacki var fast bestanddel af det nysammensatte hold. <\/p>\n\n\n\n<p>I denne s\u00e6son har Gr\u00e6sr\u00f8dderne spillet i K\u00f8benhavnsserien, hvor de egentlig har gjort det h\u00e6derligt, men nu har de valgt at tr\u00e6kke sig fra r\u00e6kken og i stedet spille Old Boys-fodbold fra n\u00e6ste s\u00e6son.<\/p>\n\n\n\n<p>&#8220;Det er en blanding af flere ting. Man kunne se det p\u00e5 vores tilmeldinger, at de blev f\u00e6rre og f\u00e6rre, og folk prioriterer nok lidt anderledes. Det er ikke i s\u00e5 h\u00f8j prioritet for nogle af spillerne at komme ud og bruge sin l\u00f8rdag p\u00e5 at spille mod en masse unge drenge, der l\u00f8ber og tr\u00e6ner flere gange om ugen, og s\u00e5 har ondt dagen efter ovenik\u00f8bet. Vi lavede i bund og grund Gr\u00e6sr\u00f8dderne for, at det skulle v\u00e6re sjovt og hyggeligt at komme ud at spille, men vi tr\u00e6ner ikke, og vi f\u00e5r en tre-fire skader i hver kamp,&#8221; forklarer Klaus Lykke til <a href=\"https:\/\/ligabold.dk\/graesroedderne-traekker-seniorhold-vemodigt\/?_ga=2.197976043.595149632.1620022534-191338084.1579245754\" target=\"_blank\" rel=\"noreferrer noopener\">Ligabold.dk<\/a>.<\/p>\n\n\n\n<p>Selvom de fra n\u00e6ste s\u00e6son bliver et Old Boys-hold, er der stadig en r\u00e6kke kendte navne, der har beg\u00e5et sig b\u00e5de i Superligaen og p\u00e5 endnu h\u00f8jere plan p\u00e5 holdkortet.<\/p>\n\n\n\n<p>Sidste sommer fik man tilgang af spillere som Jannik Zimling (tidligere bl.a. N\u00e6stved), Martin Albrechtsen (fortid i Premier League), Kristoffer Wichmann (tidligere bl.a. Hvidovre) og Oliver Hansen (tidligere FC K\u00f8benhavn).<\/p>\n\n\n\n<p>Herunder kan du se et udsnit af spillere, der har optr\u00e5dt for FC Gr\u00e6sr\u00f8dderne i denne s\u00e6son i K\u00f8benhavnsserien:<\/p>\n\n\n\n<p>Jan Frederiksen (tidligere bl.a. Feyenoord og Br\u00f8ndby IF)<br>Klaus Lykke (tidligere bl.a. AB)<br>Simon Br\u00e6mer (tidligere bl.a. AaB)<br>Mads Laudrup (tidligere bl.a. FC K\u00f8benhavn)<br>Nick Christensen (tidligere bl.a. AB)<br>Casper Henningsen (tidligere bl.a. Silkeborg)<br>Azad Corlu (tidligere bl.a. Br\u00f8ndby og bror til Rezan Corlu)<br>Mark Leth Pedersen (Tidligere bl.a. Br\u00f8ndby)<br>Jan Kristiansen (Tidligere bl.a. N\u00fcrnberg og Br\u00f8ndby IF)<br>Martin Albrechtsen (Tidligere bl.a. FCK, Br\u00f8ndby og FC Midtjylland)<br>Kevin Bechmann Timm (Tidligere bl.a. Esbjerg)<br>Dennis Cagara (Tidligere bl.a. Hertha Berlin og Br\u00f8ndby IF)<br>Jens Waltorp S\u00f8rensen (Tidligere bl.a. AB)<br>Martin Johansen (Tidligere bl.a. FC K\u00f8benhavn)<br>Peter Benjaminsen (Tidligere bl.a. FC Nordsj\u00e6lland)<br>Rasmus Minor Petersen (Tidligere Hobro IK)<\/p>\n","protected":false},"excerpt":{"rendered":"<p>For \u00e5r tilbage kunne man f\u00f8lge dengang nystiftede FC Gr\u00e6sr\u00f8dderne p\u00e5 landsd\u00e6kkende TV. L\u00e6s her hvordan holdet ser ud i dag<\/p>\n","protected":false},"author":914,"featured_media":236067,"comment_status":"open","ping_status":"closed","sticky":false,"template":"","format":"standard","meta":{"om_disable_all_campaigns":false,"push_articles_ronaldo":{"active":false,"canonical":0,"publish":false},"force_updates":null},"categories":[2470],"tags":[692],"enet_tags":{"team":["8238"],"sport_events":[]},"yoast_head":"<!-- This site is optimized with the Yoast SEO plugin v18.3 - https:\/\/yoast.com\/wordpress\/plugins\/seo\/ -->\n<title>Tr\u00e6kker sig fra KS: S\u00e5dan ser FC Gr\u00e6sr\u00f8ddernes hold ud i dag<\/title>\n<meta name=\"description\" content=\"For \u00e5r tilbage kunne man f\u00f8lge dengang nystiftede FC Gr\u00e6sr\u00f8dderne p\u00e5 landsd\u00e6kkende TV. L\u00e6s her hvordan holdet ser ud i dag\" \/>\n<meta name=\"robots\" content=\"index, follow, max-snippet:-1, max-image-preview:large, max-video-preview:-1\" \/>\n<link rel=\"canonical\" href=\"https:\/\/acefootball.com\/da\/fodboldnyheder\/henter-fire-nye-spillere-saadan-ser-fc-graesroeddernes-hold-ud-i-dag\/\" \/>\n<meta property=\"og:locale\" content=\"en_US\" \/>\n<meta property=\"og:type\" content=\"article\" \/>\n<meta property=\"og:title\" content=\"Tr\u00e6kker sig fra KS: S\u00e5dan ser FC Gr\u00e6sr\u00f8ddernes hold ud i dag\" \/>\n<meta property=\"og:description\" content=\"For \u00e5r tilbage kunne man f\u00f8lge dengang nystiftede FC Gr\u00e6sr\u00f8dderne p\u00e5 landsd\u00e6kkende TV. L\u00e6s her hvordan holdet ser ud i dag\" \/>\n<meta property=\"og:url\" content=\"https:\/\/acefootball.com\/da\/fodboldnyheder\/henter-fire-nye-spillere-saadan-ser-fc-graesroeddernes-hold-ud-i-dag\/\" \/>\n<meta property=\"og:site_name\" content=\"Ace Football Danmark\" \/>\n<meta property=\"article:publisher\" content=\"https:\/\/www.facebook.com\/acefootballdk\" \/>\n<meta property=\"article:published_time\" content=\"2021-05-04T07:46:00+00:00\" \/>\n<meta property=\"article:modified_time\" content=\"2021-05-04T08:07:20+00:00\" \/>\n<meta property=\"og:image\" content=\"https:\/\/acefootball.com\/da\/wp-content\/uploads\/sites\/2\/2020\/09\/Laes-mere-generel-70.jpg\" \/>\n\t<meta property=\"og:image:width\" content=\"1920\" \/>\n\t<meta property=\"og:image:height\" content=\"1008\" \/>\n\t<meta property=\"og:image:type\" content=\"image\/jpeg\" \/>\n<meta name=\"twitter:card\" content=\"summary_large_image\" \/>\n<meta name=\"twitter:label1\" content=\"Written by\" \/>\n\t<meta name=\"twitter:data1\" content=\"\" \/>\n\t<meta name=\"twitter:label2\" content=\"Est. reading time\" \/>\n\t<meta name=\"twitter:data2\" content=\"2 minutes\" \/>\n<script type=\"application\/ld+json\" class=\"yoast-schema-graph\">{\"@context\":\"https:\/\/schema.org\",\"@graph\":[{\"@type\":\"Organization\",\"@id\":\"https:\/\/acefootball.com\/da\/#organization\",\"name\":\"Ace Football\",\"url\":\"https:\/\/acefootball.com\/da\/\",\"sameAs\":[\"https:\/\/www.facebook.com\/acefootballdk\"],\"logo\":{\"@type\":\"ImageObject\",\"@id\":\"https:\/\/acefootball.com\/da\/#logo\",\"inLanguage\":\"en-US\",\"url\":\"https:\/\/acefootball.com\/da\/wp-content\/uploads\/sites\/2\/2020\/07\/Ace-Football-30-07-2020-2.png\",\"contentUrl\":\"https:\/\/acefootball.com\/da\/wp-content\/uploads\/sites\/2\/2020\/07\/Ace-Football-30-07-2020-2.png\",\"width\":1200,\"height\":600,\"caption\":\"Ace Football\"},\"image\":{\"@id\":\"https:\/\/acefootball.com\/da\/#logo\"}},{\"@type\":\"WebSite\",\"@id\":\"https:\/\/acefootball.com\/da\/#website\",\"url\":\"https:\/\/acefootball.com\/da\/\",\"name\":\"Ace Football Danmark\",\"description\":\"Nyheder, Spiltips &amp; Livescore\",\"publisher\":{\"@id\":\"https:\/\/acefootball.com\/da\/#organization\"},\"potentialAction\":[{\"@type\":\"SearchAction\",\"target\":{\"@type\":\"EntryPoint\",\"urlTemplate\":\"https:\/\/acefootball.com\/da\/?s={search_term_string}\"},\"query-input\":\"required name=search_term_string\"}],\"inLanguage\":\"en-US\"},{\"@type\":\"ImageObject\",\"@id\":\"https:\/\/acefootball.com\/da\/fodboldnyheder\/henter-fire-nye-spillere-saadan-ser-fc-graesroeddernes-hold-ud-i-dag\/#primaryimage\",\"inLanguage\":\"en-US\",\"url\":\"https:\/\/acefootball.com\/da\/wp-content\/uploads\/sites\/2\/2020\/09\/Laes-mere-generel-70.jpg\",\"contentUrl\":\"https:\/\/acefootball.com\/da\/wp-content\/uploads\/sites\/2\/2020\/09\/Laes-mere-generel-70.jpg\",\"width\":1920,\"height\":1008},{\"@type\":\"WebPage\",\"@id\":\"https:\/\/acefootball.com\/da\/fodboldnyheder\/henter-fire-nye-spillere-saadan-ser-fc-graesroeddernes-hold-ud-i-dag\/#webpage\",\"url\":\"https:\/\/acefootball.com\/da\/fodboldnyheder\/henter-fire-nye-spillere-saadan-ser-fc-graesroeddernes-hold-ud-i-dag\/\",\"name\":\"Tr\u00e6kker sig fra KS: S\u00e5dan ser FC Gr\u00e6sr\u00f8ddernes hold ud i dag\",\"isPartOf\":{\"@id\":\"https:\/\/acefootball.com\/da\/#website\"},\"primaryImageOfPage\":{\"@id\":\"https:\/\/acefootball.com\/da\/fodboldnyheder\/henter-fire-nye-spillere-saadan-ser-fc-graesroeddernes-hold-ud-i-dag\/#primaryimage\"},\"datePublished\":\"2021-05-04T07:46:00+00:00\",\"dateModified\":\"2021-05-04T08:07:20+00:00\",\"description\":\"For \u00e5r tilbage kunne man f\u00f8lge dengang nystiftede FC Gr\u00e6sr\u00f8dderne p\u00e5 landsd\u00e6kkende TV. L\u00e6s her hvordan holdet ser ud i dag\",\"breadcrumb\":{\"@id\":\"https:\/\/acefootball.com\/da\/fodboldnyheder\/henter-fire-nye-spillere-saadan-ser-fc-graesroeddernes-hold-ud-i-dag\/#breadcrumb\"},\"inLanguage\":\"en-US\",\"potentialAction\":[{\"@type\":\"ReadAction\",\"target\":[\"https:\/\/acefootball.com\/da\/fodboldnyheder\/henter-fire-nye-spillere-saadan-ser-fc-graesroeddernes-hold-ud-i-dag\/\"]}]},{\"@type\":\"BreadcrumbList\",\"@id\":\"https:\/\/acefootball.com\/da\/fodboldnyheder\/henter-fire-nye-spillere-saadan-ser-fc-graesroeddernes-hold-ud-i-dag\/#breadcrumb\",\"itemListElement\":[{\"@type\":\"ListItem\",\"position\":1,\"name\":\"Home\",\"item\":\"https:\/\/acefootball.com\/da\/\"},{\"@type\":\"ListItem\",\"position\":2,\"name\":\"Tr\u00e6kker sig fra KS: S\u00e5dan ser FC Gr\u00e6sr\u00f8ddernes hold ud i dag\"}]},{\"@type\":\"Article\",\"@id\":\"https:\/\/acefootball.com\/da\/fodboldnyheder\/henter-fire-nye-spillere-saadan-ser-fc-graesroeddernes-hold-ud-i-dag\/#article\",\"isPartOf\":{\"@id\":\"https:\/\/acefootball.com\/da\/fodboldnyheder\/henter-fire-nye-spillere-saadan-ser-fc-graesroeddernes-hold-ud-i-dag\/#webpage\"},\"author\":{\"@id\":\"\"},\"headline\":\"Tr\u00e6kker sig fra KS: S\u00e5dan ser FC Gr\u00e6sr\u00f8ddernes hold ud i dag\",\"datePublished\":\"2021-05-04T07:46:00+00:00\",\"dateModified\":\"2021-05-04T08:07:20+00:00\",\"mainEntityOfPage\":{\"@id\":\"https:\/\/acefootball.com\/da\/fodboldnyheder\/henter-fire-nye-spillere-saadan-ser-fc-graesroeddernes-hold-ud-i-dag\/#webpage\"},\"wordCount\":484,\"commentCount\":0,\"publisher\":{\"@id\":\"https:\/\/acefootball.com\/da\/#organization\"},\"image\":{\"@id\":\"https:\/\/acefootball.com\/da\/fodboldnyheder\/henter-fire-nye-spillere-saadan-ser-fc-graesroeddernes-hold-ud-i-dag\/#primaryimage\"},\"thumbnailUrl\":\"https:\/\/acefootball.com\/da\/wp-content\/uploads\/sites\/2\/2020\/09\/13350318_966471150135302_3162581350845609260_o.jpg\",\"keywords\":[\"Danmark\"],\"articleSection\":[\"Offsite\"],\"inLanguage\":\"en-US\",\"potentialAction\":[{\"@type\":\"CommentAction\",\"name\":\"Comment\",\"target\":[\"https:\/\/acefootball.com\/da\/fodboldnyheder\/henter-fire-nye-spillere-saadan-ser-fc-graesroeddernes-hold-ud-i-dag\/#respond\"]}]},{\"@type\":\"Person\",\"@id\":\"\",\"url\":\"https:\/\/acefootball.com\/da\/fodboldnyheder\/author\/\"}]}<\/script>\n<!-- \/ Yoast SEO plugin. -->","yoast_head_json":{"title":"Tr\u00e6kker sig fra KS: S\u00e5dan ser FC Gr\u00e6sr\u00f8ddernes hold ud i dag","description":"For \u00e5r tilbage kunne man f\u00f8lge dengang nystiftede FC Gr\u00e6sr\u00f8dderne p\u00e5 landsd\u00e6kkende TV. L\u00e6s her hvordan holdet ser ud i dag","robots":{"index":"index","follow":"follow","max-snippet":"max-snippet:-1","max-image-preview":"max-image-preview:large","max-video-preview":"max-video-preview:-1"},"canonical":"https:\/\/acefootball.com\/da\/fodboldnyheder\/henter-fire-nye-spillere-saadan-ser-fc-graesroeddernes-hold-ud-i-dag\/","og_locale":"en_US","og_type":"article","og_title":"Tr\u00e6kker sig fra KS: S\u00e5dan ser FC Gr\u00e6sr\u00f8ddernes hold ud i dag","og_description":"For \u00e5r tilbage kunne man f\u00f8lge dengang nystiftede FC Gr\u00e6sr\u00f8dderne p\u00e5 landsd\u00e6kkende TV. L\u00e6s her hvordan holdet ser ud i dag","og_url":"https:\/\/acefootball.com\/da\/fodboldnyheder\/henter-fire-nye-spillere-saadan-ser-fc-graesroeddernes-hold-ud-i-dag\/","og_site_name":"Ace Football Danmark","article_publisher":"https:\/\/www.facebook.com\/acefootballdk","article_published_time":"2021-05-04T07:46:00+00:00","article_modified_time":"2021-05-04T08:07:20+00:00","og_image":[{"width":1920,"height":1008,"url":"https:\/\/acefootball.com\/da\/wp-content\/uploads\/sites\/2\/2020\/09\/Laes-mere-generel-70.jpg","type":"image\/jpeg"}],"twitter_card":"summary_large_image","twitter_misc":{"Written by":"","Est. reading time":"2 minutes"},"schema":{"@context":"https:\/\/schema.org","@graph":[{"@type":"Organization","@id":"https:\/\/acefootball.com\/da\/#organization","name":"Ace Football","url":"https:\/\/acefootball.com\/da\/","sameAs":["https:\/\/www.facebook.com\/acefootballdk"],"logo":{"@type":"ImageObject","@id":"https:\/\/acefootball.com\/da\/#logo","inLanguage":"en-US","url":"https:\/\/acefootball.com\/da\/wp-content\/uploads\/sites\/2\/2020\/07\/Ace-Football-30-07-2020-2.png","contentUrl":"https:\/\/acefootball.com\/da\/wp-content\/uploads\/sites\/2\/2020\/07\/Ace-Football-30-07-2020-2.png","width":1200,"height":600,"caption":"Ace Football"},"image":{"@id":"https:\/\/acefootball.com\/da\/#logo"}},{"@type":"WebSite","@id":"https:\/\/acefootball.com\/da\/#website","url":"https:\/\/acefootball.com\/da\/","name":"Ace Football Danmark","description":"Nyheder, Spiltips &amp; Livescore","publisher":{"@id":"https:\/\/acefootball.com\/da\/#organization"},"potentialAction":[{"@type":"SearchAction","target":{"@type":"EntryPoint","urlTemplate":"https:\/\/acefootball.com\/da\/?s={search_term_string}"},"query-input":"required name=search_term_string"}],"inLanguage":"en-US"},{"@type":"ImageObject","@id":"https:\/\/acefootball.com\/da\/fodboldnyheder\/henter-fire-nye-spillere-saadan-ser-fc-graesroeddernes-hold-ud-i-dag\/#primaryimage","inLanguage":"en-US","url":"https:\/\/acefootball.com\/da\/wp-content\/uploads\/sites\/2\/2020\/09\/Laes-mere-generel-70.jpg","contentUrl":"https:\/\/acefootball.com\/da\/wp-content\/uploads\/sites\/2\/2020\/09\/Laes-mere-generel-70.jpg","width":1920,"height":1008},{"@type":"WebPage","@id":"https:\/\/acefootball.com\/da\/fodboldnyheder\/henter-fire-nye-spillere-saadan-ser-fc-graesroeddernes-hold-ud-i-dag\/#webpage","url":"https:\/\/acefootball.com\/da\/fodboldnyheder\/henter-fire-nye-spillere-saadan-ser-fc-graesroeddernes-hold-ud-i-dag\/","name":"Tr\u00e6kker sig fra KS: S\u00e5dan ser FC Gr\u00e6sr\u00f8ddernes hold ud i dag","isPartOf":{"@id":"https:\/\/acefootball.com\/da\/#website"},"primaryImageOfPage":{"@id":"https:\/\/acefootball.com\/da\/fodboldnyheder\/henter-fire-nye-spillere-saadan-ser-fc-graesroeddernes-hold-ud-i-dag\/#primaryimage"},"datePublished":"2021-05-04T07:46:00+00:00","dateModified":"2021-05-04T08:07:20+00:00","description":"For \u00e5r tilbage kunne man f\u00f8lge dengang nystiftede FC Gr\u00e6sr\u00f8dderne p\u00e5 landsd\u00e6kkende TV. L\u00e6s her hvordan holdet ser ud i dag","breadcrumb":{"@id":"https:\/\/acefootball.com\/da\/fodboldnyheder\/henter-fire-nye-spillere-saadan-ser-fc-graesroeddernes-hold-ud-i-dag\/#breadcrumb"},"inLanguage":"en-US","potentialAction":[{"@type":"ReadAction","target":["https:\/\/acefootball.com\/da\/fodboldnyheder\/henter-fire-nye-spillere-saadan-ser-fc-graesroeddernes-hold-ud-i-dag\/"]}]},{"@type":"BreadcrumbList","@id":"https:\/\/acefootball.com\/da\/fodboldnyheder\/henter-fire-nye-spillere-saadan-ser-fc-graesroeddernes-hold-ud-i-dag\/#breadcrumb","itemListElement":[{"@type":"ListItem","position":1,"name":"Home","item":"https:\/\/acefootball.com\/da\/"},{"@type":"ListItem","position":2,"name":"Tr\u00e6kker sig fra KS: S\u00e5dan ser FC Gr\u00e6sr\u00f8ddernes hold ud i dag"}]},{"@type":"Article","@id":"https:\/\/acefootball.com\/da\/fodboldnyheder\/henter-fire-nye-spillere-saadan-ser-fc-graesroeddernes-hold-ud-i-dag\/#article","isPartOf":{"@id":"https:\/\/acefootball.com\/da\/fodboldnyheder\/henter-fire-nye-spillere-saadan-ser-fc-graesroeddernes-hold-ud-i-dag\/#webpage"},"author":{"@id":""},"headline":"Tr\u00e6kker sig fra KS: S\u00e5dan ser FC Gr\u00e6sr\u00f8ddernes hold ud i dag","datePublished":"2021-05-04T07:46:00+00:00","dateModified":"2021-05-04T08:07:20+00:00","mainEntityOfPage":{"@id":"https:\/\/acefootball.com\/da\/fodboldnyheder\/henter-fire-nye-spillere-saadan-ser-fc-graesroeddernes-hold-ud-i-dag\/#webpage"},"wordCount":484,"commentCount":0,"publisher":{"@id":"https:\/\/acefootball.com\/da\/#organization"},"image":{"@id":"https:\/\/acefootball.com\/da\/fodboldnyheder\/henter-fire-nye-spillere-saadan-ser-fc-graesroeddernes-hold-ud-i-dag\/#primaryimage"},"thumbnailUrl":"https:\/\/acefootball.com\/da\/wp-content\/uploads\/sites\/2\/2020\/09\/13350318_966471150135302_3162581350845609260_o.jpg","keywords":["Danmark"],"articleSection":["Offsite"],"inLanguage":"en-US","potentialAction":[{"@type":"CommentAction","name":"Comment","target":["https:\/\/acefootball.com\/da\/fodboldnyheder\/henter-fire-nye-spillere-saadan-ser-fc-graesroeddernes-hold-ud-i-dag\/#respond"]}]},{"@type":"Person","@id":"","url":"https:\/\/acefootball.com\/da\/fodboldnyheder\/author\/"}]}},"fimg_url":"https:\/\/acefootball.com\/da\/wp-content\/uploads\/sites\/2\/2020\/09\/13350318_966471150135302_3162581350845609260_o.jpg","_links":{"self":[{"href":"https:\/\/acefootball.com\/da\/wp-json\/wp\/v2\/posts\/236060"}],"collection":[{"href":"https:\/\/acefootball.com\/da\/wp-json\/wp\/v2\/posts"}],"about":[{"href":"https:\/\/acefootball.com\/da\/wp-json\/wp\/v2\/types\/post"}],"author":[{"embeddable":true,"href":"https:\/\/acefootball.com\/da\/wp-json\/wp\/v2\/users\/914"}],"replies":[{"embeddable":true,"href":"https:\/\/acefootball.com\/da\/wp-json\/wp\/v2\/comments?post=236060"}],"version-history":[{"count":0,"href":"https:\/\/acefootball.com\/da\/wp-json\/wp\/v2\/posts\/236060\/revisions"}],"wp:featuredmedia":[{"embeddable":true,"href":"https:\/\/acefootball.com\/da\/wp-json\/wp\/v2\/media\/236067"}],"wp:attachment":[{"href":"https:\/\/acefootball.com\/da\/wp-json\/wp\/v2\/media?parent=236060"}],"wp:term":[{"taxonomy":"category","embeddable":true,"href":"https:\/\/acefootball.com\/da\/wp-json\/wp\/v2\/categories?post=236060"},{"taxonomy":"post_tag","embeddable":true,"href":"https:\/\/acefootball.com\/da\/wp-json\/wp\/v2\/tags?post=236060"}],"curies":[{"name":"wp","href":"https:\/\/api.w.org\/{rel}","templated":true}]}}