{"id":236037,"date":"2020-09-02T22:17:48","date_gmt":"2020-09-02T20:17:48","guid":{"rendered":"https:\/\/acefootball.com\/da\/?p=236037"},"modified":"2020-09-02T22:19:59","modified_gmt":"2020-09-02T20:19:59","slug":"medie-fc-koebenhavn-taet-paa-forsvarsforstaerkning","status":"publish","type":"post","link":"https:\/\/acefootball.com\/da\/fodboldnyheder\/medie-fc-koebenhavn-taet-paa-forsvarsforstaerkning\/","title":{"rendered":"Medie: FC K\u00f8benhavn t\u00e6t p\u00e5 forsvarsforst\u00e6rkning"},"content":{"rendered":"\n<h2>If\u00f8lge et gr\u00e6sk medie er FC K\u00f8benhavn blevet enige med AEK Athen om et k\u00f8b af forsvarsspilleren Marios Oikonomou<\/h2>\n\n\n\n<p>FC K\u00f8benhavn sagde for kort tid siden farvel til Sotirios Papagiannopoulos, der blev solgt til svenske AIK, men nu kan der allerede v\u00e6re en erstatning p\u00e5 vej.<\/p>\n\n\n\n<p>Det gr\u00e6ske medie <a href=\"https:\/\/www.sportime.gr\/aek\/aek-stin-kopegchagi-o-marios-ikonomou\/\" target=\"_blank\" rel=\"noreferrer noopener\">Sportime <\/a>skriver nemlig, at der en aftale p\u00e5 plads med Marios Oikonomou, som torsdag rejser til Danmark for at f\u00e6rdigg\u00f8re handlen.<\/p>\n\n\n\n<p>27-\u00e5rige Oikonomou kommer til fra storklubben AEK Athen og koster angiveligt k\u00f8benhavnerne i omegnen af 7,5 millioner kroner.<\/p>\n\n\n\n<figure class=\"wp-block-embed-wordpress wp-block-embed is-type-wp-embed is-provider-ace-football-danmark\"><div class=\"wp-block-embed__wrapper\">\n<blockquote class=\"wp-embedded-content\" data-secret=\"2arqjDoPHn\"><a href=\"https:\/\/acefootball.com\/da\/fodboldnyheder\/officielt-fc-koebenhavn-henter-new-zealandsk-midtbanetalent\/\">Officielt: FC K\u00f8benhavn henter newzealandsk midtbanetalent<\/a><\/blockquote><iframe class=\"wp-embedded-content\" sandbox=\"allow-scripts\" security=\"restricted\" style=\"position: absolute; clip: rect(1px, 1px, 1px, 1px);\" title=\"&#8220;Officielt: FC K\u00f8benhavn henter newzealandsk midtbanetalent&#8221; &#8212; Ace Football Danmark\" src=\"https:\/\/acefootball.com\/da\/fodboldnyheder\/officielt-fc-koebenhavn-henter-new-zealandsk-midtbanetalent\/embed\/#?secret=2arqjDoPHn\" data-secret=\"2arqjDoPHn\" width=\"600\" height=\"338\" frameborder=\"0\" marginwidth=\"0\" marginheight=\"0\" scrolling=\"no\"><\/iframe>\n<\/div><\/figure>\n\n\n\n<p>I sidste s\u00e6son spillede Oikonomou 28 kampe for AEK men havde sv\u00e6rt ved at bide sig rigtigt fast i startelleveren. Derfor er gr\u00e6kerne efter sigende ikke alt for kede af at tage afsked.<\/p>\n\n\n\n<p>Stopperen kommer dog med god rutine, da CV&#8217;et b\u00e5de t\u00e6ller seks landskampe for Gr\u00e6kenland samt flere kampe i Serie A for Bologna.<\/p>\n","protected":false},"excerpt":{"rendered":"<p>If\u00f8lge et gr\u00e6sk medie er FC K\u00f8benhavn blevet enige med AEK Athen om et k\u00f8b af forsvarsspilleren Marios Oikonomou<\/p>\n","protected":false},"author":705,"featured_media":236038,"comment_status":"open","ping_status":"closed","sticky":false,"template":"","format":"standard","meta":{"om_disable_all_campaigns":false,"push_articles_ronaldo":{"active":false,"canonical":0,"publish":false},"force_updates":null},"categories":[7],"tags":[1530,16,588],"enet_tags":{"team":["8563","8391"],"league":["46"],"sport_events":[]},"yoast_head":"<!-- This site is optimized with the Yoast SEO plugin v18.3 - https:\/\/yoast.com\/wordpress\/plugins\/seo\/ -->\n<title>Medie: FC K\u00f8benhavn t\u00e6t p\u00e5 forsvarsforst\u00e6rkning<\/title>\n<meta name=\"description\" content=\"If\u00f8lge et gr\u00e6sk medie er FC K\u00f8benhavn blevet enige med AEK Athen om et k\u00f8b af forsvarsspilleren Marios Oikonomou\" \/>\n<meta name=\"robots\" content=\"index, follow, max-snippet:-1, max-image-preview:large, max-video-preview:-1\" \/>\n<link rel=\"canonical\" href=\"https:\/\/acefootball.com\/da\/fodboldnyheder\/medie-fc-koebenhavn-taet-paa-forsvarsforstaerkning\/\" \/>\n<meta property=\"og:locale\" content=\"en_US\" \/>\n<meta property=\"og:type\" content=\"article\" \/>\n<meta property=\"og:title\" content=\"Medie: FC K\u00f8benhavn t\u00e6t p\u00e5 forsvarsforst\u00e6rkning\" \/>\n<meta property=\"og:description\" content=\"If\u00f8lge et gr\u00e6sk medie er FC K\u00f8benhavn blevet enige med AEK Athen om et k\u00f8b af forsvarsspilleren Marios Oikonomou\" \/>\n<meta property=\"og:url\" content=\"https:\/\/acefootball.com\/da\/fodboldnyheder\/medie-fc-koebenhavn-taet-paa-forsvarsforstaerkning\/\" \/>\n<meta property=\"og:site_name\" content=\"Ace Football Danmark\" \/>\n<meta property=\"article:publisher\" content=\"https:\/\/www.facebook.com\/acefootballdk\" \/>\n<meta property=\"article:published_time\" content=\"2020-09-02T20:17:48+00:00\" \/>\n<meta property=\"article:modified_time\" content=\"2020-09-02T20:19:59+00:00\" \/>\n<meta property=\"og:image\" content=\"https:\/\/acefootball.com\/da\/wp-content\/uploads\/sites\/2\/2020\/09\/GettyImages-489442388.jpg\" \/>\n\t<meta property=\"og:image:width\" content=\"1024\" \/>\n\t<meta property=\"og:image:height\" content=\"683\" \/>\n\t<meta property=\"og:image:type\" content=\"image\/jpeg\" \/>\n<meta name=\"twitter:card\" content=\"summary_large_image\" \/>\n<meta name=\"twitter:label1\" content=\"Written by\" \/>\n\t<meta name=\"twitter:data1\" content=\"Mads Dreyer\" \/>\n\t<meta name=\"twitter:label2\" content=\"Est. reading time\" \/>\n\t<meta name=\"twitter:data2\" content=\"1 minute\" \/>\n<script type=\"application\/ld+json\" class=\"yoast-schema-graph\">{\"@context\":\"https:\/\/schema.org\",\"@graph\":[{\"@type\":\"Organization\",\"@id\":\"https:\/\/acefootball.com\/da\/#organization\",\"name\":\"Ace Football\",\"url\":\"https:\/\/acefootball.com\/da\/\",\"sameAs\":[\"https:\/\/www.facebook.com\/acefootballdk\"],\"logo\":{\"@type\":\"ImageObject\",\"@id\":\"https:\/\/acefootball.com\/da\/#logo\",\"inLanguage\":\"en-US\",\"url\":\"https:\/\/acefootball.com\/da\/wp-content\/uploads\/sites\/2\/2020\/07\/Ace-Football-30-07-2020-2.png\",\"contentUrl\":\"https:\/\/acefootball.com\/da\/wp-content\/uploads\/sites\/2\/2020\/07\/Ace-Football-30-07-2020-2.png\",\"width\":1200,\"height\":600,\"caption\":\"Ace Football\"},\"image\":{\"@id\":\"https:\/\/acefootball.com\/da\/#logo\"}},{\"@type\":\"WebSite\",\"@id\":\"https:\/\/acefootball.com\/da\/#website\",\"url\":\"https:\/\/acefootball.com\/da\/\",\"name\":\"Ace Football Danmark\",\"description\":\"Nyheder, Spiltips &amp; Livescore\",\"publisher\":{\"@id\":\"https:\/\/acefootball.com\/da\/#organization\"},\"potentialAction\":[{\"@type\":\"SearchAction\",\"target\":{\"@type\":\"EntryPoint\",\"urlTemplate\":\"https:\/\/acefootball.com\/da\/?s={search_term_string}\"},\"query-input\":\"required name=search_term_string\"}],\"inLanguage\":\"en-US\"},{\"@type\":\"ImageObject\",\"@id\":\"https:\/\/acefootball.com\/da\/fodboldnyheder\/medie-fc-koebenhavn-taet-paa-forsvarsforstaerkning\/#primaryimage\",\"inLanguage\":\"en-US\",\"url\":\"https:\/\/acefootball.com\/da\/wp-content\/uploads\/sites\/2\/2020\/09\/GettyImages-489442388.jpg\",\"contentUrl\":\"https:\/\/acefootball.com\/da\/wp-content\/uploads\/sites\/2\/2020\/09\/GettyImages-489442388.jpg\",\"width\":1024,\"height\":683,\"caption\":\"BOLOGNA, ITALY - SEPTEMBER 20: Marios Oikonomou # 2 of Bologna FC reacts during the Serie A match between Bologna FC and Frosinone Calcio at Stadio Renato Dall'Ara on September 20, 2015 in Bologna, Italy. (Photo by Mario Carlini \/ Iguana Press\/Getty Images)\"},{\"@type\":\"WebPage\",\"@id\":\"https:\/\/acefootball.com\/da\/fodboldnyheder\/medie-fc-koebenhavn-taet-paa-forsvarsforstaerkning\/#webpage\",\"url\":\"https:\/\/acefootball.com\/da\/fodboldnyheder\/medie-fc-koebenhavn-taet-paa-forsvarsforstaerkning\/\",\"name\":\"Medie: FC K\u00f8benhavn t\u00e6t p\u00e5 forsvarsforst\u00e6rkning\",\"isPartOf\":{\"@id\":\"https:\/\/acefootball.com\/da\/#website\"},\"primaryImageOfPage\":{\"@id\":\"https:\/\/acefootball.com\/da\/fodboldnyheder\/medie-fc-koebenhavn-taet-paa-forsvarsforstaerkning\/#primaryimage\"},\"datePublished\":\"2020-09-02T20:17:48+00:00\",\"dateModified\":\"2020-09-02T20:19:59+00:00\",\"description\":\"If\u00f8lge et gr\u00e6sk medie er FC K\u00f8benhavn blevet enige med AEK Athen om et k\u00f8b af forsvarsspilleren Marios Oikonomou\",\"breadcrumb\":{\"@id\":\"https:\/\/acefootball.com\/da\/fodboldnyheder\/medie-fc-koebenhavn-taet-paa-forsvarsforstaerkning\/#breadcrumb\"},\"inLanguage\":\"en-US\",\"potentialAction\":[{\"@type\":\"ReadAction\",\"target\":[\"https:\/\/acefootball.com\/da\/fodboldnyheder\/medie-fc-koebenhavn-taet-paa-forsvarsforstaerkning\/\"]}]},{\"@type\":\"BreadcrumbList\",\"@id\":\"https:\/\/acefootball.com\/da\/fodboldnyheder\/medie-fc-koebenhavn-taet-paa-forsvarsforstaerkning\/#breadcrumb\",\"itemListElement\":[{\"@type\":\"ListItem\",\"position\":1,\"name\":\"Home\",\"item\":\"https:\/\/acefootball.com\/da\/\"},{\"@type\":\"ListItem\",\"position\":2,\"name\":\"Medie: FC K\u00f8benhavn t\u00e6t p\u00e5 forsvarsforst\u00e6rkning\"}]},{\"@type\":\"Article\",\"@id\":\"https:\/\/acefootball.com\/da\/fodboldnyheder\/medie-fc-koebenhavn-taet-paa-forsvarsforstaerkning\/#article\",\"isPartOf\":{\"@id\":\"https:\/\/acefootball.com\/da\/fodboldnyheder\/medie-fc-koebenhavn-taet-paa-forsvarsforstaerkning\/#webpage\"},\"author\":{\"@id\":\"https:\/\/acefootball.com\/da\/#\/schema\/person\/ee67e9cf04a276f144100ffa722f10cd\"},\"headline\":\"Medie: FC K\u00f8benhavn t\u00e6t p\u00e5 forsvarsforst\u00e6rkning\",\"datePublished\":\"2020-09-02T20:17:48+00:00\",\"dateModified\":\"2020-09-02T20:19:59+00:00\",\"mainEntityOfPage\":{\"@id\":\"https:\/\/acefootball.com\/da\/fodboldnyheder\/medie-fc-koebenhavn-taet-paa-forsvarsforstaerkning\/#webpage\"},\"wordCount\":173,\"commentCount\":0,\"publisher\":{\"@id\":\"https:\/\/acefootball.com\/da\/#organization\"},\"image\":{\"@id\":\"https:\/\/acefootball.com\/da\/fodboldnyheder\/medie-fc-koebenhavn-taet-paa-forsvarsforstaerkning\/#primaryimage\"},\"thumbnailUrl\":\"https:\/\/acefootball.com\/da\/wp-content\/uploads\/sites\/2\/2020\/09\/GettyImages-489442388.jpg\",\"keywords\":[\"AEK Athen\",\"FC K\u00f8benhavn\",\"Superligaen\"],\"articleSection\":[\"Transfer\"],\"inLanguage\":\"en-US\",\"potentialAction\":[{\"@type\":\"CommentAction\",\"name\":\"Comment\",\"target\":[\"https:\/\/acefootball.com\/da\/fodboldnyheder\/medie-fc-koebenhavn-taet-paa-forsvarsforstaerkning\/#respond\"]}]},{\"@type\":\"Person\",\"@id\":\"https:\/\/acefootball.com\/da\/#\/schema\/person\/ee67e9cf04a276f144100ffa722f10cd\",\"name\":\"Mads Dreyer\",\"image\":{\"@type\":\"ImageObject\",\"@id\":\"https:\/\/acefootball.com\/da\/#personlogo\",\"inLanguage\":\"en-US\",\"url\":\"https:\/\/secure.gravatar.com\/avatar\/7c7abf72cfde9902b6a60efe60c88d4c?s=96&d=mm&r=g\",\"contentUrl\":\"https:\/\/secure.gravatar.com\/avatar\/7c7abf72cfde9902b6a60efe60c88d4c?s=96&d=mm&r=g\",\"caption\":\"Mads Dreyer\"},\"description\":\"Skribent og fodboldn\u00f8rd, der lige nu fort\u00e6ller om alt og intet i fodboldverdenen p\u00e5 acefootball.com. Uddannet i kommunikation fra Aalborg Universitet.\",\"sameAs\":[\"https:\/\/www.linkedin.com\/in\/mads-dreyer-b9b08266\/\"],\"url\":\"https:\/\/acefootball.com\/da\/fodboldnyheder\/author\/mdnronaldo\/\"}]}<\/script>\n<!-- \/ Yoast SEO plugin. -->","yoast_head_json":{"title":"Medie: FC K\u00f8benhavn t\u00e6t p\u00e5 forsvarsforst\u00e6rkning","description":"If\u00f8lge et gr\u00e6sk medie er FC K\u00f8benhavn blevet enige med AEK Athen om et k\u00f8b af forsvarsspilleren Marios Oikonomou","robots":{"index":"index","follow":"follow","max-snippet":"max-snippet:-1","max-image-preview":"max-image-preview:large","max-video-preview":"max-video-preview:-1"},"canonical":"https:\/\/acefootball.com\/da\/fodboldnyheder\/medie-fc-koebenhavn-taet-paa-forsvarsforstaerkning\/","og_locale":"en_US","og_type":"article","og_title":"Medie: FC K\u00f8benhavn t\u00e6t p\u00e5 forsvarsforst\u00e6rkning","og_description":"If\u00f8lge et gr\u00e6sk medie er FC K\u00f8benhavn blevet enige med AEK Athen om et k\u00f8b af forsvarsspilleren Marios Oikonomou","og_url":"https:\/\/acefootball.com\/da\/fodboldnyheder\/medie-fc-koebenhavn-taet-paa-forsvarsforstaerkning\/","og_site_name":"Ace Football Danmark","article_publisher":"https:\/\/www.facebook.com\/acefootballdk","article_published_time":"2020-09-02T20:17:48+00:00","article_modified_time":"2020-09-02T20:19:59+00:00","og_image":[{"width":1024,"height":683,"url":"https:\/\/acefootball.com\/da\/wp-content\/uploads\/sites\/2\/2020\/09\/GettyImages-489442388.jpg","type":"image\/jpeg"}],"twitter_card":"summary_large_image","twitter_misc":{"Written by":"Mads Dreyer","Est. reading time":"1 minute"},"schema":{"@context":"https:\/\/schema.org","@graph":[{"@type":"Organization","@id":"https:\/\/acefootball.com\/da\/#organization","name":"Ace Football","url":"https:\/\/acefootball.com\/da\/","sameAs":["https:\/\/www.facebook.com\/acefootballdk"],"logo":{"@type":"ImageObject","@id":"https:\/\/acefootball.com\/da\/#logo","inLanguage":"en-US","url":"https:\/\/acefootball.com\/da\/wp-content\/uploads\/sites\/2\/2020\/07\/Ace-Football-30-07-2020-2.png","contentUrl":"https:\/\/acefootball.com\/da\/wp-content\/uploads\/sites\/2\/2020\/07\/Ace-Football-30-07-2020-2.png","width":1200,"height":600,"caption":"Ace Football"},"image":{"@id":"https:\/\/acefootball.com\/da\/#logo"}},{"@type":"WebSite","@id":"https:\/\/acefootball.com\/da\/#website","url":"https:\/\/acefootball.com\/da\/","name":"Ace Football Danmark","description":"Nyheder, Spiltips &amp; Livescore","publisher":{"@id":"https:\/\/acefootball.com\/da\/#organization"},"potentialAction":[{"@type":"SearchAction","target":{"@type":"EntryPoint","urlTemplate":"https:\/\/acefootball.com\/da\/?s={search_term_string}"},"query-input":"required name=search_term_string"}],"inLanguage":"en-US"},{"@type":"ImageObject","@id":"https:\/\/acefootball.com\/da\/fodboldnyheder\/medie-fc-koebenhavn-taet-paa-forsvarsforstaerkning\/#primaryimage","inLanguage":"en-US","url":"https:\/\/acefootball.com\/da\/wp-content\/uploads\/sites\/2\/2020\/09\/GettyImages-489442388.jpg","contentUrl":"https:\/\/acefootball.com\/da\/wp-content\/uploads\/sites\/2\/2020\/09\/GettyImages-489442388.jpg","width":1024,"height":683,"caption":"BOLOGNA, ITALY - SEPTEMBER 20: Marios Oikonomou # 2 of Bologna FC reacts during the Serie A match between Bologna FC and Frosinone Calcio at Stadio Renato Dall'Ara on September 20, 2015 in Bologna, Italy. (Photo by Mario Carlini \/ Iguana Press\/Getty Images)"},{"@type":"WebPage","@id":"https:\/\/acefootball.com\/da\/fodboldnyheder\/medie-fc-koebenhavn-taet-paa-forsvarsforstaerkning\/#webpage","url":"https:\/\/acefootball.com\/da\/fodboldnyheder\/medie-fc-koebenhavn-taet-paa-forsvarsforstaerkning\/","name":"Medie: FC K\u00f8benhavn t\u00e6t p\u00e5 forsvarsforst\u00e6rkning","isPartOf":{"@id":"https:\/\/acefootball.com\/da\/#website"},"primaryImageOfPage":{"@id":"https:\/\/acefootball.com\/da\/fodboldnyheder\/medie-fc-koebenhavn-taet-paa-forsvarsforstaerkning\/#primaryimage"},"datePublished":"2020-09-02T20:17:48+00:00","dateModified":"2020-09-02T20:19:59+00:00","description":"If\u00f8lge et gr\u00e6sk medie er FC K\u00f8benhavn blevet enige med AEK Athen om et k\u00f8b af forsvarsspilleren Marios Oikonomou","breadcrumb":{"@id":"https:\/\/acefootball.com\/da\/fodboldnyheder\/medie-fc-koebenhavn-taet-paa-forsvarsforstaerkning\/#breadcrumb"},"inLanguage":"en-US","potentialAction":[{"@type":"ReadAction","target":["https:\/\/acefootball.com\/da\/fodboldnyheder\/medie-fc-koebenhavn-taet-paa-forsvarsforstaerkning\/"]}]},{"@type":"BreadcrumbList","@id":"https:\/\/acefootball.com\/da\/fodboldnyheder\/medie-fc-koebenhavn-taet-paa-forsvarsforstaerkning\/#breadcrumb","itemListElement":[{"@type":"ListItem","position":1,"name":"Home","item":"https:\/\/acefootball.com\/da\/"},{"@type":"ListItem","position":2,"name":"Medie: FC K\u00f8benhavn t\u00e6t p\u00e5 forsvarsforst\u00e6rkning"}]},{"@type":"Article","@id":"https:\/\/acefootball.com\/da\/fodboldnyheder\/medie-fc-koebenhavn-taet-paa-forsvarsforstaerkning\/#article","isPartOf":{"@id":"https:\/\/acefootball.com\/da\/fodboldnyheder\/medie-fc-koebenhavn-taet-paa-forsvarsforstaerkning\/#webpage"},"author":{"@id":"https:\/\/acefootball.com\/da\/#\/schema\/person\/ee67e9cf04a276f144100ffa722f10cd"},"headline":"Medie: FC K\u00f8benhavn t\u00e6t p\u00e5 forsvarsforst\u00e6rkning","datePublished":"2020-09-02T20:17:48+00:00","dateModified":"2020-09-02T20:19:59+00:00","mainEntityOfPage":{"@id":"https:\/\/acefootball.com\/da\/fodboldnyheder\/medie-fc-koebenhavn-taet-paa-forsvarsforstaerkning\/#webpage"},"wordCount":173,"commentCount":0,"publisher":{"@id":"https:\/\/acefootball.com\/da\/#organization"},"image":{"@id":"https:\/\/acefootball.com\/da\/fodboldnyheder\/medie-fc-koebenhavn-taet-paa-forsvarsforstaerkning\/#primaryimage"},"thumbnailUrl":"https:\/\/acefootball.com\/da\/wp-content\/uploads\/sites\/2\/2020\/09\/GettyImages-489442388.jpg","keywords":["AEK Athen","FC K\u00f8benhavn","Superligaen"],"articleSection":["Transfer"],"inLanguage":"en-US","potentialAction":[{"@type":"CommentAction","name":"Comment","target":["https:\/\/acefootball.com\/da\/fodboldnyheder\/medie-fc-koebenhavn-taet-paa-forsvarsforstaerkning\/#respond"]}]},{"@type":"Person","@id":"https:\/\/acefootball.com\/da\/#\/schema\/person\/ee67e9cf04a276f144100ffa722f10cd","name":"Mads Dreyer","image":{"@type":"ImageObject","@id":"https:\/\/acefootball.com\/da\/#personlogo","inLanguage":"en-US","url":"https:\/\/secure.gravatar.com\/avatar\/7c7abf72cfde9902b6a60efe60c88d4c?s=96&d=mm&r=g","contentUrl":"https:\/\/secure.gravatar.com\/avatar\/7c7abf72cfde9902b6a60efe60c88d4c?s=96&d=mm&r=g","caption":"Mads Dreyer"},"description":"Skribent og fodboldn\u00f8rd, der lige nu fort\u00e6ller om alt og intet i fodboldverdenen p\u00e5 acefootball.com. Uddannet i kommunikation fra Aalborg Universitet.","sameAs":["https:\/\/www.linkedin.com\/in\/mads-dreyer-b9b08266\/"],"url":"https:\/\/acefootball.com\/da\/fodboldnyheder\/author\/mdnronaldo\/"}]}},"fimg_url":"https:\/\/acefootball.com\/da\/wp-content\/uploads\/sites\/2\/2020\/09\/GettyImages-489442388.jpg","_links":{"self":[{"href":"https:\/\/acefootball.com\/da\/wp-json\/wp\/v2\/posts\/236037"}],"collection":[{"href":"https:\/\/acefootball.com\/da\/wp-json\/wp\/v2\/posts"}],"about":[{"href":"https:\/\/acefootball.com\/da\/wp-json\/wp\/v2\/types\/post"}],"author":[{"embeddable":true,"href":"https:\/\/acefootball.com\/da\/wp-json\/wp\/v2\/users\/705"}],"replies":[{"embeddable":true,"href":"https:\/\/acefootball.com\/da\/wp-json\/wp\/v2\/comments?post=236037"}],"version-history":[{"count":0,"href":"https:\/\/acefootball.com\/da\/wp-json\/wp\/v2\/posts\/236037\/revisions"}],"wp:featuredmedia":[{"embeddable":true,"href":"https:\/\/acefootball.com\/da\/wp-json\/wp\/v2\/media\/236038"}],"wp:attachment":[{"href":"https:\/\/acefootball.com\/da\/wp-json\/wp\/v2\/media?parent=236037"}],"wp:term":[{"taxonomy":"category","embeddable":true,"href":"https:\/\/acefootball.com\/da\/wp-json\/wp\/v2\/categories?post=236037"},{"taxonomy":"post_tag","embeddable":true,"href":"https:\/\/acefootball.com\/da\/wp-json\/wp\/v2\/tags?post=236037"}],"curies":[{"name":"wp","href":"https:\/\/api.w.org\/{rel}","templated":true}]}}