{"id":235890,"date":"2020-09-01T15:57:59","date_gmt":"2020-09-01T13:57:59","guid":{"rendered":"https:\/\/acefootball.com\/da\/?p=235890"},"modified":"2020-09-01T15:59:21","modified_gmt":"2020-09-01T13:59:21","slug":"officielt-fc-koebenhavn-henter-new-zealandsk-midtbanetalent","status":"publish","type":"post","link":"https:\/\/acefootball.com\/da\/fodboldnyheder\/officielt-fc-koebenhavn-henter-new-zealandsk-midtbanetalent\/","title":{"rendered":"Officielt: FC K\u00f8benhavn henter newzealandsk midtbanetalent"},"content":{"rendered":"\n<h2>18-\u00e5rige Marko Stamenic skifter til FC K\u00f8benhavn. Den unge midtbanespiller fra New Zealand slutter sig til klubbens ungdomshold<\/h2>\n\n\n\n<p>Den blot 18-\u00e5rige Marko Stamenic vil i den kommende s\u00e6son og fremover optr\u00e6de for FC K\u00f8benhavns U19-hold. Det bekr\u00e6fter klubben tirsdag p\u00e5 deres hjemmeside. <\/p>\n\n\n\n<p>Det unge midtbanetalent kommer til fra New Zealand, hvor han hidtil har optr\u00e5dt for Western Suburbs FC. Han har repr\u00e6senteret sit land p\u00e5 ungdomsniveau og var t\u00e6t p\u00e5 at f\u00e5 A-landsholdsdebut tidligere p\u00e5 \u00e5ret. De kampe blev dog aflyst som f\u00f8lge af den globale corona-pandemi. <\/p>\n\n\n\n<p>FC K\u00f8benhavn har tidligere haft Stamenic p\u00e5 tr\u00e6ningsophold, og her har han alts\u00e5 imponeret nok til at f\u00e5 en professionel kontrakt. Det meldes ikke, hvor mange \u00e5r kontrakten er p\u00e5.<\/p>\n\n\n\n<figure class=\"wp-block-embed-twitter wp-block-embed is-type-rich is-provider-twitter\"><div class=\"wp-block-embed__wrapper\">\n<blockquote class=\"twitter-tweet\" data-width=\"550\" data-dnt=\"true\"><p lang=\"da\" dir=\"ltr\">F.C. K\u00f8benhavns Talentafdeling har skrevet kontrakt med 18-\u00e5rige Marko Stamenic fra New Zealand, der i for\u00e5ret var udtaget til A-landsholdet <a href=\"https:\/\/twitter.com\/hashtag\/fcklive?src=hash&amp;ref_src=twsrc%5Etfw\">#fcklive<\/a> <a href=\"https:\/\/t.co\/QDGA6GW52H\">https:\/\/t.co\/QDGA6GW52H<\/a><\/p>&mdash; F.C. K\u00f8benhavn (@FCKobenhavn) <a href=\"https:\/\/twitter.com\/FCKobenhavn\/status\/1300790171865096192?ref_src=twsrc%5Etfw\">September 1, 2020<\/a><\/blockquote><script async src=\"https:\/\/platform.twitter.com\/widgets.js\" charset=\"utf-8\"><\/script>\n<\/div><\/figure>\n","protected":false},"excerpt":{"rendered":"<p>18-\u00e5rige Marko Stamenic skifter til FC K\u00f8benhavn. Den unge midtbanespiller fra New Zealand slutter sig til klubbens ungdomshold<\/p>\n","protected":false},"author":61,"featured_media":235891,"comment_status":"open","ping_status":"closed","sticky":false,"template":"","format":"standard","meta":{"om_disable_all_campaigns":false,"push_articles_ronaldo":{"active":false,"canonical":0,"publish":false},"force_updates":null},"categories":[7],"tags":[16,588],"enet_tags":{"team":["8391"],"league":["46"],"sport_events":[]},"yoast_head":"<!-- This site is optimized with the Yoast SEO plugin v18.3 - https:\/\/yoast.com\/wordpress\/plugins\/seo\/ -->\n<title>Officielt: FC K\u00f8benhavn henter newzealandsk midtbanetalent<\/title>\n<meta name=\"description\" content=\"18-\u00e5rige Marko Stamenic skifter til FC K\u00f8benhavn. Den unge midtbanespiller fra New Zealand slutter sig til klubbens ungdomshold\" \/>\n<meta name=\"robots\" content=\"index, follow, max-snippet:-1, max-image-preview:large, max-video-preview:-1\" \/>\n<link rel=\"canonical\" href=\"https:\/\/acefootball.com\/da\/fodboldnyheder\/officielt-fc-koebenhavn-henter-new-zealandsk-midtbanetalent\/\" \/>\n<meta property=\"og:locale\" content=\"en_US\" \/>\n<meta property=\"og:type\" content=\"article\" \/>\n<meta property=\"og:title\" content=\"Officielt: FC K\u00f8benhavn henter newzealandsk midtbanetalent\" \/>\n<meta property=\"og:description\" content=\"18-\u00e5rige Marko Stamenic skifter til FC K\u00f8benhavn. Den unge midtbanespiller fra New Zealand slutter sig til klubbens ungdomshold\" \/>\n<meta property=\"og:url\" content=\"https:\/\/acefootball.com\/da\/fodboldnyheder\/officielt-fc-koebenhavn-henter-new-zealandsk-midtbanetalent\/\" \/>\n<meta property=\"og:site_name\" content=\"Ace Football Danmark\" \/>\n<meta property=\"article:publisher\" content=\"https:\/\/www.facebook.com\/acefootballdk\" \/>\n<meta property=\"article:published_time\" content=\"2020-09-01T13:57:59+00:00\" \/>\n<meta property=\"article:modified_time\" content=\"2020-09-01T13:59:21+00:00\" \/>\n<meta property=\"og:image\" content=\"https:\/\/acefootball.com\/da\/wp-content\/uploads\/sites\/2\/2020\/09\/marko_stamenic_2020_0.jpg\" \/>\n\t<meta property=\"og:image:width\" content=\"2080\" \/>\n\t<meta property=\"og:image:height\" content=\"1166\" \/>\n\t<meta property=\"og:image:type\" content=\"image\/jpeg\" \/>\n<meta name=\"twitter:card\" content=\"summary_large_image\" \/>\n<meta name=\"twitter:label1\" content=\"Written by\" \/>\n\t<meta name=\"twitter:data1\" content=\"Asbj\u00f8rn Sigsgaard\" \/>\n\t<meta name=\"twitter:label2\" content=\"Est. reading time\" \/>\n\t<meta name=\"twitter:data2\" content=\"1 minute\" \/>\n<script type=\"application\/ld+json\" class=\"yoast-schema-graph\">{\"@context\":\"https:\/\/schema.org\",\"@graph\":[{\"@type\":\"Organization\",\"@id\":\"https:\/\/acefootball.com\/da\/#organization\",\"name\":\"Ace Football\",\"url\":\"https:\/\/acefootball.com\/da\/\",\"sameAs\":[\"https:\/\/www.facebook.com\/acefootballdk\"],\"logo\":{\"@type\":\"ImageObject\",\"@id\":\"https:\/\/acefootball.com\/da\/#logo\",\"inLanguage\":\"en-US\",\"url\":\"https:\/\/acefootball.com\/da\/wp-content\/uploads\/sites\/2\/2020\/07\/Ace-Football-30-07-2020-2.png\",\"contentUrl\":\"https:\/\/acefootball.com\/da\/wp-content\/uploads\/sites\/2\/2020\/07\/Ace-Football-30-07-2020-2.png\",\"width\":1200,\"height\":600,\"caption\":\"Ace Football\"},\"image\":{\"@id\":\"https:\/\/acefootball.com\/da\/#logo\"}},{\"@type\":\"WebSite\",\"@id\":\"https:\/\/acefootball.com\/da\/#website\",\"url\":\"https:\/\/acefootball.com\/da\/\",\"name\":\"Ace Football Danmark\",\"description\":\"Nyheder, Spiltips &amp; Livescore\",\"publisher\":{\"@id\":\"https:\/\/acefootball.com\/da\/#organization\"},\"potentialAction\":[{\"@type\":\"SearchAction\",\"target\":{\"@type\":\"EntryPoint\",\"urlTemplate\":\"https:\/\/acefootball.com\/da\/?s={search_term_string}\"},\"query-input\":\"required name=search_term_string\"}],\"inLanguage\":\"en-US\"},{\"@type\":\"ImageObject\",\"@id\":\"https:\/\/acefootball.com\/da\/fodboldnyheder\/officielt-fc-koebenhavn-henter-new-zealandsk-midtbanetalent\/#primaryimage\",\"inLanguage\":\"en-US\",\"url\":\"https:\/\/acefootball.com\/da\/wp-content\/uploads\/sites\/2\/2020\/09\/marko_stamenic_2020_0.jpg\",\"contentUrl\":\"https:\/\/acefootball.com\/da\/wp-content\/uploads\/sites\/2\/2020\/09\/marko_stamenic_2020_0.jpg\",\"width\":2080,\"height\":1166,\"caption\":\"Kilde: www.fck.dk\"},{\"@type\":\"WebPage\",\"@id\":\"https:\/\/acefootball.com\/da\/fodboldnyheder\/officielt-fc-koebenhavn-henter-new-zealandsk-midtbanetalent\/#webpage\",\"url\":\"https:\/\/acefootball.com\/da\/fodboldnyheder\/officielt-fc-koebenhavn-henter-new-zealandsk-midtbanetalent\/\",\"name\":\"Officielt: FC K\u00f8benhavn henter newzealandsk midtbanetalent\",\"isPartOf\":{\"@id\":\"https:\/\/acefootball.com\/da\/#website\"},\"primaryImageOfPage\":{\"@id\":\"https:\/\/acefootball.com\/da\/fodboldnyheder\/officielt-fc-koebenhavn-henter-new-zealandsk-midtbanetalent\/#primaryimage\"},\"datePublished\":\"2020-09-01T13:57:59+00:00\",\"dateModified\":\"2020-09-01T13:59:21+00:00\",\"description\":\"18-\u00e5rige Marko Stamenic skifter til FC K\u00f8benhavn. Den unge midtbanespiller fra New Zealand slutter sig til klubbens ungdomshold\",\"breadcrumb\":{\"@id\":\"https:\/\/acefootball.com\/da\/fodboldnyheder\/officielt-fc-koebenhavn-henter-new-zealandsk-midtbanetalent\/#breadcrumb\"},\"inLanguage\":\"en-US\",\"potentialAction\":[{\"@type\":\"ReadAction\",\"target\":[\"https:\/\/acefootball.com\/da\/fodboldnyheder\/officielt-fc-koebenhavn-henter-new-zealandsk-midtbanetalent\/\"]}]},{\"@type\":\"BreadcrumbList\",\"@id\":\"https:\/\/acefootball.com\/da\/fodboldnyheder\/officielt-fc-koebenhavn-henter-new-zealandsk-midtbanetalent\/#breadcrumb\",\"itemListElement\":[{\"@type\":\"ListItem\",\"position\":1,\"name\":\"Home\",\"item\":\"https:\/\/acefootball.com\/da\/\"},{\"@type\":\"ListItem\",\"position\":2,\"name\":\"Officielt: FC K\u00f8benhavn henter newzealandsk midtbanetalent\"}]},{\"@type\":\"Article\",\"@id\":\"https:\/\/acefootball.com\/da\/fodboldnyheder\/officielt-fc-koebenhavn-henter-new-zealandsk-midtbanetalent\/#article\",\"isPartOf\":{\"@id\":\"https:\/\/acefootball.com\/da\/fodboldnyheder\/officielt-fc-koebenhavn-henter-new-zealandsk-midtbanetalent\/#webpage\"},\"author\":{\"@id\":\"https:\/\/acefootball.com\/da\/#\/schema\/person\/f7d6e307f87618894c0832ad0767e1a0\"},\"headline\":\"Officielt: FC K\u00f8benhavn henter newzealandsk midtbanetalent\",\"datePublished\":\"2020-09-01T13:57:59+00:00\",\"dateModified\":\"2020-09-01T13:59:21+00:00\",\"mainEntityOfPage\":{\"@id\":\"https:\/\/acefootball.com\/da\/fodboldnyheder\/officielt-fc-koebenhavn-henter-new-zealandsk-midtbanetalent\/#webpage\"},\"wordCount\":166,\"commentCount\":0,\"publisher\":{\"@id\":\"https:\/\/acefootball.com\/da\/#organization\"},\"image\":{\"@id\":\"https:\/\/acefootball.com\/da\/fodboldnyheder\/officielt-fc-koebenhavn-henter-new-zealandsk-midtbanetalent\/#primaryimage\"},\"thumbnailUrl\":\"https:\/\/acefootball.com\/da\/wp-content\/uploads\/sites\/2\/2020\/09\/marko_stamenic_2020_0.jpg\",\"keywords\":[\"FC K\u00f8benhavn\",\"Superligaen\"],\"articleSection\":[\"Transfer\"],\"inLanguage\":\"en-US\",\"potentialAction\":[{\"@type\":\"CommentAction\",\"name\":\"Comment\",\"target\":[\"https:\/\/acefootball.com\/da\/fodboldnyheder\/officielt-fc-koebenhavn-henter-new-zealandsk-midtbanetalent\/#respond\"]}]},{\"@type\":\"Person\",\"@id\":\"https:\/\/acefootball.com\/da\/#\/schema\/person\/f7d6e307f87618894c0832ad0767e1a0\",\"name\":\"Asbj\u00f8rn Sigsgaard\",\"image\":{\"@type\":\"ImageObject\",\"@id\":\"https:\/\/acefootball.com\/da\/#personlogo\",\"inLanguage\":\"en-US\",\"url\":\"https:\/\/secure.gravatar.com\/avatar\/5c43db7fd929f602b60651d468fca886?s=96&d=mm&r=g\",\"contentUrl\":\"https:\/\/secure.gravatar.com\/avatar\/5c43db7fd929f602b60651d468fca886?s=96&d=mm&r=g\",\"caption\":\"Asbj\u00f8rn Sigsgaard\"},\"url\":\"https:\/\/acefootball.com\/da\/fodboldnyheder\/author\/asbjornsigsgaard\/\"}]}<\/script>\n<!-- \/ Yoast SEO plugin. -->","yoast_head_json":{"title":"Officielt: FC K\u00f8benhavn henter newzealandsk midtbanetalent","description":"18-\u00e5rige Marko Stamenic skifter til FC K\u00f8benhavn. Den unge midtbanespiller fra New Zealand slutter sig til klubbens ungdomshold","robots":{"index":"index","follow":"follow","max-snippet":"max-snippet:-1","max-image-preview":"max-image-preview:large","max-video-preview":"max-video-preview:-1"},"canonical":"https:\/\/acefootball.com\/da\/fodboldnyheder\/officielt-fc-koebenhavn-henter-new-zealandsk-midtbanetalent\/","og_locale":"en_US","og_type":"article","og_title":"Officielt: FC K\u00f8benhavn henter newzealandsk midtbanetalent","og_description":"18-\u00e5rige Marko Stamenic skifter til FC K\u00f8benhavn. Den unge midtbanespiller fra New Zealand slutter sig til klubbens ungdomshold","og_url":"https:\/\/acefootball.com\/da\/fodboldnyheder\/officielt-fc-koebenhavn-henter-new-zealandsk-midtbanetalent\/","og_site_name":"Ace Football Danmark","article_publisher":"https:\/\/www.facebook.com\/acefootballdk","article_published_time":"2020-09-01T13:57:59+00:00","article_modified_time":"2020-09-01T13:59:21+00:00","og_image":[{"width":2080,"height":1166,"url":"https:\/\/acefootball.com\/da\/wp-content\/uploads\/sites\/2\/2020\/09\/marko_stamenic_2020_0.jpg","type":"image\/jpeg"}],"twitter_card":"summary_large_image","twitter_misc":{"Written by":"Asbj\u00f8rn Sigsgaard","Est. reading time":"1 minute"},"schema":{"@context":"https:\/\/schema.org","@graph":[{"@type":"Organization","@id":"https:\/\/acefootball.com\/da\/#organization","name":"Ace Football","url":"https:\/\/acefootball.com\/da\/","sameAs":["https:\/\/www.facebook.com\/acefootballdk"],"logo":{"@type":"ImageObject","@id":"https:\/\/acefootball.com\/da\/#logo","inLanguage":"en-US","url":"https:\/\/acefootball.com\/da\/wp-content\/uploads\/sites\/2\/2020\/07\/Ace-Football-30-07-2020-2.png","contentUrl":"https:\/\/acefootball.com\/da\/wp-content\/uploads\/sites\/2\/2020\/07\/Ace-Football-30-07-2020-2.png","width":1200,"height":600,"caption":"Ace Football"},"image":{"@id":"https:\/\/acefootball.com\/da\/#logo"}},{"@type":"WebSite","@id":"https:\/\/acefootball.com\/da\/#website","url":"https:\/\/acefootball.com\/da\/","name":"Ace Football Danmark","description":"Nyheder, Spiltips &amp; Livescore","publisher":{"@id":"https:\/\/acefootball.com\/da\/#organization"},"potentialAction":[{"@type":"SearchAction","target":{"@type":"EntryPoint","urlTemplate":"https:\/\/acefootball.com\/da\/?s={search_term_string}"},"query-input":"required name=search_term_string"}],"inLanguage":"en-US"},{"@type":"ImageObject","@id":"https:\/\/acefootball.com\/da\/fodboldnyheder\/officielt-fc-koebenhavn-henter-new-zealandsk-midtbanetalent\/#primaryimage","inLanguage":"en-US","url":"https:\/\/acefootball.com\/da\/wp-content\/uploads\/sites\/2\/2020\/09\/marko_stamenic_2020_0.jpg","contentUrl":"https:\/\/acefootball.com\/da\/wp-content\/uploads\/sites\/2\/2020\/09\/marko_stamenic_2020_0.jpg","width":2080,"height":1166,"caption":"Kilde: www.fck.dk"},{"@type":"WebPage","@id":"https:\/\/acefootball.com\/da\/fodboldnyheder\/officielt-fc-koebenhavn-henter-new-zealandsk-midtbanetalent\/#webpage","url":"https:\/\/acefootball.com\/da\/fodboldnyheder\/officielt-fc-koebenhavn-henter-new-zealandsk-midtbanetalent\/","name":"Officielt: FC K\u00f8benhavn henter newzealandsk midtbanetalent","isPartOf":{"@id":"https:\/\/acefootball.com\/da\/#website"},"primaryImageOfPage":{"@id":"https:\/\/acefootball.com\/da\/fodboldnyheder\/officielt-fc-koebenhavn-henter-new-zealandsk-midtbanetalent\/#primaryimage"},"datePublished":"2020-09-01T13:57:59+00:00","dateModified":"2020-09-01T13:59:21+00:00","description":"18-\u00e5rige Marko Stamenic skifter til FC K\u00f8benhavn. Den unge midtbanespiller fra New Zealand slutter sig til klubbens ungdomshold","breadcrumb":{"@id":"https:\/\/acefootball.com\/da\/fodboldnyheder\/officielt-fc-koebenhavn-henter-new-zealandsk-midtbanetalent\/#breadcrumb"},"inLanguage":"en-US","potentialAction":[{"@type":"ReadAction","target":["https:\/\/acefootball.com\/da\/fodboldnyheder\/officielt-fc-koebenhavn-henter-new-zealandsk-midtbanetalent\/"]}]},{"@type":"BreadcrumbList","@id":"https:\/\/acefootball.com\/da\/fodboldnyheder\/officielt-fc-koebenhavn-henter-new-zealandsk-midtbanetalent\/#breadcrumb","itemListElement":[{"@type":"ListItem","position":1,"name":"Home","item":"https:\/\/acefootball.com\/da\/"},{"@type":"ListItem","position":2,"name":"Officielt: FC K\u00f8benhavn henter newzealandsk midtbanetalent"}]},{"@type":"Article","@id":"https:\/\/acefootball.com\/da\/fodboldnyheder\/officielt-fc-koebenhavn-henter-new-zealandsk-midtbanetalent\/#article","isPartOf":{"@id":"https:\/\/acefootball.com\/da\/fodboldnyheder\/officielt-fc-koebenhavn-henter-new-zealandsk-midtbanetalent\/#webpage"},"author":{"@id":"https:\/\/acefootball.com\/da\/#\/schema\/person\/f7d6e307f87618894c0832ad0767e1a0"},"headline":"Officielt: FC K\u00f8benhavn henter newzealandsk midtbanetalent","datePublished":"2020-09-01T13:57:59+00:00","dateModified":"2020-09-01T13:59:21+00:00","mainEntityOfPage":{"@id":"https:\/\/acefootball.com\/da\/fodboldnyheder\/officielt-fc-koebenhavn-henter-new-zealandsk-midtbanetalent\/#webpage"},"wordCount":166,"commentCount":0,"publisher":{"@id":"https:\/\/acefootball.com\/da\/#organization"},"image":{"@id":"https:\/\/acefootball.com\/da\/fodboldnyheder\/officielt-fc-koebenhavn-henter-new-zealandsk-midtbanetalent\/#primaryimage"},"thumbnailUrl":"https:\/\/acefootball.com\/da\/wp-content\/uploads\/sites\/2\/2020\/09\/marko_stamenic_2020_0.jpg","keywords":["FC K\u00f8benhavn","Superligaen"],"articleSection":["Transfer"],"inLanguage":"en-US","potentialAction":[{"@type":"CommentAction","name":"Comment","target":["https:\/\/acefootball.com\/da\/fodboldnyheder\/officielt-fc-koebenhavn-henter-new-zealandsk-midtbanetalent\/#respond"]}]},{"@type":"Person","@id":"https:\/\/acefootball.com\/da\/#\/schema\/person\/f7d6e307f87618894c0832ad0767e1a0","name":"Asbj\u00f8rn Sigsgaard","image":{"@type":"ImageObject","@id":"https:\/\/acefootball.com\/da\/#personlogo","inLanguage":"en-US","url":"https:\/\/secure.gravatar.com\/avatar\/5c43db7fd929f602b60651d468fca886?s=96&d=mm&r=g","contentUrl":"https:\/\/secure.gravatar.com\/avatar\/5c43db7fd929f602b60651d468fca886?s=96&d=mm&r=g","caption":"Asbj\u00f8rn Sigsgaard"},"url":"https:\/\/acefootball.com\/da\/fodboldnyheder\/author\/asbjornsigsgaard\/"}]}},"fimg_url":"https:\/\/acefootball.com\/da\/wp-content\/uploads\/sites\/2\/2020\/09\/marko_stamenic_2020_0.jpg","_links":{"self":[{"href":"https:\/\/acefootball.com\/da\/wp-json\/wp\/v2\/posts\/235890"}],"collection":[{"href":"https:\/\/acefootball.com\/da\/wp-json\/wp\/v2\/posts"}],"about":[{"href":"https:\/\/acefootball.com\/da\/wp-json\/wp\/v2\/types\/post"}],"author":[{"embeddable":true,"href":"https:\/\/acefootball.com\/da\/wp-json\/wp\/v2\/users\/61"}],"replies":[{"embeddable":true,"href":"https:\/\/acefootball.com\/da\/wp-json\/wp\/v2\/comments?post=235890"}],"version-history":[{"count":0,"href":"https:\/\/acefootball.com\/da\/wp-json\/wp\/v2\/posts\/235890\/revisions"}],"wp:featuredmedia":[{"embeddable":true,"href":"https:\/\/acefootball.com\/da\/wp-json\/wp\/v2\/media\/235891"}],"wp:attachment":[{"href":"https:\/\/acefootball.com\/da\/wp-json\/wp\/v2\/media?parent=235890"}],"wp:term":[{"taxonomy":"category","embeddable":true,"href":"https:\/\/acefootball.com\/da\/wp-json\/wp\/v2\/categories?post=235890"},{"taxonomy":"post_tag","embeddable":true,"href":"https:\/\/acefootball.com\/da\/wp-json\/wp\/v2\/tags?post=235890"}],"curies":[{"name":"wp","href":"https:\/\/api.w.org\/{rel}","templated":true}]}}