{"id":235421,"date":"2020-08-28T11:46:26","date_gmt":"2020-08-28T09:46:26","guid":{"rendered":"https:\/\/acefootball.com\/da\/?p=235421"},"modified":"2020-08-28T11:46:27","modified_gmt":"2020-08-28T09:46:27","slug":"medie-inzaghi-vil-have-fingre-i-cornelius","status":"publish","type":"post","link":"https:\/\/acefootball.com\/da\/fodboldnyheder\/medie-inzaghi-vil-have-fingre-i-cornelius\/","title":{"rendered":"Medie: Inzaghi vil have fingre i Cornelius"},"content":{"rendered":"\n<h2>Den tidligere AC Milan-legende og nuv\u00e6rende Benevento-tr\u00e6ner Filippo Inzaghi har udset sig Andreas Cornelius som transferemne<\/h2>\n\n\n\n<p>Andreas Cornelius havde ganske stor succes i sin f\u00f8rste s\u00e6son i italienske Parma, hvor det blev til en r\u00e6kke m\u00e5l i Serie A.<\/p>\n\n\n\n<div class=\"wp-block-si-widget wp-block-si-widget--center\"><si-lb-widget widget-id=\"PlayerSeasonProfile\" width=\"440\" data-card=\"true\" data-language=\"da\" data-provider=\"mrgreen\" data-player-id=\"313981\"><\/si-lb-widget><\/div>\n\n\n\n<p>Danskerens fine pr\u00e6stationer er da heller ikke g\u00e5et ubem\u00e6rket hen i St\u00f8vlelandet, og nu er der angiveligt bud efter ham fra selveste Filippo Inzaghi.<\/p>\n\n\n\n<p>Den tidligere AC Milan-bomber er i dag cheftr\u00e6ner i Benevento, som netop er rykket op i Serie A, og han h\u00e5ber at kunne lokke Cornelius til klubben denne sommer. Det skriver <a href=\"https:\/\/www.tuttomercatoweb.com\/benevento\/?action=read&amp;idtmw=1425511\" target=\"_blank\" rel=\"noreferrer noopener\">Tuttomercatoweb.<\/a><\/p>\n\n\n\n<p>Det store sp\u00f8rgsm\u00e5l er selvf\u00f8lgelig, om Parma vil lade deres danske m\u00e5lsluger smutte.<\/p>\n\n\n\n<p>Cornelius og holdkammeraterne har dog lige f\u00e5et ny cheftr\u00e6ner, og det kan selvf\u00f8lgelig \u00e6ndre danskerens position i klubben. <\/p>\n\n\n\n<p>Den tidligere FC K\u00f8benhavn-angriber skal om en lille uges tid til landsholdssamling, hvor der venter to kampe mod henholdsvis Belgien og England i Nations League. <\/p>\n","protected":false},"excerpt":{"rendered":"<p>Den tidligere AC Milan-legende og nuv\u00e6rende Benevento-tr\u00e6ner Filippo Inzaghi har udset sig Andreas Cornelius som transferemne<\/p>\n","protected":false},"author":347,"featured_media":235422,"comment_status":"open","ping_status":"closed","sticky":false,"template":"","format":"standard","meta":{"om_disable_all_campaigns":false,"push_articles_ronaldo":{"active":false,"canonical":0,"publish":false},"force_updates":null},"categories":[7],"tags":[1540,2331,3420,131],"enet_tags":{"team":["6266","674792"],"league":["55"],"sport_events":[]},"yoast_head":"<!-- This site is optimized with the Yoast SEO plugin v18.3 - https:\/\/yoast.com\/wordpress\/plugins\/seo\/ -->\n<title>Medie: Inzaghi vil have fingre i Cornelius<\/title>\n<meta name=\"description\" content=\"Den tidligere AC Milan-legende og nuv\u00e6rende Benevento-tr\u00e6ner Filippo Inzaghi har udset sig Andreas Cornelius som transferemne\" \/>\n<meta name=\"robots\" content=\"index, follow, max-snippet:-1, max-image-preview:large, max-video-preview:-1\" \/>\n<link rel=\"canonical\" href=\"https:\/\/acefootball.com\/da\/fodboldnyheder\/medie-inzaghi-vil-have-fingre-i-cornelius\/\" \/>\n<meta property=\"og:locale\" content=\"en_US\" \/>\n<meta property=\"og:type\" content=\"article\" \/>\n<meta property=\"og:title\" content=\"Medie: Inzaghi vil have fingre i Cornelius\" \/>\n<meta property=\"og:description\" content=\"Den tidligere AC Milan-legende og nuv\u00e6rende Benevento-tr\u00e6ner Filippo Inzaghi har udset sig Andreas Cornelius som transferemne\" \/>\n<meta property=\"og:url\" content=\"https:\/\/acefootball.com\/da\/fodboldnyheder\/medie-inzaghi-vil-have-fingre-i-cornelius\/\" \/>\n<meta property=\"og:site_name\" content=\"Ace Football Danmark\" \/>\n<meta property=\"article:publisher\" content=\"https:\/\/www.facebook.com\/acefootballdk\" \/>\n<meta property=\"article:published_time\" content=\"2020-08-28T09:46:26+00:00\" \/>\n<meta property=\"article:modified_time\" content=\"2020-08-28T09:46:27+00:00\" \/>\n<meta property=\"og:image\" content=\"https:\/\/acefootball.com\/da\/wp-content\/uploads\/sites\/2\/2020\/08\/GettyImages-1224902853.jpg\" \/>\n\t<meta property=\"og:image:width\" content=\"1024\" \/>\n\t<meta property=\"og:image:height\" content=\"682\" \/>\n\t<meta property=\"og:image:type\" content=\"image\/jpeg\" \/>\n<meta name=\"twitter:card\" content=\"summary_large_image\" \/>\n<meta name=\"twitter:label1\" content=\"Written by\" \/>\n\t<meta name=\"twitter:data1\" content=\"Nicolaj M. J\u00f8rgensen\" \/>\n\t<meta name=\"twitter:label2\" content=\"Est. reading time\" \/>\n\t<meta name=\"twitter:data2\" content=\"1 minute\" \/>\n<script type=\"application\/ld+json\" class=\"yoast-schema-graph\">{\"@context\":\"https:\/\/schema.org\",\"@graph\":[{\"@type\":\"Organization\",\"@id\":\"https:\/\/acefootball.com\/da\/#organization\",\"name\":\"Ace Football\",\"url\":\"https:\/\/acefootball.com\/da\/\",\"sameAs\":[\"https:\/\/www.facebook.com\/acefootballdk\"],\"logo\":{\"@type\":\"ImageObject\",\"@id\":\"https:\/\/acefootball.com\/da\/#logo\",\"inLanguage\":\"en-US\",\"url\":\"https:\/\/acefootball.com\/da\/wp-content\/uploads\/sites\/2\/2020\/07\/Ace-Football-30-07-2020-2.png\",\"contentUrl\":\"https:\/\/acefootball.com\/da\/wp-content\/uploads\/sites\/2\/2020\/07\/Ace-Football-30-07-2020-2.png\",\"width\":1200,\"height\":600,\"caption\":\"Ace Football\"},\"image\":{\"@id\":\"https:\/\/acefootball.com\/da\/#logo\"}},{\"@type\":\"WebSite\",\"@id\":\"https:\/\/acefootball.com\/da\/#website\",\"url\":\"https:\/\/acefootball.com\/da\/\",\"name\":\"Ace Football Danmark\",\"description\":\"Nyheder, Spiltips &amp; Livescore\",\"publisher\":{\"@id\":\"https:\/\/acefootball.com\/da\/#organization\"},\"potentialAction\":[{\"@type\":\"SearchAction\",\"target\":{\"@type\":\"EntryPoint\",\"urlTemplate\":\"https:\/\/acefootball.com\/da\/?s={search_term_string}\"},\"query-input\":\"required name=search_term_string\"}],\"inLanguage\":\"en-US\"},{\"@type\":\"ImageObject\",\"@id\":\"https:\/\/acefootball.com\/da\/fodboldnyheder\/medie-inzaghi-vil-have-fingre-i-cornelius\/#primaryimage\",\"inLanguage\":\"en-US\",\"url\":\"https:\/\/acefootball.com\/da\/wp-content\/uploads\/sites\/2\/2020\/08\/GettyImages-1224902853.jpg\",\"contentUrl\":\"https:\/\/acefootball.com\/da\/wp-content\/uploads\/sites\/2\/2020\/08\/GettyImages-1224902853.jpg\",\"width\":1024,\"height\":682,\"caption\":\"PARMA, ITALY - JULY 05: Andreas Cornelius of Parma Calcio in action during the Serie A match between Parma Calcio and ACF Fiorentina at Stadio Ennio Tardini on July 5, 2020 in Parma, Italy. (Photo by Gabriele Maltinti\/Getty Images)\"},{\"@type\":\"WebPage\",\"@id\":\"https:\/\/acefootball.com\/da\/fodboldnyheder\/medie-inzaghi-vil-have-fingre-i-cornelius\/#webpage\",\"url\":\"https:\/\/acefootball.com\/da\/fodboldnyheder\/medie-inzaghi-vil-have-fingre-i-cornelius\/\",\"name\":\"Medie: Inzaghi vil have fingre i Cornelius\",\"isPartOf\":{\"@id\":\"https:\/\/acefootball.com\/da\/#website\"},\"primaryImageOfPage\":{\"@id\":\"https:\/\/acefootball.com\/da\/fodboldnyheder\/medie-inzaghi-vil-have-fingre-i-cornelius\/#primaryimage\"},\"datePublished\":\"2020-08-28T09:46:26+00:00\",\"dateModified\":\"2020-08-28T09:46:27+00:00\",\"description\":\"Den tidligere AC Milan-legende og nuv\u00e6rende Benevento-tr\u00e6ner Filippo Inzaghi har udset sig Andreas Cornelius som transferemne\",\"breadcrumb\":{\"@id\":\"https:\/\/acefootball.com\/da\/fodboldnyheder\/medie-inzaghi-vil-have-fingre-i-cornelius\/#breadcrumb\"},\"inLanguage\":\"en-US\",\"potentialAction\":[{\"@type\":\"ReadAction\",\"target\":[\"https:\/\/acefootball.com\/da\/fodboldnyheder\/medie-inzaghi-vil-have-fingre-i-cornelius\/\"]}]},{\"@type\":\"BreadcrumbList\",\"@id\":\"https:\/\/acefootball.com\/da\/fodboldnyheder\/medie-inzaghi-vil-have-fingre-i-cornelius\/#breadcrumb\",\"itemListElement\":[{\"@type\":\"ListItem\",\"position\":1,\"name\":\"Home\",\"item\":\"https:\/\/acefootball.com\/da\/\"},{\"@type\":\"ListItem\",\"position\":2,\"name\":\"Medie: Inzaghi vil have fingre i Cornelius\"}]},{\"@type\":\"Article\",\"@id\":\"https:\/\/acefootball.com\/da\/fodboldnyheder\/medie-inzaghi-vil-have-fingre-i-cornelius\/#article\",\"isPartOf\":{\"@id\":\"https:\/\/acefootball.com\/da\/fodboldnyheder\/medie-inzaghi-vil-have-fingre-i-cornelius\/#webpage\"},\"author\":{\"@id\":\"https:\/\/acefootball.com\/da\/#\/schema\/person\/cc86c6803d8c93f30230e4dbed2a3844\"},\"headline\":\"Medie: Inzaghi vil have fingre i Cornelius\",\"datePublished\":\"2020-08-28T09:46:26+00:00\",\"dateModified\":\"2020-08-28T09:46:27+00:00\",\"mainEntityOfPage\":{\"@id\":\"https:\/\/acefootball.com\/da\/fodboldnyheder\/medie-inzaghi-vil-have-fingre-i-cornelius\/#webpage\"},\"wordCount\":178,\"commentCount\":0,\"publisher\":{\"@id\":\"https:\/\/acefootball.com\/da\/#organization\"},\"image\":{\"@id\":\"https:\/\/acefootball.com\/da\/fodboldnyheder\/medie-inzaghi-vil-have-fingre-i-cornelius\/#primaryimage\"},\"thumbnailUrl\":\"https:\/\/acefootball.com\/da\/wp-content\/uploads\/sites\/2\/2020\/08\/GettyImages-1224902853.jpg\",\"keywords\":[\"Benevento\",\"Filippo Inzaghi\",\"Parma\",\"Serie A\"],\"articleSection\":[\"Transfer\"],\"inLanguage\":\"en-US\",\"potentialAction\":[{\"@type\":\"CommentAction\",\"name\":\"Comment\",\"target\":[\"https:\/\/acefootball.com\/da\/fodboldnyheder\/medie-inzaghi-vil-have-fingre-i-cornelius\/#respond\"]}]},{\"@type\":\"Person\",\"@id\":\"https:\/\/acefootball.com\/da\/#\/schema\/person\/cc86c6803d8c93f30230e4dbed2a3844\",\"name\":\"Nicolaj M. J\u00f8rgensen\",\"image\":{\"@type\":\"ImageObject\",\"@id\":\"https:\/\/acefootball.com\/da\/#personlogo\",\"inLanguage\":\"en-US\",\"url\":\"https:\/\/secure.gravatar.com\/avatar\/757fd92a7fd5c1d31c37aee3425e7f74?s=96&d=mm&r=g\",\"contentUrl\":\"https:\/\/secure.gravatar.com\/avatar\/757fd92a7fd5c1d31c37aee3425e7f74?s=96&d=mm&r=g\",\"caption\":\"Nicolaj M. J\u00f8rgensen\"},\"url\":\"https:\/\/acefootball.com\/da\/fodboldnyheder\/author\/nicolajmortenj\/\"}]}<\/script>\n<!-- \/ Yoast SEO plugin. -->","yoast_head_json":{"title":"Medie: Inzaghi vil have fingre i Cornelius","description":"Den tidligere AC Milan-legende og nuv\u00e6rende Benevento-tr\u00e6ner Filippo Inzaghi har udset sig Andreas Cornelius som transferemne","robots":{"index":"index","follow":"follow","max-snippet":"max-snippet:-1","max-image-preview":"max-image-preview:large","max-video-preview":"max-video-preview:-1"},"canonical":"https:\/\/acefootball.com\/da\/fodboldnyheder\/medie-inzaghi-vil-have-fingre-i-cornelius\/","og_locale":"en_US","og_type":"article","og_title":"Medie: Inzaghi vil have fingre i Cornelius","og_description":"Den tidligere AC Milan-legende og nuv\u00e6rende Benevento-tr\u00e6ner Filippo Inzaghi har udset sig Andreas Cornelius som transferemne","og_url":"https:\/\/acefootball.com\/da\/fodboldnyheder\/medie-inzaghi-vil-have-fingre-i-cornelius\/","og_site_name":"Ace Football Danmark","article_publisher":"https:\/\/www.facebook.com\/acefootballdk","article_published_time":"2020-08-28T09:46:26+00:00","article_modified_time":"2020-08-28T09:46:27+00:00","og_image":[{"width":1024,"height":682,"url":"https:\/\/acefootball.com\/da\/wp-content\/uploads\/sites\/2\/2020\/08\/GettyImages-1224902853.jpg","type":"image\/jpeg"}],"twitter_card":"summary_large_image","twitter_misc":{"Written by":"Nicolaj M. J\u00f8rgensen","Est. reading time":"1 minute"},"schema":{"@context":"https:\/\/schema.org","@graph":[{"@type":"Organization","@id":"https:\/\/acefootball.com\/da\/#organization","name":"Ace Football","url":"https:\/\/acefootball.com\/da\/","sameAs":["https:\/\/www.facebook.com\/acefootballdk"],"logo":{"@type":"ImageObject","@id":"https:\/\/acefootball.com\/da\/#logo","inLanguage":"en-US","url":"https:\/\/acefootball.com\/da\/wp-content\/uploads\/sites\/2\/2020\/07\/Ace-Football-30-07-2020-2.png","contentUrl":"https:\/\/acefootball.com\/da\/wp-content\/uploads\/sites\/2\/2020\/07\/Ace-Football-30-07-2020-2.png","width":1200,"height":600,"caption":"Ace Football"},"image":{"@id":"https:\/\/acefootball.com\/da\/#logo"}},{"@type":"WebSite","@id":"https:\/\/acefootball.com\/da\/#website","url":"https:\/\/acefootball.com\/da\/","name":"Ace Football Danmark","description":"Nyheder, Spiltips &amp; Livescore","publisher":{"@id":"https:\/\/acefootball.com\/da\/#organization"},"potentialAction":[{"@type":"SearchAction","target":{"@type":"EntryPoint","urlTemplate":"https:\/\/acefootball.com\/da\/?s={search_term_string}"},"query-input":"required name=search_term_string"}],"inLanguage":"en-US"},{"@type":"ImageObject","@id":"https:\/\/acefootball.com\/da\/fodboldnyheder\/medie-inzaghi-vil-have-fingre-i-cornelius\/#primaryimage","inLanguage":"en-US","url":"https:\/\/acefootball.com\/da\/wp-content\/uploads\/sites\/2\/2020\/08\/GettyImages-1224902853.jpg","contentUrl":"https:\/\/acefootball.com\/da\/wp-content\/uploads\/sites\/2\/2020\/08\/GettyImages-1224902853.jpg","width":1024,"height":682,"caption":"PARMA, ITALY - JULY 05: Andreas Cornelius of Parma Calcio in action during the Serie A match between Parma Calcio and ACF Fiorentina at Stadio Ennio Tardini on July 5, 2020 in Parma, Italy. (Photo by Gabriele Maltinti\/Getty Images)"},{"@type":"WebPage","@id":"https:\/\/acefootball.com\/da\/fodboldnyheder\/medie-inzaghi-vil-have-fingre-i-cornelius\/#webpage","url":"https:\/\/acefootball.com\/da\/fodboldnyheder\/medie-inzaghi-vil-have-fingre-i-cornelius\/","name":"Medie: Inzaghi vil have fingre i Cornelius","isPartOf":{"@id":"https:\/\/acefootball.com\/da\/#website"},"primaryImageOfPage":{"@id":"https:\/\/acefootball.com\/da\/fodboldnyheder\/medie-inzaghi-vil-have-fingre-i-cornelius\/#primaryimage"},"datePublished":"2020-08-28T09:46:26+00:00","dateModified":"2020-08-28T09:46:27+00:00","description":"Den tidligere AC Milan-legende og nuv\u00e6rende Benevento-tr\u00e6ner Filippo Inzaghi har udset sig Andreas Cornelius som transferemne","breadcrumb":{"@id":"https:\/\/acefootball.com\/da\/fodboldnyheder\/medie-inzaghi-vil-have-fingre-i-cornelius\/#breadcrumb"},"inLanguage":"en-US","potentialAction":[{"@type":"ReadAction","target":["https:\/\/acefootball.com\/da\/fodboldnyheder\/medie-inzaghi-vil-have-fingre-i-cornelius\/"]}]},{"@type":"BreadcrumbList","@id":"https:\/\/acefootball.com\/da\/fodboldnyheder\/medie-inzaghi-vil-have-fingre-i-cornelius\/#breadcrumb","itemListElement":[{"@type":"ListItem","position":1,"name":"Home","item":"https:\/\/acefootball.com\/da\/"},{"@type":"ListItem","position":2,"name":"Medie: Inzaghi vil have fingre i Cornelius"}]},{"@type":"Article","@id":"https:\/\/acefootball.com\/da\/fodboldnyheder\/medie-inzaghi-vil-have-fingre-i-cornelius\/#article","isPartOf":{"@id":"https:\/\/acefootball.com\/da\/fodboldnyheder\/medie-inzaghi-vil-have-fingre-i-cornelius\/#webpage"},"author":{"@id":"https:\/\/acefootball.com\/da\/#\/schema\/person\/cc86c6803d8c93f30230e4dbed2a3844"},"headline":"Medie: Inzaghi vil have fingre i Cornelius","datePublished":"2020-08-28T09:46:26+00:00","dateModified":"2020-08-28T09:46:27+00:00","mainEntityOfPage":{"@id":"https:\/\/acefootball.com\/da\/fodboldnyheder\/medie-inzaghi-vil-have-fingre-i-cornelius\/#webpage"},"wordCount":178,"commentCount":0,"publisher":{"@id":"https:\/\/acefootball.com\/da\/#organization"},"image":{"@id":"https:\/\/acefootball.com\/da\/fodboldnyheder\/medie-inzaghi-vil-have-fingre-i-cornelius\/#primaryimage"},"thumbnailUrl":"https:\/\/acefootball.com\/da\/wp-content\/uploads\/sites\/2\/2020\/08\/GettyImages-1224902853.jpg","keywords":["Benevento","Filippo Inzaghi","Parma","Serie A"],"articleSection":["Transfer"],"inLanguage":"en-US","potentialAction":[{"@type":"CommentAction","name":"Comment","target":["https:\/\/acefootball.com\/da\/fodboldnyheder\/medie-inzaghi-vil-have-fingre-i-cornelius\/#respond"]}]},{"@type":"Person","@id":"https:\/\/acefootball.com\/da\/#\/schema\/person\/cc86c6803d8c93f30230e4dbed2a3844","name":"Nicolaj M. J\u00f8rgensen","image":{"@type":"ImageObject","@id":"https:\/\/acefootball.com\/da\/#personlogo","inLanguage":"en-US","url":"https:\/\/secure.gravatar.com\/avatar\/757fd92a7fd5c1d31c37aee3425e7f74?s=96&d=mm&r=g","contentUrl":"https:\/\/secure.gravatar.com\/avatar\/757fd92a7fd5c1d31c37aee3425e7f74?s=96&d=mm&r=g","caption":"Nicolaj M. J\u00f8rgensen"},"url":"https:\/\/acefootball.com\/da\/fodboldnyheder\/author\/nicolajmortenj\/"}]}},"fimg_url":"https:\/\/acefootball.com\/da\/wp-content\/uploads\/sites\/2\/2020\/08\/GettyImages-1224902853.jpg","_links":{"self":[{"href":"https:\/\/acefootball.com\/da\/wp-json\/wp\/v2\/posts\/235421"}],"collection":[{"href":"https:\/\/acefootball.com\/da\/wp-json\/wp\/v2\/posts"}],"about":[{"href":"https:\/\/acefootball.com\/da\/wp-json\/wp\/v2\/types\/post"}],"author":[{"embeddable":true,"href":"https:\/\/acefootball.com\/da\/wp-json\/wp\/v2\/users\/347"}],"replies":[{"embeddable":true,"href":"https:\/\/acefootball.com\/da\/wp-json\/wp\/v2\/comments?post=235421"}],"version-history":[{"count":0,"href":"https:\/\/acefootball.com\/da\/wp-json\/wp\/v2\/posts\/235421\/revisions"}],"wp:featuredmedia":[{"embeddable":true,"href":"https:\/\/acefootball.com\/da\/wp-json\/wp\/v2\/media\/235422"}],"wp:attachment":[{"href":"https:\/\/acefootball.com\/da\/wp-json\/wp\/v2\/media?parent=235421"}],"wp:term":[{"taxonomy":"category","embeddable":true,"href":"https:\/\/acefootball.com\/da\/wp-json\/wp\/v2\/categories?post=235421"},{"taxonomy":"post_tag","embeddable":true,"href":"https:\/\/acefootball.com\/da\/wp-json\/wp\/v2\/tags?post=235421"}],"curies":[{"name":"wp","href":"https:\/\/api.w.org\/{rel}","templated":true}]}}