{"id":235118,"date":"2020-08-25T17:30:15","date_gmt":"2020-08-25T15:30:15","guid":{"rendered":"https:\/\/acefootball.com\/da\/?p=235118"},"modified":"2020-08-25T17:30:15","modified_gmt":"2020-08-25T15:30:15","slug":"fc-koebenhavn-angriber-slipper-for-straf-for-politi-overfald","status":"publish","type":"post","link":"https:\/\/acefootball.com\/da\/fodboldnyheder\/fc-koebenhavn-angriber-slipper-for-straf-for-politi-overfald\/","title":{"rendered":"FC K\u00f8benhavn-angriber slipper for straf for politi-overfald"},"content":{"rendered":"\n<h2>Michael Santos blev efter FC K\u00f8benhavns Europa League-kamp mod Celtic anklaget for vold mod en politimand, men nu er sagen droppet<\/h2>\n\n\n\n<p>Da FC K\u00f8benhavn spillede sig videre i Europa League efter en flot sejr p\u00e5 udebane over Celtic, gik det vildt for sig ved Pep Biels m\u00e5l til 2-1.<\/p>\n\n\n\n<p>Det skotske politi ville holde spanieren fra at juble med de k\u00f8benhavnske fans, og det fik Michael Santos til at komme sin holdkammerat til unds\u00e6tning.<\/p>\n\n\n\n<figure class=\"wp-block-embed-twitter wp-block-embed is-type-rich is-provider-twitter\"><div class=\"wp-block-embed__wrapper\">\n<blockquote class=\"twitter-tweet\" data-width=\"550\" data-dnt=\"true\"><p lang=\"en\" dir=\"ltr\">Michael Santos says goodbye to Celtic (and their police) <a href=\"https:\/\/t.co\/e08TKb1lz2\">pic.twitter.com\/e08TKb1lz2<\/a><\/p>&mdash; Leonid Dikapriov (@ReformedPapangu) <a href=\"https:\/\/twitter.com\/ReformedPapangu\/status\/1233147842274963457?ref_src=twsrc%5Etfw\">February 27, 2020<\/a><\/blockquote><script async src=\"https:\/\/platform.twitter.com\/widgets.js\" charset=\"utf-8\"><\/script>\n<\/div><\/figure>\n\n\n\n<p>Uruguayaneren sprang ind i en politimand, og det fik efterf\u00f8lgende den skotske ordensmagt til at anklage FCK-angriberen for overfald.<\/p>\n\n\n\n<p>Der er dog ikke kommet mere nyt i sagen siden, og nu har landets anklagemyndighed valgt helt at droppe den. Det bekr\u00e6ftes i en mail til <a href=\"https:\/\/www.tipsbladet.dk\/nyhed\/europa-league\/fck-angriber-sigtet-overfald-nu-dropper-skotsk-anklagemyndighed-sagen\" target=\"_blank\" rel=\"noreferrer noopener\">Tipsbladet<\/a>.<\/p>\n\n\n\n<p>Michael Santos slap dog ikke for karant\u00e6ne, da UEFA tildelt ham tre dages p\u00e5 sidelinjen. De er dog allerede overst\u00e5et.<\/p>\n","protected":false},"excerpt":{"rendered":"<p>Michael Santos blev efter FC K\u00f8benhavns Europa League-kamp mod Celtic anklaget for vold mod en politimand, men nu er sagen droppet<\/p>\n","protected":false},"author":705,"featured_media":235119,"comment_status":"open","ping_status":"closed","sticky":false,"template":"","format":"standard","meta":{"om_disable_all_campaigns":false,"push_articles_ronaldo":{"active":false,"canonical":0,"publish":false},"force_updates":null},"categories":[1],"tags":[49,16,4128,588],"enet_tags":{"league":["73","46"],"team":["8391"],"player":["675102"],"sport_events":[]},"yoast_head":"<!-- This site is optimized with the Yoast SEO plugin v18.3 - https:\/\/yoast.com\/wordpress\/plugins\/seo\/ -->\n<title>FC K\u00f8benhavn-angriber slipper for straf for politi-overfald<\/title>\n<meta name=\"description\" content=\"Michael Santos blev efter FC K\u00f8benhavns Europa League-kamp mod Celtic anklaget for vold mod en politimand, men nu er sagen droppet\" \/>\n<meta name=\"robots\" content=\"index, follow, max-snippet:-1, max-image-preview:large, max-video-preview:-1\" \/>\n<link rel=\"canonical\" href=\"https:\/\/acefootball.com\/da\/fodboldnyheder\/fc-koebenhavn-angriber-slipper-for-straf-for-politi-overfald\/\" \/>\n<meta property=\"og:locale\" content=\"en_US\" \/>\n<meta property=\"og:type\" content=\"article\" \/>\n<meta property=\"og:title\" content=\"FC K\u00f8benhavn-angriber slipper for straf for politi-overfald\" \/>\n<meta property=\"og:description\" content=\"Michael Santos blev efter FC K\u00f8benhavns Europa League-kamp mod Celtic anklaget for vold mod en politimand, men nu er sagen droppet\" \/>\n<meta property=\"og:url\" content=\"https:\/\/acefootball.com\/da\/fodboldnyheder\/fc-koebenhavn-angriber-slipper-for-straf-for-politi-overfald\/\" \/>\n<meta property=\"og:site_name\" content=\"Ace Football Danmark\" \/>\n<meta property=\"article:publisher\" content=\"https:\/\/www.facebook.com\/acefootballdk\" \/>\n<meta property=\"article:published_time\" content=\"2020-08-25T15:30:15+00:00\" \/>\n<meta property=\"og:image\" content=\"https:\/\/acefootball.com\/da\/wp-content\/uploads\/sites\/2\/2020\/08\/GettyImages-1202067259.jpg\" \/>\n\t<meta property=\"og:image:width\" content=\"1024\" \/>\n\t<meta property=\"og:image:height\" content=\"683\" \/>\n\t<meta property=\"og:image:type\" content=\"image\/jpeg\" \/>\n<meta name=\"twitter:card\" content=\"summary_large_image\" \/>\n<meta name=\"twitter:label1\" content=\"Written by\" \/>\n\t<meta name=\"twitter:data1\" content=\"Mads Dreyer\" \/>\n\t<meta name=\"twitter:label2\" content=\"Est. reading time\" \/>\n\t<meta name=\"twitter:data2\" content=\"1 minute\" \/>\n<script type=\"application\/ld+json\" class=\"yoast-schema-graph\">{\"@context\":\"https:\/\/schema.org\",\"@graph\":[{\"@type\":\"Organization\",\"@id\":\"https:\/\/acefootball.com\/da\/#organization\",\"name\":\"Ace Football\",\"url\":\"https:\/\/acefootball.com\/da\/\",\"sameAs\":[\"https:\/\/www.facebook.com\/acefootballdk\"],\"logo\":{\"@type\":\"ImageObject\",\"@id\":\"https:\/\/acefootball.com\/da\/#logo\",\"inLanguage\":\"en-US\",\"url\":\"https:\/\/acefootball.com\/da\/wp-content\/uploads\/sites\/2\/2020\/07\/Ace-Football-30-07-2020-2.png\",\"contentUrl\":\"https:\/\/acefootball.com\/da\/wp-content\/uploads\/sites\/2\/2020\/07\/Ace-Football-30-07-2020-2.png\",\"width\":1200,\"height\":600,\"caption\":\"Ace Football\"},\"image\":{\"@id\":\"https:\/\/acefootball.com\/da\/#logo\"}},{\"@type\":\"WebSite\",\"@id\":\"https:\/\/acefootball.com\/da\/#website\",\"url\":\"https:\/\/acefootball.com\/da\/\",\"name\":\"Ace Football Danmark\",\"description\":\"Nyheder, Spiltips &amp; Livescore\",\"publisher\":{\"@id\":\"https:\/\/acefootball.com\/da\/#organization\"},\"potentialAction\":[{\"@type\":\"SearchAction\",\"target\":{\"@type\":\"EntryPoint\",\"urlTemplate\":\"https:\/\/acefootball.com\/da\/?s={search_term_string}\"},\"query-input\":\"required name=search_term_string\"}],\"inLanguage\":\"en-US\"},{\"@type\":\"ImageObject\",\"@id\":\"https:\/\/acefootball.com\/da\/fodboldnyheder\/fc-koebenhavn-angriber-slipper-for-straf-for-politi-overfald\/#primaryimage\",\"inLanguage\":\"en-US\",\"url\":\"https:\/\/acefootball.com\/da\/wp-content\/uploads\/sites\/2\/2020\/08\/GettyImages-1202067259.jpg\",\"contentUrl\":\"https:\/\/acefootball.com\/da\/wp-content\/uploads\/sites\/2\/2020\/08\/GettyImages-1202067259.jpg\",\"width\":1024,\"height\":683,\"caption\":\"COPENHAGEN, DENMARK - FEBRUARY 20: Michael Santos of FC Copenhagen controls the ball during the UEFA Europa League Round of 32 1st Leg match between FC Copenhagen and Celtic FC at Telia Parken on February 20, 2020 in Copenhagen, Denmark. (Photo by Lars Ronbog \/ FrontZoneSport via Getty Images)\"},{\"@type\":\"WebPage\",\"@id\":\"https:\/\/acefootball.com\/da\/fodboldnyheder\/fc-koebenhavn-angriber-slipper-for-straf-for-politi-overfald\/#webpage\",\"url\":\"https:\/\/acefootball.com\/da\/fodboldnyheder\/fc-koebenhavn-angriber-slipper-for-straf-for-politi-overfald\/\",\"name\":\"FC K\u00f8benhavn-angriber slipper for straf for politi-overfald\",\"isPartOf\":{\"@id\":\"https:\/\/acefootball.com\/da\/#website\"},\"primaryImageOfPage\":{\"@id\":\"https:\/\/acefootball.com\/da\/fodboldnyheder\/fc-koebenhavn-angriber-slipper-for-straf-for-politi-overfald\/#primaryimage\"},\"datePublished\":\"2020-08-25T15:30:15+00:00\",\"dateModified\":\"2020-08-25T15:30:15+00:00\",\"description\":\"Michael Santos blev efter FC K\u00f8benhavns Europa League-kamp mod Celtic anklaget for vold mod en politimand, men nu er sagen droppet\",\"breadcrumb\":{\"@id\":\"https:\/\/acefootball.com\/da\/fodboldnyheder\/fc-koebenhavn-angriber-slipper-for-straf-for-politi-overfald\/#breadcrumb\"},\"inLanguage\":\"en-US\",\"potentialAction\":[{\"@type\":\"ReadAction\",\"target\":[\"https:\/\/acefootball.com\/da\/fodboldnyheder\/fc-koebenhavn-angriber-slipper-for-straf-for-politi-overfald\/\"]}]},{\"@type\":\"BreadcrumbList\",\"@id\":\"https:\/\/acefootball.com\/da\/fodboldnyheder\/fc-koebenhavn-angriber-slipper-for-straf-for-politi-overfald\/#breadcrumb\",\"itemListElement\":[{\"@type\":\"ListItem\",\"position\":1,\"name\":\"Home\",\"item\":\"https:\/\/acefootball.com\/da\/\"},{\"@type\":\"ListItem\",\"position\":2,\"name\":\"FC K\u00f8benhavn-angriber slipper for straf for politi-overfald\"}]},{\"@type\":\"Article\",\"@id\":\"https:\/\/acefootball.com\/da\/fodboldnyheder\/fc-koebenhavn-angriber-slipper-for-straf-for-politi-overfald\/#article\",\"isPartOf\":{\"@id\":\"https:\/\/acefootball.com\/da\/fodboldnyheder\/fc-koebenhavn-angriber-slipper-for-straf-for-politi-overfald\/#webpage\"},\"author\":{\"@id\":\"https:\/\/acefootball.com\/da\/#\/schema\/person\/ee67e9cf04a276f144100ffa722f10cd\"},\"headline\":\"FC K\u00f8benhavn-angriber slipper for straf for politi-overfald\",\"datePublished\":\"2020-08-25T15:30:15+00:00\",\"dateModified\":\"2020-08-25T15:30:15+00:00\",\"mainEntityOfPage\":{\"@id\":\"https:\/\/acefootball.com\/da\/fodboldnyheder\/fc-koebenhavn-angriber-slipper-for-straf-for-politi-overfald\/#webpage\"},\"wordCount\":162,\"commentCount\":0,\"publisher\":{\"@id\":\"https:\/\/acefootball.com\/da\/#organization\"},\"image\":{\"@id\":\"https:\/\/acefootball.com\/da\/fodboldnyheder\/fc-koebenhavn-angriber-slipper-for-straf-for-politi-overfald\/#primaryimage\"},\"thumbnailUrl\":\"https:\/\/acefootball.com\/da\/wp-content\/uploads\/sites\/2\/2020\/08\/GettyImages-1202067259.jpg\",\"keywords\":[\"Europa League\",\"FC K\u00f8benhavn\",\"Michael Santos\",\"Superligaen\"],\"articleSection\":[\"Nyhed\"],\"inLanguage\":\"en-US\",\"potentialAction\":[{\"@type\":\"CommentAction\",\"name\":\"Comment\",\"target\":[\"https:\/\/acefootball.com\/da\/fodboldnyheder\/fc-koebenhavn-angriber-slipper-for-straf-for-politi-overfald\/#respond\"]}]},{\"@type\":\"Person\",\"@id\":\"https:\/\/acefootball.com\/da\/#\/schema\/person\/ee67e9cf04a276f144100ffa722f10cd\",\"name\":\"Mads Dreyer\",\"image\":{\"@type\":\"ImageObject\",\"@id\":\"https:\/\/acefootball.com\/da\/#personlogo\",\"inLanguage\":\"en-US\",\"url\":\"https:\/\/secure.gravatar.com\/avatar\/7c7abf72cfde9902b6a60efe60c88d4c?s=96&d=mm&r=g\",\"contentUrl\":\"https:\/\/secure.gravatar.com\/avatar\/7c7abf72cfde9902b6a60efe60c88d4c?s=96&d=mm&r=g\",\"caption\":\"Mads Dreyer\"},\"description\":\"Skribent og fodboldn\u00f8rd, der lige nu fort\u00e6ller om alt og intet i fodboldverdenen p\u00e5 acefootball.com. Uddannet i kommunikation fra Aalborg Universitet.\",\"sameAs\":[\"https:\/\/www.linkedin.com\/in\/mads-dreyer-b9b08266\/\"],\"url\":\"https:\/\/acefootball.com\/da\/fodboldnyheder\/author\/mdnronaldo\/\"}]}<\/script>\n<!-- \/ Yoast SEO plugin. -->","yoast_head_json":{"title":"FC K\u00f8benhavn-angriber slipper for straf for politi-overfald","description":"Michael Santos blev efter FC K\u00f8benhavns Europa League-kamp mod Celtic anklaget for vold mod en politimand, men nu er sagen droppet","robots":{"index":"index","follow":"follow","max-snippet":"max-snippet:-1","max-image-preview":"max-image-preview:large","max-video-preview":"max-video-preview:-1"},"canonical":"https:\/\/acefootball.com\/da\/fodboldnyheder\/fc-koebenhavn-angriber-slipper-for-straf-for-politi-overfald\/","og_locale":"en_US","og_type":"article","og_title":"FC K\u00f8benhavn-angriber slipper for straf for politi-overfald","og_description":"Michael Santos blev efter FC K\u00f8benhavns Europa League-kamp mod Celtic anklaget for vold mod en politimand, men nu er sagen droppet","og_url":"https:\/\/acefootball.com\/da\/fodboldnyheder\/fc-koebenhavn-angriber-slipper-for-straf-for-politi-overfald\/","og_site_name":"Ace Football Danmark","article_publisher":"https:\/\/www.facebook.com\/acefootballdk","article_published_time":"2020-08-25T15:30:15+00:00","og_image":[{"width":1024,"height":683,"url":"https:\/\/acefootball.com\/da\/wp-content\/uploads\/sites\/2\/2020\/08\/GettyImages-1202067259.jpg","type":"image\/jpeg"}],"twitter_card":"summary_large_image","twitter_misc":{"Written by":"Mads Dreyer","Est. reading time":"1 minute"},"schema":{"@context":"https:\/\/schema.org","@graph":[{"@type":"Organization","@id":"https:\/\/acefootball.com\/da\/#organization","name":"Ace Football","url":"https:\/\/acefootball.com\/da\/","sameAs":["https:\/\/www.facebook.com\/acefootballdk"],"logo":{"@type":"ImageObject","@id":"https:\/\/acefootball.com\/da\/#logo","inLanguage":"en-US","url":"https:\/\/acefootball.com\/da\/wp-content\/uploads\/sites\/2\/2020\/07\/Ace-Football-30-07-2020-2.png","contentUrl":"https:\/\/acefootball.com\/da\/wp-content\/uploads\/sites\/2\/2020\/07\/Ace-Football-30-07-2020-2.png","width":1200,"height":600,"caption":"Ace Football"},"image":{"@id":"https:\/\/acefootball.com\/da\/#logo"}},{"@type":"WebSite","@id":"https:\/\/acefootball.com\/da\/#website","url":"https:\/\/acefootball.com\/da\/","name":"Ace Football Danmark","description":"Nyheder, Spiltips &amp; Livescore","publisher":{"@id":"https:\/\/acefootball.com\/da\/#organization"},"potentialAction":[{"@type":"SearchAction","target":{"@type":"EntryPoint","urlTemplate":"https:\/\/acefootball.com\/da\/?s={search_term_string}"},"query-input":"required name=search_term_string"}],"inLanguage":"en-US"},{"@type":"ImageObject","@id":"https:\/\/acefootball.com\/da\/fodboldnyheder\/fc-koebenhavn-angriber-slipper-for-straf-for-politi-overfald\/#primaryimage","inLanguage":"en-US","url":"https:\/\/acefootball.com\/da\/wp-content\/uploads\/sites\/2\/2020\/08\/GettyImages-1202067259.jpg","contentUrl":"https:\/\/acefootball.com\/da\/wp-content\/uploads\/sites\/2\/2020\/08\/GettyImages-1202067259.jpg","width":1024,"height":683,"caption":"COPENHAGEN, DENMARK - FEBRUARY 20: Michael Santos of FC Copenhagen controls the ball during the UEFA Europa League Round of 32 1st Leg match between FC Copenhagen and Celtic FC at Telia Parken on February 20, 2020 in Copenhagen, Denmark. (Photo by Lars Ronbog \/ FrontZoneSport via Getty Images)"},{"@type":"WebPage","@id":"https:\/\/acefootball.com\/da\/fodboldnyheder\/fc-koebenhavn-angriber-slipper-for-straf-for-politi-overfald\/#webpage","url":"https:\/\/acefootball.com\/da\/fodboldnyheder\/fc-koebenhavn-angriber-slipper-for-straf-for-politi-overfald\/","name":"FC K\u00f8benhavn-angriber slipper for straf for politi-overfald","isPartOf":{"@id":"https:\/\/acefootball.com\/da\/#website"},"primaryImageOfPage":{"@id":"https:\/\/acefootball.com\/da\/fodboldnyheder\/fc-koebenhavn-angriber-slipper-for-straf-for-politi-overfald\/#primaryimage"},"datePublished":"2020-08-25T15:30:15+00:00","dateModified":"2020-08-25T15:30:15+00:00","description":"Michael Santos blev efter FC K\u00f8benhavns Europa League-kamp mod Celtic anklaget for vold mod en politimand, men nu er sagen droppet","breadcrumb":{"@id":"https:\/\/acefootball.com\/da\/fodboldnyheder\/fc-koebenhavn-angriber-slipper-for-straf-for-politi-overfald\/#breadcrumb"},"inLanguage":"en-US","potentialAction":[{"@type":"ReadAction","target":["https:\/\/acefootball.com\/da\/fodboldnyheder\/fc-koebenhavn-angriber-slipper-for-straf-for-politi-overfald\/"]}]},{"@type":"BreadcrumbList","@id":"https:\/\/acefootball.com\/da\/fodboldnyheder\/fc-koebenhavn-angriber-slipper-for-straf-for-politi-overfald\/#breadcrumb","itemListElement":[{"@type":"ListItem","position":1,"name":"Home","item":"https:\/\/acefootball.com\/da\/"},{"@type":"ListItem","position":2,"name":"FC K\u00f8benhavn-angriber slipper for straf for politi-overfald"}]},{"@type":"Article","@id":"https:\/\/acefootball.com\/da\/fodboldnyheder\/fc-koebenhavn-angriber-slipper-for-straf-for-politi-overfald\/#article","isPartOf":{"@id":"https:\/\/acefootball.com\/da\/fodboldnyheder\/fc-koebenhavn-angriber-slipper-for-straf-for-politi-overfald\/#webpage"},"author":{"@id":"https:\/\/acefootball.com\/da\/#\/schema\/person\/ee67e9cf04a276f144100ffa722f10cd"},"headline":"FC K\u00f8benhavn-angriber slipper for straf for politi-overfald","datePublished":"2020-08-25T15:30:15+00:00","dateModified":"2020-08-25T15:30:15+00:00","mainEntityOfPage":{"@id":"https:\/\/acefootball.com\/da\/fodboldnyheder\/fc-koebenhavn-angriber-slipper-for-straf-for-politi-overfald\/#webpage"},"wordCount":162,"commentCount":0,"publisher":{"@id":"https:\/\/acefootball.com\/da\/#organization"},"image":{"@id":"https:\/\/acefootball.com\/da\/fodboldnyheder\/fc-koebenhavn-angriber-slipper-for-straf-for-politi-overfald\/#primaryimage"},"thumbnailUrl":"https:\/\/acefootball.com\/da\/wp-content\/uploads\/sites\/2\/2020\/08\/GettyImages-1202067259.jpg","keywords":["Europa League","FC K\u00f8benhavn","Michael Santos","Superligaen"],"articleSection":["Nyhed"],"inLanguage":"en-US","potentialAction":[{"@type":"CommentAction","name":"Comment","target":["https:\/\/acefootball.com\/da\/fodboldnyheder\/fc-koebenhavn-angriber-slipper-for-straf-for-politi-overfald\/#respond"]}]},{"@type":"Person","@id":"https:\/\/acefootball.com\/da\/#\/schema\/person\/ee67e9cf04a276f144100ffa722f10cd","name":"Mads Dreyer","image":{"@type":"ImageObject","@id":"https:\/\/acefootball.com\/da\/#personlogo","inLanguage":"en-US","url":"https:\/\/secure.gravatar.com\/avatar\/7c7abf72cfde9902b6a60efe60c88d4c?s=96&d=mm&r=g","contentUrl":"https:\/\/secure.gravatar.com\/avatar\/7c7abf72cfde9902b6a60efe60c88d4c?s=96&d=mm&r=g","caption":"Mads Dreyer"},"description":"Skribent og fodboldn\u00f8rd, der lige nu fort\u00e6ller om alt og intet i fodboldverdenen p\u00e5 acefootball.com. Uddannet i kommunikation fra Aalborg Universitet.","sameAs":["https:\/\/www.linkedin.com\/in\/mads-dreyer-b9b08266\/"],"url":"https:\/\/acefootball.com\/da\/fodboldnyheder\/author\/mdnronaldo\/"}]}},"fimg_url":"https:\/\/acefootball.com\/da\/wp-content\/uploads\/sites\/2\/2020\/08\/GettyImages-1202067259.jpg","_links":{"self":[{"href":"https:\/\/acefootball.com\/da\/wp-json\/wp\/v2\/posts\/235118"}],"collection":[{"href":"https:\/\/acefootball.com\/da\/wp-json\/wp\/v2\/posts"}],"about":[{"href":"https:\/\/acefootball.com\/da\/wp-json\/wp\/v2\/types\/post"}],"author":[{"embeddable":true,"href":"https:\/\/acefootball.com\/da\/wp-json\/wp\/v2\/users\/705"}],"replies":[{"embeddable":true,"href":"https:\/\/acefootball.com\/da\/wp-json\/wp\/v2\/comments?post=235118"}],"version-history":[{"count":0,"href":"https:\/\/acefootball.com\/da\/wp-json\/wp\/v2\/posts\/235118\/revisions"}],"wp:featuredmedia":[{"embeddable":true,"href":"https:\/\/acefootball.com\/da\/wp-json\/wp\/v2\/media\/235119"}],"wp:attachment":[{"href":"https:\/\/acefootball.com\/da\/wp-json\/wp\/v2\/media?parent=235118"}],"wp:term":[{"taxonomy":"category","embeddable":true,"href":"https:\/\/acefootball.com\/da\/wp-json\/wp\/v2\/categories?post=235118"},{"taxonomy":"post_tag","embeddable":true,"href":"https:\/\/acefootball.com\/da\/wp-json\/wp\/v2\/tags?post=235118"}],"curies":[{"name":"wp","href":"https:\/\/api.w.org\/{rel}","templated":true}]}}