{"id":235041,"date":"2020-08-25T08:22:56","date_gmt":"2020-08-25T06:22:56","guid":{"rendered":"https:\/\/acefootball.com\/da\/?p=235041"},"modified":"2020-08-25T08:24:01","modified_gmt":"2020-08-25T06:24:01","slug":"niels-frederiksen-med-kontraktudloeb-om-10-maaneder-man-ved-jo-aldrig","status":"publish","type":"post","link":"https:\/\/acefootball.com\/da\/fodboldnyheder\/niels-frederiksen-med-kontraktudloeb-om-10-maaneder-man-ved-jo-aldrig\/","title":{"rendered":"Niels Frederiksen med kontraktudl\u00f8b om 10 m\u00e5neder: Man ved jo aldrig"},"content":{"rendered":"\n<h2>Br\u00f8ndbys cheftr\u00e6ner Niels Frederiksen har kontraktudl\u00f8b i juni 2021. Det bruger han dog ikke selv meget energi p\u00e5<\/h2>\n\n\n\n<p>Br\u00f8ndby er efter tilgangen af Carsten V. Jensen g\u00e5et i en ny sportslig retning, hvor der er blevet sagt farvel til en lang r\u00e6kke l\u00f8ntunge profiler, og hvor der istedet er blevet k\u00f8rt et kuld unge spillere ind.<\/p>\n\n\n\n<figure class=\"wp-block-embed-wordpress wp-block-embed is-type-wp-embed is-provider-ace-football-danmark\"><div class=\"wp-block-embed__wrapper\">\n<blockquote class=\"wp-embedded-content\" data-secret=\"DJMlFa7CpM\"><a href=\"https:\/\/acefootball.com\/da\/fodboldnyheder\/niels-frederiksen-erkender-mangel-paa-angriber-i-broendby\/\">Niels Frederiksen: Vi leder efter en angriber<\/a><\/blockquote><iframe class=\"wp-embedded-content\" sandbox=\"allow-scripts\" security=\"restricted\" style=\"position: absolute; clip: rect(1px, 1px, 1px, 1px);\" title=\"&#8220;Niels Frederiksen: Vi leder efter en angriber&#8221; &#8212; Ace Football Danmark\" src=\"https:\/\/acefootball.com\/da\/fodboldnyheder\/niels-frederiksen-erkender-mangel-paa-angriber-i-broendby\/embed\/#?secret=DJMlFa7CpM\" data-secret=\"DJMlFa7CpM\" width=\"600\" height=\"338\" frameborder=\"0\" marginwidth=\"0\" marginheight=\"0\" scrolling=\"no\"><\/iframe>\n<\/div><\/figure>\n\n\n\n<p>Manden i spidsen for holdet i denne periode har v\u00e6ret Niels Frederiksen, men om 10 m\u00e5neder kan det m\u00e5ske v\u00e6re slut. Her har Br\u00f8ndby-tr\u00e6neren kontraktudl\u00f8b, men det er dog ikke noget der fylder meget hos hovedpersonen selv:<\/p>\n\n\n\n<p>&#8220;Vi har en aftale, som l\u00f8ber til juni 2021, og jeg er sikker p\u00e5, at hvis der er noget nyt \u2013 enten at vi stopper samarbejdet til den tid, forl\u00e6nger eller stopper samarbejdet f\u00f8r tid, man ved jo aldrig \u2013 s\u00e5 melder vi ud om det,&#8221; udtaler Niels Frederiksen til <a href=\"https:\/\/www.bold.dk\/fodbold\/nyheder\/kontraktudloeb-bekymrer-ikke-niels-frederiksen\/\" target=\"_blank\" rel=\"noreferrer noopener\">bold.dk<\/a>.<\/p>\n\n\n\n<p>Cheftr\u00e6neren tilf\u00f8jer at han lever i nuet, og istedet vil fokusere p\u00e5 at g\u00f8re Br\u00f8ndby bedre dag for dag.<\/p>\n\n\n\n<figure class=\"wp-block-embed-wordpress wp-block-embed is-type-wp-embed is-provider-ace-football-danmark\"><div class=\"wp-block-embed__wrapper\">\n<blockquote class=\"wp-embedded-content\" data-secret=\"haMH7DTQ3X\"><a href=\"https:\/\/acefootball.com\/da\/fodboldnyheder\/daniel-wass-maner-broendby-rygter-til-jorden\/\">Daniel Wass maner Br\u00f8ndby-rygter til jorden<\/a><\/blockquote><iframe class=\"wp-embedded-content\" sandbox=\"allow-scripts\" security=\"restricted\" style=\"position: absolute; clip: rect(1px, 1px, 1px, 1px);\" title=\"&#8220;Daniel Wass maner Br\u00f8ndby-rygter til jorden&#8221; &#8212; Ace Football Danmark\" src=\"https:\/\/acefootball.com\/da\/fodboldnyheder\/daniel-wass-maner-broendby-rygter-til-jorden\/embed\/#?secret=haMH7DTQ3X\" data-secret=\"haMH7DTQ3X\" width=\"600\" height=\"338\" frameborder=\"0\" marginwidth=\"0\" marginheight=\"0\" scrolling=\"no\"><\/iframe>\n<\/div><\/figure>\n","protected":false},"excerpt":{"rendered":"<p>Br\u00f8ndbys cheftr\u00e6ner Niels Frederiksen har kontraktudl\u00f8b i juni 2021. Det bruger han dog ikke selv meget energi p\u00e5<\/p>\n","protected":false},"author":43,"featured_media":235045,"comment_status":"open","ping_status":"closed","sticky":false,"template":"","format":"standard","meta":{"om_disable_all_campaigns":false,"push_articles_ronaldo":{"active":false,"canonical":0,"publish":false},"force_updates":null},"categories":[8204],"tags":[53,812],"enet_tags":{"team":["8595"],"player":["183862"],"sport_events":[]},"yoast_head":"<!-- This site is optimized with the Yoast SEO plugin v18.3 - https:\/\/yoast.com\/wordpress\/plugins\/seo\/ -->\n<title>Niels Frederiksen med kontraktudl\u00f8b om 10 m\u00e5neder: Man ved jo aldrig<\/title>\n<meta name=\"description\" content=\"Br\u00f8ndbys cheftr\u00e6ner Niels Frederiksen har kontraktudl\u00f8b i juni 2021. Det bruger han dog ikke selv meget energi p\u00e5\" \/>\n<meta name=\"robots\" content=\"index, follow, max-snippet:-1, max-image-preview:large, max-video-preview:-1\" \/>\n<link rel=\"canonical\" href=\"https:\/\/acefootball.com\/da\/fodboldnyheder\/niels-frederiksen-med-kontraktudloeb-om-10-maaneder-man-ved-jo-aldrig\/\" \/>\n<meta property=\"og:locale\" content=\"en_US\" \/>\n<meta property=\"og:type\" content=\"article\" \/>\n<meta property=\"og:title\" content=\"Niels Frederiksen med kontraktudl\u00f8b om 10 m\u00e5neder: Man ved jo aldrig\" \/>\n<meta property=\"og:description\" content=\"Br\u00f8ndbys cheftr\u00e6ner Niels Frederiksen har kontraktudl\u00f8b i juni 2021. Det bruger han dog ikke selv meget energi p\u00e5\" \/>\n<meta property=\"og:url\" content=\"https:\/\/acefootball.com\/da\/fodboldnyheder\/niels-frederiksen-med-kontraktudloeb-om-10-maaneder-man-ved-jo-aldrig\/\" \/>\n<meta property=\"og:site_name\" content=\"Ace Football Danmark\" \/>\n<meta property=\"article:publisher\" content=\"https:\/\/www.facebook.com\/acefootballdk\" \/>\n<meta property=\"article:published_time\" content=\"2020-08-25T06:22:56+00:00\" \/>\n<meta property=\"article:modified_time\" content=\"2020-08-25T06:24:01+00:00\" \/>\n<meta property=\"og:image\" content=\"https:\/\/acefootball.com\/da\/wp-content\/uploads\/sites\/2\/2020\/08\/GettyImages-1224892517.jpg\" \/>\n\t<meta property=\"og:image:width\" content=\"1024\" \/>\n\t<meta property=\"og:image:height\" content=\"683\" \/>\n\t<meta property=\"og:image:type\" content=\"image\/jpeg\" \/>\n<meta name=\"twitter:card\" content=\"summary_large_image\" \/>\n<meta name=\"twitter:label1\" content=\"Written by\" \/>\n\t<meta name=\"twitter:data1\" content=\"Mikki M\u00f8ller-Iversen\" \/>\n\t<meta name=\"twitter:label2\" content=\"Est. reading time\" \/>\n\t<meta name=\"twitter:data2\" content=\"1 minute\" \/>\n<script type=\"application\/ld+json\" class=\"yoast-schema-graph\">{\"@context\":\"https:\/\/schema.org\",\"@graph\":[{\"@type\":\"Organization\",\"@id\":\"https:\/\/acefootball.com\/da\/#organization\",\"name\":\"Ace Football\",\"url\":\"https:\/\/acefootball.com\/da\/\",\"sameAs\":[\"https:\/\/www.facebook.com\/acefootballdk\"],\"logo\":{\"@type\":\"ImageObject\",\"@id\":\"https:\/\/acefootball.com\/da\/#logo\",\"inLanguage\":\"en-US\",\"url\":\"https:\/\/acefootball.com\/da\/wp-content\/uploads\/sites\/2\/2020\/07\/Ace-Football-30-07-2020-2.png\",\"contentUrl\":\"https:\/\/acefootball.com\/da\/wp-content\/uploads\/sites\/2\/2020\/07\/Ace-Football-30-07-2020-2.png\",\"width\":1200,\"height\":600,\"caption\":\"Ace Football\"},\"image\":{\"@id\":\"https:\/\/acefootball.com\/da\/#logo\"}},{\"@type\":\"WebSite\",\"@id\":\"https:\/\/acefootball.com\/da\/#website\",\"url\":\"https:\/\/acefootball.com\/da\/\",\"name\":\"Ace Football Danmark\",\"description\":\"Nyheder, Spiltips &amp; Livescore\",\"publisher\":{\"@id\":\"https:\/\/acefootball.com\/da\/#organization\"},\"potentialAction\":[{\"@type\":\"SearchAction\",\"target\":{\"@type\":\"EntryPoint\",\"urlTemplate\":\"https:\/\/acefootball.com\/da\/?s={search_term_string}\"},\"query-input\":\"required name=search_term_string\"}],\"inLanguage\":\"en-US\"},{\"@type\":\"ImageObject\",\"@id\":\"https:\/\/acefootball.com\/da\/fodboldnyheder\/niels-frederiksen-med-kontraktudloeb-om-10-maaneder-man-ved-jo-aldrig\/#primaryimage\",\"inLanguage\":\"en-US\",\"url\":\"https:\/\/acefootball.com\/da\/wp-content\/uploads\/sites\/2\/2020\/08\/GettyImages-1224892517.jpg\",\"contentUrl\":\"https:\/\/acefootball.com\/da\/wp-content\/uploads\/sites\/2\/2020\/08\/GettyImages-1224892517.jpg\",\"width\":1024,\"height\":683,\"caption\":\"AALBORG, DENMARK - JULY 05: Niels Frederiksen, head coach of Brondby IF before the Danish 3F Superliga match between AaB Aalborg and Brondby IF at Aalborg Portland Park on July 5, 2020 in Aalborg, Denmark. (Photo by Claus Bonnerup \/ FrontZoneSport via Getty Images)\"},{\"@type\":\"WebPage\",\"@id\":\"https:\/\/acefootball.com\/da\/fodboldnyheder\/niels-frederiksen-med-kontraktudloeb-om-10-maaneder-man-ved-jo-aldrig\/#webpage\",\"url\":\"https:\/\/acefootball.com\/da\/fodboldnyheder\/niels-frederiksen-med-kontraktudloeb-om-10-maaneder-man-ved-jo-aldrig\/\",\"name\":\"Niels Frederiksen med kontraktudl\u00f8b om 10 m\u00e5neder: Man ved jo aldrig\",\"isPartOf\":{\"@id\":\"https:\/\/acefootball.com\/da\/#website\"},\"primaryImageOfPage\":{\"@id\":\"https:\/\/acefootball.com\/da\/fodboldnyheder\/niels-frederiksen-med-kontraktudloeb-om-10-maaneder-man-ved-jo-aldrig\/#primaryimage\"},\"datePublished\":\"2020-08-25T06:22:56+00:00\",\"dateModified\":\"2020-08-25T06:24:01+00:00\",\"description\":\"Br\u00f8ndbys cheftr\u00e6ner Niels Frederiksen har kontraktudl\u00f8b i juni 2021. Det bruger han dog ikke selv meget energi p\u00e5\",\"breadcrumb\":{\"@id\":\"https:\/\/acefootball.com\/da\/fodboldnyheder\/niels-frederiksen-med-kontraktudloeb-om-10-maaneder-man-ved-jo-aldrig\/#breadcrumb\"},\"inLanguage\":\"en-US\",\"potentialAction\":[{\"@type\":\"ReadAction\",\"target\":[\"https:\/\/acefootball.com\/da\/fodboldnyheder\/niels-frederiksen-med-kontraktudloeb-om-10-maaneder-man-ved-jo-aldrig\/\"]}]},{\"@type\":\"BreadcrumbList\",\"@id\":\"https:\/\/acefootball.com\/da\/fodboldnyheder\/niels-frederiksen-med-kontraktudloeb-om-10-maaneder-man-ved-jo-aldrig\/#breadcrumb\",\"itemListElement\":[{\"@type\":\"ListItem\",\"position\":1,\"name\":\"Home\",\"item\":\"https:\/\/acefootball.com\/da\/\"},{\"@type\":\"ListItem\",\"position\":2,\"name\":\"Niels Frederiksen med kontraktudl\u00f8b om 10 m\u00e5neder: Man ved jo aldrig\"}]},{\"@type\":\"Article\",\"@id\":\"https:\/\/acefootball.com\/da\/fodboldnyheder\/niels-frederiksen-med-kontraktudloeb-om-10-maaneder-man-ved-jo-aldrig\/#article\",\"isPartOf\":{\"@id\":\"https:\/\/acefootball.com\/da\/fodboldnyheder\/niels-frederiksen-med-kontraktudloeb-om-10-maaneder-man-ved-jo-aldrig\/#webpage\"},\"author\":{\"@id\":\"https:\/\/acefootball.com\/da\/#\/schema\/person\/017c0abe4a8e92938220bf6c097dda93\"},\"headline\":\"Niels Frederiksen med kontraktudl\u00f8b om 10 m\u00e5neder: Man ved jo aldrig\",\"datePublished\":\"2020-08-25T06:22:56+00:00\",\"dateModified\":\"2020-08-25T06:24:01+00:00\",\"mainEntityOfPage\":{\"@id\":\"https:\/\/acefootball.com\/da\/fodboldnyheder\/niels-frederiksen-med-kontraktudloeb-om-10-maaneder-man-ved-jo-aldrig\/#webpage\"},\"wordCount\":205,\"commentCount\":0,\"publisher\":{\"@id\":\"https:\/\/acefootball.com\/da\/#organization\"},\"image\":{\"@id\":\"https:\/\/acefootball.com\/da\/fodboldnyheder\/niels-frederiksen-med-kontraktudloeb-om-10-maaneder-man-ved-jo-aldrig\/#primaryimage\"},\"thumbnailUrl\":\"https:\/\/acefootball.com\/da\/wp-content\/uploads\/sites\/2\/2020\/08\/GettyImages-1224892517.jpg\",\"keywords\":[\"Br\u00f8ndby IF\",\"Niels Frederiksen\"],\"articleSection\":[\"Udtalelse\"],\"inLanguage\":\"en-US\",\"potentialAction\":[{\"@type\":\"CommentAction\",\"name\":\"Comment\",\"target\":[\"https:\/\/acefootball.com\/da\/fodboldnyheder\/niels-frederiksen-med-kontraktudloeb-om-10-maaneder-man-ved-jo-aldrig\/#respond\"]}]},{\"@type\":\"Person\",\"@id\":\"https:\/\/acefootball.com\/da\/#\/schema\/person\/017c0abe4a8e92938220bf6c097dda93\",\"name\":\"Mikki M\u00f8ller-Iversen\",\"image\":{\"@type\":\"ImageObject\",\"@id\":\"https:\/\/acefootball.com\/da\/#personlogo\",\"inLanguage\":\"en-US\",\"url\":\"https:\/\/secure.gravatar.com\/avatar\/e05b419e8b5ae5fcf516800181b96aa2?s=96&d=mm&r=g\",\"contentUrl\":\"https:\/\/secure.gravatar.com\/avatar\/e05b419e8b5ae5fcf516800181b96aa2?s=96&d=mm&r=g\",\"caption\":\"Mikki M\u00f8ller-Iversen\"},\"description\":\"Social Media Manager and writer at Ace Football. Main focus on Danish football and special stories.\",\"sameAs\":[\"https:\/\/www.linkedin.com\/in\/mikki-mller-iversen-26a3a689\/\"],\"url\":\"https:\/\/acefootball.com\/da\/fodboldnyheder\/author\/mmironaldo\/\"}]}<\/script>\n<!-- \/ Yoast SEO plugin. -->","yoast_head_json":{"title":"Niels Frederiksen med kontraktudl\u00f8b om 10 m\u00e5neder: Man ved jo aldrig","description":"Br\u00f8ndbys cheftr\u00e6ner Niels Frederiksen har kontraktudl\u00f8b i juni 2021. Det bruger han dog ikke selv meget energi p\u00e5","robots":{"index":"index","follow":"follow","max-snippet":"max-snippet:-1","max-image-preview":"max-image-preview:large","max-video-preview":"max-video-preview:-1"},"canonical":"https:\/\/acefootball.com\/da\/fodboldnyheder\/niels-frederiksen-med-kontraktudloeb-om-10-maaneder-man-ved-jo-aldrig\/","og_locale":"en_US","og_type":"article","og_title":"Niels Frederiksen med kontraktudl\u00f8b om 10 m\u00e5neder: Man ved jo aldrig","og_description":"Br\u00f8ndbys cheftr\u00e6ner Niels Frederiksen har kontraktudl\u00f8b i juni 2021. Det bruger han dog ikke selv meget energi p\u00e5","og_url":"https:\/\/acefootball.com\/da\/fodboldnyheder\/niels-frederiksen-med-kontraktudloeb-om-10-maaneder-man-ved-jo-aldrig\/","og_site_name":"Ace Football Danmark","article_publisher":"https:\/\/www.facebook.com\/acefootballdk","article_published_time":"2020-08-25T06:22:56+00:00","article_modified_time":"2020-08-25T06:24:01+00:00","og_image":[{"width":1024,"height":683,"url":"https:\/\/acefootball.com\/da\/wp-content\/uploads\/sites\/2\/2020\/08\/GettyImages-1224892517.jpg","type":"image\/jpeg"}],"twitter_card":"summary_large_image","twitter_misc":{"Written by":"Mikki M\u00f8ller-Iversen","Est. reading time":"1 minute"},"schema":{"@context":"https:\/\/schema.org","@graph":[{"@type":"Organization","@id":"https:\/\/acefootball.com\/da\/#organization","name":"Ace Football","url":"https:\/\/acefootball.com\/da\/","sameAs":["https:\/\/www.facebook.com\/acefootballdk"],"logo":{"@type":"ImageObject","@id":"https:\/\/acefootball.com\/da\/#logo","inLanguage":"en-US","url":"https:\/\/acefootball.com\/da\/wp-content\/uploads\/sites\/2\/2020\/07\/Ace-Football-30-07-2020-2.png","contentUrl":"https:\/\/acefootball.com\/da\/wp-content\/uploads\/sites\/2\/2020\/07\/Ace-Football-30-07-2020-2.png","width":1200,"height":600,"caption":"Ace Football"},"image":{"@id":"https:\/\/acefootball.com\/da\/#logo"}},{"@type":"WebSite","@id":"https:\/\/acefootball.com\/da\/#website","url":"https:\/\/acefootball.com\/da\/","name":"Ace Football Danmark","description":"Nyheder, Spiltips &amp; Livescore","publisher":{"@id":"https:\/\/acefootball.com\/da\/#organization"},"potentialAction":[{"@type":"SearchAction","target":{"@type":"EntryPoint","urlTemplate":"https:\/\/acefootball.com\/da\/?s={search_term_string}"},"query-input":"required name=search_term_string"}],"inLanguage":"en-US"},{"@type":"ImageObject","@id":"https:\/\/acefootball.com\/da\/fodboldnyheder\/niels-frederiksen-med-kontraktudloeb-om-10-maaneder-man-ved-jo-aldrig\/#primaryimage","inLanguage":"en-US","url":"https:\/\/acefootball.com\/da\/wp-content\/uploads\/sites\/2\/2020\/08\/GettyImages-1224892517.jpg","contentUrl":"https:\/\/acefootball.com\/da\/wp-content\/uploads\/sites\/2\/2020\/08\/GettyImages-1224892517.jpg","width":1024,"height":683,"caption":"AALBORG, DENMARK - JULY 05: Niels Frederiksen, head coach of Brondby IF before the Danish 3F Superliga match between AaB Aalborg and Brondby IF at Aalborg Portland Park on July 5, 2020 in Aalborg, Denmark. (Photo by Claus Bonnerup \/ FrontZoneSport via Getty Images)"},{"@type":"WebPage","@id":"https:\/\/acefootball.com\/da\/fodboldnyheder\/niels-frederiksen-med-kontraktudloeb-om-10-maaneder-man-ved-jo-aldrig\/#webpage","url":"https:\/\/acefootball.com\/da\/fodboldnyheder\/niels-frederiksen-med-kontraktudloeb-om-10-maaneder-man-ved-jo-aldrig\/","name":"Niels Frederiksen med kontraktudl\u00f8b om 10 m\u00e5neder: Man ved jo aldrig","isPartOf":{"@id":"https:\/\/acefootball.com\/da\/#website"},"primaryImageOfPage":{"@id":"https:\/\/acefootball.com\/da\/fodboldnyheder\/niels-frederiksen-med-kontraktudloeb-om-10-maaneder-man-ved-jo-aldrig\/#primaryimage"},"datePublished":"2020-08-25T06:22:56+00:00","dateModified":"2020-08-25T06:24:01+00:00","description":"Br\u00f8ndbys cheftr\u00e6ner Niels Frederiksen har kontraktudl\u00f8b i juni 2021. Det bruger han dog ikke selv meget energi p\u00e5","breadcrumb":{"@id":"https:\/\/acefootball.com\/da\/fodboldnyheder\/niels-frederiksen-med-kontraktudloeb-om-10-maaneder-man-ved-jo-aldrig\/#breadcrumb"},"inLanguage":"en-US","potentialAction":[{"@type":"ReadAction","target":["https:\/\/acefootball.com\/da\/fodboldnyheder\/niels-frederiksen-med-kontraktudloeb-om-10-maaneder-man-ved-jo-aldrig\/"]}]},{"@type":"BreadcrumbList","@id":"https:\/\/acefootball.com\/da\/fodboldnyheder\/niels-frederiksen-med-kontraktudloeb-om-10-maaneder-man-ved-jo-aldrig\/#breadcrumb","itemListElement":[{"@type":"ListItem","position":1,"name":"Home","item":"https:\/\/acefootball.com\/da\/"},{"@type":"ListItem","position":2,"name":"Niels Frederiksen med kontraktudl\u00f8b om 10 m\u00e5neder: Man ved jo aldrig"}]},{"@type":"Article","@id":"https:\/\/acefootball.com\/da\/fodboldnyheder\/niels-frederiksen-med-kontraktudloeb-om-10-maaneder-man-ved-jo-aldrig\/#article","isPartOf":{"@id":"https:\/\/acefootball.com\/da\/fodboldnyheder\/niels-frederiksen-med-kontraktudloeb-om-10-maaneder-man-ved-jo-aldrig\/#webpage"},"author":{"@id":"https:\/\/acefootball.com\/da\/#\/schema\/person\/017c0abe4a8e92938220bf6c097dda93"},"headline":"Niels Frederiksen med kontraktudl\u00f8b om 10 m\u00e5neder: Man ved jo aldrig","datePublished":"2020-08-25T06:22:56+00:00","dateModified":"2020-08-25T06:24:01+00:00","mainEntityOfPage":{"@id":"https:\/\/acefootball.com\/da\/fodboldnyheder\/niels-frederiksen-med-kontraktudloeb-om-10-maaneder-man-ved-jo-aldrig\/#webpage"},"wordCount":205,"commentCount":0,"publisher":{"@id":"https:\/\/acefootball.com\/da\/#organization"},"image":{"@id":"https:\/\/acefootball.com\/da\/fodboldnyheder\/niels-frederiksen-med-kontraktudloeb-om-10-maaneder-man-ved-jo-aldrig\/#primaryimage"},"thumbnailUrl":"https:\/\/acefootball.com\/da\/wp-content\/uploads\/sites\/2\/2020\/08\/GettyImages-1224892517.jpg","keywords":["Br\u00f8ndby IF","Niels Frederiksen"],"articleSection":["Udtalelse"],"inLanguage":"en-US","potentialAction":[{"@type":"CommentAction","name":"Comment","target":["https:\/\/acefootball.com\/da\/fodboldnyheder\/niels-frederiksen-med-kontraktudloeb-om-10-maaneder-man-ved-jo-aldrig\/#respond"]}]},{"@type":"Person","@id":"https:\/\/acefootball.com\/da\/#\/schema\/person\/017c0abe4a8e92938220bf6c097dda93","name":"Mikki M\u00f8ller-Iversen","image":{"@type":"ImageObject","@id":"https:\/\/acefootball.com\/da\/#personlogo","inLanguage":"en-US","url":"https:\/\/secure.gravatar.com\/avatar\/e05b419e8b5ae5fcf516800181b96aa2?s=96&d=mm&r=g","contentUrl":"https:\/\/secure.gravatar.com\/avatar\/e05b419e8b5ae5fcf516800181b96aa2?s=96&d=mm&r=g","caption":"Mikki M\u00f8ller-Iversen"},"description":"Social Media Manager and writer at Ace Football. Main focus on Danish football and special stories.","sameAs":["https:\/\/www.linkedin.com\/in\/mikki-mller-iversen-26a3a689\/"],"url":"https:\/\/acefootball.com\/da\/fodboldnyheder\/author\/mmironaldo\/"}]}},"fimg_url":"https:\/\/acefootball.com\/da\/wp-content\/uploads\/sites\/2\/2020\/08\/GettyImages-1224892517.jpg","_links":{"self":[{"href":"https:\/\/acefootball.com\/da\/wp-json\/wp\/v2\/posts\/235041"}],"collection":[{"href":"https:\/\/acefootball.com\/da\/wp-json\/wp\/v2\/posts"}],"about":[{"href":"https:\/\/acefootball.com\/da\/wp-json\/wp\/v2\/types\/post"}],"author":[{"embeddable":true,"href":"https:\/\/acefootball.com\/da\/wp-json\/wp\/v2\/users\/43"}],"replies":[{"embeddable":true,"href":"https:\/\/acefootball.com\/da\/wp-json\/wp\/v2\/comments?post=235041"}],"version-history":[{"count":0,"href":"https:\/\/acefootball.com\/da\/wp-json\/wp\/v2\/posts\/235041\/revisions"}],"wp:featuredmedia":[{"embeddable":true,"href":"https:\/\/acefootball.com\/da\/wp-json\/wp\/v2\/media\/235045"}],"wp:attachment":[{"href":"https:\/\/acefootball.com\/da\/wp-json\/wp\/v2\/media?parent=235041"}],"wp:term":[{"taxonomy":"category","embeddable":true,"href":"https:\/\/acefootball.com\/da\/wp-json\/wp\/v2\/categories?post=235041"},{"taxonomy":"post_tag","embeddable":true,"href":"https:\/\/acefootball.com\/da\/wp-json\/wp\/v2\/tags?post=235041"}],"curies":[{"name":"wp","href":"https:\/\/api.w.org\/{rel}","templated":true}]}}