{"id":235021,"date":"2020-08-24T19:08:45","date_gmt":"2020-08-24T17:08:45","guid":{"rendered":"https:\/\/acefootball.com\/da\/?p=235021"},"modified":"2020-08-24T19:08:46","modified_gmt":"2020-08-24T17:08:46","slug":"medie-stor-budkrig-om-rettighederne-til-landskampe","status":"publish","type":"post","link":"https:\/\/acefootball.com\/da\/fodboldnyheder\/medie-stor-budkrig-om-rettighederne-til-landskampe\/","title":{"rendered":"Medie: Stor budkrig om rettighederne til landskampe"},"content":{"rendered":"\n<h2>If\u00f8lge Ekstra Bladet er der udsigter til en st\u00f8rre budkrig om rettighederne til at vise det danske landsholds kampe i perioden 2022 til 2028<\/h2>\n\n\n\n<p>N\u00e5r landsholdet om kort tid tager hul p\u00e5 UEFA Nations League, skal de danske fans sl\u00e5 over p\u00e5 Discoverys kanaler for at se med, men s\u00e5dan bliver det muligvis kun et par \u00e5r mere.<\/p>\n\n\n\n<p>Aftalen udl\u00f8ber til sommeren 2022, og derfra ligger der en periode p\u00e5 seks \u00e5r klar til h\u00f8jest bydende.<\/p>\n\n\n\n<p>Og det st\u00e5r til at blive afgjort om f\u00e5 uger, da der allerede nu p\u00e5 onsdag er deadline for indgivelse af bud. S\u00e5dan skriver <a href=\"https:\/\/ekstrabladet.dk\/sport\/fodbold\/landsholdsfodbold\/tv-krig-om-landsholdet\/8261488\" target=\"_blank\" rel=\"noreferrer noopener\">Ekstra Bladet<\/a>.<\/p>\n\n\n\n<figure class=\"wp-block-embed-wordpress wp-block-embed is-type-wp-embed is-provider-ace-football-danmark\"><div class=\"wp-block-embed__wrapper\">\n<blockquote class=\"wp-embedded-content\" data-secret=\"Qdwa4cJnhT\"><a href=\"https:\/\/acefootball.com\/da\/fodboldnyheder\/hvor-skal-robert-skov-spille-paa-landsholdet-hjulmand-giver-svaret\/\">Hvor skal Robert Skov spille p\u00e5 landsholdet?: Hjulmand giver svaret<\/a><\/blockquote><iframe class=\"wp-embedded-content\" sandbox=\"allow-scripts\" security=\"restricted\" style=\"position: absolute; clip: rect(1px, 1px, 1px, 1px);\" title=\"&#8220;Hvor skal Robert Skov spille p\u00e5 landsholdet?: Hjulmand giver svaret&#8221; &#8212; Ace Football Danmark\" src=\"https:\/\/acefootball.com\/da\/fodboldnyheder\/hvor-skal-robert-skov-spille-paa-landsholdet-hjulmand-giver-svaret\/embed\/#?secret=Qdwa4cJnhT\" data-secret=\"Qdwa4cJnhT\" width=\"600\" height=\"338\" frameborder=\"0\" marginwidth=\"0\" marginheight=\"0\" scrolling=\"no\"><\/iframe>\n<\/div><\/figure>\n\n\n\n<p>Mediet skriver, at der kan komme et f\u00e6lles bud fra TV2 og DR om at sende landsholdets kampe, mens der formentlig kommer konkurrence fra Nent Group, som st\u00e5r bag Viasat-kanalerne.<\/p>\n\n\n\n<p>Mere usikkert er det med den nuv\u00e6rende rettighedsindehaver, Discovery, som st\u00e5r foran den sidste s\u00e6son med Europa League p\u00e5 programmet, mens man ogs\u00e5 tabte kampen om Champions League.<\/p>\n\n\n\n<p>Perioden 2022 til 2028 t\u00e6ller b\u00e5de EM 2024 og 2028 samt kvalifikationen hertil. Derudover er der ogs\u00e5 VM i 2026 og tre omgange af Nations League.<\/p>\n","protected":false},"excerpt":{"rendered":"<p>If\u00f8lge Ekstra Bladet er der udsigter til en st\u00f8rre budkrig om rettighederne til at vise det danske landsholds kampe i perioden 2022 til 2028<\/p>\n","protected":false},"author":705,"featured_media":234511,"comment_status":"open","ping_status":"closed","sticky":false,"template":"","format":"standard","meta":{"om_disable_all_campaigns":false,"push_articles_ronaldo":{"active":false,"canonical":0,"publish":false},"force_updates":null},"categories":[1],"tags":[692],"enet_tags":{"team":["8238"],"sport_events":[]},"yoast_head":"<!-- This site is optimized with the Yoast SEO plugin v18.3 - https:\/\/yoast.com\/wordpress\/plugins\/seo\/ -->\n<title>Medie: Stor budkrig om rettighederne til landskampe<\/title>\n<meta name=\"description\" content=\"If\u00f8lge Ekstra Bladet er der udsigter til en st\u00f8rre budkrig om rettighederne til at vise det danske landsholds kampe i perioden 2022 til 2028\" \/>\n<meta name=\"robots\" content=\"index, follow, max-snippet:-1, max-image-preview:large, max-video-preview:-1\" \/>\n<link rel=\"canonical\" href=\"https:\/\/acefootball.com\/da\/fodboldnyheder\/medie-stor-budkrig-om-rettighederne-til-landskampe\/\" \/>\n<meta property=\"og:locale\" content=\"en_US\" \/>\n<meta property=\"og:type\" content=\"article\" \/>\n<meta property=\"og:title\" content=\"Medie: Stor budkrig om rettighederne til landskampe\" \/>\n<meta property=\"og:description\" content=\"If\u00f8lge Ekstra Bladet er der udsigter til en st\u00f8rre budkrig om rettighederne til at vise det danske landsholds kampe i perioden 2022 til 2028\" \/>\n<meta property=\"og:url\" content=\"https:\/\/acefootball.com\/da\/fodboldnyheder\/medie-stor-budkrig-om-rettighederne-til-landskampe\/\" \/>\n<meta property=\"og:site_name\" content=\"Ace Football Danmark\" \/>\n<meta property=\"article:publisher\" content=\"https:\/\/www.facebook.com\/acefootballdk\" \/>\n<meta property=\"article:published_time\" content=\"2020-08-24T17:08:45+00:00\" \/>\n<meta property=\"article:modified_time\" content=\"2020-08-24T17:08:46+00:00\" \/>\n<meta property=\"og:image\" content=\"https:\/\/acefootball.com\/da\/wp-content\/uploads\/sites\/2\/2020\/08\/GettyImages-1175411542.jpg\" \/>\n\t<meta property=\"og:image:width\" content=\"1024\" \/>\n\t<meta property=\"og:image:height\" content=\"646\" \/>\n\t<meta property=\"og:image:type\" content=\"image\/jpeg\" \/>\n<meta name=\"twitter:card\" content=\"summary_large_image\" \/>\n<meta name=\"twitter:label1\" content=\"Written by\" \/>\n\t<meta name=\"twitter:data1\" content=\"Mads Dreyer\" \/>\n\t<meta name=\"twitter:label2\" content=\"Est. reading time\" \/>\n\t<meta name=\"twitter:data2\" content=\"1 minute\" \/>\n<script type=\"application\/ld+json\" class=\"yoast-schema-graph\">{\"@context\":\"https:\/\/schema.org\",\"@graph\":[{\"@type\":\"Organization\",\"@id\":\"https:\/\/acefootball.com\/da\/#organization\",\"name\":\"Ace Football\",\"url\":\"https:\/\/acefootball.com\/da\/\",\"sameAs\":[\"https:\/\/www.facebook.com\/acefootballdk\"],\"logo\":{\"@type\":\"ImageObject\",\"@id\":\"https:\/\/acefootball.com\/da\/#logo\",\"inLanguage\":\"en-US\",\"url\":\"https:\/\/acefootball.com\/da\/wp-content\/uploads\/sites\/2\/2020\/07\/Ace-Football-30-07-2020-2.png\",\"contentUrl\":\"https:\/\/acefootball.com\/da\/wp-content\/uploads\/sites\/2\/2020\/07\/Ace-Football-30-07-2020-2.png\",\"width\":1200,\"height\":600,\"caption\":\"Ace Football\"},\"image\":{\"@id\":\"https:\/\/acefootball.com\/da\/#logo\"}},{\"@type\":\"WebSite\",\"@id\":\"https:\/\/acefootball.com\/da\/#website\",\"url\":\"https:\/\/acefootball.com\/da\/\",\"name\":\"Ace Football Danmark\",\"description\":\"Nyheder, Spiltips &amp; Livescore\",\"publisher\":{\"@id\":\"https:\/\/acefootball.com\/da\/#organization\"},\"potentialAction\":[{\"@type\":\"SearchAction\",\"target\":{\"@type\":\"EntryPoint\",\"urlTemplate\":\"https:\/\/acefootball.com\/da\/?s={search_term_string}\"},\"query-input\":\"required name=search_term_string\"}],\"inLanguage\":\"en-US\"},{\"@type\":\"ImageObject\",\"@id\":\"https:\/\/acefootball.com\/da\/fodboldnyheder\/medie-stor-budkrig-om-rettighederne-til-landskampe\/#primaryimage\",\"inLanguage\":\"en-US\",\"url\":\"https:\/\/acefootball.com\/da\/wp-content\/uploads\/sites\/2\/2020\/08\/GettyImages-1175411542.jpg\",\"contentUrl\":\"https:\/\/acefootball.com\/da\/wp-content\/uploads\/sites\/2\/2020\/08\/GettyImages-1175411542.jpg\",\"width\":1024,\"height\":646,\"caption\":\"COPENHAGEN, DENMARK - OCTOBER 12: The players of Denmark celebrate after the 1-0 goal scored by Yussuf Poulsen during the UEFA EURO 2020 Qual. Group D match between Denmark and Switzerland at Telia Parken on October 12, 2019 in Copenhagen, Denmark. (Photo by Lars Ronbog \/ FrontZoneSport via Getty Images)\"},{\"@type\":\"WebPage\",\"@id\":\"https:\/\/acefootball.com\/da\/fodboldnyheder\/medie-stor-budkrig-om-rettighederne-til-landskampe\/#webpage\",\"url\":\"https:\/\/acefootball.com\/da\/fodboldnyheder\/medie-stor-budkrig-om-rettighederne-til-landskampe\/\",\"name\":\"Medie: Stor budkrig om rettighederne til landskampe\",\"isPartOf\":{\"@id\":\"https:\/\/acefootball.com\/da\/#website\"},\"primaryImageOfPage\":{\"@id\":\"https:\/\/acefootball.com\/da\/fodboldnyheder\/medie-stor-budkrig-om-rettighederne-til-landskampe\/#primaryimage\"},\"datePublished\":\"2020-08-24T17:08:45+00:00\",\"dateModified\":\"2020-08-24T17:08:46+00:00\",\"description\":\"If\u00f8lge Ekstra Bladet er der udsigter til en st\u00f8rre budkrig om rettighederne til at vise det danske landsholds kampe i perioden 2022 til 2028\",\"breadcrumb\":{\"@id\":\"https:\/\/acefootball.com\/da\/fodboldnyheder\/medie-stor-budkrig-om-rettighederne-til-landskampe\/#breadcrumb\"},\"inLanguage\":\"en-US\",\"potentialAction\":[{\"@type\":\"ReadAction\",\"target\":[\"https:\/\/acefootball.com\/da\/fodboldnyheder\/medie-stor-budkrig-om-rettighederne-til-landskampe\/\"]}]},{\"@type\":\"BreadcrumbList\",\"@id\":\"https:\/\/acefootball.com\/da\/fodboldnyheder\/medie-stor-budkrig-om-rettighederne-til-landskampe\/#breadcrumb\",\"itemListElement\":[{\"@type\":\"ListItem\",\"position\":1,\"name\":\"Home\",\"item\":\"https:\/\/acefootball.com\/da\/\"},{\"@type\":\"ListItem\",\"position\":2,\"name\":\"Medie: Stor budkrig om rettighederne til landskampe\"}]},{\"@type\":\"Article\",\"@id\":\"https:\/\/acefootball.com\/da\/fodboldnyheder\/medie-stor-budkrig-om-rettighederne-til-landskampe\/#article\",\"isPartOf\":{\"@id\":\"https:\/\/acefootball.com\/da\/fodboldnyheder\/medie-stor-budkrig-om-rettighederne-til-landskampe\/#webpage\"},\"author\":{\"@id\":\"https:\/\/acefootball.com\/da\/#\/schema\/person\/ee67e9cf04a276f144100ffa722f10cd\"},\"headline\":\"Medie: Stor budkrig om rettighederne til landskampe\",\"datePublished\":\"2020-08-24T17:08:45+00:00\",\"dateModified\":\"2020-08-24T17:08:46+00:00\",\"mainEntityOfPage\":{\"@id\":\"https:\/\/acefootball.com\/da\/fodboldnyheder\/medie-stor-budkrig-om-rettighederne-til-landskampe\/#webpage\"},\"wordCount\":206,\"commentCount\":0,\"publisher\":{\"@id\":\"https:\/\/acefootball.com\/da\/#organization\"},\"image\":{\"@id\":\"https:\/\/acefootball.com\/da\/fodboldnyheder\/medie-stor-budkrig-om-rettighederne-til-landskampe\/#primaryimage\"},\"thumbnailUrl\":\"https:\/\/acefootball.com\/da\/wp-content\/uploads\/sites\/2\/2020\/08\/GettyImages-1175411542.jpg\",\"keywords\":[\"Danmark\"],\"articleSection\":[\"Nyhed\"],\"inLanguage\":\"en-US\",\"potentialAction\":[{\"@type\":\"CommentAction\",\"name\":\"Comment\",\"target\":[\"https:\/\/acefootball.com\/da\/fodboldnyheder\/medie-stor-budkrig-om-rettighederne-til-landskampe\/#respond\"]}]},{\"@type\":\"Person\",\"@id\":\"https:\/\/acefootball.com\/da\/#\/schema\/person\/ee67e9cf04a276f144100ffa722f10cd\",\"name\":\"Mads Dreyer\",\"image\":{\"@type\":\"ImageObject\",\"@id\":\"https:\/\/acefootball.com\/da\/#personlogo\",\"inLanguage\":\"en-US\",\"url\":\"https:\/\/secure.gravatar.com\/avatar\/7c7abf72cfde9902b6a60efe60c88d4c?s=96&d=mm&r=g\",\"contentUrl\":\"https:\/\/secure.gravatar.com\/avatar\/7c7abf72cfde9902b6a60efe60c88d4c?s=96&d=mm&r=g\",\"caption\":\"Mads Dreyer\"},\"description\":\"Skribent og fodboldn\u00f8rd, der lige nu fort\u00e6ller om alt og intet i fodboldverdenen p\u00e5 acefootball.com. Uddannet i kommunikation fra Aalborg Universitet.\",\"sameAs\":[\"https:\/\/www.linkedin.com\/in\/mads-dreyer-b9b08266\/\"],\"url\":\"https:\/\/acefootball.com\/da\/fodboldnyheder\/author\/mdnronaldo\/\"}]}<\/script>\n<!-- \/ Yoast SEO plugin. -->","yoast_head_json":{"title":"Medie: Stor budkrig om rettighederne til landskampe","description":"If\u00f8lge Ekstra Bladet er der udsigter til en st\u00f8rre budkrig om rettighederne til at vise det danske landsholds kampe i perioden 2022 til 2028","robots":{"index":"index","follow":"follow","max-snippet":"max-snippet:-1","max-image-preview":"max-image-preview:large","max-video-preview":"max-video-preview:-1"},"canonical":"https:\/\/acefootball.com\/da\/fodboldnyheder\/medie-stor-budkrig-om-rettighederne-til-landskampe\/","og_locale":"en_US","og_type":"article","og_title":"Medie: Stor budkrig om rettighederne til landskampe","og_description":"If\u00f8lge Ekstra Bladet er der udsigter til en st\u00f8rre budkrig om rettighederne til at vise det danske landsholds kampe i perioden 2022 til 2028","og_url":"https:\/\/acefootball.com\/da\/fodboldnyheder\/medie-stor-budkrig-om-rettighederne-til-landskampe\/","og_site_name":"Ace Football Danmark","article_publisher":"https:\/\/www.facebook.com\/acefootballdk","article_published_time":"2020-08-24T17:08:45+00:00","article_modified_time":"2020-08-24T17:08:46+00:00","og_image":[{"width":1024,"height":646,"url":"https:\/\/acefootball.com\/da\/wp-content\/uploads\/sites\/2\/2020\/08\/GettyImages-1175411542.jpg","type":"image\/jpeg"}],"twitter_card":"summary_large_image","twitter_misc":{"Written by":"Mads Dreyer","Est. reading time":"1 minute"},"schema":{"@context":"https:\/\/schema.org","@graph":[{"@type":"Organization","@id":"https:\/\/acefootball.com\/da\/#organization","name":"Ace Football","url":"https:\/\/acefootball.com\/da\/","sameAs":["https:\/\/www.facebook.com\/acefootballdk"],"logo":{"@type":"ImageObject","@id":"https:\/\/acefootball.com\/da\/#logo","inLanguage":"en-US","url":"https:\/\/acefootball.com\/da\/wp-content\/uploads\/sites\/2\/2020\/07\/Ace-Football-30-07-2020-2.png","contentUrl":"https:\/\/acefootball.com\/da\/wp-content\/uploads\/sites\/2\/2020\/07\/Ace-Football-30-07-2020-2.png","width":1200,"height":600,"caption":"Ace Football"},"image":{"@id":"https:\/\/acefootball.com\/da\/#logo"}},{"@type":"WebSite","@id":"https:\/\/acefootball.com\/da\/#website","url":"https:\/\/acefootball.com\/da\/","name":"Ace Football Danmark","description":"Nyheder, Spiltips &amp; Livescore","publisher":{"@id":"https:\/\/acefootball.com\/da\/#organization"},"potentialAction":[{"@type":"SearchAction","target":{"@type":"EntryPoint","urlTemplate":"https:\/\/acefootball.com\/da\/?s={search_term_string}"},"query-input":"required name=search_term_string"}],"inLanguage":"en-US"},{"@type":"ImageObject","@id":"https:\/\/acefootball.com\/da\/fodboldnyheder\/medie-stor-budkrig-om-rettighederne-til-landskampe\/#primaryimage","inLanguage":"en-US","url":"https:\/\/acefootball.com\/da\/wp-content\/uploads\/sites\/2\/2020\/08\/GettyImages-1175411542.jpg","contentUrl":"https:\/\/acefootball.com\/da\/wp-content\/uploads\/sites\/2\/2020\/08\/GettyImages-1175411542.jpg","width":1024,"height":646,"caption":"COPENHAGEN, DENMARK - OCTOBER 12: The players of Denmark celebrate after the 1-0 goal scored by Yussuf Poulsen during the UEFA EURO 2020 Qual. Group D match between Denmark and Switzerland at Telia Parken on October 12, 2019 in Copenhagen, Denmark. (Photo by Lars Ronbog \/ FrontZoneSport via Getty Images)"},{"@type":"WebPage","@id":"https:\/\/acefootball.com\/da\/fodboldnyheder\/medie-stor-budkrig-om-rettighederne-til-landskampe\/#webpage","url":"https:\/\/acefootball.com\/da\/fodboldnyheder\/medie-stor-budkrig-om-rettighederne-til-landskampe\/","name":"Medie: Stor budkrig om rettighederne til landskampe","isPartOf":{"@id":"https:\/\/acefootball.com\/da\/#website"},"primaryImageOfPage":{"@id":"https:\/\/acefootball.com\/da\/fodboldnyheder\/medie-stor-budkrig-om-rettighederne-til-landskampe\/#primaryimage"},"datePublished":"2020-08-24T17:08:45+00:00","dateModified":"2020-08-24T17:08:46+00:00","description":"If\u00f8lge Ekstra Bladet er der udsigter til en st\u00f8rre budkrig om rettighederne til at vise det danske landsholds kampe i perioden 2022 til 2028","breadcrumb":{"@id":"https:\/\/acefootball.com\/da\/fodboldnyheder\/medie-stor-budkrig-om-rettighederne-til-landskampe\/#breadcrumb"},"inLanguage":"en-US","potentialAction":[{"@type":"ReadAction","target":["https:\/\/acefootball.com\/da\/fodboldnyheder\/medie-stor-budkrig-om-rettighederne-til-landskampe\/"]}]},{"@type":"BreadcrumbList","@id":"https:\/\/acefootball.com\/da\/fodboldnyheder\/medie-stor-budkrig-om-rettighederne-til-landskampe\/#breadcrumb","itemListElement":[{"@type":"ListItem","position":1,"name":"Home","item":"https:\/\/acefootball.com\/da\/"},{"@type":"ListItem","position":2,"name":"Medie: Stor budkrig om rettighederne til landskampe"}]},{"@type":"Article","@id":"https:\/\/acefootball.com\/da\/fodboldnyheder\/medie-stor-budkrig-om-rettighederne-til-landskampe\/#article","isPartOf":{"@id":"https:\/\/acefootball.com\/da\/fodboldnyheder\/medie-stor-budkrig-om-rettighederne-til-landskampe\/#webpage"},"author":{"@id":"https:\/\/acefootball.com\/da\/#\/schema\/person\/ee67e9cf04a276f144100ffa722f10cd"},"headline":"Medie: Stor budkrig om rettighederne til landskampe","datePublished":"2020-08-24T17:08:45+00:00","dateModified":"2020-08-24T17:08:46+00:00","mainEntityOfPage":{"@id":"https:\/\/acefootball.com\/da\/fodboldnyheder\/medie-stor-budkrig-om-rettighederne-til-landskampe\/#webpage"},"wordCount":206,"commentCount":0,"publisher":{"@id":"https:\/\/acefootball.com\/da\/#organization"},"image":{"@id":"https:\/\/acefootball.com\/da\/fodboldnyheder\/medie-stor-budkrig-om-rettighederne-til-landskampe\/#primaryimage"},"thumbnailUrl":"https:\/\/acefootball.com\/da\/wp-content\/uploads\/sites\/2\/2020\/08\/GettyImages-1175411542.jpg","keywords":["Danmark"],"articleSection":["Nyhed"],"inLanguage":"en-US","potentialAction":[{"@type":"CommentAction","name":"Comment","target":["https:\/\/acefootball.com\/da\/fodboldnyheder\/medie-stor-budkrig-om-rettighederne-til-landskampe\/#respond"]}]},{"@type":"Person","@id":"https:\/\/acefootball.com\/da\/#\/schema\/person\/ee67e9cf04a276f144100ffa722f10cd","name":"Mads Dreyer","image":{"@type":"ImageObject","@id":"https:\/\/acefootball.com\/da\/#personlogo","inLanguage":"en-US","url":"https:\/\/secure.gravatar.com\/avatar\/7c7abf72cfde9902b6a60efe60c88d4c?s=96&d=mm&r=g","contentUrl":"https:\/\/secure.gravatar.com\/avatar\/7c7abf72cfde9902b6a60efe60c88d4c?s=96&d=mm&r=g","caption":"Mads Dreyer"},"description":"Skribent og fodboldn\u00f8rd, der lige nu fort\u00e6ller om alt og intet i fodboldverdenen p\u00e5 acefootball.com. Uddannet i kommunikation fra Aalborg Universitet.","sameAs":["https:\/\/www.linkedin.com\/in\/mads-dreyer-b9b08266\/"],"url":"https:\/\/acefootball.com\/da\/fodboldnyheder\/author\/mdnronaldo\/"}]}},"fimg_url":"https:\/\/acefootball.com\/da\/wp-content\/uploads\/sites\/2\/2020\/08\/GettyImages-1175411542.jpg","_links":{"self":[{"href":"https:\/\/acefootball.com\/da\/wp-json\/wp\/v2\/posts\/235021"}],"collection":[{"href":"https:\/\/acefootball.com\/da\/wp-json\/wp\/v2\/posts"}],"about":[{"href":"https:\/\/acefootball.com\/da\/wp-json\/wp\/v2\/types\/post"}],"author":[{"embeddable":true,"href":"https:\/\/acefootball.com\/da\/wp-json\/wp\/v2\/users\/705"}],"replies":[{"embeddable":true,"href":"https:\/\/acefootball.com\/da\/wp-json\/wp\/v2\/comments?post=235021"}],"version-history":[{"count":0,"href":"https:\/\/acefootball.com\/da\/wp-json\/wp\/v2\/posts\/235021\/revisions"}],"wp:featuredmedia":[{"embeddable":true,"href":"https:\/\/acefootball.com\/da\/wp-json\/wp\/v2\/media\/234511"}],"wp:attachment":[{"href":"https:\/\/acefootball.com\/da\/wp-json\/wp\/v2\/media?parent=235021"}],"wp:term":[{"taxonomy":"category","embeddable":true,"href":"https:\/\/acefootball.com\/da\/wp-json\/wp\/v2\/categories?post=235021"},{"taxonomy":"post_tag","embeddable":true,"href":"https:\/\/acefootball.com\/da\/wp-json\/wp\/v2\/tags?post=235021"}],"curies":[{"name":"wp","href":"https:\/\/api.w.org\/{rel}","templated":true}]}}