{"id":235008,"date":"2020-08-24T17:23:33","date_gmt":"2020-08-24T15:23:33","guid":{"rendered":"https:\/\/acefootball.com\/da\/?p=235008"},"modified":"2020-08-24T17:24:59","modified_gmt":"2020-08-24T15:24:59","slug":"spansk-klub-vil-fyre-halvdelen-af-spillertruppen","status":"publish","type":"post","link":"https:\/\/acefootball.com\/da\/fodboldnyheder\/spansk-klub-vil-fyre-halvdelen-af-spillertruppen\/","title":{"rendered":"Spansk klub vil fyre halvdelen af spillertruppen"},"content":{"rendered":"\n<h2>Den spanske klub M\u00e1laga CF er i s\u00e5 store \u00f8konomiske problemer, at der m\u00e5 afskediges en st\u00f8rre del af den aktuelle spillertrup<\/h2>\n\n\n\n<p>Corona-krisen har v\u00e6ret h\u00e5rd ved de professionelle fodboldklubber, men for visse klubber har det v\u00e6ret t\u00e6t p\u00e5 et d\u00f8dsst\u00f8d.<\/p>\n\n\n\n<p>Det er blandt andet tilf\u00e6ldet i den spanske klub M\u00e1laga CF, som sluttede midt i landets n\u00e6stbedste r\u00e6kke i den forgangne s\u00e6son.<\/p>\n\n\n\n<p>Klubben har s\u00e5ledes meddelt, at man vil starte en kollektiv afskedigelse i f\u00f8rsteholdstruppen p\u00e5 grund af besparinger. Det fremg\u00e5r af den officielle <a href=\"https:\/\/www.malagacf.com\/en\/news\/malaga-cf-statement-12\" target=\"_blank\" rel=\"noreferrer noopener\">hjemmeside<\/a>.<\/p>\n\n\n\n<figure class=\"wp-block-embed-wordpress wp-block-embed is-type-wp-embed is-provider-ace-football-danmark\"><div class=\"wp-block-embed__wrapper\">\n<blockquote class=\"wp-embedded-content\" data-secret=\"jIjyNrsPVP\"><a href=\"https:\/\/acefootball.com\/da\/fodboldnyheder\/mandagens-transferrygter-manchester-united-dropper-sancho\/\">Mandagens transferrygter: Manchester United dropper Sancho<\/a><\/blockquote><iframe class=\"wp-embedded-content\" sandbox=\"allow-scripts\" security=\"restricted\" style=\"position: absolute; clip: rect(1px, 1px, 1px, 1px);\" title=\"&#8220;Mandagens transferrygter: Manchester United dropper Sancho&#8221; &#8212; Ace Football Danmark\" src=\"https:\/\/acefootball.com\/da\/fodboldnyheder\/mandagens-transferrygter-manchester-united-dropper-sancho\/embed\/#?secret=jIjyNrsPVP\" data-secret=\"jIjyNrsPVP\" width=\"600\" height=\"338\" frameborder=\"0\" marginwidth=\"0\" marginheight=\"0\" scrolling=\"no\"><\/iframe>\n<\/div><\/figure>\n\n\n\n<p>Det oplyses ikke pr\u00e6cist, hvor mange spillere der st\u00e5r til at forlade den andalusiske klub, men hos <a href=\"https:\/\/www.marca.com\/futbol\/malaga\/2020\/08\/24\/5f43bdd346163f0a7e8b4582.html\" target=\"_blank\" rel=\"noreferrer noopener\">Marca <\/a>forventer man, at det bliver p\u00e5 den gode side af 10 mand, med mindre der dukker et spillersalg op.<\/p>\n\n\n\n<p>Det forlyder desuden, at man vil nedbringe l\u00f8nomkostningerne, s\u00e5 ingen spillere i truppen har en \u00e5rsl\u00f8n p\u00e5 mere end 1,5 millioner kroner.<\/p>\n","protected":false},"excerpt":{"rendered":"<p>Den spanske klub M\u00e1laga CF er i s\u00e5 store \u00f8konomiske problemer, at der m\u00e5 afskediges en st\u00f8rre del af den aktuelle spillertrup<\/p>\n","protected":false},"author":705,"featured_media":235010,"comment_status":"open","ping_status":"closed","sticky":false,"template":"","format":"standard","meta":{"om_disable_all_campaigns":false,"push_articles_ronaldo":{"active":false,"canonical":0,"publish":false},"force_updates":null},"categories":[1],"tags":[625],"enet_tags":{"team":["9864"],"sport_events":[]},"yoast_head":"<!-- This site is optimized with the Yoast SEO plugin v18.3 - https:\/\/yoast.com\/wordpress\/plugins\/seo\/ -->\n<title>Spansk klub vil fyre halvdelen af spillertruppen<\/title>\n<meta name=\"description\" content=\"Den spanske klub M\u00e1laga CF er i s\u00e5 store \u00f8konomiske problemer, at der m\u00e5 afskediges en st\u00f8rre del af den aktuelle spillertrup\" \/>\n<meta name=\"robots\" content=\"index, follow, max-snippet:-1, max-image-preview:large, max-video-preview:-1\" \/>\n<link rel=\"canonical\" href=\"https:\/\/acefootball.com\/da\/fodboldnyheder\/spansk-klub-vil-fyre-halvdelen-af-spillertruppen\/\" \/>\n<meta property=\"og:locale\" content=\"en_US\" \/>\n<meta property=\"og:type\" content=\"article\" \/>\n<meta property=\"og:title\" content=\"Spansk klub vil fyre halvdelen af spillertruppen\" \/>\n<meta property=\"og:description\" content=\"Den spanske klub M\u00e1laga CF er i s\u00e5 store \u00f8konomiske problemer, at der m\u00e5 afskediges en st\u00f8rre del af den aktuelle spillertrup\" \/>\n<meta property=\"og:url\" content=\"https:\/\/acefootball.com\/da\/fodboldnyheder\/spansk-klub-vil-fyre-halvdelen-af-spillertruppen\/\" \/>\n<meta property=\"og:site_name\" content=\"Ace Football Danmark\" \/>\n<meta property=\"article:publisher\" content=\"https:\/\/www.facebook.com\/acefootballdk\" \/>\n<meta property=\"article:published_time\" content=\"2020-08-24T15:23:33+00:00\" \/>\n<meta property=\"article:modified_time\" content=\"2020-08-24T15:24:59+00:00\" \/>\n<meta property=\"og:image\" content=\"https:\/\/acefootball.com\/da\/wp-content\/uploads\/sites\/2\/2020\/08\/GettyImages-946648288.jpg\" \/>\n\t<meta property=\"og:image:width\" content=\"1024\" \/>\n\t<meta property=\"og:image:height\" content=\"709\" \/>\n\t<meta property=\"og:image:type\" content=\"image\/jpeg\" \/>\n<meta name=\"twitter:card\" content=\"summary_large_image\" \/>\n<meta name=\"twitter:label1\" content=\"Written by\" \/>\n\t<meta name=\"twitter:data1\" content=\"Mads Dreyer\" \/>\n\t<meta name=\"twitter:label2\" content=\"Est. reading time\" \/>\n\t<meta name=\"twitter:data2\" content=\"1 minute\" \/>\n<script type=\"application\/ld+json\" class=\"yoast-schema-graph\">{\"@context\":\"https:\/\/schema.org\",\"@graph\":[{\"@type\":\"Organization\",\"@id\":\"https:\/\/acefootball.com\/da\/#organization\",\"name\":\"Ace Football\",\"url\":\"https:\/\/acefootball.com\/da\/\",\"sameAs\":[\"https:\/\/www.facebook.com\/acefootballdk\"],\"logo\":{\"@type\":\"ImageObject\",\"@id\":\"https:\/\/acefootball.com\/da\/#logo\",\"inLanguage\":\"en-US\",\"url\":\"https:\/\/acefootball.com\/da\/wp-content\/uploads\/sites\/2\/2020\/07\/Ace-Football-30-07-2020-2.png\",\"contentUrl\":\"https:\/\/acefootball.com\/da\/wp-content\/uploads\/sites\/2\/2020\/07\/Ace-Football-30-07-2020-2.png\",\"width\":1200,\"height\":600,\"caption\":\"Ace Football\"},\"image\":{\"@id\":\"https:\/\/acefootball.com\/da\/#logo\"}},{\"@type\":\"WebSite\",\"@id\":\"https:\/\/acefootball.com\/da\/#website\",\"url\":\"https:\/\/acefootball.com\/da\/\",\"name\":\"Ace Football Danmark\",\"description\":\"Nyheder, Spiltips &amp; Livescore\",\"publisher\":{\"@id\":\"https:\/\/acefootball.com\/da\/#organization\"},\"potentialAction\":[{\"@type\":\"SearchAction\",\"target\":{\"@type\":\"EntryPoint\",\"urlTemplate\":\"https:\/\/acefootball.com\/da\/?s={search_term_string}\"},\"query-input\":\"required name=search_term_string\"}],\"inLanguage\":\"en-US\"},{\"@type\":\"ImageObject\",\"@id\":\"https:\/\/acefootball.com\/da\/fodboldnyheder\/spansk-klub-vil-fyre-halvdelen-af-spillertruppen\/#primaryimage\",\"inLanguage\":\"en-US\",\"url\":\"https:\/\/acefootball.com\/da\/wp-content\/uploads\/sites\/2\/2020\/08\/GettyImages-946648288.jpg\",\"contentUrl\":\"https:\/\/acefootball.com\/da\/wp-content\/uploads\/sites\/2\/2020\/08\/GettyImages-946648288.jpg\",\"width\":1024,\"height\":709,\"caption\":\"MALAGA, SPAIN - APRIL 15: Sergio Ramos of Real Madrid competes for the ball with Maxime Lestienne of Malaga during the La Liga match between Malaga CF and Real Madrid CF at Estadio La Rosaleda on April 15, 2018 in Malaga, Spain. (Photo by Aitor Alcalde\/Getty Images)\"},{\"@type\":\"WebPage\",\"@id\":\"https:\/\/acefootball.com\/da\/fodboldnyheder\/spansk-klub-vil-fyre-halvdelen-af-spillertruppen\/#webpage\",\"url\":\"https:\/\/acefootball.com\/da\/fodboldnyheder\/spansk-klub-vil-fyre-halvdelen-af-spillertruppen\/\",\"name\":\"Spansk klub vil fyre halvdelen af spillertruppen\",\"isPartOf\":{\"@id\":\"https:\/\/acefootball.com\/da\/#website\"},\"primaryImageOfPage\":{\"@id\":\"https:\/\/acefootball.com\/da\/fodboldnyheder\/spansk-klub-vil-fyre-halvdelen-af-spillertruppen\/#primaryimage\"},\"datePublished\":\"2020-08-24T15:23:33+00:00\",\"dateModified\":\"2020-08-24T15:24:59+00:00\",\"description\":\"Den spanske klub M\u00e1laga CF er i s\u00e5 store \u00f8konomiske problemer, at der m\u00e5 afskediges en st\u00f8rre del af den aktuelle spillertrup\",\"breadcrumb\":{\"@id\":\"https:\/\/acefootball.com\/da\/fodboldnyheder\/spansk-klub-vil-fyre-halvdelen-af-spillertruppen\/#breadcrumb\"},\"inLanguage\":\"en-US\",\"potentialAction\":[{\"@type\":\"ReadAction\",\"target\":[\"https:\/\/acefootball.com\/da\/fodboldnyheder\/spansk-klub-vil-fyre-halvdelen-af-spillertruppen\/\"]}]},{\"@type\":\"BreadcrumbList\",\"@id\":\"https:\/\/acefootball.com\/da\/fodboldnyheder\/spansk-klub-vil-fyre-halvdelen-af-spillertruppen\/#breadcrumb\",\"itemListElement\":[{\"@type\":\"ListItem\",\"position\":1,\"name\":\"Home\",\"item\":\"https:\/\/acefootball.com\/da\/\"},{\"@type\":\"ListItem\",\"position\":2,\"name\":\"Spansk klub vil fyre halvdelen af spillertruppen\"}]},{\"@type\":\"Article\",\"@id\":\"https:\/\/acefootball.com\/da\/fodboldnyheder\/spansk-klub-vil-fyre-halvdelen-af-spillertruppen\/#article\",\"isPartOf\":{\"@id\":\"https:\/\/acefootball.com\/da\/fodboldnyheder\/spansk-klub-vil-fyre-halvdelen-af-spillertruppen\/#webpage\"},\"author\":{\"@id\":\"https:\/\/acefootball.com\/da\/#\/schema\/person\/ee67e9cf04a276f144100ffa722f10cd\"},\"headline\":\"Spansk klub vil fyre halvdelen af spillertruppen\",\"datePublished\":\"2020-08-24T15:23:33+00:00\",\"dateModified\":\"2020-08-24T15:24:59+00:00\",\"mainEntityOfPage\":{\"@id\":\"https:\/\/acefootball.com\/da\/fodboldnyheder\/spansk-klub-vil-fyre-halvdelen-af-spillertruppen\/#webpage\"},\"wordCount\":176,\"commentCount\":0,\"publisher\":{\"@id\":\"https:\/\/acefootball.com\/da\/#organization\"},\"image\":{\"@id\":\"https:\/\/acefootball.com\/da\/fodboldnyheder\/spansk-klub-vil-fyre-halvdelen-af-spillertruppen\/#primaryimage\"},\"thumbnailUrl\":\"https:\/\/acefootball.com\/da\/wp-content\/uploads\/sites\/2\/2020\/08\/GettyImages-946648288.jpg\",\"keywords\":[\"Malaga\"],\"articleSection\":[\"Nyhed\"],\"inLanguage\":\"en-US\",\"potentialAction\":[{\"@type\":\"CommentAction\",\"name\":\"Comment\",\"target\":[\"https:\/\/acefootball.com\/da\/fodboldnyheder\/spansk-klub-vil-fyre-halvdelen-af-spillertruppen\/#respond\"]}]},{\"@type\":\"Person\",\"@id\":\"https:\/\/acefootball.com\/da\/#\/schema\/person\/ee67e9cf04a276f144100ffa722f10cd\",\"name\":\"Mads Dreyer\",\"image\":{\"@type\":\"ImageObject\",\"@id\":\"https:\/\/acefootball.com\/da\/#personlogo\",\"inLanguage\":\"en-US\",\"url\":\"https:\/\/secure.gravatar.com\/avatar\/7c7abf72cfde9902b6a60efe60c88d4c?s=96&d=mm&r=g\",\"contentUrl\":\"https:\/\/secure.gravatar.com\/avatar\/7c7abf72cfde9902b6a60efe60c88d4c?s=96&d=mm&r=g\",\"caption\":\"Mads Dreyer\"},\"description\":\"Skribent og fodboldn\u00f8rd, der lige nu fort\u00e6ller om alt og intet i fodboldverdenen p\u00e5 acefootball.com. Uddannet i kommunikation fra Aalborg Universitet.\",\"sameAs\":[\"https:\/\/www.linkedin.com\/in\/mads-dreyer-b9b08266\/\"],\"url\":\"https:\/\/acefootball.com\/da\/fodboldnyheder\/author\/mdnronaldo\/\"}]}<\/script>\n<!-- \/ Yoast SEO plugin. -->","yoast_head_json":{"title":"Spansk klub vil fyre halvdelen af spillertruppen","description":"Den spanske klub M\u00e1laga CF er i s\u00e5 store \u00f8konomiske problemer, at der m\u00e5 afskediges en st\u00f8rre del af den aktuelle spillertrup","robots":{"index":"index","follow":"follow","max-snippet":"max-snippet:-1","max-image-preview":"max-image-preview:large","max-video-preview":"max-video-preview:-1"},"canonical":"https:\/\/acefootball.com\/da\/fodboldnyheder\/spansk-klub-vil-fyre-halvdelen-af-spillertruppen\/","og_locale":"en_US","og_type":"article","og_title":"Spansk klub vil fyre halvdelen af spillertruppen","og_description":"Den spanske klub M\u00e1laga CF er i s\u00e5 store \u00f8konomiske problemer, at der m\u00e5 afskediges en st\u00f8rre del af den aktuelle spillertrup","og_url":"https:\/\/acefootball.com\/da\/fodboldnyheder\/spansk-klub-vil-fyre-halvdelen-af-spillertruppen\/","og_site_name":"Ace Football Danmark","article_publisher":"https:\/\/www.facebook.com\/acefootballdk","article_published_time":"2020-08-24T15:23:33+00:00","article_modified_time":"2020-08-24T15:24:59+00:00","og_image":[{"width":1024,"height":709,"url":"https:\/\/acefootball.com\/da\/wp-content\/uploads\/sites\/2\/2020\/08\/GettyImages-946648288.jpg","type":"image\/jpeg"}],"twitter_card":"summary_large_image","twitter_misc":{"Written by":"Mads Dreyer","Est. reading time":"1 minute"},"schema":{"@context":"https:\/\/schema.org","@graph":[{"@type":"Organization","@id":"https:\/\/acefootball.com\/da\/#organization","name":"Ace Football","url":"https:\/\/acefootball.com\/da\/","sameAs":["https:\/\/www.facebook.com\/acefootballdk"],"logo":{"@type":"ImageObject","@id":"https:\/\/acefootball.com\/da\/#logo","inLanguage":"en-US","url":"https:\/\/acefootball.com\/da\/wp-content\/uploads\/sites\/2\/2020\/07\/Ace-Football-30-07-2020-2.png","contentUrl":"https:\/\/acefootball.com\/da\/wp-content\/uploads\/sites\/2\/2020\/07\/Ace-Football-30-07-2020-2.png","width":1200,"height":600,"caption":"Ace Football"},"image":{"@id":"https:\/\/acefootball.com\/da\/#logo"}},{"@type":"WebSite","@id":"https:\/\/acefootball.com\/da\/#website","url":"https:\/\/acefootball.com\/da\/","name":"Ace Football Danmark","description":"Nyheder, Spiltips &amp; Livescore","publisher":{"@id":"https:\/\/acefootball.com\/da\/#organization"},"potentialAction":[{"@type":"SearchAction","target":{"@type":"EntryPoint","urlTemplate":"https:\/\/acefootball.com\/da\/?s={search_term_string}"},"query-input":"required name=search_term_string"}],"inLanguage":"en-US"},{"@type":"ImageObject","@id":"https:\/\/acefootball.com\/da\/fodboldnyheder\/spansk-klub-vil-fyre-halvdelen-af-spillertruppen\/#primaryimage","inLanguage":"en-US","url":"https:\/\/acefootball.com\/da\/wp-content\/uploads\/sites\/2\/2020\/08\/GettyImages-946648288.jpg","contentUrl":"https:\/\/acefootball.com\/da\/wp-content\/uploads\/sites\/2\/2020\/08\/GettyImages-946648288.jpg","width":1024,"height":709,"caption":"MALAGA, SPAIN - APRIL 15: Sergio Ramos of Real Madrid competes for the ball with Maxime Lestienne of Malaga during the La Liga match between Malaga CF and Real Madrid CF at Estadio La Rosaleda on April 15, 2018 in Malaga, Spain. (Photo by Aitor Alcalde\/Getty Images)"},{"@type":"WebPage","@id":"https:\/\/acefootball.com\/da\/fodboldnyheder\/spansk-klub-vil-fyre-halvdelen-af-spillertruppen\/#webpage","url":"https:\/\/acefootball.com\/da\/fodboldnyheder\/spansk-klub-vil-fyre-halvdelen-af-spillertruppen\/","name":"Spansk klub vil fyre halvdelen af spillertruppen","isPartOf":{"@id":"https:\/\/acefootball.com\/da\/#website"},"primaryImageOfPage":{"@id":"https:\/\/acefootball.com\/da\/fodboldnyheder\/spansk-klub-vil-fyre-halvdelen-af-spillertruppen\/#primaryimage"},"datePublished":"2020-08-24T15:23:33+00:00","dateModified":"2020-08-24T15:24:59+00:00","description":"Den spanske klub M\u00e1laga CF er i s\u00e5 store \u00f8konomiske problemer, at der m\u00e5 afskediges en st\u00f8rre del af den aktuelle spillertrup","breadcrumb":{"@id":"https:\/\/acefootball.com\/da\/fodboldnyheder\/spansk-klub-vil-fyre-halvdelen-af-spillertruppen\/#breadcrumb"},"inLanguage":"en-US","potentialAction":[{"@type":"ReadAction","target":["https:\/\/acefootball.com\/da\/fodboldnyheder\/spansk-klub-vil-fyre-halvdelen-af-spillertruppen\/"]}]},{"@type":"BreadcrumbList","@id":"https:\/\/acefootball.com\/da\/fodboldnyheder\/spansk-klub-vil-fyre-halvdelen-af-spillertruppen\/#breadcrumb","itemListElement":[{"@type":"ListItem","position":1,"name":"Home","item":"https:\/\/acefootball.com\/da\/"},{"@type":"ListItem","position":2,"name":"Spansk klub vil fyre halvdelen af spillertruppen"}]},{"@type":"Article","@id":"https:\/\/acefootball.com\/da\/fodboldnyheder\/spansk-klub-vil-fyre-halvdelen-af-spillertruppen\/#article","isPartOf":{"@id":"https:\/\/acefootball.com\/da\/fodboldnyheder\/spansk-klub-vil-fyre-halvdelen-af-spillertruppen\/#webpage"},"author":{"@id":"https:\/\/acefootball.com\/da\/#\/schema\/person\/ee67e9cf04a276f144100ffa722f10cd"},"headline":"Spansk klub vil fyre halvdelen af spillertruppen","datePublished":"2020-08-24T15:23:33+00:00","dateModified":"2020-08-24T15:24:59+00:00","mainEntityOfPage":{"@id":"https:\/\/acefootball.com\/da\/fodboldnyheder\/spansk-klub-vil-fyre-halvdelen-af-spillertruppen\/#webpage"},"wordCount":176,"commentCount":0,"publisher":{"@id":"https:\/\/acefootball.com\/da\/#organization"},"image":{"@id":"https:\/\/acefootball.com\/da\/fodboldnyheder\/spansk-klub-vil-fyre-halvdelen-af-spillertruppen\/#primaryimage"},"thumbnailUrl":"https:\/\/acefootball.com\/da\/wp-content\/uploads\/sites\/2\/2020\/08\/GettyImages-946648288.jpg","keywords":["Malaga"],"articleSection":["Nyhed"],"inLanguage":"en-US","potentialAction":[{"@type":"CommentAction","name":"Comment","target":["https:\/\/acefootball.com\/da\/fodboldnyheder\/spansk-klub-vil-fyre-halvdelen-af-spillertruppen\/#respond"]}]},{"@type":"Person","@id":"https:\/\/acefootball.com\/da\/#\/schema\/person\/ee67e9cf04a276f144100ffa722f10cd","name":"Mads Dreyer","image":{"@type":"ImageObject","@id":"https:\/\/acefootball.com\/da\/#personlogo","inLanguage":"en-US","url":"https:\/\/secure.gravatar.com\/avatar\/7c7abf72cfde9902b6a60efe60c88d4c?s=96&d=mm&r=g","contentUrl":"https:\/\/secure.gravatar.com\/avatar\/7c7abf72cfde9902b6a60efe60c88d4c?s=96&d=mm&r=g","caption":"Mads Dreyer"},"description":"Skribent og fodboldn\u00f8rd, der lige nu fort\u00e6ller om alt og intet i fodboldverdenen p\u00e5 acefootball.com. Uddannet i kommunikation fra Aalborg Universitet.","sameAs":["https:\/\/www.linkedin.com\/in\/mads-dreyer-b9b08266\/"],"url":"https:\/\/acefootball.com\/da\/fodboldnyheder\/author\/mdnronaldo\/"}]}},"fimg_url":"https:\/\/acefootball.com\/da\/wp-content\/uploads\/sites\/2\/2020\/08\/GettyImages-946648288.jpg","_links":{"self":[{"href":"https:\/\/acefootball.com\/da\/wp-json\/wp\/v2\/posts\/235008"}],"collection":[{"href":"https:\/\/acefootball.com\/da\/wp-json\/wp\/v2\/posts"}],"about":[{"href":"https:\/\/acefootball.com\/da\/wp-json\/wp\/v2\/types\/post"}],"author":[{"embeddable":true,"href":"https:\/\/acefootball.com\/da\/wp-json\/wp\/v2\/users\/705"}],"replies":[{"embeddable":true,"href":"https:\/\/acefootball.com\/da\/wp-json\/wp\/v2\/comments?post=235008"}],"version-history":[{"count":0,"href":"https:\/\/acefootball.com\/da\/wp-json\/wp\/v2\/posts\/235008\/revisions"}],"wp:featuredmedia":[{"embeddable":true,"href":"https:\/\/acefootball.com\/da\/wp-json\/wp\/v2\/media\/235010"}],"wp:attachment":[{"href":"https:\/\/acefootball.com\/da\/wp-json\/wp\/v2\/media?parent=235008"}],"wp:term":[{"taxonomy":"category","embeddable":true,"href":"https:\/\/acefootball.com\/da\/wp-json\/wp\/v2\/categories?post=235008"},{"taxonomy":"post_tag","embeddable":true,"href":"https:\/\/acefootball.com\/da\/wp-json\/wp\/v2\/tags?post=235008"}],"curies":[{"name":"wp","href":"https:\/\/api.w.org\/{rel}","templated":true}]}}