{"id":234898,"date":"2020-08-23T21:54:35","date_gmt":"2020-08-23T19:54:35","guid":{"rendered":"https:\/\/acefootball.com\/da\/?p=234898"},"modified":"2020-08-23T21:54:54","modified_gmt":"2020-08-23T19:54:54","slug":"vilde-scener-psg-fans-i-kaempe-optog-inden-cl-finale","status":"publish","type":"post","link":"https:\/\/acefootball.com\/da\/fodboldnyheder\/vilde-scener-psg-fans-i-kaempe-optog-inden-cl-finale\/","title":{"rendered":"Vilde scener: PSG-fans i k\u00e6mpe optog inden CL-finale"},"content":{"rendered":"\n<h2>PSG-tilh\u00e6ngerne kan ikke vise st\u00f8tten til holdet p\u00e5 stadion, men i stedet var stemningen taget til gaderne i Paris<\/h2>\n\n\n\n<p>Den igangv\u00e6rende Champions League-finale mellem PSG og Bayern M\u00fcnchen spilles som bekendt p\u00e5 et tomt Estadio da Luz i Lissabon, og derfor m\u00e5 klubbernes tilh\u00e6ngere finde andre m\u00e5der at vise st\u00f8tte p\u00e5.<\/p>\n\n\n\n<p>Det har parisernes supportere i den grad gjort inden aftenens kamp, hvor gaderne i den franske hovedstad var fyldte med bl\u00e5\/r\u00f8de farver.<\/p>\n\n\n\n<p>Du kan se forskellige videoer af optogene herunder.<\/p>\n\n\n\n<figure class=\"wp-block-embed-twitter wp-block-embed is-type-rich is-provider-twitter\"><div class=\"wp-block-embed__wrapper\">\n<blockquote class=\"twitter-tweet\" data-width=\"550\" data-dnt=\"true\"><p lang=\"en\" dir=\"ltr\">PSG fans in Paris this afternoon ahead of the Champions League final. <a href=\"https:\/\/twitter.com\/hashtag\/PSG?src=hash&amp;ref_src=twsrc%5Etfw\">#PSG<\/a> <a href=\"https:\/\/t.co\/bKlm05zvJz\">pic.twitter.com\/bKlm05zvJz<\/a><\/p>&mdash; The Away Fans Videos (@TheAwayFansVids) <a href=\"https:\/\/twitter.com\/TheAwayFansVids\/status\/1297598229337509888?ref_src=twsrc%5Etfw\">August 23, 2020<\/a><\/blockquote><script async src=\"https:\/\/platform.twitter.com\/widgets.js\" charset=\"utf-8\"><\/script>\n<\/div><\/figure>\n\n\n\n<figure class=\"wp-block-embed-twitter wp-block-embed is-type-rich is-provider-twitter\"><div class=\"wp-block-embed__wrapper\">\n<blockquote class=\"twitter-tweet\" data-width=\"550\" data-dnt=\"true\"><p lang=\"en\" dir=\"ltr\">In Paris, PSG fans are gearing up for the Champions\u2019 League final. <a href=\"https:\/\/t.co\/QogfNAz16d\">pic.twitter.com\/QogfNAz16d<\/a><\/p>&mdash; Get French Football News (@GFFN) <a href=\"https:\/\/twitter.com\/GFFN\/status\/1297591172194545665?ref_src=twsrc%5Etfw\">August 23, 2020<\/a><\/blockquote><script async src=\"https:\/\/platform.twitter.com\/widgets.js\" charset=\"utf-8\"><\/script>\n<\/div><\/figure>\n\n\n\n<figure class=\"wp-block-embed-twitter wp-block-embed is-type-rich is-provider-twitter\"><div class=\"wp-block-embed__wrapper\">\n<blockquote class=\"twitter-tweet\" data-width=\"550\" data-dnt=\"true\"><p lang=\"en\" dir=\"ltr\">Where\u2019s the same Energy, when Liverpool fans  did this they are labelled as Scum for Promoting not Socially Distance but when PSG fans It is called \u201cLit and epic\u201d by <a href=\"https:\/\/twitter.com\/433?ref_src=twsrc%5Etfw\">@433<\/a> <a href=\"https:\/\/t.co\/HlD3mdSHrj\">pic.twitter.com\/HlD3mdSHrj<\/a><\/p>&mdash; Kieron\ud83d\udc8e (@SznGrenwood) <a href=\"https:\/\/twitter.com\/SznGrenwood\/status\/1297606747088183296?ref_src=twsrc%5Etfw\">August 23, 2020<\/a><\/blockquote><script async src=\"https:\/\/platform.twitter.com\/widgets.js\" charset=\"utf-8\"><\/script>\n<\/div><\/figure>\n","protected":false},"excerpt":{"rendered":"<p>PSG-tilh\u00e6ngerne kan ikke vise st\u00f8tten til holdet p\u00e5 stadion, men i stedet var stemningen taget til gaderne i Paris<\/p>\n","protected":false},"author":705,"featured_media":234902,"comment_status":"open","ping_status":"closed","sticky":false,"template":"","format":"video","meta":{"om_disable_all_campaigns":false,"push_articles_ronaldo":{"active":false,"canonical":0,"publish":false},"force_updates":null},"categories":[8098],"tags":[206,397,461],"enet_tags":{"league":["42","53"],"team":["9847"],"sport_events":[]},"yoast_head":"<!-- This site is optimized with the Yoast SEO plugin v18.3 - https:\/\/yoast.com\/wordpress\/plugins\/seo\/ -->\n<title>Vilde scener: PSG-fans i k\u00e6mpe optog inden CL-finale<\/title>\n<meta name=\"description\" content=\"PSG-tilh\u00e6ngerne kan ikke vise st\u00f8tten til holdet p\u00e5 stadion, men i stedet var stemningen taget til gaderne i Paris\" \/>\n<meta name=\"robots\" content=\"index, follow, max-snippet:-1, max-image-preview:large, max-video-preview:-1\" \/>\n<link rel=\"canonical\" href=\"https:\/\/acefootball.com\/da\/fodboldnyheder\/vilde-scener-psg-fans-i-kaempe-optog-inden-cl-finale\/\" \/>\n<meta property=\"og:locale\" content=\"en_US\" \/>\n<meta property=\"og:type\" content=\"article\" \/>\n<meta property=\"og:title\" content=\"Vilde scener: PSG-fans i k\u00e6mpe optog inden CL-finale\" \/>\n<meta property=\"og:description\" content=\"PSG-tilh\u00e6ngerne kan ikke vise st\u00f8tten til holdet p\u00e5 stadion, men i stedet var stemningen taget til gaderne i Paris\" \/>\n<meta property=\"og:url\" content=\"https:\/\/acefootball.com\/da\/fodboldnyheder\/vilde-scener-psg-fans-i-kaempe-optog-inden-cl-finale\/\" \/>\n<meta property=\"og:site_name\" content=\"Ace Football Danmark\" \/>\n<meta property=\"article:publisher\" content=\"https:\/\/www.facebook.com\/acefootballdk\" \/>\n<meta property=\"article:published_time\" content=\"2020-08-23T19:54:35+00:00\" \/>\n<meta property=\"article:modified_time\" content=\"2020-08-23T19:54:54+00:00\" \/>\n<meta property=\"og:image\" content=\"https:\/\/acefootball.com\/da\/wp-content\/uploads\/sites\/2\/2020\/08\/Design-uden-navn-2-2.jpg\" \/>\n\t<meta property=\"og:image:width\" content=\"1024\" \/>\n\t<meta property=\"og:image:height\" content=\"683\" \/>\n\t<meta property=\"og:image:type\" content=\"image\/jpeg\" \/>\n<meta name=\"twitter:card\" content=\"summary_large_image\" \/>\n<meta name=\"twitter:label1\" content=\"Written by\" \/>\n\t<meta name=\"twitter:data1\" content=\"Mads Dreyer\" \/>\n\t<meta name=\"twitter:label2\" content=\"Est. reading time\" \/>\n\t<meta name=\"twitter:data2\" content=\"1 minute\" \/>\n<script type=\"application\/ld+json\" class=\"yoast-schema-graph\">{\"@context\":\"https:\/\/schema.org\",\"@graph\":[{\"@type\":\"Organization\",\"@id\":\"https:\/\/acefootball.com\/da\/#organization\",\"name\":\"Ace Football\",\"url\":\"https:\/\/acefootball.com\/da\/\",\"sameAs\":[\"https:\/\/www.facebook.com\/acefootballdk\"],\"logo\":{\"@type\":\"ImageObject\",\"@id\":\"https:\/\/acefootball.com\/da\/#logo\",\"inLanguage\":\"en-US\",\"url\":\"https:\/\/acefootball.com\/da\/wp-content\/uploads\/sites\/2\/2020\/07\/Ace-Football-30-07-2020-2.png\",\"contentUrl\":\"https:\/\/acefootball.com\/da\/wp-content\/uploads\/sites\/2\/2020\/07\/Ace-Football-30-07-2020-2.png\",\"width\":1200,\"height\":600,\"caption\":\"Ace Football\"},\"image\":{\"@id\":\"https:\/\/acefootball.com\/da\/#logo\"}},{\"@type\":\"WebSite\",\"@id\":\"https:\/\/acefootball.com\/da\/#website\",\"url\":\"https:\/\/acefootball.com\/da\/\",\"name\":\"Ace Football Danmark\",\"description\":\"Nyheder, Spiltips &amp; Livescore\",\"publisher\":{\"@id\":\"https:\/\/acefootball.com\/da\/#organization\"},\"potentialAction\":[{\"@type\":\"SearchAction\",\"target\":{\"@type\":\"EntryPoint\",\"urlTemplate\":\"https:\/\/acefootball.com\/da\/?s={search_term_string}\"},\"query-input\":\"required name=search_term_string\"}],\"inLanguage\":\"en-US\"},{\"@type\":\"ImageObject\",\"@id\":\"https:\/\/acefootball.com\/da\/fodboldnyheder\/vilde-scener-psg-fans-i-kaempe-optog-inden-cl-finale\/#primaryimage\",\"inLanguage\":\"en-US\",\"url\":\"https:\/\/acefootball.com\/da\/wp-content\/uploads\/sites\/2\/2020\/08\/Design-uden-navn-2-2.jpg\",\"contentUrl\":\"https:\/\/acefootball.com\/da\/wp-content\/uploads\/sites\/2\/2020\/08\/Design-uden-navn-2-2.jpg\",\"width\":1024,\"height\":683,\"caption\":\"PSG-fans\"},{\"@type\":\"WebPage\",\"@id\":\"https:\/\/acefootball.com\/da\/fodboldnyheder\/vilde-scener-psg-fans-i-kaempe-optog-inden-cl-finale\/#webpage\",\"url\":\"https:\/\/acefootball.com\/da\/fodboldnyheder\/vilde-scener-psg-fans-i-kaempe-optog-inden-cl-finale\/\",\"name\":\"Vilde scener: PSG-fans i k\u00e6mpe optog inden CL-finale\",\"isPartOf\":{\"@id\":\"https:\/\/acefootball.com\/da\/#website\"},\"primaryImageOfPage\":{\"@id\":\"https:\/\/acefootball.com\/da\/fodboldnyheder\/vilde-scener-psg-fans-i-kaempe-optog-inden-cl-finale\/#primaryimage\"},\"datePublished\":\"2020-08-23T19:54:35+00:00\",\"dateModified\":\"2020-08-23T19:54:54+00:00\",\"description\":\"PSG-tilh\u00e6ngerne kan ikke vise st\u00f8tten til holdet p\u00e5 stadion, men i stedet var stemningen taget til gaderne i Paris\",\"breadcrumb\":{\"@id\":\"https:\/\/acefootball.com\/da\/fodboldnyheder\/vilde-scener-psg-fans-i-kaempe-optog-inden-cl-finale\/#breadcrumb\"},\"inLanguage\":\"en-US\",\"potentialAction\":[{\"@type\":\"ReadAction\",\"target\":[\"https:\/\/acefootball.com\/da\/fodboldnyheder\/vilde-scener-psg-fans-i-kaempe-optog-inden-cl-finale\/\"]}]},{\"@type\":\"BreadcrumbList\",\"@id\":\"https:\/\/acefootball.com\/da\/fodboldnyheder\/vilde-scener-psg-fans-i-kaempe-optog-inden-cl-finale\/#breadcrumb\",\"itemListElement\":[{\"@type\":\"ListItem\",\"position\":1,\"name\":\"Home\",\"item\":\"https:\/\/acefootball.com\/da\/\"},{\"@type\":\"ListItem\",\"position\":2,\"name\":\"Vilde scener: PSG-fans i k\u00e6mpe optog inden CL-finale\"}]},{\"@type\":\"Article\",\"@id\":\"https:\/\/acefootball.com\/da\/fodboldnyheder\/vilde-scener-psg-fans-i-kaempe-optog-inden-cl-finale\/#article\",\"isPartOf\":{\"@id\":\"https:\/\/acefootball.com\/da\/fodboldnyheder\/vilde-scener-psg-fans-i-kaempe-optog-inden-cl-finale\/#webpage\"},\"author\":{\"@id\":\"https:\/\/acefootball.com\/da\/#\/schema\/person\/ee67e9cf04a276f144100ffa722f10cd\"},\"headline\":\"Vilde scener: PSG-fans i k\u00e6mpe optog inden CL-finale\",\"datePublished\":\"2020-08-23T19:54:35+00:00\",\"dateModified\":\"2020-08-23T19:54:54+00:00\",\"mainEntityOfPage\":{\"@id\":\"https:\/\/acefootball.com\/da\/fodboldnyheder\/vilde-scener-psg-fans-i-kaempe-optog-inden-cl-finale\/#webpage\"},\"wordCount\":114,\"commentCount\":0,\"publisher\":{\"@id\":\"https:\/\/acefootball.com\/da\/#organization\"},\"image\":{\"@id\":\"https:\/\/acefootball.com\/da\/fodboldnyheder\/vilde-scener-psg-fans-i-kaempe-optog-inden-cl-finale\/#primaryimage\"},\"thumbnailUrl\":\"https:\/\/acefootball.com\/da\/wp-content\/uploads\/sites\/2\/2020\/08\/Design-uden-navn-2-2.jpg\",\"keywords\":[\"Champions League\",\"Ligue 1\",\"Paris Saint-Germain\"],\"articleSection\":[\"Video\"],\"inLanguage\":\"en-US\",\"potentialAction\":[{\"@type\":\"CommentAction\",\"name\":\"Comment\",\"target\":[\"https:\/\/acefootball.com\/da\/fodboldnyheder\/vilde-scener-psg-fans-i-kaempe-optog-inden-cl-finale\/#respond\"]}]},{\"@type\":\"Person\",\"@id\":\"https:\/\/acefootball.com\/da\/#\/schema\/person\/ee67e9cf04a276f144100ffa722f10cd\",\"name\":\"Mads Dreyer\",\"image\":{\"@type\":\"ImageObject\",\"@id\":\"https:\/\/acefootball.com\/da\/#personlogo\",\"inLanguage\":\"en-US\",\"url\":\"https:\/\/secure.gravatar.com\/avatar\/7c7abf72cfde9902b6a60efe60c88d4c?s=96&d=mm&r=g\",\"contentUrl\":\"https:\/\/secure.gravatar.com\/avatar\/7c7abf72cfde9902b6a60efe60c88d4c?s=96&d=mm&r=g\",\"caption\":\"Mads Dreyer\"},\"description\":\"Skribent og fodboldn\u00f8rd, der lige nu fort\u00e6ller om alt og intet i fodboldverdenen p\u00e5 acefootball.com. Uddannet i kommunikation fra Aalborg Universitet.\",\"sameAs\":[\"https:\/\/www.linkedin.com\/in\/mads-dreyer-b9b08266\/\"],\"url\":\"https:\/\/acefootball.com\/da\/fodboldnyheder\/author\/mdnronaldo\/\"}]}<\/script>\n<!-- \/ Yoast SEO plugin. -->","yoast_head_json":{"title":"Vilde scener: PSG-fans i k\u00e6mpe optog inden CL-finale","description":"PSG-tilh\u00e6ngerne kan ikke vise st\u00f8tten til holdet p\u00e5 stadion, men i stedet var stemningen taget til gaderne i Paris","robots":{"index":"index","follow":"follow","max-snippet":"max-snippet:-1","max-image-preview":"max-image-preview:large","max-video-preview":"max-video-preview:-1"},"canonical":"https:\/\/acefootball.com\/da\/fodboldnyheder\/vilde-scener-psg-fans-i-kaempe-optog-inden-cl-finale\/","og_locale":"en_US","og_type":"article","og_title":"Vilde scener: PSG-fans i k\u00e6mpe optog inden CL-finale","og_description":"PSG-tilh\u00e6ngerne kan ikke vise st\u00f8tten til holdet p\u00e5 stadion, men i stedet var stemningen taget til gaderne i Paris","og_url":"https:\/\/acefootball.com\/da\/fodboldnyheder\/vilde-scener-psg-fans-i-kaempe-optog-inden-cl-finale\/","og_site_name":"Ace Football Danmark","article_publisher":"https:\/\/www.facebook.com\/acefootballdk","article_published_time":"2020-08-23T19:54:35+00:00","article_modified_time":"2020-08-23T19:54:54+00:00","og_image":[{"width":1024,"height":683,"url":"https:\/\/acefootball.com\/da\/wp-content\/uploads\/sites\/2\/2020\/08\/Design-uden-navn-2-2.jpg","type":"image\/jpeg"}],"twitter_card":"summary_large_image","twitter_misc":{"Written by":"Mads Dreyer","Est. reading time":"1 minute"},"schema":{"@context":"https:\/\/schema.org","@graph":[{"@type":"Organization","@id":"https:\/\/acefootball.com\/da\/#organization","name":"Ace Football","url":"https:\/\/acefootball.com\/da\/","sameAs":["https:\/\/www.facebook.com\/acefootballdk"],"logo":{"@type":"ImageObject","@id":"https:\/\/acefootball.com\/da\/#logo","inLanguage":"en-US","url":"https:\/\/acefootball.com\/da\/wp-content\/uploads\/sites\/2\/2020\/07\/Ace-Football-30-07-2020-2.png","contentUrl":"https:\/\/acefootball.com\/da\/wp-content\/uploads\/sites\/2\/2020\/07\/Ace-Football-30-07-2020-2.png","width":1200,"height":600,"caption":"Ace Football"},"image":{"@id":"https:\/\/acefootball.com\/da\/#logo"}},{"@type":"WebSite","@id":"https:\/\/acefootball.com\/da\/#website","url":"https:\/\/acefootball.com\/da\/","name":"Ace Football Danmark","description":"Nyheder, Spiltips &amp; Livescore","publisher":{"@id":"https:\/\/acefootball.com\/da\/#organization"},"potentialAction":[{"@type":"SearchAction","target":{"@type":"EntryPoint","urlTemplate":"https:\/\/acefootball.com\/da\/?s={search_term_string}"},"query-input":"required name=search_term_string"}],"inLanguage":"en-US"},{"@type":"ImageObject","@id":"https:\/\/acefootball.com\/da\/fodboldnyheder\/vilde-scener-psg-fans-i-kaempe-optog-inden-cl-finale\/#primaryimage","inLanguage":"en-US","url":"https:\/\/acefootball.com\/da\/wp-content\/uploads\/sites\/2\/2020\/08\/Design-uden-navn-2-2.jpg","contentUrl":"https:\/\/acefootball.com\/da\/wp-content\/uploads\/sites\/2\/2020\/08\/Design-uden-navn-2-2.jpg","width":1024,"height":683,"caption":"PSG-fans"},{"@type":"WebPage","@id":"https:\/\/acefootball.com\/da\/fodboldnyheder\/vilde-scener-psg-fans-i-kaempe-optog-inden-cl-finale\/#webpage","url":"https:\/\/acefootball.com\/da\/fodboldnyheder\/vilde-scener-psg-fans-i-kaempe-optog-inden-cl-finale\/","name":"Vilde scener: PSG-fans i k\u00e6mpe optog inden CL-finale","isPartOf":{"@id":"https:\/\/acefootball.com\/da\/#website"},"primaryImageOfPage":{"@id":"https:\/\/acefootball.com\/da\/fodboldnyheder\/vilde-scener-psg-fans-i-kaempe-optog-inden-cl-finale\/#primaryimage"},"datePublished":"2020-08-23T19:54:35+00:00","dateModified":"2020-08-23T19:54:54+00:00","description":"PSG-tilh\u00e6ngerne kan ikke vise st\u00f8tten til holdet p\u00e5 stadion, men i stedet var stemningen taget til gaderne i Paris","breadcrumb":{"@id":"https:\/\/acefootball.com\/da\/fodboldnyheder\/vilde-scener-psg-fans-i-kaempe-optog-inden-cl-finale\/#breadcrumb"},"inLanguage":"en-US","potentialAction":[{"@type":"ReadAction","target":["https:\/\/acefootball.com\/da\/fodboldnyheder\/vilde-scener-psg-fans-i-kaempe-optog-inden-cl-finale\/"]}]},{"@type":"BreadcrumbList","@id":"https:\/\/acefootball.com\/da\/fodboldnyheder\/vilde-scener-psg-fans-i-kaempe-optog-inden-cl-finale\/#breadcrumb","itemListElement":[{"@type":"ListItem","position":1,"name":"Home","item":"https:\/\/acefootball.com\/da\/"},{"@type":"ListItem","position":2,"name":"Vilde scener: PSG-fans i k\u00e6mpe optog inden CL-finale"}]},{"@type":"Article","@id":"https:\/\/acefootball.com\/da\/fodboldnyheder\/vilde-scener-psg-fans-i-kaempe-optog-inden-cl-finale\/#article","isPartOf":{"@id":"https:\/\/acefootball.com\/da\/fodboldnyheder\/vilde-scener-psg-fans-i-kaempe-optog-inden-cl-finale\/#webpage"},"author":{"@id":"https:\/\/acefootball.com\/da\/#\/schema\/person\/ee67e9cf04a276f144100ffa722f10cd"},"headline":"Vilde scener: PSG-fans i k\u00e6mpe optog inden CL-finale","datePublished":"2020-08-23T19:54:35+00:00","dateModified":"2020-08-23T19:54:54+00:00","mainEntityOfPage":{"@id":"https:\/\/acefootball.com\/da\/fodboldnyheder\/vilde-scener-psg-fans-i-kaempe-optog-inden-cl-finale\/#webpage"},"wordCount":114,"commentCount":0,"publisher":{"@id":"https:\/\/acefootball.com\/da\/#organization"},"image":{"@id":"https:\/\/acefootball.com\/da\/fodboldnyheder\/vilde-scener-psg-fans-i-kaempe-optog-inden-cl-finale\/#primaryimage"},"thumbnailUrl":"https:\/\/acefootball.com\/da\/wp-content\/uploads\/sites\/2\/2020\/08\/Design-uden-navn-2-2.jpg","keywords":["Champions League","Ligue 1","Paris Saint-Germain"],"articleSection":["Video"],"inLanguage":"en-US","potentialAction":[{"@type":"CommentAction","name":"Comment","target":["https:\/\/acefootball.com\/da\/fodboldnyheder\/vilde-scener-psg-fans-i-kaempe-optog-inden-cl-finale\/#respond"]}]},{"@type":"Person","@id":"https:\/\/acefootball.com\/da\/#\/schema\/person\/ee67e9cf04a276f144100ffa722f10cd","name":"Mads Dreyer","image":{"@type":"ImageObject","@id":"https:\/\/acefootball.com\/da\/#personlogo","inLanguage":"en-US","url":"https:\/\/secure.gravatar.com\/avatar\/7c7abf72cfde9902b6a60efe60c88d4c?s=96&d=mm&r=g","contentUrl":"https:\/\/secure.gravatar.com\/avatar\/7c7abf72cfde9902b6a60efe60c88d4c?s=96&d=mm&r=g","caption":"Mads Dreyer"},"description":"Skribent og fodboldn\u00f8rd, der lige nu fort\u00e6ller om alt og intet i fodboldverdenen p\u00e5 acefootball.com. Uddannet i kommunikation fra Aalborg Universitet.","sameAs":["https:\/\/www.linkedin.com\/in\/mads-dreyer-b9b08266\/"],"url":"https:\/\/acefootball.com\/da\/fodboldnyheder\/author\/mdnronaldo\/"}]}},"fimg_url":"https:\/\/acefootball.com\/da\/wp-content\/uploads\/sites\/2\/2020\/08\/Design-uden-navn-2-2.jpg","_links":{"self":[{"href":"https:\/\/acefootball.com\/da\/wp-json\/wp\/v2\/posts\/234898"}],"collection":[{"href":"https:\/\/acefootball.com\/da\/wp-json\/wp\/v2\/posts"}],"about":[{"href":"https:\/\/acefootball.com\/da\/wp-json\/wp\/v2\/types\/post"}],"author":[{"embeddable":true,"href":"https:\/\/acefootball.com\/da\/wp-json\/wp\/v2\/users\/705"}],"replies":[{"embeddable":true,"href":"https:\/\/acefootball.com\/da\/wp-json\/wp\/v2\/comments?post=234898"}],"version-history":[{"count":0,"href":"https:\/\/acefootball.com\/da\/wp-json\/wp\/v2\/posts\/234898\/revisions"}],"wp:featuredmedia":[{"embeddable":true,"href":"https:\/\/acefootball.com\/da\/wp-json\/wp\/v2\/media\/234902"}],"wp:attachment":[{"href":"https:\/\/acefootball.com\/da\/wp-json\/wp\/v2\/media?parent=234898"}],"wp:term":[{"taxonomy":"category","embeddable":true,"href":"https:\/\/acefootball.com\/da\/wp-json\/wp\/v2\/categories?post=234898"},{"taxonomy":"post_tag","embeddable":true,"href":"https:\/\/acefootball.com\/da\/wp-json\/wp\/v2\/tags?post=234898"}],"curies":[{"name":"wp","href":"https:\/\/api.w.org\/{rel}","templated":true}]}}