{"id":234896,"date":"2020-08-23T21:27:08","date_gmt":"2020-08-23T19:27:08","guid":{"rendered":"https:\/\/acefootball.com\/da\/?p=234896"},"modified":"2020-08-23T21:27:09","modified_gmt":"2020-08-23T19:27:09","slug":"ibrahimovic-agent-ingen-aftale-med-milan","status":"publish","type":"post","link":"https:\/\/acefootball.com\/da\/fodboldnyheder\/ibrahimovic-agent-ingen-aftale-med-milan\/","title":{"rendered":"Ibrahimovic-agent: Ingen aftale med Milan"},"content":{"rendered":"\n<h2>Der er fortsat uvished om Zlatan Ibrahimovic&#8217; fremtid i AC Milan, og agent Mino Raiola fort\u00e6ller nu, at der endnu ikke er noget p\u00e5 plads<\/h2>\n\n\n\n<p>AC Milan hentede i vinter Zlatan Ibrahimovic ind p\u00e5 en kort aftale, og efter et godt for\u00e5r, er der nu snak om en forl\u00e6ngelse af kontrakten.<\/p>\n\n\n\n<p>If\u00f8lge rygterne har storklubben tilbudt den 38-\u00e5rige svensker en to\u00e5rig forl\u00e6ngelse, men tilbuddet skulle v\u00e6re blevet afvist, da l\u00f8nnen ikke var h\u00f8j nok.<\/p>\n\n\n\n<p>Nu \u00e5bner agenten Mino Raiola dog op om, hvordan forhandlingerne st\u00e5r til, og det er ikke meget, der lyder til at v\u00e6re faldet p\u00e5 plads.<\/p>\n\n\n\n<div class=\"wp-block-si-widget wp-block-si-widget--center\"><si-lb-widget widget-id=\"PlayerSeasonProfile\" width=\"440\" data-card=\"true\" data-language=\"da\" data-provider=\"mrgreen\" data-player-id=\"35724\"><\/si-lb-widget><\/div>\n\n\n\n<p>&#8220;Vi taler stadig sammen, men der er ingen aftale endnu. Det handler ikke om penge men om overbevisning og stil. Det kr\u00e6ver to til at f\u00e5 et \u00e6gteskab til at fungere, og hvis Ibrahimovic ikke \u00f8nskede at forts\u00e6tte hos Rossoneri, ville der ikke v\u00e6re forhandlinger,&#8221; udtaler Raiola til <a href=\"https:\/\/sport.sky.it\/calciomercato\/2020\/08\/23\/ibrahimovic-milan-raiola-intervista\" target=\"_blank\" rel=\"noreferrer noopener\">Sky Sport<\/a>.<\/p>\n\n\n\n<p>Superagenten har til samme medie ogs\u00e5 udtalt sig om Paul Pogbas situation i Manchester United. Det kan du l\u00e6se om herunder.<\/p>\n\n\n\n<figure class=\"wp-block-embed-wordpress wp-block-embed is-type-wp-embed is-provider-ace-football-danmark\"><div class=\"wp-block-embed__wrapper\">\n<blockquote class=\"wp-embedded-content\" data-secret=\"IwimW9i9BY\"><a href=\"https:\/\/acefootball.com\/da\/fodboldnyheder\/raiola-bekraefter-pogba-bliver-i-united\/\">Raiola bekr\u00e6fter: Pogba bliver i United<\/a><\/blockquote><iframe class=\"wp-embedded-content\" sandbox=\"allow-scripts\" security=\"restricted\" style=\"position: absolute; clip: rect(1px, 1px, 1px, 1px);\" title=\"&#8220;Raiola bekr\u00e6fter: Pogba bliver i United&#8221; &#8212; Ace Football Danmark\" src=\"https:\/\/acefootball.com\/da\/fodboldnyheder\/raiola-bekraefter-pogba-bliver-i-united\/embed\/#?secret=IwimW9i9BY\" data-secret=\"IwimW9i9BY\" width=\"600\" height=\"338\" frameborder=\"0\" marginwidth=\"0\" marginheight=\"0\" scrolling=\"no\"><\/iframe>\n<\/div><\/figure>\n","protected":false},"excerpt":{"rendered":"<p>Der er fortsat uvished om Zlatan Ibrahimovic&#8217; fremtid i AC Milan, og agent Mino Raiola fort\u00e6ller nu, at der endnu ikke er noget p\u00e5 plads<\/p>\n","protected":false},"author":705,"featured_media":234632,"comment_status":"open","ping_status":"closed","sticky":false,"template":"","format":"standard","meta":{"om_disable_all_campaigns":false,"push_articles_ronaldo":{"active":false,"canonical":0,"publish":false},"force_updates":null},"categories":[8204],"tags":[66,131,283],"enet_tags":{"team":["8564"],"league":["55"],"player":["35724"],"sport_events":[]},"yoast_head":"<!-- This site is optimized with the Yoast SEO plugin v18.3 - https:\/\/yoast.com\/wordpress\/plugins\/seo\/ -->\n<title>Ibrahimovic-agent: Ingen aftale med Milan<\/title>\n<meta name=\"description\" content=\"Der er fortsat uvished om Zlatan Ibrahimovic&#039; fremtid i AC Milan, og agent Mino Raiola fort\u00e6ller nu, at der endnu ikke er noget p\u00e5 plads\" \/>\n<meta name=\"robots\" content=\"index, follow, max-snippet:-1, max-image-preview:large, max-video-preview:-1\" \/>\n<link rel=\"canonical\" href=\"https:\/\/acefootball.com\/da\/fodboldnyheder\/ibrahimovic-agent-ingen-aftale-med-milan\/\" \/>\n<meta property=\"og:locale\" content=\"en_US\" \/>\n<meta property=\"og:type\" content=\"article\" \/>\n<meta property=\"og:title\" content=\"Ibrahimovic-agent: Ingen aftale med Milan\" \/>\n<meta property=\"og:description\" content=\"Der er fortsat uvished om Zlatan Ibrahimovic&#039; fremtid i AC Milan, og agent Mino Raiola fort\u00e6ller nu, at der endnu ikke er noget p\u00e5 plads\" \/>\n<meta property=\"og:url\" content=\"https:\/\/acefootball.com\/da\/fodboldnyheder\/ibrahimovic-agent-ingen-aftale-med-milan\/\" \/>\n<meta property=\"og:site_name\" content=\"Ace Football Danmark\" \/>\n<meta property=\"article:publisher\" content=\"https:\/\/www.facebook.com\/acefootballdk\" \/>\n<meta property=\"article:published_time\" content=\"2020-08-23T19:27:08+00:00\" \/>\n<meta property=\"article:modified_time\" content=\"2020-08-23T19:27:09+00:00\" \/>\n<meta property=\"og:image\" content=\"https:\/\/acefootball.com\/da\/wp-content\/uploads\/sites\/2\/2020\/08\/GettyImages-1263343855.jpg\" \/>\n\t<meta property=\"og:image:width\" content=\"1024\" \/>\n\t<meta property=\"og:image:height\" content=\"673\" \/>\n\t<meta property=\"og:image:type\" content=\"image\/jpeg\" \/>\n<meta name=\"twitter:card\" content=\"summary_large_image\" \/>\n<meta name=\"twitter:label1\" content=\"Written by\" \/>\n\t<meta name=\"twitter:data1\" content=\"Mads Dreyer\" \/>\n\t<meta name=\"twitter:label2\" content=\"Est. reading time\" \/>\n\t<meta name=\"twitter:data2\" content=\"1 minute\" \/>\n<script type=\"application\/ld+json\" class=\"yoast-schema-graph\">{\"@context\":\"https:\/\/schema.org\",\"@graph\":[{\"@type\":\"Organization\",\"@id\":\"https:\/\/acefootball.com\/da\/#organization\",\"name\":\"Ace Football\",\"url\":\"https:\/\/acefootball.com\/da\/\",\"sameAs\":[\"https:\/\/www.facebook.com\/acefootballdk\"],\"logo\":{\"@type\":\"ImageObject\",\"@id\":\"https:\/\/acefootball.com\/da\/#logo\",\"inLanguage\":\"en-US\",\"url\":\"https:\/\/acefootball.com\/da\/wp-content\/uploads\/sites\/2\/2020\/07\/Ace-Football-30-07-2020-2.png\",\"contentUrl\":\"https:\/\/acefootball.com\/da\/wp-content\/uploads\/sites\/2\/2020\/07\/Ace-Football-30-07-2020-2.png\",\"width\":1200,\"height\":600,\"caption\":\"Ace Football\"},\"image\":{\"@id\":\"https:\/\/acefootball.com\/da\/#logo\"}},{\"@type\":\"WebSite\",\"@id\":\"https:\/\/acefootball.com\/da\/#website\",\"url\":\"https:\/\/acefootball.com\/da\/\",\"name\":\"Ace Football Danmark\",\"description\":\"Nyheder, Spiltips &amp; Livescore\",\"publisher\":{\"@id\":\"https:\/\/acefootball.com\/da\/#organization\"},\"potentialAction\":[{\"@type\":\"SearchAction\",\"target\":{\"@type\":\"EntryPoint\",\"urlTemplate\":\"https:\/\/acefootball.com\/da\/?s={search_term_string}\"},\"query-input\":\"required name=search_term_string\"}],\"inLanguage\":\"en-US\"},{\"@type\":\"ImageObject\",\"@id\":\"https:\/\/acefootball.com\/da\/fodboldnyheder\/ibrahimovic-agent-ingen-aftale-med-milan\/#primaryimage\",\"inLanguage\":\"en-US\",\"url\":\"https:\/\/acefootball.com\/da\/wp-content\/uploads\/sites\/2\/2020\/08\/GettyImages-1263343855.jpg\",\"contentUrl\":\"https:\/\/acefootball.com\/da\/wp-content\/uploads\/sites\/2\/2020\/08\/GettyImages-1263343855.jpg\",\"width\":1024,\"height\":673,\"caption\":\"MILAN, ITALY - AUGUST 01: Zlatan Ibrahimovic of AC Milan looks on during the Serie A match between AC Milan and Cagliari Calcio at Stadio Giuseppe Meazza on August 01, 2020 in Milan, Italy. (Photo by Marco Luzzani\/Getty Images)\"},{\"@type\":\"WebPage\",\"@id\":\"https:\/\/acefootball.com\/da\/fodboldnyheder\/ibrahimovic-agent-ingen-aftale-med-milan\/#webpage\",\"url\":\"https:\/\/acefootball.com\/da\/fodboldnyheder\/ibrahimovic-agent-ingen-aftale-med-milan\/\",\"name\":\"Ibrahimovic-agent: Ingen aftale med Milan\",\"isPartOf\":{\"@id\":\"https:\/\/acefootball.com\/da\/#website\"},\"primaryImageOfPage\":{\"@id\":\"https:\/\/acefootball.com\/da\/fodboldnyheder\/ibrahimovic-agent-ingen-aftale-med-milan\/#primaryimage\"},\"datePublished\":\"2020-08-23T19:27:08+00:00\",\"dateModified\":\"2020-08-23T19:27:09+00:00\",\"description\":\"Der er fortsat uvished om Zlatan Ibrahimovic' fremtid i AC Milan, og agent Mino Raiola fort\u00e6ller nu, at der endnu ikke er noget p\u00e5 plads\",\"breadcrumb\":{\"@id\":\"https:\/\/acefootball.com\/da\/fodboldnyheder\/ibrahimovic-agent-ingen-aftale-med-milan\/#breadcrumb\"},\"inLanguage\":\"en-US\",\"potentialAction\":[{\"@type\":\"ReadAction\",\"target\":[\"https:\/\/acefootball.com\/da\/fodboldnyheder\/ibrahimovic-agent-ingen-aftale-med-milan\/\"]}]},{\"@type\":\"BreadcrumbList\",\"@id\":\"https:\/\/acefootball.com\/da\/fodboldnyheder\/ibrahimovic-agent-ingen-aftale-med-milan\/#breadcrumb\",\"itemListElement\":[{\"@type\":\"ListItem\",\"position\":1,\"name\":\"Home\",\"item\":\"https:\/\/acefootball.com\/da\/\"},{\"@type\":\"ListItem\",\"position\":2,\"name\":\"Ibrahimovic-agent: Ingen aftale med Milan\"}]},{\"@type\":\"Article\",\"@id\":\"https:\/\/acefootball.com\/da\/fodboldnyheder\/ibrahimovic-agent-ingen-aftale-med-milan\/#article\",\"isPartOf\":{\"@id\":\"https:\/\/acefootball.com\/da\/fodboldnyheder\/ibrahimovic-agent-ingen-aftale-med-milan\/#webpage\"},\"author\":{\"@id\":\"https:\/\/acefootball.com\/da\/#\/schema\/person\/ee67e9cf04a276f144100ffa722f10cd\"},\"headline\":\"Ibrahimovic-agent: Ingen aftale med Milan\",\"datePublished\":\"2020-08-23T19:27:08+00:00\",\"dateModified\":\"2020-08-23T19:27:09+00:00\",\"mainEntityOfPage\":{\"@id\":\"https:\/\/acefootball.com\/da\/fodboldnyheder\/ibrahimovic-agent-ingen-aftale-med-milan\/#webpage\"},\"wordCount\":197,\"commentCount\":0,\"publisher\":{\"@id\":\"https:\/\/acefootball.com\/da\/#organization\"},\"image\":{\"@id\":\"https:\/\/acefootball.com\/da\/fodboldnyheder\/ibrahimovic-agent-ingen-aftale-med-milan\/#primaryimage\"},\"thumbnailUrl\":\"https:\/\/acefootball.com\/da\/wp-content\/uploads\/sites\/2\/2020\/08\/GettyImages-1263343855.jpg\",\"keywords\":[\"AC Milan\",\"Serie A\",\"Zlatan Ibrahimovic\"],\"articleSection\":[\"Udtalelse\"],\"inLanguage\":\"en-US\",\"potentialAction\":[{\"@type\":\"CommentAction\",\"name\":\"Comment\",\"target\":[\"https:\/\/acefootball.com\/da\/fodboldnyheder\/ibrahimovic-agent-ingen-aftale-med-milan\/#respond\"]}]},{\"@type\":\"Person\",\"@id\":\"https:\/\/acefootball.com\/da\/#\/schema\/person\/ee67e9cf04a276f144100ffa722f10cd\",\"name\":\"Mads Dreyer\",\"image\":{\"@type\":\"ImageObject\",\"@id\":\"https:\/\/acefootball.com\/da\/#personlogo\",\"inLanguage\":\"en-US\",\"url\":\"https:\/\/secure.gravatar.com\/avatar\/7c7abf72cfde9902b6a60efe60c88d4c?s=96&d=mm&r=g\",\"contentUrl\":\"https:\/\/secure.gravatar.com\/avatar\/7c7abf72cfde9902b6a60efe60c88d4c?s=96&d=mm&r=g\",\"caption\":\"Mads Dreyer\"},\"description\":\"Skribent og fodboldn\u00f8rd, der lige nu fort\u00e6ller om alt og intet i fodboldverdenen p\u00e5 acefootball.com. Uddannet i kommunikation fra Aalborg Universitet.\",\"sameAs\":[\"https:\/\/www.linkedin.com\/in\/mads-dreyer-b9b08266\/\"],\"url\":\"https:\/\/acefootball.com\/da\/fodboldnyheder\/author\/mdnronaldo\/\"}]}<\/script>\n<!-- \/ Yoast SEO plugin. -->","yoast_head_json":{"title":"Ibrahimovic-agent: Ingen aftale med Milan","description":"Der er fortsat uvished om Zlatan Ibrahimovic' fremtid i AC Milan, og agent Mino Raiola fort\u00e6ller nu, at der endnu ikke er noget p\u00e5 plads","robots":{"index":"index","follow":"follow","max-snippet":"max-snippet:-1","max-image-preview":"max-image-preview:large","max-video-preview":"max-video-preview:-1"},"canonical":"https:\/\/acefootball.com\/da\/fodboldnyheder\/ibrahimovic-agent-ingen-aftale-med-milan\/","og_locale":"en_US","og_type":"article","og_title":"Ibrahimovic-agent: Ingen aftale med Milan","og_description":"Der er fortsat uvished om Zlatan Ibrahimovic' fremtid i AC Milan, og agent Mino Raiola fort\u00e6ller nu, at der endnu ikke er noget p\u00e5 plads","og_url":"https:\/\/acefootball.com\/da\/fodboldnyheder\/ibrahimovic-agent-ingen-aftale-med-milan\/","og_site_name":"Ace Football Danmark","article_publisher":"https:\/\/www.facebook.com\/acefootballdk","article_published_time":"2020-08-23T19:27:08+00:00","article_modified_time":"2020-08-23T19:27:09+00:00","og_image":[{"width":1024,"height":673,"url":"https:\/\/acefootball.com\/da\/wp-content\/uploads\/sites\/2\/2020\/08\/GettyImages-1263343855.jpg","type":"image\/jpeg"}],"twitter_card":"summary_large_image","twitter_misc":{"Written by":"Mads Dreyer","Est. reading time":"1 minute"},"schema":{"@context":"https:\/\/schema.org","@graph":[{"@type":"Organization","@id":"https:\/\/acefootball.com\/da\/#organization","name":"Ace Football","url":"https:\/\/acefootball.com\/da\/","sameAs":["https:\/\/www.facebook.com\/acefootballdk"],"logo":{"@type":"ImageObject","@id":"https:\/\/acefootball.com\/da\/#logo","inLanguage":"en-US","url":"https:\/\/acefootball.com\/da\/wp-content\/uploads\/sites\/2\/2020\/07\/Ace-Football-30-07-2020-2.png","contentUrl":"https:\/\/acefootball.com\/da\/wp-content\/uploads\/sites\/2\/2020\/07\/Ace-Football-30-07-2020-2.png","width":1200,"height":600,"caption":"Ace Football"},"image":{"@id":"https:\/\/acefootball.com\/da\/#logo"}},{"@type":"WebSite","@id":"https:\/\/acefootball.com\/da\/#website","url":"https:\/\/acefootball.com\/da\/","name":"Ace Football Danmark","description":"Nyheder, Spiltips &amp; Livescore","publisher":{"@id":"https:\/\/acefootball.com\/da\/#organization"},"potentialAction":[{"@type":"SearchAction","target":{"@type":"EntryPoint","urlTemplate":"https:\/\/acefootball.com\/da\/?s={search_term_string}"},"query-input":"required name=search_term_string"}],"inLanguage":"en-US"},{"@type":"ImageObject","@id":"https:\/\/acefootball.com\/da\/fodboldnyheder\/ibrahimovic-agent-ingen-aftale-med-milan\/#primaryimage","inLanguage":"en-US","url":"https:\/\/acefootball.com\/da\/wp-content\/uploads\/sites\/2\/2020\/08\/GettyImages-1263343855.jpg","contentUrl":"https:\/\/acefootball.com\/da\/wp-content\/uploads\/sites\/2\/2020\/08\/GettyImages-1263343855.jpg","width":1024,"height":673,"caption":"MILAN, ITALY - AUGUST 01: Zlatan Ibrahimovic of AC Milan looks on during the Serie A match between AC Milan and Cagliari Calcio at Stadio Giuseppe Meazza on August 01, 2020 in Milan, Italy. (Photo by Marco Luzzani\/Getty Images)"},{"@type":"WebPage","@id":"https:\/\/acefootball.com\/da\/fodboldnyheder\/ibrahimovic-agent-ingen-aftale-med-milan\/#webpage","url":"https:\/\/acefootball.com\/da\/fodboldnyheder\/ibrahimovic-agent-ingen-aftale-med-milan\/","name":"Ibrahimovic-agent: Ingen aftale med Milan","isPartOf":{"@id":"https:\/\/acefootball.com\/da\/#website"},"primaryImageOfPage":{"@id":"https:\/\/acefootball.com\/da\/fodboldnyheder\/ibrahimovic-agent-ingen-aftale-med-milan\/#primaryimage"},"datePublished":"2020-08-23T19:27:08+00:00","dateModified":"2020-08-23T19:27:09+00:00","description":"Der er fortsat uvished om Zlatan Ibrahimovic' fremtid i AC Milan, og agent Mino Raiola fort\u00e6ller nu, at der endnu ikke er noget p\u00e5 plads","breadcrumb":{"@id":"https:\/\/acefootball.com\/da\/fodboldnyheder\/ibrahimovic-agent-ingen-aftale-med-milan\/#breadcrumb"},"inLanguage":"en-US","potentialAction":[{"@type":"ReadAction","target":["https:\/\/acefootball.com\/da\/fodboldnyheder\/ibrahimovic-agent-ingen-aftale-med-milan\/"]}]},{"@type":"BreadcrumbList","@id":"https:\/\/acefootball.com\/da\/fodboldnyheder\/ibrahimovic-agent-ingen-aftale-med-milan\/#breadcrumb","itemListElement":[{"@type":"ListItem","position":1,"name":"Home","item":"https:\/\/acefootball.com\/da\/"},{"@type":"ListItem","position":2,"name":"Ibrahimovic-agent: Ingen aftale med Milan"}]},{"@type":"Article","@id":"https:\/\/acefootball.com\/da\/fodboldnyheder\/ibrahimovic-agent-ingen-aftale-med-milan\/#article","isPartOf":{"@id":"https:\/\/acefootball.com\/da\/fodboldnyheder\/ibrahimovic-agent-ingen-aftale-med-milan\/#webpage"},"author":{"@id":"https:\/\/acefootball.com\/da\/#\/schema\/person\/ee67e9cf04a276f144100ffa722f10cd"},"headline":"Ibrahimovic-agent: Ingen aftale med Milan","datePublished":"2020-08-23T19:27:08+00:00","dateModified":"2020-08-23T19:27:09+00:00","mainEntityOfPage":{"@id":"https:\/\/acefootball.com\/da\/fodboldnyheder\/ibrahimovic-agent-ingen-aftale-med-milan\/#webpage"},"wordCount":197,"commentCount":0,"publisher":{"@id":"https:\/\/acefootball.com\/da\/#organization"},"image":{"@id":"https:\/\/acefootball.com\/da\/fodboldnyheder\/ibrahimovic-agent-ingen-aftale-med-milan\/#primaryimage"},"thumbnailUrl":"https:\/\/acefootball.com\/da\/wp-content\/uploads\/sites\/2\/2020\/08\/GettyImages-1263343855.jpg","keywords":["AC Milan","Serie A","Zlatan Ibrahimovic"],"articleSection":["Udtalelse"],"inLanguage":"en-US","potentialAction":[{"@type":"CommentAction","name":"Comment","target":["https:\/\/acefootball.com\/da\/fodboldnyheder\/ibrahimovic-agent-ingen-aftale-med-milan\/#respond"]}]},{"@type":"Person","@id":"https:\/\/acefootball.com\/da\/#\/schema\/person\/ee67e9cf04a276f144100ffa722f10cd","name":"Mads Dreyer","image":{"@type":"ImageObject","@id":"https:\/\/acefootball.com\/da\/#personlogo","inLanguage":"en-US","url":"https:\/\/secure.gravatar.com\/avatar\/7c7abf72cfde9902b6a60efe60c88d4c?s=96&d=mm&r=g","contentUrl":"https:\/\/secure.gravatar.com\/avatar\/7c7abf72cfde9902b6a60efe60c88d4c?s=96&d=mm&r=g","caption":"Mads Dreyer"},"description":"Skribent og fodboldn\u00f8rd, der lige nu fort\u00e6ller om alt og intet i fodboldverdenen p\u00e5 acefootball.com. Uddannet i kommunikation fra Aalborg Universitet.","sameAs":["https:\/\/www.linkedin.com\/in\/mads-dreyer-b9b08266\/"],"url":"https:\/\/acefootball.com\/da\/fodboldnyheder\/author\/mdnronaldo\/"}]}},"fimg_url":"https:\/\/acefootball.com\/da\/wp-content\/uploads\/sites\/2\/2020\/08\/GettyImages-1263343855.jpg","_links":{"self":[{"href":"https:\/\/acefootball.com\/da\/wp-json\/wp\/v2\/posts\/234896"}],"collection":[{"href":"https:\/\/acefootball.com\/da\/wp-json\/wp\/v2\/posts"}],"about":[{"href":"https:\/\/acefootball.com\/da\/wp-json\/wp\/v2\/types\/post"}],"author":[{"embeddable":true,"href":"https:\/\/acefootball.com\/da\/wp-json\/wp\/v2\/users\/705"}],"replies":[{"embeddable":true,"href":"https:\/\/acefootball.com\/da\/wp-json\/wp\/v2\/comments?post=234896"}],"version-history":[{"count":0,"href":"https:\/\/acefootball.com\/da\/wp-json\/wp\/v2\/posts\/234896\/revisions"}],"wp:featuredmedia":[{"embeddable":true,"href":"https:\/\/acefootball.com\/da\/wp-json\/wp\/v2\/media\/234632"}],"wp:attachment":[{"href":"https:\/\/acefootball.com\/da\/wp-json\/wp\/v2\/media?parent=234896"}],"wp:term":[{"taxonomy":"category","embeddable":true,"href":"https:\/\/acefootball.com\/da\/wp-json\/wp\/v2\/categories?post=234896"},{"taxonomy":"post_tag","embeddable":true,"href":"https:\/\/acefootball.com\/da\/wp-json\/wp\/v2\/tags?post=234896"}],"curies":[{"name":"wp","href":"https:\/\/api.w.org\/{rel}","templated":true}]}}