{"id":234895,"date":"2020-08-23T22:53:49","date_gmt":"2020-08-23T20:53:49","guid":{"rendered":"https:\/\/acefootball.com\/da\/?p=234895"},"modified":"2020-08-23T22:53:50","modified_gmt":"2020-08-23T20:53:50","slug":"fransk-header-sikrer-bayern-champions-league-trofaeet","status":"publish","type":"post","link":"https:\/\/acefootball.com\/da\/fodboldnyheder\/fransk-header-sikrer-bayern-champions-league-trofaeet\/","title":{"rendered":"Fransk header sikrer Bayern Champions League-trof\u00e6et"},"content":{"rendered":"\n<h2>Et hovedst\u00f8dsm\u00e5l af den tidligere PSG-spiller Kingsley Coman gjorde forskellen for Bayern M\u00fcnchen, der er vinder af \u00e5rets Champions League<\/h2>\n\n\n\n<div class=\"wp-block-si-widget wp-block-si-widget--center\"><si-lb-widget widget-id=\"MatchInfoWithOdds\" data-nopadding=\"true\" data-card=\"true\" width=\"440\" data-language=\"da\" data-provider=\"mrgreen\" data-event-id=\"3363670\"><\/si-lb-widget><\/div>\n\n\n\n<p>S\u00f8ndag aften blev \u00e5rets st\u00f8rste fodboldkamp spillet, da PSG og Bayern M\u00fcnchen t\u00f8rnede sammen i Champions League-finalen.<\/p>\n\n\n\n<p>Begge mandskaber havde v\u00e6ret flittigt scorende i kampene inden finalen, og derfor var der forventninger om et underholdende opg\u00f8r med masser af m\u00e5l.<\/p>\n\n\n\n<p>Underholdningen fik vi til en vis grad, men m\u00e5lscoringen udeblev i kampens f\u00f8rste times tid.<\/p>\n\n\n\n\n        <div class=\"svf-video-single only-video\">\n            <div class=\"svf-video-container svf-embedded embedded\">\n                <script>(function(){const el = document.createElement('iframe');el.allow = 'autoplay';el.frameBorder = '0';el.classList.add('svf-video');el.allowFullscreen = true;document.currentScript.parentNode.style.display = 'none';el.src = \"https:\/\/www.viafree.dk\/embed\/sport\/id\/aa029753-29ca-4eb7-84ed-6aa72d3cae9f?partnerId=a788403f-2c83-488f-adb0-2650ac7278a3\";el.addEventListener( 'load', function(){ this.parentNode.style.display = ''; });document.currentScript.parentNode.insertBefore(el, document.currentScript.nextSibling);})();<\/script>\n                <noscript><iframe allow=\"autoplay\" allowfullscreen frameborder=\"0\" class=\"svf-video\" src=\"https:\/\/www.viafree.dk\/embed\/sport\/id\/aa029753-29ca-4eb7-84ed-6aa72d3cae9f?partnerId=a788403f-2c83-488f-adb0-2650ac7278a3\"><\/iframe><\/noscript>\n            <\/div>\n                    <\/div>\n        \n\n\n\n<p><\/p>\n\n\n\n<p>F\u00f8rste halvleg forl\u00f8b for det meste med Bayern i teten, men det var alligevel franskm\u00e6ndene, der viste st\u00f8rst farlighed p\u00e5 banens sidste tredjedel.<\/p>\n\n\n\n<p>Det resulterede i store chancer til supertrioen Neymar, \u00c1ngel Di Mar\u00eda og Kylian Mbapp\u00e9, mens ogs\u00e5 Robert Lewandowski havde et fors\u00f8g p\u00e5 stolpen.<\/p>\n\n\n\n<p>I m\u00e5l kom bolden dog ikke, men det blev der lavet om p\u00e5 efter en lille times spil. Joshua Kimmich sendte et indl\u00e6g til bagerste stolpe, hvor Kingsley Coman stod klar og headede Bayern p\u00e5 1-0.<\/p>\n\n\n\n<figure class=\"wp-block-embed-twitter wp-block-embed is-type-rich is-provider-twitter\"><div class=\"wp-block-embed__wrapper\">\n<blockquote class=\"twitter-tweet\" data-width=\"550\" data-dnt=\"true\"><p lang=\"en\" dir=\"ltr\">\ud835\uddd7\ud835\uddf6\ud835\uddf1 \ud835\ude06\ud835\uddfc\ud835\ude02 \ud835\uddf8\ud835\uddfb\ud835\uddfc\ud835\ude04? Coman was born in Paris, joining the club&#39;s academy in 2004&#8230;<a href=\"https:\/\/twitter.com\/hashtag\/UCL?src=hash&amp;ref_src=twsrc%5Etfw\">#UCL<\/a> <a href=\"https:\/\/t.co\/JNCmV3oLkj\">pic.twitter.com\/JNCmV3oLkj<\/a><\/p>&mdash; #UCLfinal (@ChampionsLeague) <a href=\"https:\/\/twitter.com\/ChampionsLeague\/status\/1297631822109650947?ref_src=twsrc%5Etfw\">August 23, 2020<\/a><\/blockquote><script async src=\"https:\/\/platform.twitter.com\/widgets.js\" charset=\"utf-8\"><\/script>\n<\/div><\/figure>\n\n\n\n<p>Det satte PSG p\u00e5 jagt efter det udlignende m\u00e5l, men de franske mestre fik ikke sat meget sammen i offensiven, hvor hverken Neymar eller Mbapp\u00e9 havde nogen god dag p\u00e5 kontoret.<\/p>\n\n\n\n<p>Den velsmurte tyske maskine kunne dermed roligt k\u00f8re sejren i hus og tage klubben sjette trof\u00e6 i Europas fineste klubturnering.<\/p>\n","protected":false},"excerpt":{"rendered":"<p>Et hovedst\u00f8dsm\u00e5l af den tidligere PSG-spiller Kingsley Coman gjorde forskellen for Bayern M\u00fcnchen, der er vinder af \u00e5rets Champions League<\/p>\n","protected":false},"author":705,"featured_media":234903,"comment_status":"open","ping_status":"closed","sticky":false,"template":"","format":"video","meta":{"om_disable_all_campaigns":false,"push_articles_ronaldo":{"active":false,"canonical":0,"publish":false},"force_updates":null},"categories":[8062],"tags":[74,206,461],"enet_tags":{"team":["9823","9847"],"league":["42"],"sport_events":[3363670]},"yoast_head":"<!-- This site is optimized with the Yoast SEO plugin v18.3 - https:\/\/yoast.com\/wordpress\/plugins\/seo\/ -->\n<title>Fransk header sikrer Bayern Champions League-trof\u00e6et<\/title>\n<meta name=\"description\" content=\"Et hovedst\u00f8dsm\u00e5l af den tidligere PSG-spiller Kingsley Coman gjorde forskellen for Bayern M\u00fcnchen, der er vinder af \u00e5rets Champions League\" \/>\n<meta name=\"robots\" content=\"index, follow, max-snippet:-1, max-image-preview:large, max-video-preview:-1\" \/>\n<link rel=\"canonical\" href=\"https:\/\/acefootball.com\/da\/fodboldnyheder\/fransk-header-sikrer-bayern-champions-league-trofaeet\/\" \/>\n<meta property=\"og:locale\" content=\"en_US\" \/>\n<meta property=\"og:type\" content=\"article\" \/>\n<meta property=\"og:title\" content=\"Fransk header sikrer Bayern Champions League-trof\u00e6et\" \/>\n<meta property=\"og:description\" content=\"Et hovedst\u00f8dsm\u00e5l af den tidligere PSG-spiller Kingsley Coman gjorde forskellen for Bayern M\u00fcnchen, der er vinder af \u00e5rets Champions League\" \/>\n<meta property=\"og:url\" content=\"https:\/\/acefootball.com\/da\/fodboldnyheder\/fransk-header-sikrer-bayern-champions-league-trofaeet\/\" \/>\n<meta property=\"og:site_name\" content=\"Ace Football Danmark\" \/>\n<meta property=\"article:publisher\" content=\"https:\/\/www.facebook.com\/acefootballdk\" \/>\n<meta property=\"article:published_time\" content=\"2020-08-23T20:53:49+00:00\" \/>\n<meta property=\"article:modified_time\" content=\"2020-08-23T20:53:50+00:00\" \/>\n<meta property=\"og:image\" content=\"https:\/\/acefootball.com\/da\/wp-content\/uploads\/sites\/2\/2020\/08\/GettyImages-1268071830.jpg\" \/>\n\t<meta property=\"og:image:width\" content=\"1024\" \/>\n\t<meta property=\"og:image:height\" content=\"705\" \/>\n\t<meta property=\"og:image:type\" content=\"image\/jpeg\" \/>\n<meta name=\"twitter:card\" content=\"summary_large_image\" \/>\n<meta name=\"twitter:label1\" content=\"Written by\" \/>\n\t<meta name=\"twitter:data1\" content=\"Mads Dreyer\" \/>\n\t<meta name=\"twitter:label2\" content=\"Est. reading time\" \/>\n\t<meta name=\"twitter:data2\" content=\"1 minute\" \/>\n<script type=\"application\/ld+json\" class=\"yoast-schema-graph\">{\"@context\":\"https:\/\/schema.org\",\"@graph\":[{\"@type\":\"Organization\",\"@id\":\"https:\/\/acefootball.com\/da\/#organization\",\"name\":\"Ace Football\",\"url\":\"https:\/\/acefootball.com\/da\/\",\"sameAs\":[\"https:\/\/www.facebook.com\/acefootballdk\"],\"logo\":{\"@type\":\"ImageObject\",\"@id\":\"https:\/\/acefootball.com\/da\/#logo\",\"inLanguage\":\"en-US\",\"url\":\"https:\/\/acefootball.com\/da\/wp-content\/uploads\/sites\/2\/2020\/07\/Ace-Football-30-07-2020-2.png\",\"contentUrl\":\"https:\/\/acefootball.com\/da\/wp-content\/uploads\/sites\/2\/2020\/07\/Ace-Football-30-07-2020-2.png\",\"width\":1200,\"height\":600,\"caption\":\"Ace Football\"},\"image\":{\"@id\":\"https:\/\/acefootball.com\/da\/#logo\"}},{\"@type\":\"WebSite\",\"@id\":\"https:\/\/acefootball.com\/da\/#website\",\"url\":\"https:\/\/acefootball.com\/da\/\",\"name\":\"Ace Football Danmark\",\"description\":\"Nyheder, Spiltips &amp; Livescore\",\"publisher\":{\"@id\":\"https:\/\/acefootball.com\/da\/#organization\"},\"potentialAction\":[{\"@type\":\"SearchAction\",\"target\":{\"@type\":\"EntryPoint\",\"urlTemplate\":\"https:\/\/acefootball.com\/da\/?s={search_term_string}\"},\"query-input\":\"required name=search_term_string\"}],\"inLanguage\":\"en-US\"},{\"@type\":\"ImageObject\",\"@id\":\"https:\/\/acefootball.com\/da\/fodboldnyheder\/fransk-header-sikrer-bayern-champions-league-trofaeet\/#primaryimage\",\"inLanguage\":\"en-US\",\"url\":\"https:\/\/acefootball.com\/da\/wp-content\/uploads\/sites\/2\/2020\/08\/GettyImages-1268071830.jpg\",\"contentUrl\":\"https:\/\/acefootball.com\/da\/wp-content\/uploads\/sites\/2\/2020\/08\/GettyImages-1268071830.jpg\",\"width\":1024,\"height\":705,\"caption\":\"LISBON, PORTUGAL - AUGUST 23: Kingsley Coman of FC Bayern Munich celebrates after scoring his team's first goal during the UEFA Champions League Final match between Paris Saint-Germain and Bayern Munich at Estadio do Sport Lisboa e Benfica on August 23, 2020 in Lisbon, Portugal. (Photo by Miguel A. Lopes\/Pool via Getty Images)\"},{\"@type\":\"WebPage\",\"@id\":\"https:\/\/acefootball.com\/da\/fodboldnyheder\/fransk-header-sikrer-bayern-champions-league-trofaeet\/#webpage\",\"url\":\"https:\/\/acefootball.com\/da\/fodboldnyheder\/fransk-header-sikrer-bayern-champions-league-trofaeet\/\",\"name\":\"Fransk header sikrer Bayern Champions League-trof\u00e6et\",\"isPartOf\":{\"@id\":\"https:\/\/acefootball.com\/da\/#website\"},\"primaryImageOfPage\":{\"@id\":\"https:\/\/acefootball.com\/da\/fodboldnyheder\/fransk-header-sikrer-bayern-champions-league-trofaeet\/#primaryimage\"},\"datePublished\":\"2020-08-23T20:53:49+00:00\",\"dateModified\":\"2020-08-23T20:53:50+00:00\",\"description\":\"Et hovedst\u00f8dsm\u00e5l af den tidligere PSG-spiller Kingsley Coman gjorde forskellen for Bayern M\u00fcnchen, der er vinder af \u00e5rets Champions League\",\"breadcrumb\":{\"@id\":\"https:\/\/acefootball.com\/da\/fodboldnyheder\/fransk-header-sikrer-bayern-champions-league-trofaeet\/#breadcrumb\"},\"inLanguage\":\"en-US\",\"potentialAction\":[{\"@type\":\"ReadAction\",\"target\":[\"https:\/\/acefootball.com\/da\/fodboldnyheder\/fransk-header-sikrer-bayern-champions-league-trofaeet\/\"]}]},{\"@type\":\"BreadcrumbList\",\"@id\":\"https:\/\/acefootball.com\/da\/fodboldnyheder\/fransk-header-sikrer-bayern-champions-league-trofaeet\/#breadcrumb\",\"itemListElement\":[{\"@type\":\"ListItem\",\"position\":1,\"name\":\"Home\",\"item\":\"https:\/\/acefootball.com\/da\/\"},{\"@type\":\"ListItem\",\"position\":2,\"name\":\"Fransk header sikrer Bayern Champions League-trof\u00e6et\"}]},{\"@type\":\"Article\",\"@id\":\"https:\/\/acefootball.com\/da\/fodboldnyheder\/fransk-header-sikrer-bayern-champions-league-trofaeet\/#article\",\"isPartOf\":{\"@id\":\"https:\/\/acefootball.com\/da\/fodboldnyheder\/fransk-header-sikrer-bayern-champions-league-trofaeet\/#webpage\"},\"author\":{\"@id\":\"https:\/\/acefootball.com\/da\/#\/schema\/person\/ee67e9cf04a276f144100ffa722f10cd\"},\"headline\":\"Fransk header sikrer Bayern Champions League-trof\u00e6et\",\"datePublished\":\"2020-08-23T20:53:49+00:00\",\"dateModified\":\"2020-08-23T20:53:50+00:00\",\"mainEntityOfPage\":{\"@id\":\"https:\/\/acefootball.com\/da\/fodboldnyheder\/fransk-header-sikrer-bayern-champions-league-trofaeet\/#webpage\"},\"wordCount\":257,\"commentCount\":0,\"publisher\":{\"@id\":\"https:\/\/acefootball.com\/da\/#organization\"},\"image\":{\"@id\":\"https:\/\/acefootball.com\/da\/fodboldnyheder\/fransk-header-sikrer-bayern-champions-league-trofaeet\/#primaryimage\"},\"thumbnailUrl\":\"https:\/\/acefootball.com\/da\/wp-content\/uploads\/sites\/2\/2020\/08\/GettyImages-1268071830.jpg\",\"keywords\":[\"Bayern M\u00fcnchen\",\"Champions League\",\"Paris Saint-Germain\"],\"articleSection\":[\"Kamp\"],\"inLanguage\":\"en-US\",\"potentialAction\":[{\"@type\":\"CommentAction\",\"name\":\"Comment\",\"target\":[\"https:\/\/acefootball.com\/da\/fodboldnyheder\/fransk-header-sikrer-bayern-champions-league-trofaeet\/#respond\"]}]},{\"@type\":\"Person\",\"@id\":\"https:\/\/acefootball.com\/da\/#\/schema\/person\/ee67e9cf04a276f144100ffa722f10cd\",\"name\":\"Mads Dreyer\",\"image\":{\"@type\":\"ImageObject\",\"@id\":\"https:\/\/acefootball.com\/da\/#personlogo\",\"inLanguage\":\"en-US\",\"url\":\"https:\/\/secure.gravatar.com\/avatar\/7c7abf72cfde9902b6a60efe60c88d4c?s=96&d=mm&r=g\",\"contentUrl\":\"https:\/\/secure.gravatar.com\/avatar\/7c7abf72cfde9902b6a60efe60c88d4c?s=96&d=mm&r=g\",\"caption\":\"Mads Dreyer\"},\"description\":\"Skribent og fodboldn\u00f8rd, der lige nu fort\u00e6ller om alt og intet i fodboldverdenen p\u00e5 acefootball.com. Uddannet i kommunikation fra Aalborg Universitet.\",\"sameAs\":[\"https:\/\/www.linkedin.com\/in\/mads-dreyer-b9b08266\/\"],\"url\":\"https:\/\/acefootball.com\/da\/fodboldnyheder\/author\/mdnronaldo\/\"}]}<\/script>\n<!-- \/ Yoast SEO plugin. -->","yoast_head_json":{"title":"Fransk header sikrer Bayern Champions League-trof\u00e6et","description":"Et hovedst\u00f8dsm\u00e5l af den tidligere PSG-spiller Kingsley Coman gjorde forskellen for Bayern M\u00fcnchen, der er vinder af \u00e5rets Champions League","robots":{"index":"index","follow":"follow","max-snippet":"max-snippet:-1","max-image-preview":"max-image-preview:large","max-video-preview":"max-video-preview:-1"},"canonical":"https:\/\/acefootball.com\/da\/fodboldnyheder\/fransk-header-sikrer-bayern-champions-league-trofaeet\/","og_locale":"en_US","og_type":"article","og_title":"Fransk header sikrer Bayern Champions League-trof\u00e6et","og_description":"Et hovedst\u00f8dsm\u00e5l af den tidligere PSG-spiller Kingsley Coman gjorde forskellen for Bayern M\u00fcnchen, der er vinder af \u00e5rets Champions League","og_url":"https:\/\/acefootball.com\/da\/fodboldnyheder\/fransk-header-sikrer-bayern-champions-league-trofaeet\/","og_site_name":"Ace Football Danmark","article_publisher":"https:\/\/www.facebook.com\/acefootballdk","article_published_time":"2020-08-23T20:53:49+00:00","article_modified_time":"2020-08-23T20:53:50+00:00","og_image":[{"width":1024,"height":705,"url":"https:\/\/acefootball.com\/da\/wp-content\/uploads\/sites\/2\/2020\/08\/GettyImages-1268071830.jpg","type":"image\/jpeg"}],"twitter_card":"summary_large_image","twitter_misc":{"Written by":"Mads Dreyer","Est. reading time":"1 minute"},"schema":{"@context":"https:\/\/schema.org","@graph":[{"@type":"Organization","@id":"https:\/\/acefootball.com\/da\/#organization","name":"Ace Football","url":"https:\/\/acefootball.com\/da\/","sameAs":["https:\/\/www.facebook.com\/acefootballdk"],"logo":{"@type":"ImageObject","@id":"https:\/\/acefootball.com\/da\/#logo","inLanguage":"en-US","url":"https:\/\/acefootball.com\/da\/wp-content\/uploads\/sites\/2\/2020\/07\/Ace-Football-30-07-2020-2.png","contentUrl":"https:\/\/acefootball.com\/da\/wp-content\/uploads\/sites\/2\/2020\/07\/Ace-Football-30-07-2020-2.png","width":1200,"height":600,"caption":"Ace Football"},"image":{"@id":"https:\/\/acefootball.com\/da\/#logo"}},{"@type":"WebSite","@id":"https:\/\/acefootball.com\/da\/#website","url":"https:\/\/acefootball.com\/da\/","name":"Ace Football Danmark","description":"Nyheder, Spiltips &amp; Livescore","publisher":{"@id":"https:\/\/acefootball.com\/da\/#organization"},"potentialAction":[{"@type":"SearchAction","target":{"@type":"EntryPoint","urlTemplate":"https:\/\/acefootball.com\/da\/?s={search_term_string}"},"query-input":"required name=search_term_string"}],"inLanguage":"en-US"},{"@type":"ImageObject","@id":"https:\/\/acefootball.com\/da\/fodboldnyheder\/fransk-header-sikrer-bayern-champions-league-trofaeet\/#primaryimage","inLanguage":"en-US","url":"https:\/\/acefootball.com\/da\/wp-content\/uploads\/sites\/2\/2020\/08\/GettyImages-1268071830.jpg","contentUrl":"https:\/\/acefootball.com\/da\/wp-content\/uploads\/sites\/2\/2020\/08\/GettyImages-1268071830.jpg","width":1024,"height":705,"caption":"LISBON, PORTUGAL - AUGUST 23: Kingsley Coman of FC Bayern Munich celebrates after scoring his team's first goal during the UEFA Champions League Final match between Paris Saint-Germain and Bayern Munich at Estadio do Sport Lisboa e Benfica on August 23, 2020 in Lisbon, Portugal. (Photo by Miguel A. Lopes\/Pool via Getty Images)"},{"@type":"WebPage","@id":"https:\/\/acefootball.com\/da\/fodboldnyheder\/fransk-header-sikrer-bayern-champions-league-trofaeet\/#webpage","url":"https:\/\/acefootball.com\/da\/fodboldnyheder\/fransk-header-sikrer-bayern-champions-league-trofaeet\/","name":"Fransk header sikrer Bayern Champions League-trof\u00e6et","isPartOf":{"@id":"https:\/\/acefootball.com\/da\/#website"},"primaryImageOfPage":{"@id":"https:\/\/acefootball.com\/da\/fodboldnyheder\/fransk-header-sikrer-bayern-champions-league-trofaeet\/#primaryimage"},"datePublished":"2020-08-23T20:53:49+00:00","dateModified":"2020-08-23T20:53:50+00:00","description":"Et hovedst\u00f8dsm\u00e5l af den tidligere PSG-spiller Kingsley Coman gjorde forskellen for Bayern M\u00fcnchen, der er vinder af \u00e5rets Champions League","breadcrumb":{"@id":"https:\/\/acefootball.com\/da\/fodboldnyheder\/fransk-header-sikrer-bayern-champions-league-trofaeet\/#breadcrumb"},"inLanguage":"en-US","potentialAction":[{"@type":"ReadAction","target":["https:\/\/acefootball.com\/da\/fodboldnyheder\/fransk-header-sikrer-bayern-champions-league-trofaeet\/"]}]},{"@type":"BreadcrumbList","@id":"https:\/\/acefootball.com\/da\/fodboldnyheder\/fransk-header-sikrer-bayern-champions-league-trofaeet\/#breadcrumb","itemListElement":[{"@type":"ListItem","position":1,"name":"Home","item":"https:\/\/acefootball.com\/da\/"},{"@type":"ListItem","position":2,"name":"Fransk header sikrer Bayern Champions League-trof\u00e6et"}]},{"@type":"Article","@id":"https:\/\/acefootball.com\/da\/fodboldnyheder\/fransk-header-sikrer-bayern-champions-league-trofaeet\/#article","isPartOf":{"@id":"https:\/\/acefootball.com\/da\/fodboldnyheder\/fransk-header-sikrer-bayern-champions-league-trofaeet\/#webpage"},"author":{"@id":"https:\/\/acefootball.com\/da\/#\/schema\/person\/ee67e9cf04a276f144100ffa722f10cd"},"headline":"Fransk header sikrer Bayern Champions League-trof\u00e6et","datePublished":"2020-08-23T20:53:49+00:00","dateModified":"2020-08-23T20:53:50+00:00","mainEntityOfPage":{"@id":"https:\/\/acefootball.com\/da\/fodboldnyheder\/fransk-header-sikrer-bayern-champions-league-trofaeet\/#webpage"},"wordCount":257,"commentCount":0,"publisher":{"@id":"https:\/\/acefootball.com\/da\/#organization"},"image":{"@id":"https:\/\/acefootball.com\/da\/fodboldnyheder\/fransk-header-sikrer-bayern-champions-league-trofaeet\/#primaryimage"},"thumbnailUrl":"https:\/\/acefootball.com\/da\/wp-content\/uploads\/sites\/2\/2020\/08\/GettyImages-1268071830.jpg","keywords":["Bayern M\u00fcnchen","Champions League","Paris Saint-Germain"],"articleSection":["Kamp"],"inLanguage":"en-US","potentialAction":[{"@type":"CommentAction","name":"Comment","target":["https:\/\/acefootball.com\/da\/fodboldnyheder\/fransk-header-sikrer-bayern-champions-league-trofaeet\/#respond"]}]},{"@type":"Person","@id":"https:\/\/acefootball.com\/da\/#\/schema\/person\/ee67e9cf04a276f144100ffa722f10cd","name":"Mads Dreyer","image":{"@type":"ImageObject","@id":"https:\/\/acefootball.com\/da\/#personlogo","inLanguage":"en-US","url":"https:\/\/secure.gravatar.com\/avatar\/7c7abf72cfde9902b6a60efe60c88d4c?s=96&d=mm&r=g","contentUrl":"https:\/\/secure.gravatar.com\/avatar\/7c7abf72cfde9902b6a60efe60c88d4c?s=96&d=mm&r=g","caption":"Mads Dreyer"},"description":"Skribent og fodboldn\u00f8rd, der lige nu fort\u00e6ller om alt og intet i fodboldverdenen p\u00e5 acefootball.com. Uddannet i kommunikation fra Aalborg Universitet.","sameAs":["https:\/\/www.linkedin.com\/in\/mads-dreyer-b9b08266\/"],"url":"https:\/\/acefootball.com\/da\/fodboldnyheder\/author\/mdnronaldo\/"}]}},"fimg_url":"https:\/\/acefootball.com\/da\/wp-content\/uploads\/sites\/2\/2020\/08\/GettyImages-1268071830.jpg","_links":{"self":[{"href":"https:\/\/acefootball.com\/da\/wp-json\/wp\/v2\/posts\/234895"}],"collection":[{"href":"https:\/\/acefootball.com\/da\/wp-json\/wp\/v2\/posts"}],"about":[{"href":"https:\/\/acefootball.com\/da\/wp-json\/wp\/v2\/types\/post"}],"author":[{"embeddable":true,"href":"https:\/\/acefootball.com\/da\/wp-json\/wp\/v2\/users\/705"}],"replies":[{"embeddable":true,"href":"https:\/\/acefootball.com\/da\/wp-json\/wp\/v2\/comments?post=234895"}],"version-history":[{"count":0,"href":"https:\/\/acefootball.com\/da\/wp-json\/wp\/v2\/posts\/234895\/revisions"}],"wp:featuredmedia":[{"embeddable":true,"href":"https:\/\/acefootball.com\/da\/wp-json\/wp\/v2\/media\/234903"}],"wp:attachment":[{"href":"https:\/\/acefootball.com\/da\/wp-json\/wp\/v2\/media?parent=234895"}],"wp:term":[{"taxonomy":"category","embeddable":true,"href":"https:\/\/acefootball.com\/da\/wp-json\/wp\/v2\/categories?post=234895"},{"taxonomy":"post_tag","embeddable":true,"href":"https:\/\/acefootball.com\/da\/wp-json\/wp\/v2\/tags?post=234895"}],"curies":[{"name":"wp","href":"https:\/\/api.w.org\/{rel}","templated":true}]}}