{"id":234865,"date":"2020-08-23T16:48:57","date_gmt":"2020-08-23T14:48:57","guid":{"rendered":"https:\/\/acefootball.com\/da\/?p=234865"},"modified":"2020-08-23T16:48:58","modified_gmt":"2020-08-23T14:48:58","slug":"peter-moeller-ryster-ikke-i-bukserne-ved-skaev-hjulmand-start","status":"publish","type":"post","link":"https:\/\/acefootball.com\/da\/fodboldnyheder\/peter-moeller-ryster-ikke-i-bukserne-ved-skaev-hjulmand-start\/","title":{"rendered":"Peter M\u00f8ller: Ryster ikke i bukserne ved sk\u00e6v Hjulmand-start"},"content":{"rendered":"\n<h2>Kasper Hjulmand st\u00e5r foran sin f\u00f8rste kamp i spidsen for det danske landshold, der i starten af september m\u00f8der Belgien og England<\/h2>\n\n\n\n<p>Der var delte meninger i den danske befolkning, da DBU med Peter M\u00f8ller i spidsen valgte at skifte den succesfulde \u00c5ge Hareide ud med Kasper Hjulmand som landstr\u00e6ner.<\/p>\n\n\n\n<p>Derfor er der ekstra pres p\u00e5 fodbolddirekt\u00f8ren frem mod de n\u00e6rt forest\u00e5ende Nations League-kampe mod Belgien og England, hvor Hjulmand f\u00e5r sin debut.<\/p>\n\n\n\n<p>Peter M\u00f8ller tager dog situationen med ro uanset udfaldet af de to kampe.<\/p>\n\n\n\n<p>&#8220;Men det pres er en pr\u00e6mis for at v\u00e6re i den her verden. Hvis ikke man kan lide det, s\u00e5 skal du finde et andet job. S\u00e5 skal du hverken v\u00e6re landstr\u00e6ner eller st\u00e5 i spidsen for det her. Personligt har jeg n\u00e6rmest ikke v\u00e6ret vant til andet \u2013 at man bliver bed\u00f8mt h\u00e5rdt hele tiden. S\u00e5 jeg kommer ikke til at ryste i bukserne, hvis vi f\u00e5r en sk\u00e6v start,&#8221; siger Peter M\u00f8ller til <a href=\"https:\/\/www.bt.dk\/fodbold\/peter-moeller-om-kritik-det-er-typisk-dansk\" target=\"_blank\" rel=\"noreferrer noopener\">B.T.<\/a><\/p>\n\n\n\n<figure class=\"wp-block-embed-wordpress wp-block-embed is-type-wp-embed is-provider-ace-football-danmark\"><div class=\"wp-block-embed__wrapper\">\n<blockquote class=\"wp-embedded-content\" data-secret=\"arFCfKsCV8\"><a href=\"https:\/\/acefootball.com\/da\/fodboldnyheder\/spiltip-maalfest-i-champions-league\/\">Spiltip: M\u00e5lfest i Champions League<\/a><\/blockquote><iframe class=\"wp-embedded-content\" sandbox=\"allow-scripts\" security=\"restricted\" style=\"position: absolute; clip: rect(1px, 1px, 1px, 1px);\" title=\"&#8220;Spiltip: M\u00e5lfest i Champions League&#8221; &#8212; Ace Football Danmark\" src=\"https:\/\/acefootball.com\/da\/fodboldnyheder\/spiltip-maalfest-i-champions-league\/embed\/#?secret=arFCfKsCV8\" data-secret=\"arFCfKsCV8\" width=\"600\" height=\"338\" frameborder=\"0\" marginwidth=\"0\" marginheight=\"0\" scrolling=\"no\"><\/iframe>\n<\/div><\/figure>\n\n\n\n<p>DBU-chefen opfordrer ligeledes til, at de danske fans sl\u00e5r koldt vand i blodet og ikke d\u00f8mmer Hjulmand ude for hurtigt.<\/p>\n\n\n\n<p>&#8220;Jeg synes i \u00f8vrigt heller ikke, man skal bed\u00f8mme en tr\u00e6ner p\u00e5 de f\u00f8rste to-tre kampe \u2013 heller ikke Kasper Hjulmand. \u00c5ge vandt jo heller ikke ret mange af de f\u00f8rste ni kampe.&#8221;<\/p>\n\n\n\n<p>\u00c5ge Hareide stod i spidsen for det danske landshold i 40 kampe. Han vandt fem af de f\u00f8rste ni kampe.<\/p>\n","protected":false},"excerpt":{"rendered":"<p>Kasper Hjulmand st\u00e5r foran sin f\u00f8rste kamp i spidsen for det danske landshold, der i starten af september m\u00f8der Belgien og England<\/p>\n","protected":false},"author":705,"featured_media":234867,"comment_status":"open","ping_status":"closed","sticky":false,"template":"","format":"standard","meta":{"om_disable_all_campaigns":false,"push_articles_ronaldo":{"active":false,"canonical":0,"publish":false},"force_updates":null},"categories":[8204],"tags":[692,138],"enet_tags":{"team":["8238"],"sport_events":[]},"yoast_head":"<!-- This site is optimized with the Yoast SEO plugin v18.3 - https:\/\/yoast.com\/wordpress\/plugins\/seo\/ -->\n<title>Peter M\u00f8ller: Ryster ikke i bukserne ved sk\u00e6v Hjulmand-start<\/title>\n<meta name=\"description\" content=\"Kasper Hjulmand st\u00e5r foran sin f\u00f8rste kamp i spidsen for det danske landshold, der i starten af september m\u00f8der Belgien og England\" \/>\n<meta name=\"robots\" content=\"index, follow, max-snippet:-1, max-image-preview:large, max-video-preview:-1\" \/>\n<link rel=\"canonical\" href=\"https:\/\/acefootball.com\/da\/fodboldnyheder\/peter-moeller-ryster-ikke-i-bukserne-ved-skaev-hjulmand-start\/\" \/>\n<meta property=\"og:locale\" content=\"en_US\" \/>\n<meta property=\"og:type\" content=\"article\" \/>\n<meta property=\"og:title\" content=\"Peter M\u00f8ller: Ryster ikke i bukserne ved sk\u00e6v Hjulmand-start\" \/>\n<meta property=\"og:description\" content=\"Kasper Hjulmand st\u00e5r foran sin f\u00f8rste kamp i spidsen for det danske landshold, der i starten af september m\u00f8der Belgien og England\" \/>\n<meta property=\"og:url\" content=\"https:\/\/acefootball.com\/da\/fodboldnyheder\/peter-moeller-ryster-ikke-i-bukserne-ved-skaev-hjulmand-start\/\" \/>\n<meta property=\"og:site_name\" content=\"Ace Football Danmark\" \/>\n<meta property=\"article:publisher\" content=\"https:\/\/www.facebook.com\/acefootballdk\" \/>\n<meta property=\"article:published_time\" content=\"2020-08-23T14:48:57+00:00\" \/>\n<meta property=\"article:modified_time\" content=\"2020-08-23T14:48:58+00:00\" \/>\n<meta property=\"og:image\" content=\"https:\/\/acefootball.com\/da\/wp-content\/uploads\/sites\/2\/2020\/08\/GettyImages-1227798165.jpg\" \/>\n\t<meta property=\"og:image:width\" content=\"1024\" \/>\n\t<meta property=\"og:image:height\" content=\"683\" \/>\n\t<meta property=\"og:image:type\" content=\"image\/jpeg\" \/>\n<meta name=\"twitter:card\" content=\"summary_large_image\" \/>\n<meta name=\"twitter:label1\" content=\"Written by\" \/>\n\t<meta name=\"twitter:data1\" content=\"Mads Dreyer\" \/>\n\t<meta name=\"twitter:label2\" content=\"Est. reading time\" \/>\n\t<meta name=\"twitter:data2\" content=\"1 minute\" \/>\n<script type=\"application\/ld+json\" class=\"yoast-schema-graph\">{\"@context\":\"https:\/\/schema.org\",\"@graph\":[{\"@type\":\"Organization\",\"@id\":\"https:\/\/acefootball.com\/da\/#organization\",\"name\":\"Ace Football\",\"url\":\"https:\/\/acefootball.com\/da\/\",\"sameAs\":[\"https:\/\/www.facebook.com\/acefootballdk\"],\"logo\":{\"@type\":\"ImageObject\",\"@id\":\"https:\/\/acefootball.com\/da\/#logo\",\"inLanguage\":\"en-US\",\"url\":\"https:\/\/acefootball.com\/da\/wp-content\/uploads\/sites\/2\/2020\/07\/Ace-Football-30-07-2020-2.png\",\"contentUrl\":\"https:\/\/acefootball.com\/da\/wp-content\/uploads\/sites\/2\/2020\/07\/Ace-Football-30-07-2020-2.png\",\"width\":1200,\"height\":600,\"caption\":\"Ace Football\"},\"image\":{\"@id\":\"https:\/\/acefootball.com\/da\/#logo\"}},{\"@type\":\"WebSite\",\"@id\":\"https:\/\/acefootball.com\/da\/#website\",\"url\":\"https:\/\/acefootball.com\/da\/\",\"name\":\"Ace Football Danmark\",\"description\":\"Nyheder, Spiltips &amp; Livescore\",\"publisher\":{\"@id\":\"https:\/\/acefootball.com\/da\/#organization\"},\"potentialAction\":[{\"@type\":\"SearchAction\",\"target\":{\"@type\":\"EntryPoint\",\"urlTemplate\":\"https:\/\/acefootball.com\/da\/?s={search_term_string}\"},\"query-input\":\"required name=search_term_string\"}],\"inLanguage\":\"en-US\"},{\"@type\":\"ImageObject\",\"@id\":\"https:\/\/acefootball.com\/da\/fodboldnyheder\/peter-moeller-ryster-ikke-i-bukserne-ved-skaev-hjulmand-start\/#primaryimage\",\"inLanguage\":\"en-US\",\"url\":\"https:\/\/acefootball.com\/da\/wp-content\/uploads\/sites\/2\/2020\/08\/GettyImages-1227798165.jpg\",\"contentUrl\":\"https:\/\/acefootball.com\/da\/wp-content\/uploads\/sites\/2\/2020\/08\/GettyImages-1227798165.jpg\",\"width\":1024,\"height\":683,\"caption\":\"HERNING, DENMARK - JULY 26: Peter Moller, director of Danish FA (DBU) and Claus Thomsen, director of Superliga Divisionsforeningen prior to the Danish 3F Superliga match between FC Midtjylland and AaB Aalborg at MCH Arena on July 26, 2020 in Herning, Denmark. (Photo by Lars Ronbog \/ FrontZoneSport via Getty Images)\"},{\"@type\":\"WebPage\",\"@id\":\"https:\/\/acefootball.com\/da\/fodboldnyheder\/peter-moeller-ryster-ikke-i-bukserne-ved-skaev-hjulmand-start\/#webpage\",\"url\":\"https:\/\/acefootball.com\/da\/fodboldnyheder\/peter-moeller-ryster-ikke-i-bukserne-ved-skaev-hjulmand-start\/\",\"name\":\"Peter M\u00f8ller: Ryster ikke i bukserne ved sk\u00e6v Hjulmand-start\",\"isPartOf\":{\"@id\":\"https:\/\/acefootball.com\/da\/#website\"},\"primaryImageOfPage\":{\"@id\":\"https:\/\/acefootball.com\/da\/fodboldnyheder\/peter-moeller-ryster-ikke-i-bukserne-ved-skaev-hjulmand-start\/#primaryimage\"},\"datePublished\":\"2020-08-23T14:48:57+00:00\",\"dateModified\":\"2020-08-23T14:48:58+00:00\",\"description\":\"Kasper Hjulmand st\u00e5r foran sin f\u00f8rste kamp i spidsen for det danske landshold, der i starten af september m\u00f8der Belgien og England\",\"breadcrumb\":{\"@id\":\"https:\/\/acefootball.com\/da\/fodboldnyheder\/peter-moeller-ryster-ikke-i-bukserne-ved-skaev-hjulmand-start\/#breadcrumb\"},\"inLanguage\":\"en-US\",\"potentialAction\":[{\"@type\":\"ReadAction\",\"target\":[\"https:\/\/acefootball.com\/da\/fodboldnyheder\/peter-moeller-ryster-ikke-i-bukserne-ved-skaev-hjulmand-start\/\"]}]},{\"@type\":\"BreadcrumbList\",\"@id\":\"https:\/\/acefootball.com\/da\/fodboldnyheder\/peter-moeller-ryster-ikke-i-bukserne-ved-skaev-hjulmand-start\/#breadcrumb\",\"itemListElement\":[{\"@type\":\"ListItem\",\"position\":1,\"name\":\"Home\",\"item\":\"https:\/\/acefootball.com\/da\/\"},{\"@type\":\"ListItem\",\"position\":2,\"name\":\"Peter M\u00f8ller: Ryster ikke i bukserne ved sk\u00e6v Hjulmand-start\"}]},{\"@type\":\"Article\",\"@id\":\"https:\/\/acefootball.com\/da\/fodboldnyheder\/peter-moeller-ryster-ikke-i-bukserne-ved-skaev-hjulmand-start\/#article\",\"isPartOf\":{\"@id\":\"https:\/\/acefootball.com\/da\/fodboldnyheder\/peter-moeller-ryster-ikke-i-bukserne-ved-skaev-hjulmand-start\/#webpage\"},\"author\":{\"@id\":\"https:\/\/acefootball.com\/da\/#\/schema\/person\/ee67e9cf04a276f144100ffa722f10cd\"},\"headline\":\"Peter M\u00f8ller: Ryster ikke i bukserne ved sk\u00e6v Hjulmand-start\",\"datePublished\":\"2020-08-23T14:48:57+00:00\",\"dateModified\":\"2020-08-23T14:48:58+00:00\",\"mainEntityOfPage\":{\"@id\":\"https:\/\/acefootball.com\/da\/fodboldnyheder\/peter-moeller-ryster-ikke-i-bukserne-ved-skaev-hjulmand-start\/#webpage\"},\"wordCount\":278,\"commentCount\":0,\"publisher\":{\"@id\":\"https:\/\/acefootball.com\/da\/#organization\"},\"image\":{\"@id\":\"https:\/\/acefootball.com\/da\/fodboldnyheder\/peter-moeller-ryster-ikke-i-bukserne-ved-skaev-hjulmand-start\/#primaryimage\"},\"thumbnailUrl\":\"https:\/\/acefootball.com\/da\/wp-content\/uploads\/sites\/2\/2020\/08\/GettyImages-1227798165.jpg\",\"keywords\":[\"Danmark\",\"Kasper Hjulmand\"],\"articleSection\":[\"Udtalelse\"],\"inLanguage\":\"en-US\",\"potentialAction\":[{\"@type\":\"CommentAction\",\"name\":\"Comment\",\"target\":[\"https:\/\/acefootball.com\/da\/fodboldnyheder\/peter-moeller-ryster-ikke-i-bukserne-ved-skaev-hjulmand-start\/#respond\"]}]},{\"@type\":\"Person\",\"@id\":\"https:\/\/acefootball.com\/da\/#\/schema\/person\/ee67e9cf04a276f144100ffa722f10cd\",\"name\":\"Mads Dreyer\",\"image\":{\"@type\":\"ImageObject\",\"@id\":\"https:\/\/acefootball.com\/da\/#personlogo\",\"inLanguage\":\"en-US\",\"url\":\"https:\/\/secure.gravatar.com\/avatar\/7c7abf72cfde9902b6a60efe60c88d4c?s=96&d=mm&r=g\",\"contentUrl\":\"https:\/\/secure.gravatar.com\/avatar\/7c7abf72cfde9902b6a60efe60c88d4c?s=96&d=mm&r=g\",\"caption\":\"Mads Dreyer\"},\"description\":\"Skribent og fodboldn\u00f8rd, der lige nu fort\u00e6ller om alt og intet i fodboldverdenen p\u00e5 acefootball.com. Uddannet i kommunikation fra Aalborg Universitet.\",\"sameAs\":[\"https:\/\/www.linkedin.com\/in\/mads-dreyer-b9b08266\/\"],\"url\":\"https:\/\/acefootball.com\/da\/fodboldnyheder\/author\/mdnronaldo\/\"}]}<\/script>\n<!-- \/ Yoast SEO plugin. -->","yoast_head_json":{"title":"Peter M\u00f8ller: Ryster ikke i bukserne ved sk\u00e6v Hjulmand-start","description":"Kasper Hjulmand st\u00e5r foran sin f\u00f8rste kamp i spidsen for det danske landshold, der i starten af september m\u00f8der Belgien og England","robots":{"index":"index","follow":"follow","max-snippet":"max-snippet:-1","max-image-preview":"max-image-preview:large","max-video-preview":"max-video-preview:-1"},"canonical":"https:\/\/acefootball.com\/da\/fodboldnyheder\/peter-moeller-ryster-ikke-i-bukserne-ved-skaev-hjulmand-start\/","og_locale":"en_US","og_type":"article","og_title":"Peter M\u00f8ller: Ryster ikke i bukserne ved sk\u00e6v Hjulmand-start","og_description":"Kasper Hjulmand st\u00e5r foran sin f\u00f8rste kamp i spidsen for det danske landshold, der i starten af september m\u00f8der Belgien og England","og_url":"https:\/\/acefootball.com\/da\/fodboldnyheder\/peter-moeller-ryster-ikke-i-bukserne-ved-skaev-hjulmand-start\/","og_site_name":"Ace Football Danmark","article_publisher":"https:\/\/www.facebook.com\/acefootballdk","article_published_time":"2020-08-23T14:48:57+00:00","article_modified_time":"2020-08-23T14:48:58+00:00","og_image":[{"width":1024,"height":683,"url":"https:\/\/acefootball.com\/da\/wp-content\/uploads\/sites\/2\/2020\/08\/GettyImages-1227798165.jpg","type":"image\/jpeg"}],"twitter_card":"summary_large_image","twitter_misc":{"Written by":"Mads Dreyer","Est. reading time":"1 minute"},"schema":{"@context":"https:\/\/schema.org","@graph":[{"@type":"Organization","@id":"https:\/\/acefootball.com\/da\/#organization","name":"Ace Football","url":"https:\/\/acefootball.com\/da\/","sameAs":["https:\/\/www.facebook.com\/acefootballdk"],"logo":{"@type":"ImageObject","@id":"https:\/\/acefootball.com\/da\/#logo","inLanguage":"en-US","url":"https:\/\/acefootball.com\/da\/wp-content\/uploads\/sites\/2\/2020\/07\/Ace-Football-30-07-2020-2.png","contentUrl":"https:\/\/acefootball.com\/da\/wp-content\/uploads\/sites\/2\/2020\/07\/Ace-Football-30-07-2020-2.png","width":1200,"height":600,"caption":"Ace Football"},"image":{"@id":"https:\/\/acefootball.com\/da\/#logo"}},{"@type":"WebSite","@id":"https:\/\/acefootball.com\/da\/#website","url":"https:\/\/acefootball.com\/da\/","name":"Ace Football Danmark","description":"Nyheder, Spiltips &amp; Livescore","publisher":{"@id":"https:\/\/acefootball.com\/da\/#organization"},"potentialAction":[{"@type":"SearchAction","target":{"@type":"EntryPoint","urlTemplate":"https:\/\/acefootball.com\/da\/?s={search_term_string}"},"query-input":"required name=search_term_string"}],"inLanguage":"en-US"},{"@type":"ImageObject","@id":"https:\/\/acefootball.com\/da\/fodboldnyheder\/peter-moeller-ryster-ikke-i-bukserne-ved-skaev-hjulmand-start\/#primaryimage","inLanguage":"en-US","url":"https:\/\/acefootball.com\/da\/wp-content\/uploads\/sites\/2\/2020\/08\/GettyImages-1227798165.jpg","contentUrl":"https:\/\/acefootball.com\/da\/wp-content\/uploads\/sites\/2\/2020\/08\/GettyImages-1227798165.jpg","width":1024,"height":683,"caption":"HERNING, DENMARK - JULY 26: Peter Moller, director of Danish FA (DBU) and Claus Thomsen, director of Superliga Divisionsforeningen prior to the Danish 3F Superliga match between FC Midtjylland and AaB Aalborg at MCH Arena on July 26, 2020 in Herning, Denmark. (Photo by Lars Ronbog \/ FrontZoneSport via Getty Images)"},{"@type":"WebPage","@id":"https:\/\/acefootball.com\/da\/fodboldnyheder\/peter-moeller-ryster-ikke-i-bukserne-ved-skaev-hjulmand-start\/#webpage","url":"https:\/\/acefootball.com\/da\/fodboldnyheder\/peter-moeller-ryster-ikke-i-bukserne-ved-skaev-hjulmand-start\/","name":"Peter M\u00f8ller: Ryster ikke i bukserne ved sk\u00e6v Hjulmand-start","isPartOf":{"@id":"https:\/\/acefootball.com\/da\/#website"},"primaryImageOfPage":{"@id":"https:\/\/acefootball.com\/da\/fodboldnyheder\/peter-moeller-ryster-ikke-i-bukserne-ved-skaev-hjulmand-start\/#primaryimage"},"datePublished":"2020-08-23T14:48:57+00:00","dateModified":"2020-08-23T14:48:58+00:00","description":"Kasper Hjulmand st\u00e5r foran sin f\u00f8rste kamp i spidsen for det danske landshold, der i starten af september m\u00f8der Belgien og England","breadcrumb":{"@id":"https:\/\/acefootball.com\/da\/fodboldnyheder\/peter-moeller-ryster-ikke-i-bukserne-ved-skaev-hjulmand-start\/#breadcrumb"},"inLanguage":"en-US","potentialAction":[{"@type":"ReadAction","target":["https:\/\/acefootball.com\/da\/fodboldnyheder\/peter-moeller-ryster-ikke-i-bukserne-ved-skaev-hjulmand-start\/"]}]},{"@type":"BreadcrumbList","@id":"https:\/\/acefootball.com\/da\/fodboldnyheder\/peter-moeller-ryster-ikke-i-bukserne-ved-skaev-hjulmand-start\/#breadcrumb","itemListElement":[{"@type":"ListItem","position":1,"name":"Home","item":"https:\/\/acefootball.com\/da\/"},{"@type":"ListItem","position":2,"name":"Peter M\u00f8ller: Ryster ikke i bukserne ved sk\u00e6v Hjulmand-start"}]},{"@type":"Article","@id":"https:\/\/acefootball.com\/da\/fodboldnyheder\/peter-moeller-ryster-ikke-i-bukserne-ved-skaev-hjulmand-start\/#article","isPartOf":{"@id":"https:\/\/acefootball.com\/da\/fodboldnyheder\/peter-moeller-ryster-ikke-i-bukserne-ved-skaev-hjulmand-start\/#webpage"},"author":{"@id":"https:\/\/acefootball.com\/da\/#\/schema\/person\/ee67e9cf04a276f144100ffa722f10cd"},"headline":"Peter M\u00f8ller: Ryster ikke i bukserne ved sk\u00e6v Hjulmand-start","datePublished":"2020-08-23T14:48:57+00:00","dateModified":"2020-08-23T14:48:58+00:00","mainEntityOfPage":{"@id":"https:\/\/acefootball.com\/da\/fodboldnyheder\/peter-moeller-ryster-ikke-i-bukserne-ved-skaev-hjulmand-start\/#webpage"},"wordCount":278,"commentCount":0,"publisher":{"@id":"https:\/\/acefootball.com\/da\/#organization"},"image":{"@id":"https:\/\/acefootball.com\/da\/fodboldnyheder\/peter-moeller-ryster-ikke-i-bukserne-ved-skaev-hjulmand-start\/#primaryimage"},"thumbnailUrl":"https:\/\/acefootball.com\/da\/wp-content\/uploads\/sites\/2\/2020\/08\/GettyImages-1227798165.jpg","keywords":["Danmark","Kasper Hjulmand"],"articleSection":["Udtalelse"],"inLanguage":"en-US","potentialAction":[{"@type":"CommentAction","name":"Comment","target":["https:\/\/acefootball.com\/da\/fodboldnyheder\/peter-moeller-ryster-ikke-i-bukserne-ved-skaev-hjulmand-start\/#respond"]}]},{"@type":"Person","@id":"https:\/\/acefootball.com\/da\/#\/schema\/person\/ee67e9cf04a276f144100ffa722f10cd","name":"Mads Dreyer","image":{"@type":"ImageObject","@id":"https:\/\/acefootball.com\/da\/#personlogo","inLanguage":"en-US","url":"https:\/\/secure.gravatar.com\/avatar\/7c7abf72cfde9902b6a60efe60c88d4c?s=96&d=mm&r=g","contentUrl":"https:\/\/secure.gravatar.com\/avatar\/7c7abf72cfde9902b6a60efe60c88d4c?s=96&d=mm&r=g","caption":"Mads Dreyer"},"description":"Skribent og fodboldn\u00f8rd, der lige nu fort\u00e6ller om alt og intet i fodboldverdenen p\u00e5 acefootball.com. Uddannet i kommunikation fra Aalborg Universitet.","sameAs":["https:\/\/www.linkedin.com\/in\/mads-dreyer-b9b08266\/"],"url":"https:\/\/acefootball.com\/da\/fodboldnyheder\/author\/mdnronaldo\/"}]}},"fimg_url":"https:\/\/acefootball.com\/da\/wp-content\/uploads\/sites\/2\/2020\/08\/GettyImages-1227798165.jpg","_links":{"self":[{"href":"https:\/\/acefootball.com\/da\/wp-json\/wp\/v2\/posts\/234865"}],"collection":[{"href":"https:\/\/acefootball.com\/da\/wp-json\/wp\/v2\/posts"}],"about":[{"href":"https:\/\/acefootball.com\/da\/wp-json\/wp\/v2\/types\/post"}],"author":[{"embeddable":true,"href":"https:\/\/acefootball.com\/da\/wp-json\/wp\/v2\/users\/705"}],"replies":[{"embeddable":true,"href":"https:\/\/acefootball.com\/da\/wp-json\/wp\/v2\/comments?post=234865"}],"version-history":[{"count":0,"href":"https:\/\/acefootball.com\/da\/wp-json\/wp\/v2\/posts\/234865\/revisions"}],"wp:featuredmedia":[{"embeddable":true,"href":"https:\/\/acefootball.com\/da\/wp-json\/wp\/v2\/media\/234867"}],"wp:attachment":[{"href":"https:\/\/acefootball.com\/da\/wp-json\/wp\/v2\/media?parent=234865"}],"wp:term":[{"taxonomy":"category","embeddable":true,"href":"https:\/\/acefootball.com\/da\/wp-json\/wp\/v2\/categories?post=234865"},{"taxonomy":"post_tag","embeddable":true,"href":"https:\/\/acefootball.com\/da\/wp-json\/wp\/v2\/tags?post=234865"}],"curies":[{"name":"wp","href":"https:\/\/api.w.org\/{rel}","templated":true}]}}