{"id":234862,"date":"2020-08-23T16:06:53","date_gmt":"2020-08-23T14:06:53","guid":{"rendered":"https:\/\/acefootball.com\/da\/?p=234862"},"modified":"2020-08-23T16:06:53","modified_gmt":"2020-08-23T14:06:53","slug":"fc-midtjylland-forlaenger-med-midtbanehaab","status":"publish","type":"post","link":"https:\/\/acefootball.com\/da\/fodboldnyheder\/fc-midtjylland-forlaenger-med-midtbanehaab\/","title":{"rendered":"FC Midtjylland forl\u00e6nger med midtbaneh\u00e5b"},"content":{"rendered":"\n<h2>Der er stor tiltro til unge Nicolas Madsen, som FC Midtjylland har bel\u00f8nnet med en fire\u00e5rig kontraktforl\u00e6ngelse<\/h2>\n\n\n\n<p>FC Midtjylland har l\u00f8rdag sikret fremtidens midtbane, da der er forl\u00e6nget med 20-\u00e5rige Nicolas Madsen.<\/p>\n\n\n\n<p>Klubben fort\u00e6ller p\u00e5 sin hjemmeside, at parterne er blevet enige om en kontraktforl\u00e6ngelse p\u00e5 fire \u00e5r.<\/p>\n\n\n\n<figure class=\"wp-block-embed-twitter wp-block-embed is-type-rich is-provider-twitter\"><div class=\"wp-block-embed__wrapper\">\n<blockquote class=\"twitter-tweet\" data-width=\"550\" data-dnt=\"true\"><p lang=\"da\" dir=\"ltr\">Sportschef Svend Graversen ser et internationalt potentiale i 20-\u00e5rige Nicolas Madsen, der har underskrevet en fire\u00e5rig kontraktforl\u00e6ngelse \ud83d\udc47 <a href=\"https:\/\/twitter.com\/hashtag\/sldk?src=hash&amp;ref_src=twsrc%5Etfw\">#sldk<\/a><\/p>&mdash; FC Midtjylland (@fcmidtjylland) <a href=\"https:\/\/twitter.com\/fcmidtjylland\/status\/1297503709023404032?ref_src=twsrc%5Etfw\">August 23, 2020<\/a><\/blockquote><script async src=\"https:\/\/platform.twitter.com\/widgets.js\" charset=\"utf-8\"><\/script>\n<\/div><\/figure>\n\n\n\n<p>Nicolas Madsen har i sidste s\u00e6sons mesterskabsspil f\u00e5et chancen ved flere lejligheder, og her har stortalentet vist lovende takter. Hos det danske mesterhold er man heller ikke i tvivl om, at fremtiden ser lys ud.<\/p>\n\n\n\n<p>&#8220;Hvis Nicolas forts\u00e6tter\u00a0den positive udvikling, er jeg overbevist om, at vi f\u00e5r med en topspiller at g\u00f8re. Tr\u00e6nerne, Nicolas selv og vores milj\u00f8 skal have cadeau for igen at have udviklet en midtbanespiller med et stort potentiale. Det n\u00e6ste skridt er,\u00a0at han etablerer sig nationalt, men Nicolas har potentialet til at beg\u00e5 sig internationalt,&#8221; udtaler sportschef Svend Graversen.<\/p>\n\n\n\n<p>Nicolas Madsen spillede i sidste s\u00e6son ni kampe for FC Midtjylland i Superligaen.<\/p>\n","protected":false},"excerpt":{"rendered":"<p>Der er stor tiltro til unge Nicolas Madsen, som FC Midtjylland har bel\u00f8nnet med en fire\u00e5rig kontraktforl\u00e6ngelse<\/p>\n","protected":false},"author":705,"featured_media":234863,"comment_status":"open","ping_status":"closed","sticky":false,"template":"","format":"standard","meta":{"om_disable_all_campaigns":false,"push_articles_ronaldo":{"active":false,"canonical":0,"publish":false},"force_updates":null},"categories":[1],"tags":[51,588],"enet_tags":{"team":["8113"],"league":["46"],"sport_events":[]},"yoast_head":"<!-- This site is optimized with the Yoast SEO plugin v18.3 - https:\/\/yoast.com\/wordpress\/plugins\/seo\/ -->\n<title>FC Midtjylland forl\u00e6nger med midtbaneh\u00e5b<\/title>\n<meta name=\"description\" content=\"Der er stor tiltro til unge Nicolas Madsen, som FC Midtjylland har bel\u00f8nnet med en fire\u00e5rig kontraktforl\u00e6ngelse\" \/>\n<meta name=\"robots\" content=\"index, follow, max-snippet:-1, max-image-preview:large, max-video-preview:-1\" \/>\n<link rel=\"canonical\" href=\"https:\/\/acefootball.com\/da\/fodboldnyheder\/fc-midtjylland-forlaenger-med-midtbanehaab\/\" \/>\n<meta property=\"og:locale\" content=\"en_US\" \/>\n<meta property=\"og:type\" content=\"article\" \/>\n<meta property=\"og:title\" content=\"FC Midtjylland forl\u00e6nger med midtbaneh\u00e5b\" \/>\n<meta property=\"og:description\" content=\"Der er stor tiltro til unge Nicolas Madsen, som FC Midtjylland har bel\u00f8nnet med en fire\u00e5rig kontraktforl\u00e6ngelse\" \/>\n<meta property=\"og:url\" content=\"https:\/\/acefootball.com\/da\/fodboldnyheder\/fc-midtjylland-forlaenger-med-midtbanehaab\/\" \/>\n<meta property=\"og:site_name\" content=\"Ace Football Danmark\" \/>\n<meta property=\"article:publisher\" content=\"https:\/\/www.facebook.com\/acefootballdk\" \/>\n<meta property=\"article:published_time\" content=\"2020-08-23T14:06:53+00:00\" \/>\n<meta property=\"og:image\" content=\"https:\/\/acefootball.com\/da\/wp-content\/uploads\/sites\/2\/2020\/08\/GettyImages-1224877182.jpg\" \/>\n\t<meta property=\"og:image:width\" content=\"1024\" \/>\n\t<meta property=\"og:image:height\" content=\"729\" \/>\n\t<meta property=\"og:image:type\" content=\"image\/jpeg\" \/>\n<meta name=\"twitter:card\" content=\"summary_large_image\" \/>\n<meta name=\"twitter:label1\" content=\"Written by\" \/>\n\t<meta name=\"twitter:data1\" content=\"Mads Dreyer\" \/>\n\t<meta name=\"twitter:label2\" content=\"Est. reading time\" \/>\n\t<meta name=\"twitter:data2\" content=\"1 minute\" \/>\n<script type=\"application\/ld+json\" class=\"yoast-schema-graph\">{\"@context\":\"https:\/\/schema.org\",\"@graph\":[{\"@type\":\"Organization\",\"@id\":\"https:\/\/acefootball.com\/da\/#organization\",\"name\":\"Ace Football\",\"url\":\"https:\/\/acefootball.com\/da\/\",\"sameAs\":[\"https:\/\/www.facebook.com\/acefootballdk\"],\"logo\":{\"@type\":\"ImageObject\",\"@id\":\"https:\/\/acefootball.com\/da\/#logo\",\"inLanguage\":\"en-US\",\"url\":\"https:\/\/acefootball.com\/da\/wp-content\/uploads\/sites\/2\/2020\/07\/Ace-Football-30-07-2020-2.png\",\"contentUrl\":\"https:\/\/acefootball.com\/da\/wp-content\/uploads\/sites\/2\/2020\/07\/Ace-Football-30-07-2020-2.png\",\"width\":1200,\"height\":600,\"caption\":\"Ace Football\"},\"image\":{\"@id\":\"https:\/\/acefootball.com\/da\/#logo\"}},{\"@type\":\"WebSite\",\"@id\":\"https:\/\/acefootball.com\/da\/#website\",\"url\":\"https:\/\/acefootball.com\/da\/\",\"name\":\"Ace Football Danmark\",\"description\":\"Nyheder, Spiltips &amp; Livescore\",\"publisher\":{\"@id\":\"https:\/\/acefootball.com\/da\/#organization\"},\"potentialAction\":[{\"@type\":\"SearchAction\",\"target\":{\"@type\":\"EntryPoint\",\"urlTemplate\":\"https:\/\/acefootball.com\/da\/?s={search_term_string}\"},\"query-input\":\"required name=search_term_string\"}],\"inLanguage\":\"en-US\"},{\"@type\":\"ImageObject\",\"@id\":\"https:\/\/acefootball.com\/da\/fodboldnyheder\/fc-midtjylland-forlaenger-med-midtbanehaab\/#primaryimage\",\"inLanguage\":\"en-US\",\"url\":\"https:\/\/acefootball.com\/da\/wp-content\/uploads\/sites\/2\/2020\/08\/GettyImages-1224877182.jpg\",\"contentUrl\":\"https:\/\/acefootball.com\/da\/wp-content\/uploads\/sites\/2\/2020\/08\/GettyImages-1224877182.jpg\",\"width\":1024,\"height\":729,\"caption\":\"FARUM, DENMARK - JULY 05: Nicolas Madsen of FC Midtjylland passes the ball during the Danish 3F Superliga match between FC Nordsjalland and FC Midtjylland at Right to Dream Park on July 5, 2020 in Farum, Denmark. (Photo by Lars Ronbog \/ FrontZoneSport via Getty Images)\"},{\"@type\":\"WebPage\",\"@id\":\"https:\/\/acefootball.com\/da\/fodboldnyheder\/fc-midtjylland-forlaenger-med-midtbanehaab\/#webpage\",\"url\":\"https:\/\/acefootball.com\/da\/fodboldnyheder\/fc-midtjylland-forlaenger-med-midtbanehaab\/\",\"name\":\"FC Midtjylland forl\u00e6nger med midtbaneh\u00e5b\",\"isPartOf\":{\"@id\":\"https:\/\/acefootball.com\/da\/#website\"},\"primaryImageOfPage\":{\"@id\":\"https:\/\/acefootball.com\/da\/fodboldnyheder\/fc-midtjylland-forlaenger-med-midtbanehaab\/#primaryimage\"},\"datePublished\":\"2020-08-23T14:06:53+00:00\",\"dateModified\":\"2020-08-23T14:06:53+00:00\",\"description\":\"Der er stor tiltro til unge Nicolas Madsen, som FC Midtjylland har bel\u00f8nnet med en fire\u00e5rig kontraktforl\u00e6ngelse\",\"breadcrumb\":{\"@id\":\"https:\/\/acefootball.com\/da\/fodboldnyheder\/fc-midtjylland-forlaenger-med-midtbanehaab\/#breadcrumb\"},\"inLanguage\":\"en-US\",\"potentialAction\":[{\"@type\":\"ReadAction\",\"target\":[\"https:\/\/acefootball.com\/da\/fodboldnyheder\/fc-midtjylland-forlaenger-med-midtbanehaab\/\"]}]},{\"@type\":\"BreadcrumbList\",\"@id\":\"https:\/\/acefootball.com\/da\/fodboldnyheder\/fc-midtjylland-forlaenger-med-midtbanehaab\/#breadcrumb\",\"itemListElement\":[{\"@type\":\"ListItem\",\"position\":1,\"name\":\"Home\",\"item\":\"https:\/\/acefootball.com\/da\/\"},{\"@type\":\"ListItem\",\"position\":2,\"name\":\"FC Midtjylland forl\u00e6nger med midtbaneh\u00e5b\"}]},{\"@type\":\"Article\",\"@id\":\"https:\/\/acefootball.com\/da\/fodboldnyheder\/fc-midtjylland-forlaenger-med-midtbanehaab\/#article\",\"isPartOf\":{\"@id\":\"https:\/\/acefootball.com\/da\/fodboldnyheder\/fc-midtjylland-forlaenger-med-midtbanehaab\/#webpage\"},\"author\":{\"@id\":\"https:\/\/acefootball.com\/da\/#\/schema\/person\/ee67e9cf04a276f144100ffa722f10cd\"},\"headline\":\"FC Midtjylland forl\u00e6nger med midtbaneh\u00e5b\",\"datePublished\":\"2020-08-23T14:06:53+00:00\",\"dateModified\":\"2020-08-23T14:06:53+00:00\",\"mainEntityOfPage\":{\"@id\":\"https:\/\/acefootball.com\/da\/fodboldnyheder\/fc-midtjylland-forlaenger-med-midtbanehaab\/#webpage\"},\"wordCount\":184,\"commentCount\":0,\"publisher\":{\"@id\":\"https:\/\/acefootball.com\/da\/#organization\"},\"image\":{\"@id\":\"https:\/\/acefootball.com\/da\/fodboldnyheder\/fc-midtjylland-forlaenger-med-midtbanehaab\/#primaryimage\"},\"thumbnailUrl\":\"https:\/\/acefootball.com\/da\/wp-content\/uploads\/sites\/2\/2020\/08\/GettyImages-1224877182.jpg\",\"keywords\":[\"FC Midtjylland\",\"Superligaen\"],\"articleSection\":[\"Nyhed\"],\"inLanguage\":\"en-US\",\"potentialAction\":[{\"@type\":\"CommentAction\",\"name\":\"Comment\",\"target\":[\"https:\/\/acefootball.com\/da\/fodboldnyheder\/fc-midtjylland-forlaenger-med-midtbanehaab\/#respond\"]}]},{\"@type\":\"Person\",\"@id\":\"https:\/\/acefootball.com\/da\/#\/schema\/person\/ee67e9cf04a276f144100ffa722f10cd\",\"name\":\"Mads Dreyer\",\"image\":{\"@type\":\"ImageObject\",\"@id\":\"https:\/\/acefootball.com\/da\/#personlogo\",\"inLanguage\":\"en-US\",\"url\":\"https:\/\/secure.gravatar.com\/avatar\/7c7abf72cfde9902b6a60efe60c88d4c?s=96&d=mm&r=g\",\"contentUrl\":\"https:\/\/secure.gravatar.com\/avatar\/7c7abf72cfde9902b6a60efe60c88d4c?s=96&d=mm&r=g\",\"caption\":\"Mads Dreyer\"},\"description\":\"Skribent og fodboldn\u00f8rd, der lige nu fort\u00e6ller om alt og intet i fodboldverdenen p\u00e5 acefootball.com. Uddannet i kommunikation fra Aalborg Universitet.\",\"sameAs\":[\"https:\/\/www.linkedin.com\/in\/mads-dreyer-b9b08266\/\"],\"url\":\"https:\/\/acefootball.com\/da\/fodboldnyheder\/author\/mdnronaldo\/\"}]}<\/script>\n<!-- \/ Yoast SEO plugin. -->","yoast_head_json":{"title":"FC Midtjylland forl\u00e6nger med midtbaneh\u00e5b","description":"Der er stor tiltro til unge Nicolas Madsen, som FC Midtjylland har bel\u00f8nnet med en fire\u00e5rig kontraktforl\u00e6ngelse","robots":{"index":"index","follow":"follow","max-snippet":"max-snippet:-1","max-image-preview":"max-image-preview:large","max-video-preview":"max-video-preview:-1"},"canonical":"https:\/\/acefootball.com\/da\/fodboldnyheder\/fc-midtjylland-forlaenger-med-midtbanehaab\/","og_locale":"en_US","og_type":"article","og_title":"FC Midtjylland forl\u00e6nger med midtbaneh\u00e5b","og_description":"Der er stor tiltro til unge Nicolas Madsen, som FC Midtjylland har bel\u00f8nnet med en fire\u00e5rig kontraktforl\u00e6ngelse","og_url":"https:\/\/acefootball.com\/da\/fodboldnyheder\/fc-midtjylland-forlaenger-med-midtbanehaab\/","og_site_name":"Ace Football Danmark","article_publisher":"https:\/\/www.facebook.com\/acefootballdk","article_published_time":"2020-08-23T14:06:53+00:00","og_image":[{"width":1024,"height":729,"url":"https:\/\/acefootball.com\/da\/wp-content\/uploads\/sites\/2\/2020\/08\/GettyImages-1224877182.jpg","type":"image\/jpeg"}],"twitter_card":"summary_large_image","twitter_misc":{"Written by":"Mads Dreyer","Est. reading time":"1 minute"},"schema":{"@context":"https:\/\/schema.org","@graph":[{"@type":"Organization","@id":"https:\/\/acefootball.com\/da\/#organization","name":"Ace Football","url":"https:\/\/acefootball.com\/da\/","sameAs":["https:\/\/www.facebook.com\/acefootballdk"],"logo":{"@type":"ImageObject","@id":"https:\/\/acefootball.com\/da\/#logo","inLanguage":"en-US","url":"https:\/\/acefootball.com\/da\/wp-content\/uploads\/sites\/2\/2020\/07\/Ace-Football-30-07-2020-2.png","contentUrl":"https:\/\/acefootball.com\/da\/wp-content\/uploads\/sites\/2\/2020\/07\/Ace-Football-30-07-2020-2.png","width":1200,"height":600,"caption":"Ace Football"},"image":{"@id":"https:\/\/acefootball.com\/da\/#logo"}},{"@type":"WebSite","@id":"https:\/\/acefootball.com\/da\/#website","url":"https:\/\/acefootball.com\/da\/","name":"Ace Football Danmark","description":"Nyheder, Spiltips &amp; Livescore","publisher":{"@id":"https:\/\/acefootball.com\/da\/#organization"},"potentialAction":[{"@type":"SearchAction","target":{"@type":"EntryPoint","urlTemplate":"https:\/\/acefootball.com\/da\/?s={search_term_string}"},"query-input":"required name=search_term_string"}],"inLanguage":"en-US"},{"@type":"ImageObject","@id":"https:\/\/acefootball.com\/da\/fodboldnyheder\/fc-midtjylland-forlaenger-med-midtbanehaab\/#primaryimage","inLanguage":"en-US","url":"https:\/\/acefootball.com\/da\/wp-content\/uploads\/sites\/2\/2020\/08\/GettyImages-1224877182.jpg","contentUrl":"https:\/\/acefootball.com\/da\/wp-content\/uploads\/sites\/2\/2020\/08\/GettyImages-1224877182.jpg","width":1024,"height":729,"caption":"FARUM, DENMARK - JULY 05: Nicolas Madsen of FC Midtjylland passes the ball during the Danish 3F Superliga match between FC Nordsjalland and FC Midtjylland at Right to Dream Park on July 5, 2020 in Farum, Denmark. (Photo by Lars Ronbog \/ FrontZoneSport via Getty Images)"},{"@type":"WebPage","@id":"https:\/\/acefootball.com\/da\/fodboldnyheder\/fc-midtjylland-forlaenger-med-midtbanehaab\/#webpage","url":"https:\/\/acefootball.com\/da\/fodboldnyheder\/fc-midtjylland-forlaenger-med-midtbanehaab\/","name":"FC Midtjylland forl\u00e6nger med midtbaneh\u00e5b","isPartOf":{"@id":"https:\/\/acefootball.com\/da\/#website"},"primaryImageOfPage":{"@id":"https:\/\/acefootball.com\/da\/fodboldnyheder\/fc-midtjylland-forlaenger-med-midtbanehaab\/#primaryimage"},"datePublished":"2020-08-23T14:06:53+00:00","dateModified":"2020-08-23T14:06:53+00:00","description":"Der er stor tiltro til unge Nicolas Madsen, som FC Midtjylland har bel\u00f8nnet med en fire\u00e5rig kontraktforl\u00e6ngelse","breadcrumb":{"@id":"https:\/\/acefootball.com\/da\/fodboldnyheder\/fc-midtjylland-forlaenger-med-midtbanehaab\/#breadcrumb"},"inLanguage":"en-US","potentialAction":[{"@type":"ReadAction","target":["https:\/\/acefootball.com\/da\/fodboldnyheder\/fc-midtjylland-forlaenger-med-midtbanehaab\/"]}]},{"@type":"BreadcrumbList","@id":"https:\/\/acefootball.com\/da\/fodboldnyheder\/fc-midtjylland-forlaenger-med-midtbanehaab\/#breadcrumb","itemListElement":[{"@type":"ListItem","position":1,"name":"Home","item":"https:\/\/acefootball.com\/da\/"},{"@type":"ListItem","position":2,"name":"FC Midtjylland forl\u00e6nger med midtbaneh\u00e5b"}]},{"@type":"Article","@id":"https:\/\/acefootball.com\/da\/fodboldnyheder\/fc-midtjylland-forlaenger-med-midtbanehaab\/#article","isPartOf":{"@id":"https:\/\/acefootball.com\/da\/fodboldnyheder\/fc-midtjylland-forlaenger-med-midtbanehaab\/#webpage"},"author":{"@id":"https:\/\/acefootball.com\/da\/#\/schema\/person\/ee67e9cf04a276f144100ffa722f10cd"},"headline":"FC Midtjylland forl\u00e6nger med midtbaneh\u00e5b","datePublished":"2020-08-23T14:06:53+00:00","dateModified":"2020-08-23T14:06:53+00:00","mainEntityOfPage":{"@id":"https:\/\/acefootball.com\/da\/fodboldnyheder\/fc-midtjylland-forlaenger-med-midtbanehaab\/#webpage"},"wordCount":184,"commentCount":0,"publisher":{"@id":"https:\/\/acefootball.com\/da\/#organization"},"image":{"@id":"https:\/\/acefootball.com\/da\/fodboldnyheder\/fc-midtjylland-forlaenger-med-midtbanehaab\/#primaryimage"},"thumbnailUrl":"https:\/\/acefootball.com\/da\/wp-content\/uploads\/sites\/2\/2020\/08\/GettyImages-1224877182.jpg","keywords":["FC Midtjylland","Superligaen"],"articleSection":["Nyhed"],"inLanguage":"en-US","potentialAction":[{"@type":"CommentAction","name":"Comment","target":["https:\/\/acefootball.com\/da\/fodboldnyheder\/fc-midtjylland-forlaenger-med-midtbanehaab\/#respond"]}]},{"@type":"Person","@id":"https:\/\/acefootball.com\/da\/#\/schema\/person\/ee67e9cf04a276f144100ffa722f10cd","name":"Mads Dreyer","image":{"@type":"ImageObject","@id":"https:\/\/acefootball.com\/da\/#personlogo","inLanguage":"en-US","url":"https:\/\/secure.gravatar.com\/avatar\/7c7abf72cfde9902b6a60efe60c88d4c?s=96&d=mm&r=g","contentUrl":"https:\/\/secure.gravatar.com\/avatar\/7c7abf72cfde9902b6a60efe60c88d4c?s=96&d=mm&r=g","caption":"Mads Dreyer"},"description":"Skribent og fodboldn\u00f8rd, der lige nu fort\u00e6ller om alt og intet i fodboldverdenen p\u00e5 acefootball.com. Uddannet i kommunikation fra Aalborg Universitet.","sameAs":["https:\/\/www.linkedin.com\/in\/mads-dreyer-b9b08266\/"],"url":"https:\/\/acefootball.com\/da\/fodboldnyheder\/author\/mdnronaldo\/"}]}},"fimg_url":"https:\/\/acefootball.com\/da\/wp-content\/uploads\/sites\/2\/2020\/08\/GettyImages-1224877182.jpg","_links":{"self":[{"href":"https:\/\/acefootball.com\/da\/wp-json\/wp\/v2\/posts\/234862"}],"collection":[{"href":"https:\/\/acefootball.com\/da\/wp-json\/wp\/v2\/posts"}],"about":[{"href":"https:\/\/acefootball.com\/da\/wp-json\/wp\/v2\/types\/post"}],"author":[{"embeddable":true,"href":"https:\/\/acefootball.com\/da\/wp-json\/wp\/v2\/users\/705"}],"replies":[{"embeddable":true,"href":"https:\/\/acefootball.com\/da\/wp-json\/wp\/v2\/comments?post=234862"}],"version-history":[{"count":0,"href":"https:\/\/acefootball.com\/da\/wp-json\/wp\/v2\/posts\/234862\/revisions"}],"wp:featuredmedia":[{"embeddable":true,"href":"https:\/\/acefootball.com\/da\/wp-json\/wp\/v2\/media\/234863"}],"wp:attachment":[{"href":"https:\/\/acefootball.com\/da\/wp-json\/wp\/v2\/media?parent=234862"}],"wp:term":[{"taxonomy":"category","embeddable":true,"href":"https:\/\/acefootball.com\/da\/wp-json\/wp\/v2\/categories?post=234862"},{"taxonomy":"post_tag","embeddable":true,"href":"https:\/\/acefootball.com\/da\/wp-json\/wp\/v2\/tags?post=234862"}],"curies":[{"name":"wp","href":"https:\/\/api.w.org\/{rel}","templated":true}]}}