{"id":234827,"date":"2020-08-22T15:44:00","date_gmt":"2020-08-22T13:44:00","guid":{"rendered":"https:\/\/acefootball.com\/da\/?p=234827"},"modified":"2020-08-22T15:46:51","modified_gmt":"2020-08-22T13:46:51","slug":"stor-haeder-til-rasmus-falk-valgt-til-knockout-fasens-hold-i-europa-league","status":"publish","type":"post","link":"https:\/\/acefootball.com\/da\/fodboldnyheder\/stor-haeder-til-rasmus-falk-valgt-til-knockout-fasens-hold-i-europa-league\/","title":{"rendered":"Stor h\u00e6der til Rasmus Falk: Valgt til knockout-fasens hold i Europa League"},"content":{"rendered":"\n<h2>Det kendte statistikmedie Whoscored har blandt andet FC K\u00f8benhavns Rasmus Falk med p\u00e5 knockout-fasens hold i Europa League<\/h2>\n\n\n\n<p>Da FC K\u00f8benhavn for lidt over en uge siden t\u00f8rnede sammen med Manchester United, var Rasmus Falk L\u00f8vernes helt store oplevelse.<\/p>\n\n\n\n<p>Danskeren viste gang p\u00e5 gang sin forrygende teknik frem, og det fik blandt andet Juan Mata til at sende Falk en r\u00e6kke rosende bem\u00e6rkninger efter slutfl\u00f8jtet.<\/p>\n\n\n\n<figure class=\"wp-block-embed-twitter wp-block-embed is-type-rich is-provider-twitter\"><div class=\"wp-block-embed__wrapper\">\n<blockquote class=\"twitter-tweet\" data-width=\"550\" data-dnt=\"true\"><p lang=\"en\" dir=\"ltr\">Juan Mata congratulating Rasmus Falk after the game yesterday. <a href=\"https:\/\/twitter.com\/hashtag\/fcklive?src=hash&amp;ref_src=twsrc%5Etfw\">#fcklive<\/a> <a href=\"https:\/\/twitter.com\/hashtag\/mufc?src=hash&amp;ref_src=twsrc%5Etfw\">#mufc<\/a> <br><br> <a href=\"https:\/\/t.co\/sY0ck5kGyB\">pic.twitter.com\/sY0ck5kGyB<\/a><\/p>&mdash; Joe Short (@_jshort) <a href=\"https:\/\/twitter.com\/_jshort\/status\/1293136739305955329?ref_src=twsrc%5Etfw\">August 11, 2020<\/a><\/blockquote><script async src=\"https:\/\/platform.twitter.com\/widgets.js\" charset=\"utf-8\"><\/script>\n<\/div><\/figure>\n\n\n\n<p>Manchester United vandt opg\u00f8ret med 1-0, men Falks pr\u00e6stationer i den kamp og i k\u00f8benhavnernes andre kampe efter gruppespillet er i den grad blevet bem\u00e6rket.<\/p>\n\n\n\n<p>Ogs\u00e5 hos det statistiske medie Whoscored, som netop har offentliggjort deres udgave af knockout-fasens hold i Europa League, og her har danskeren sneget sig med, som man kan se herunder.<\/p>\n\n\n\n<figure class=\"wp-block-embed-twitter wp-block-embed is-type-rich is-provider-twitter\"><div class=\"wp-block-embed__wrapper\">\n<blockquote class=\"twitter-tweet\" data-width=\"550\" data-dnt=\"true\"><p lang=\"en\" dir=\"ltr\">Saved you a click <a href=\"https:\/\/t.co\/qvuN8uBTj7\">pic.twitter.com\/qvuN8uBTj7<\/a><\/p>&mdash; Edu (@catcher_____) <a href=\"https:\/\/twitter.com\/catcher_____\/status\/1297129269370519554?ref_src=twsrc%5Etfw\">August 22, 2020<\/a><\/blockquote><script async src=\"https:\/\/platform.twitter.com\/widgets.js\" charset=\"utf-8\"><\/script>\n<\/div><\/figure>\n\n\n\n<p>Falk er i blandt kendte spillere som Bruno Fernandes, Romelu Lukaku og Kai Havertz, som alle har vist formidable takter i turneringens afsluttende fase. <\/p>\n\n\n\n<p>Fredag aften blev der spillet finale i turneringen mellem Sevilla og Inter, og det blev i sidste ende spanierne, som l\u00f8b med titlen efter et dramatisk opg\u00f8r, som du kan l\u00e6se mere om herunder.<\/p>\n\n\n\n<figure class=\"wp-block-embed-wordpress wp-block-embed is-type-wp-embed is-provider-ace-football-danmark\"><div class=\"wp-block-embed__wrapper\">\n<blockquote class=\"wp-embedded-content\" data-secret=\"1gEGOEU3f1\"><a href=\"https:\/\/acefootball.com\/da\/fodboldnyheder\/fabelagtige-sevilla-snuppede-sjette-europa-league-titel\/\">Fabelagtige Sevilla snuppede sjette Europa League-titel<\/a><\/blockquote><iframe class=\"wp-embedded-content\" sandbox=\"allow-scripts\" security=\"restricted\" style=\"position: absolute; clip: rect(1px, 1px, 1px, 1px);\" title=\"&#8220;Fabelagtige Sevilla snuppede sjette Europa League-titel&#8221; &#8212; Ace Football Danmark\" src=\"https:\/\/acefootball.com\/da\/fodboldnyheder\/fabelagtige-sevilla-snuppede-sjette-europa-league-titel\/embed\/#?secret=1gEGOEU3f1\" data-secret=\"1gEGOEU3f1\" width=\"600\" height=\"338\" frameborder=\"0\" marginwidth=\"0\" marginheight=\"0\" scrolling=\"no\"><\/iframe>\n<\/div><\/figure>\n","protected":false},"excerpt":{"rendered":"<p>Det kendte statistikmedie Whoscored har blandt andet FC K\u00f8benhavns Rasmus Falk med p\u00e5 knockout-fasens hold i Europa League<\/p>\n","protected":false},"author":347,"featured_media":234829,"comment_status":"open","ping_status":"closed","sticky":false,"template":"","format":"standard","meta":{"om_disable_all_campaigns":false,"push_articles_ronaldo":{"active":false,"canonical":0,"publish":false},"force_updates":null},"categories":[1],"tags":[49,16,648],"enet_tags":{"league":["73"],"team":["8391"],"player":["199818"],"sport_events":[]},"yoast_head":"<!-- This site is optimized with the Yoast SEO plugin v18.3 - https:\/\/yoast.com\/wordpress\/plugins\/seo\/ -->\n<title>Stor h\u00e6der til Rasmus Falk: Valgt til knockout-fasens hold i Europa League<\/title>\n<meta name=\"description\" content=\"Det kendte statistikmedie Whoscored har blandt andet FC K\u00f8benhavns Rasmus Falk med p\u00e5 knockout-fasens hold i Europa League\" \/>\n<meta name=\"robots\" content=\"index, follow, max-snippet:-1, max-image-preview:large, max-video-preview:-1\" \/>\n<link rel=\"canonical\" href=\"https:\/\/acefootball.com\/da\/fodboldnyheder\/stor-haeder-til-rasmus-falk-valgt-til-knockout-fasens-hold-i-europa-league\/\" \/>\n<meta property=\"og:locale\" content=\"en_US\" \/>\n<meta property=\"og:type\" content=\"article\" \/>\n<meta property=\"og:title\" content=\"Stor h\u00e6der til Rasmus Falk: Valgt til knockout-fasens hold i Europa League\" \/>\n<meta property=\"og:description\" content=\"Det kendte statistikmedie Whoscored har blandt andet FC K\u00f8benhavns Rasmus Falk med p\u00e5 knockout-fasens hold i Europa League\" \/>\n<meta property=\"og:url\" content=\"https:\/\/acefootball.com\/da\/fodboldnyheder\/stor-haeder-til-rasmus-falk-valgt-til-knockout-fasens-hold-i-europa-league\/\" \/>\n<meta property=\"og:site_name\" content=\"Ace Football Danmark\" \/>\n<meta property=\"article:publisher\" content=\"https:\/\/www.facebook.com\/acefootballdk\" \/>\n<meta property=\"article:published_time\" content=\"2020-08-22T13:44:00+00:00\" \/>\n<meta property=\"article:modified_time\" content=\"2020-08-22T13:46:51+00:00\" \/>\n<meta property=\"og:image\" content=\"https:\/\/acefootball.com\/da\/wp-content\/uploads\/sites\/2\/2020\/08\/GettyImages-1227994128.jpg\" \/>\n\t<meta property=\"og:image:width\" content=\"1024\" \/>\n\t<meta property=\"og:image:height\" content=\"654\" \/>\n\t<meta property=\"og:image:type\" content=\"image\/jpeg\" \/>\n<meta name=\"twitter:card\" content=\"summary_large_image\" \/>\n<meta name=\"twitter:label1\" content=\"Written by\" \/>\n\t<meta name=\"twitter:data1\" content=\"Nicolaj M. J\u00f8rgensen\" \/>\n\t<meta name=\"twitter:label2\" content=\"Est. reading time\" \/>\n\t<meta name=\"twitter:data2\" content=\"1 minute\" \/>\n<script type=\"application\/ld+json\" class=\"yoast-schema-graph\">{\"@context\":\"https:\/\/schema.org\",\"@graph\":[{\"@type\":\"Organization\",\"@id\":\"https:\/\/acefootball.com\/da\/#organization\",\"name\":\"Ace Football\",\"url\":\"https:\/\/acefootball.com\/da\/\",\"sameAs\":[\"https:\/\/www.facebook.com\/acefootballdk\"],\"logo\":{\"@type\":\"ImageObject\",\"@id\":\"https:\/\/acefootball.com\/da\/#logo\",\"inLanguage\":\"en-US\",\"url\":\"https:\/\/acefootball.com\/da\/wp-content\/uploads\/sites\/2\/2020\/07\/Ace-Football-30-07-2020-2.png\",\"contentUrl\":\"https:\/\/acefootball.com\/da\/wp-content\/uploads\/sites\/2\/2020\/07\/Ace-Football-30-07-2020-2.png\",\"width\":1200,\"height\":600,\"caption\":\"Ace Football\"},\"image\":{\"@id\":\"https:\/\/acefootball.com\/da\/#logo\"}},{\"@type\":\"WebSite\",\"@id\":\"https:\/\/acefootball.com\/da\/#website\",\"url\":\"https:\/\/acefootball.com\/da\/\",\"name\":\"Ace Football Danmark\",\"description\":\"Nyheder, Spiltips &amp; Livescore\",\"publisher\":{\"@id\":\"https:\/\/acefootball.com\/da\/#organization\"},\"potentialAction\":[{\"@type\":\"SearchAction\",\"target\":{\"@type\":\"EntryPoint\",\"urlTemplate\":\"https:\/\/acefootball.com\/da\/?s={search_term_string}\"},\"query-input\":\"required name=search_term_string\"}],\"inLanguage\":\"en-US\"},{\"@type\":\"ImageObject\",\"@id\":\"https:\/\/acefootball.com\/da\/fodboldnyheder\/stor-haeder-til-rasmus-falk-valgt-til-knockout-fasens-hold-i-europa-league\/#primaryimage\",\"inLanguage\":\"en-US\",\"url\":\"https:\/\/acefootball.com\/da\/wp-content\/uploads\/sites\/2\/2020\/08\/GettyImages-1227994128.jpg\",\"contentUrl\":\"https:\/\/acefootball.com\/da\/wp-content\/uploads\/sites\/2\/2020\/08\/GettyImages-1227994128.jpg\",\"width\":1024,\"height\":654,\"caption\":\"KOLN, GERMANY - AUGUST 10: Fred of Manchester United, Rasmus Falk of FC Copenhagen and Brandon Williams of Manchester United compete for the ball during the UEFA Europa League Quarter Final match between Manchester United and FC Copenhagen at RheinEnergie Stadion on August 10, 2020 in K\u00f6ln, Germany. (Photo by Lars Ronbog \/ FrontZoneSport via Getty Images)\"},{\"@type\":\"WebPage\",\"@id\":\"https:\/\/acefootball.com\/da\/fodboldnyheder\/stor-haeder-til-rasmus-falk-valgt-til-knockout-fasens-hold-i-europa-league\/#webpage\",\"url\":\"https:\/\/acefootball.com\/da\/fodboldnyheder\/stor-haeder-til-rasmus-falk-valgt-til-knockout-fasens-hold-i-europa-league\/\",\"name\":\"Stor h\u00e6der til Rasmus Falk: Valgt til knockout-fasens hold i Europa League\",\"isPartOf\":{\"@id\":\"https:\/\/acefootball.com\/da\/#website\"},\"primaryImageOfPage\":{\"@id\":\"https:\/\/acefootball.com\/da\/fodboldnyheder\/stor-haeder-til-rasmus-falk-valgt-til-knockout-fasens-hold-i-europa-league\/#primaryimage\"},\"datePublished\":\"2020-08-22T13:44:00+00:00\",\"dateModified\":\"2020-08-22T13:46:51+00:00\",\"description\":\"Det kendte statistikmedie Whoscored har blandt andet FC K\u00f8benhavns Rasmus Falk med p\u00e5 knockout-fasens hold i Europa League\",\"breadcrumb\":{\"@id\":\"https:\/\/acefootball.com\/da\/fodboldnyheder\/stor-haeder-til-rasmus-falk-valgt-til-knockout-fasens-hold-i-europa-league\/#breadcrumb\"},\"inLanguage\":\"en-US\",\"potentialAction\":[{\"@type\":\"ReadAction\",\"target\":[\"https:\/\/acefootball.com\/da\/fodboldnyheder\/stor-haeder-til-rasmus-falk-valgt-til-knockout-fasens-hold-i-europa-league\/\"]}]},{\"@type\":\"BreadcrumbList\",\"@id\":\"https:\/\/acefootball.com\/da\/fodboldnyheder\/stor-haeder-til-rasmus-falk-valgt-til-knockout-fasens-hold-i-europa-league\/#breadcrumb\",\"itemListElement\":[{\"@type\":\"ListItem\",\"position\":1,\"name\":\"Home\",\"item\":\"https:\/\/acefootball.com\/da\/\"},{\"@type\":\"ListItem\",\"position\":2,\"name\":\"Stor h\u00e6der til Rasmus Falk: Valgt til knockout-fasens hold i Europa League\"}]},{\"@type\":\"Article\",\"@id\":\"https:\/\/acefootball.com\/da\/fodboldnyheder\/stor-haeder-til-rasmus-falk-valgt-til-knockout-fasens-hold-i-europa-league\/#article\",\"isPartOf\":{\"@id\":\"https:\/\/acefootball.com\/da\/fodboldnyheder\/stor-haeder-til-rasmus-falk-valgt-til-knockout-fasens-hold-i-europa-league\/#webpage\"},\"author\":{\"@id\":\"https:\/\/acefootball.com\/da\/#\/schema\/person\/cc86c6803d8c93f30230e4dbed2a3844\"},\"headline\":\"Stor h\u00e6der til Rasmus Falk: Valgt til knockout-fasens hold i Europa League\",\"datePublished\":\"2020-08-22T13:44:00+00:00\",\"dateModified\":\"2020-08-22T13:46:51+00:00\",\"mainEntityOfPage\":{\"@id\":\"https:\/\/acefootball.com\/da\/fodboldnyheder\/stor-haeder-til-rasmus-falk-valgt-til-knockout-fasens-hold-i-europa-league\/#webpage\"},\"wordCount\":221,\"commentCount\":0,\"publisher\":{\"@id\":\"https:\/\/acefootball.com\/da\/#organization\"},\"image\":{\"@id\":\"https:\/\/acefootball.com\/da\/fodboldnyheder\/stor-haeder-til-rasmus-falk-valgt-til-knockout-fasens-hold-i-europa-league\/#primaryimage\"},\"thumbnailUrl\":\"https:\/\/acefootball.com\/da\/wp-content\/uploads\/sites\/2\/2020\/08\/GettyImages-1227994128.jpg\",\"keywords\":[\"Europa League\",\"FC K\u00f8benhavn\",\"Rasmus Falk\"],\"articleSection\":[\"Nyhed\"],\"inLanguage\":\"en-US\",\"potentialAction\":[{\"@type\":\"CommentAction\",\"name\":\"Comment\",\"target\":[\"https:\/\/acefootball.com\/da\/fodboldnyheder\/stor-haeder-til-rasmus-falk-valgt-til-knockout-fasens-hold-i-europa-league\/#respond\"]}]},{\"@type\":\"Person\",\"@id\":\"https:\/\/acefootball.com\/da\/#\/schema\/person\/cc86c6803d8c93f30230e4dbed2a3844\",\"name\":\"Nicolaj M. J\u00f8rgensen\",\"image\":{\"@type\":\"ImageObject\",\"@id\":\"https:\/\/acefootball.com\/da\/#personlogo\",\"inLanguage\":\"en-US\",\"url\":\"https:\/\/secure.gravatar.com\/avatar\/757fd92a7fd5c1d31c37aee3425e7f74?s=96&d=mm&r=g\",\"contentUrl\":\"https:\/\/secure.gravatar.com\/avatar\/757fd92a7fd5c1d31c37aee3425e7f74?s=96&d=mm&r=g\",\"caption\":\"Nicolaj M. J\u00f8rgensen\"},\"url\":\"https:\/\/acefootball.com\/da\/fodboldnyheder\/author\/nicolajmortenj\/\"}]}<\/script>\n<!-- \/ Yoast SEO plugin. -->","yoast_head_json":{"title":"Stor h\u00e6der til Rasmus Falk: Valgt til knockout-fasens hold i Europa League","description":"Det kendte statistikmedie Whoscored har blandt andet FC K\u00f8benhavns Rasmus Falk med p\u00e5 knockout-fasens hold i Europa League","robots":{"index":"index","follow":"follow","max-snippet":"max-snippet:-1","max-image-preview":"max-image-preview:large","max-video-preview":"max-video-preview:-1"},"canonical":"https:\/\/acefootball.com\/da\/fodboldnyheder\/stor-haeder-til-rasmus-falk-valgt-til-knockout-fasens-hold-i-europa-league\/","og_locale":"en_US","og_type":"article","og_title":"Stor h\u00e6der til Rasmus Falk: Valgt til knockout-fasens hold i Europa League","og_description":"Det kendte statistikmedie Whoscored har blandt andet FC K\u00f8benhavns Rasmus Falk med p\u00e5 knockout-fasens hold i Europa League","og_url":"https:\/\/acefootball.com\/da\/fodboldnyheder\/stor-haeder-til-rasmus-falk-valgt-til-knockout-fasens-hold-i-europa-league\/","og_site_name":"Ace Football Danmark","article_publisher":"https:\/\/www.facebook.com\/acefootballdk","article_published_time":"2020-08-22T13:44:00+00:00","article_modified_time":"2020-08-22T13:46:51+00:00","og_image":[{"width":1024,"height":654,"url":"https:\/\/acefootball.com\/da\/wp-content\/uploads\/sites\/2\/2020\/08\/GettyImages-1227994128.jpg","type":"image\/jpeg"}],"twitter_card":"summary_large_image","twitter_misc":{"Written by":"Nicolaj M. J\u00f8rgensen","Est. reading time":"1 minute"},"schema":{"@context":"https:\/\/schema.org","@graph":[{"@type":"Organization","@id":"https:\/\/acefootball.com\/da\/#organization","name":"Ace Football","url":"https:\/\/acefootball.com\/da\/","sameAs":["https:\/\/www.facebook.com\/acefootballdk"],"logo":{"@type":"ImageObject","@id":"https:\/\/acefootball.com\/da\/#logo","inLanguage":"en-US","url":"https:\/\/acefootball.com\/da\/wp-content\/uploads\/sites\/2\/2020\/07\/Ace-Football-30-07-2020-2.png","contentUrl":"https:\/\/acefootball.com\/da\/wp-content\/uploads\/sites\/2\/2020\/07\/Ace-Football-30-07-2020-2.png","width":1200,"height":600,"caption":"Ace Football"},"image":{"@id":"https:\/\/acefootball.com\/da\/#logo"}},{"@type":"WebSite","@id":"https:\/\/acefootball.com\/da\/#website","url":"https:\/\/acefootball.com\/da\/","name":"Ace Football Danmark","description":"Nyheder, Spiltips &amp; Livescore","publisher":{"@id":"https:\/\/acefootball.com\/da\/#organization"},"potentialAction":[{"@type":"SearchAction","target":{"@type":"EntryPoint","urlTemplate":"https:\/\/acefootball.com\/da\/?s={search_term_string}"},"query-input":"required name=search_term_string"}],"inLanguage":"en-US"},{"@type":"ImageObject","@id":"https:\/\/acefootball.com\/da\/fodboldnyheder\/stor-haeder-til-rasmus-falk-valgt-til-knockout-fasens-hold-i-europa-league\/#primaryimage","inLanguage":"en-US","url":"https:\/\/acefootball.com\/da\/wp-content\/uploads\/sites\/2\/2020\/08\/GettyImages-1227994128.jpg","contentUrl":"https:\/\/acefootball.com\/da\/wp-content\/uploads\/sites\/2\/2020\/08\/GettyImages-1227994128.jpg","width":1024,"height":654,"caption":"KOLN, GERMANY - AUGUST 10: Fred of Manchester United, Rasmus Falk of FC Copenhagen and Brandon Williams of Manchester United compete for the ball during the UEFA Europa League Quarter Final match between Manchester United and FC Copenhagen at RheinEnergie Stadion on August 10, 2020 in K\u00f6ln, Germany. (Photo by Lars Ronbog \/ FrontZoneSport via Getty Images)"},{"@type":"WebPage","@id":"https:\/\/acefootball.com\/da\/fodboldnyheder\/stor-haeder-til-rasmus-falk-valgt-til-knockout-fasens-hold-i-europa-league\/#webpage","url":"https:\/\/acefootball.com\/da\/fodboldnyheder\/stor-haeder-til-rasmus-falk-valgt-til-knockout-fasens-hold-i-europa-league\/","name":"Stor h\u00e6der til Rasmus Falk: Valgt til knockout-fasens hold i Europa League","isPartOf":{"@id":"https:\/\/acefootball.com\/da\/#website"},"primaryImageOfPage":{"@id":"https:\/\/acefootball.com\/da\/fodboldnyheder\/stor-haeder-til-rasmus-falk-valgt-til-knockout-fasens-hold-i-europa-league\/#primaryimage"},"datePublished":"2020-08-22T13:44:00+00:00","dateModified":"2020-08-22T13:46:51+00:00","description":"Det kendte statistikmedie Whoscored har blandt andet FC K\u00f8benhavns Rasmus Falk med p\u00e5 knockout-fasens hold i Europa League","breadcrumb":{"@id":"https:\/\/acefootball.com\/da\/fodboldnyheder\/stor-haeder-til-rasmus-falk-valgt-til-knockout-fasens-hold-i-europa-league\/#breadcrumb"},"inLanguage":"en-US","potentialAction":[{"@type":"ReadAction","target":["https:\/\/acefootball.com\/da\/fodboldnyheder\/stor-haeder-til-rasmus-falk-valgt-til-knockout-fasens-hold-i-europa-league\/"]}]},{"@type":"BreadcrumbList","@id":"https:\/\/acefootball.com\/da\/fodboldnyheder\/stor-haeder-til-rasmus-falk-valgt-til-knockout-fasens-hold-i-europa-league\/#breadcrumb","itemListElement":[{"@type":"ListItem","position":1,"name":"Home","item":"https:\/\/acefootball.com\/da\/"},{"@type":"ListItem","position":2,"name":"Stor h\u00e6der til Rasmus Falk: Valgt til knockout-fasens hold i Europa League"}]},{"@type":"Article","@id":"https:\/\/acefootball.com\/da\/fodboldnyheder\/stor-haeder-til-rasmus-falk-valgt-til-knockout-fasens-hold-i-europa-league\/#article","isPartOf":{"@id":"https:\/\/acefootball.com\/da\/fodboldnyheder\/stor-haeder-til-rasmus-falk-valgt-til-knockout-fasens-hold-i-europa-league\/#webpage"},"author":{"@id":"https:\/\/acefootball.com\/da\/#\/schema\/person\/cc86c6803d8c93f30230e4dbed2a3844"},"headline":"Stor h\u00e6der til Rasmus Falk: Valgt til knockout-fasens hold i Europa League","datePublished":"2020-08-22T13:44:00+00:00","dateModified":"2020-08-22T13:46:51+00:00","mainEntityOfPage":{"@id":"https:\/\/acefootball.com\/da\/fodboldnyheder\/stor-haeder-til-rasmus-falk-valgt-til-knockout-fasens-hold-i-europa-league\/#webpage"},"wordCount":221,"commentCount":0,"publisher":{"@id":"https:\/\/acefootball.com\/da\/#organization"},"image":{"@id":"https:\/\/acefootball.com\/da\/fodboldnyheder\/stor-haeder-til-rasmus-falk-valgt-til-knockout-fasens-hold-i-europa-league\/#primaryimage"},"thumbnailUrl":"https:\/\/acefootball.com\/da\/wp-content\/uploads\/sites\/2\/2020\/08\/GettyImages-1227994128.jpg","keywords":["Europa League","FC K\u00f8benhavn","Rasmus Falk"],"articleSection":["Nyhed"],"inLanguage":"en-US","potentialAction":[{"@type":"CommentAction","name":"Comment","target":["https:\/\/acefootball.com\/da\/fodboldnyheder\/stor-haeder-til-rasmus-falk-valgt-til-knockout-fasens-hold-i-europa-league\/#respond"]}]},{"@type":"Person","@id":"https:\/\/acefootball.com\/da\/#\/schema\/person\/cc86c6803d8c93f30230e4dbed2a3844","name":"Nicolaj M. J\u00f8rgensen","image":{"@type":"ImageObject","@id":"https:\/\/acefootball.com\/da\/#personlogo","inLanguage":"en-US","url":"https:\/\/secure.gravatar.com\/avatar\/757fd92a7fd5c1d31c37aee3425e7f74?s=96&d=mm&r=g","contentUrl":"https:\/\/secure.gravatar.com\/avatar\/757fd92a7fd5c1d31c37aee3425e7f74?s=96&d=mm&r=g","caption":"Nicolaj M. J\u00f8rgensen"},"url":"https:\/\/acefootball.com\/da\/fodboldnyheder\/author\/nicolajmortenj\/"}]}},"fimg_url":"https:\/\/acefootball.com\/da\/wp-content\/uploads\/sites\/2\/2020\/08\/GettyImages-1227994128.jpg","_links":{"self":[{"href":"https:\/\/acefootball.com\/da\/wp-json\/wp\/v2\/posts\/234827"}],"collection":[{"href":"https:\/\/acefootball.com\/da\/wp-json\/wp\/v2\/posts"}],"about":[{"href":"https:\/\/acefootball.com\/da\/wp-json\/wp\/v2\/types\/post"}],"author":[{"embeddable":true,"href":"https:\/\/acefootball.com\/da\/wp-json\/wp\/v2\/users\/347"}],"replies":[{"embeddable":true,"href":"https:\/\/acefootball.com\/da\/wp-json\/wp\/v2\/comments?post=234827"}],"version-history":[{"count":0,"href":"https:\/\/acefootball.com\/da\/wp-json\/wp\/v2\/posts\/234827\/revisions"}],"wp:featuredmedia":[{"embeddable":true,"href":"https:\/\/acefootball.com\/da\/wp-json\/wp\/v2\/media\/234829"}],"wp:attachment":[{"href":"https:\/\/acefootball.com\/da\/wp-json\/wp\/v2\/media?parent=234827"}],"wp:term":[{"taxonomy":"category","embeddable":true,"href":"https:\/\/acefootball.com\/da\/wp-json\/wp\/v2\/categories?post=234827"},{"taxonomy":"post_tag","embeddable":true,"href":"https:\/\/acefootball.com\/da\/wp-json\/wp\/v2\/tags?post=234827"}],"curies":[{"name":"wp","href":"https:\/\/api.w.org\/{rel}","templated":true}]}}