{"id":234728,"date":"2020-08-20T19:32:14","date_gmt":"2020-08-20T17:32:14","guid":{"rendered":"https:\/\/acefootball.com\/da\/?p=234728"},"modified":"2020-08-20T19:32:21","modified_gmt":"2020-08-20T17:32:21","slug":"niels-frederiksen-erkender-mangel-paa-angriber-i-broendby","status":"publish","type":"post","link":"https:\/\/acefootball.com\/da\/fodboldnyheder\/niels-frederiksen-erkender-mangel-paa-angriber-i-broendby\/","title":{"rendered":"Niels Frederiksen: Vi leder efter en angriber"},"content":{"rendered":"\n<h2>Br\u00f8ndbys cheftr\u00e6ner Niels Frederiksen medgiver, at de bl\u00e5gule er en smule tyndt besat i angrebet og h\u00e5ber derfor p\u00e5 forst\u00e6rkninger<\/h2>\n\n\n\n<p>Br\u00f8ndby har b\u00e5de vinket farvel til Samuel Mraz, hvis lejeaftale udl\u00f8b, og Ante Erceg, som er blevet udlejet til NK Osijek i hjemlandet Kroatien i den kommende s\u00e6son.<\/p>\n\n\n\n<p>Det efterlader vestegnsklubben med blot \u00e9n reel angriber i truppen i form af Mikael Uhre. <\/p>\n\n\n\n<div class=\"wp-block-si-widget wp-block-si-widget--center\"><si-lb-widget widget-id=\"PlayerSeasonProfile\" width=\"440\" data-card=\"true\" data-language=\"da\" data-provider=\"mrgreen\" data-player-id=\"436075\"><\/si-lb-widget><\/div>\n\n\n\n<p>Cheftr\u00e6ner Niels Frederiksen p\u00e5peger, at spillere som Simon Hedlund, Jesper Lindstr\u00f8m og Rezan Corlu godt kan d\u00e6kke pladsen, men giver samtidig udtryk for, at han godt kunne bruge yderligere alternativer p\u00e5 positionen.<\/p>\n\n\n\n<p>&#8220;Vi har f\u00e5et Rezan Corlu ind, der ogs\u00e5 kan spille fremme. Det er ikke som 9&#8217;er, men p\u00e5 en eller anden m\u00e5de kan han godt ligge omkring den sidste linje. Vi ogs\u00e5 stadig Simon Hedlund, s\u00e5 vi har nogle muligheder, men kigger ogs\u00e5 p\u00e5 andre muligheder,&#8221; udtaler han til<a href=\"https:\/\/www.bold.dk\/fodbold\/nyheder\/broendby-jagter-angriber-efter-erceg-udlejning\/\" target=\"_blank\" rel=\"noreferrer noopener\"> bold.dk. <\/a><\/p>\n\n\n\n<p>Br\u00f8ndby blev tidligere p\u00e5 sommeren rygtet interesseret i svenske Tim Prica, men han skiftede i stedet til AaB, og siden da har der v\u00e6ret en smule stille, hvad ang\u00e5r rygter om mulige nye angribere p\u00e5 Vestegnen.<\/p>\n\n\n\n<p>Til geng\u00e6ld sp\u00f8ger en tidligere venstre back i klubben angiveligt i \u00f8jeblikket. Den historie kan du l\u00e6se mere om her:<\/p>\n\n\n\n<figure class=\"wp-block-embed-wordpress wp-block-embed is-type-wp-embed is-provider-ace-football-danmark\"><div class=\"wp-block-embed__wrapper\">\n<blockquote class=\"wp-embedded-content\" data-secret=\"OnbfWzh35R\"><a href=\"https:\/\/acefootball.com\/da\/fodboldnyheder\/avis-jan-bech-andersen-forsoeger-at-lokke-durmisi-til-broendby\/\">Avis: Jan Bech Andersen fors\u00f8ger at lokke Durmisi til Br\u00f8ndby<\/a><\/blockquote><iframe class=\"wp-embedded-content\" sandbox=\"allow-scripts\" security=\"restricted\" style=\"position: absolute; clip: rect(1px, 1px, 1px, 1px);\" title=\"&#8220;Avis: Jan Bech Andersen fors\u00f8ger at lokke Durmisi til Br\u00f8ndby&#8221; &#8212; Ace Football Danmark\" src=\"https:\/\/acefootball.com\/da\/fodboldnyheder\/avis-jan-bech-andersen-forsoeger-at-lokke-durmisi-til-broendby\/embed\/#?secret=OnbfWzh35R\" data-secret=\"OnbfWzh35R\" width=\"600\" height=\"338\" frameborder=\"0\" marginwidth=\"0\" marginheight=\"0\" scrolling=\"no\"><\/iframe>\n<\/div><\/figure>\n\n\n\n<p><\/p>\n","protected":false},"excerpt":{"rendered":"<p>Br\u00f8ndbys cheftr\u00e6ner Niels Frederiksen medgiver, at de bl\u00e5gule er en smule tyndt besat i angrebet og h\u00e5ber derfor p\u00e5 forst\u00e6rkninger<\/p>\n","protected":false},"author":347,"featured_media":234729,"comment_status":"open","ping_status":"closed","sticky":false,"template":"","format":"standard","meta":{"om_disable_all_campaigns":false,"push_articles_ronaldo":{"active":false,"canonical":0,"publish":false},"force_updates":null},"categories":[8204],"tags":[53,812,588],"enet_tags":{"team":["8595"],"player":["183862"],"league":["46"],"sport_events":[]},"yoast_head":"<!-- This site is optimized with the Yoast SEO plugin v18.3 - https:\/\/yoast.com\/wordpress\/plugins\/seo\/ -->\n<title>Niels Frederiksen: Vi leder efter en angriber<\/title>\n<meta name=\"description\" content=\"Br\u00f8ndbys cheftr\u00e6ner Niels Frederiksen medgiver, at de bl\u00e5gule er en smule tyndt besat i angrebet og h\u00e5ber derfor p\u00e5 forst\u00e6rkninger\" \/>\n<meta name=\"robots\" content=\"index, follow, max-snippet:-1, max-image-preview:large, max-video-preview:-1\" \/>\n<link rel=\"canonical\" href=\"https:\/\/acefootball.com\/da\/fodboldnyheder\/niels-frederiksen-erkender-mangel-paa-angriber-i-broendby\/\" \/>\n<meta property=\"og:locale\" content=\"en_US\" \/>\n<meta property=\"og:type\" content=\"article\" \/>\n<meta property=\"og:title\" content=\"Niels Frederiksen: Vi leder efter en angriber\" \/>\n<meta property=\"og:description\" content=\"Br\u00f8ndbys cheftr\u00e6ner Niels Frederiksen medgiver, at de bl\u00e5gule er en smule tyndt besat i angrebet og h\u00e5ber derfor p\u00e5 forst\u00e6rkninger\" \/>\n<meta property=\"og:url\" content=\"https:\/\/acefootball.com\/da\/fodboldnyheder\/niels-frederiksen-erkender-mangel-paa-angriber-i-broendby\/\" \/>\n<meta property=\"og:site_name\" content=\"Ace Football Danmark\" \/>\n<meta property=\"article:publisher\" content=\"https:\/\/www.facebook.com\/acefootballdk\" \/>\n<meta property=\"article:published_time\" content=\"2020-08-20T17:32:14+00:00\" \/>\n<meta property=\"article:modified_time\" content=\"2020-08-20T17:32:21+00:00\" \/>\n<meta property=\"og:image\" content=\"https:\/\/acefootball.com\/da\/wp-content\/uploads\/sites\/2\/2020\/08\/GettyImages-1227792835.jpg\" \/>\n\t<meta property=\"og:image:width\" content=\"1024\" \/>\n\t<meta property=\"og:image:height\" content=\"683\" \/>\n\t<meta property=\"og:image:type\" content=\"image\/jpeg\" \/>\n<meta name=\"twitter:card\" content=\"summary_large_image\" \/>\n<meta name=\"twitter:label1\" content=\"Written by\" \/>\n\t<meta name=\"twitter:data1\" content=\"Nicolaj M. J\u00f8rgensen\" \/>\n\t<meta name=\"twitter:label2\" content=\"Est. reading time\" \/>\n\t<meta name=\"twitter:data2\" content=\"1 minute\" \/>\n<script type=\"application\/ld+json\" class=\"yoast-schema-graph\">{\"@context\":\"https:\/\/schema.org\",\"@graph\":[{\"@type\":\"Organization\",\"@id\":\"https:\/\/acefootball.com\/da\/#organization\",\"name\":\"Ace Football\",\"url\":\"https:\/\/acefootball.com\/da\/\",\"sameAs\":[\"https:\/\/www.facebook.com\/acefootballdk\"],\"logo\":{\"@type\":\"ImageObject\",\"@id\":\"https:\/\/acefootball.com\/da\/#logo\",\"inLanguage\":\"en-US\",\"url\":\"https:\/\/acefootball.com\/da\/wp-content\/uploads\/sites\/2\/2020\/07\/Ace-Football-30-07-2020-2.png\",\"contentUrl\":\"https:\/\/acefootball.com\/da\/wp-content\/uploads\/sites\/2\/2020\/07\/Ace-Football-30-07-2020-2.png\",\"width\":1200,\"height\":600,\"caption\":\"Ace Football\"},\"image\":{\"@id\":\"https:\/\/acefootball.com\/da\/#logo\"}},{\"@type\":\"WebSite\",\"@id\":\"https:\/\/acefootball.com\/da\/#website\",\"url\":\"https:\/\/acefootball.com\/da\/\",\"name\":\"Ace Football Danmark\",\"description\":\"Nyheder, Spiltips &amp; Livescore\",\"publisher\":{\"@id\":\"https:\/\/acefootball.com\/da\/#organization\"},\"potentialAction\":[{\"@type\":\"SearchAction\",\"target\":{\"@type\":\"EntryPoint\",\"urlTemplate\":\"https:\/\/acefootball.com\/da\/?s={search_term_string}\"},\"query-input\":\"required name=search_term_string\"}],\"inLanguage\":\"en-US\"},{\"@type\":\"ImageObject\",\"@id\":\"https:\/\/acefootball.com\/da\/fodboldnyheder\/niels-frederiksen-erkender-mangel-paa-angriber-i-broendby\/#primaryimage\",\"inLanguage\":\"en-US\",\"url\":\"https:\/\/acefootball.com\/da\/wp-content\/uploads\/sites\/2\/2020\/08\/GettyImages-1227792835.jpg\",\"contentUrl\":\"https:\/\/acefootball.com\/da\/wp-content\/uploads\/sites\/2\/2020\/08\/GettyImages-1227792835.jpg\",\"width\":1024,\"height\":683,\"caption\":\"ARHUS, DENMARK - JULY 26: Niels Frederiksen, head coach of Brondby IF talk to his staff during the Danish 3F Superliga match between AGF Arhus and Brondby IF at Ceres Park on July 26, 2020 in Arhus, Denmark. (Photo by Jan Christensen \/ FrontzoneSport via Getty Images)\"},{\"@type\":\"WebPage\",\"@id\":\"https:\/\/acefootball.com\/da\/fodboldnyheder\/niels-frederiksen-erkender-mangel-paa-angriber-i-broendby\/#webpage\",\"url\":\"https:\/\/acefootball.com\/da\/fodboldnyheder\/niels-frederiksen-erkender-mangel-paa-angriber-i-broendby\/\",\"name\":\"Niels Frederiksen: Vi leder efter en angriber\",\"isPartOf\":{\"@id\":\"https:\/\/acefootball.com\/da\/#website\"},\"primaryImageOfPage\":{\"@id\":\"https:\/\/acefootball.com\/da\/fodboldnyheder\/niels-frederiksen-erkender-mangel-paa-angriber-i-broendby\/#primaryimage\"},\"datePublished\":\"2020-08-20T17:32:14+00:00\",\"dateModified\":\"2020-08-20T17:32:21+00:00\",\"description\":\"Br\u00f8ndbys cheftr\u00e6ner Niels Frederiksen medgiver, at de bl\u00e5gule er en smule tyndt besat i angrebet og h\u00e5ber derfor p\u00e5 forst\u00e6rkninger\",\"breadcrumb\":{\"@id\":\"https:\/\/acefootball.com\/da\/fodboldnyheder\/niels-frederiksen-erkender-mangel-paa-angriber-i-broendby\/#breadcrumb\"},\"inLanguage\":\"en-US\",\"potentialAction\":[{\"@type\":\"ReadAction\",\"target\":[\"https:\/\/acefootball.com\/da\/fodboldnyheder\/niels-frederiksen-erkender-mangel-paa-angriber-i-broendby\/\"]}]},{\"@type\":\"BreadcrumbList\",\"@id\":\"https:\/\/acefootball.com\/da\/fodboldnyheder\/niels-frederiksen-erkender-mangel-paa-angriber-i-broendby\/#breadcrumb\",\"itemListElement\":[{\"@type\":\"ListItem\",\"position\":1,\"name\":\"Home\",\"item\":\"https:\/\/acefootball.com\/da\/\"},{\"@type\":\"ListItem\",\"position\":2,\"name\":\"Niels Frederiksen: Vi leder efter en angriber\"}]},{\"@type\":\"Article\",\"@id\":\"https:\/\/acefootball.com\/da\/fodboldnyheder\/niels-frederiksen-erkender-mangel-paa-angriber-i-broendby\/#article\",\"isPartOf\":{\"@id\":\"https:\/\/acefootball.com\/da\/fodboldnyheder\/niels-frederiksen-erkender-mangel-paa-angriber-i-broendby\/#webpage\"},\"author\":{\"@id\":\"https:\/\/acefootball.com\/da\/#\/schema\/person\/cc86c6803d8c93f30230e4dbed2a3844\"},\"headline\":\"Niels Frederiksen: Vi leder efter en angriber\",\"datePublished\":\"2020-08-20T17:32:14+00:00\",\"dateModified\":\"2020-08-20T17:32:21+00:00\",\"mainEntityOfPage\":{\"@id\":\"https:\/\/acefootball.com\/da\/fodboldnyheder\/niels-frederiksen-erkender-mangel-paa-angriber-i-broendby\/#webpage\"},\"wordCount\":236,\"commentCount\":0,\"publisher\":{\"@id\":\"https:\/\/acefootball.com\/da\/#organization\"},\"image\":{\"@id\":\"https:\/\/acefootball.com\/da\/fodboldnyheder\/niels-frederiksen-erkender-mangel-paa-angriber-i-broendby\/#primaryimage\"},\"thumbnailUrl\":\"https:\/\/acefootball.com\/da\/wp-content\/uploads\/sites\/2\/2020\/08\/GettyImages-1227792835.jpg\",\"keywords\":[\"Br\u00f8ndby IF\",\"Niels Frederiksen\",\"Superligaen\"],\"articleSection\":[\"Udtalelse\"],\"inLanguage\":\"en-US\",\"potentialAction\":[{\"@type\":\"CommentAction\",\"name\":\"Comment\",\"target\":[\"https:\/\/acefootball.com\/da\/fodboldnyheder\/niels-frederiksen-erkender-mangel-paa-angriber-i-broendby\/#respond\"]}]},{\"@type\":\"Person\",\"@id\":\"https:\/\/acefootball.com\/da\/#\/schema\/person\/cc86c6803d8c93f30230e4dbed2a3844\",\"name\":\"Nicolaj M. J\u00f8rgensen\",\"image\":{\"@type\":\"ImageObject\",\"@id\":\"https:\/\/acefootball.com\/da\/#personlogo\",\"inLanguage\":\"en-US\",\"url\":\"https:\/\/secure.gravatar.com\/avatar\/757fd92a7fd5c1d31c37aee3425e7f74?s=96&d=mm&r=g\",\"contentUrl\":\"https:\/\/secure.gravatar.com\/avatar\/757fd92a7fd5c1d31c37aee3425e7f74?s=96&d=mm&r=g\",\"caption\":\"Nicolaj M. J\u00f8rgensen\"},\"url\":\"https:\/\/acefootball.com\/da\/fodboldnyheder\/author\/nicolajmortenj\/\"}]}<\/script>\n<!-- \/ Yoast SEO plugin. -->","yoast_head_json":{"title":"Niels Frederiksen: Vi leder efter en angriber","description":"Br\u00f8ndbys cheftr\u00e6ner Niels Frederiksen medgiver, at de bl\u00e5gule er en smule tyndt besat i angrebet og h\u00e5ber derfor p\u00e5 forst\u00e6rkninger","robots":{"index":"index","follow":"follow","max-snippet":"max-snippet:-1","max-image-preview":"max-image-preview:large","max-video-preview":"max-video-preview:-1"},"canonical":"https:\/\/acefootball.com\/da\/fodboldnyheder\/niels-frederiksen-erkender-mangel-paa-angriber-i-broendby\/","og_locale":"en_US","og_type":"article","og_title":"Niels Frederiksen: Vi leder efter en angriber","og_description":"Br\u00f8ndbys cheftr\u00e6ner Niels Frederiksen medgiver, at de bl\u00e5gule er en smule tyndt besat i angrebet og h\u00e5ber derfor p\u00e5 forst\u00e6rkninger","og_url":"https:\/\/acefootball.com\/da\/fodboldnyheder\/niels-frederiksen-erkender-mangel-paa-angriber-i-broendby\/","og_site_name":"Ace Football Danmark","article_publisher":"https:\/\/www.facebook.com\/acefootballdk","article_published_time":"2020-08-20T17:32:14+00:00","article_modified_time":"2020-08-20T17:32:21+00:00","og_image":[{"width":1024,"height":683,"url":"https:\/\/acefootball.com\/da\/wp-content\/uploads\/sites\/2\/2020\/08\/GettyImages-1227792835.jpg","type":"image\/jpeg"}],"twitter_card":"summary_large_image","twitter_misc":{"Written by":"Nicolaj M. J\u00f8rgensen","Est. reading time":"1 minute"},"schema":{"@context":"https:\/\/schema.org","@graph":[{"@type":"Organization","@id":"https:\/\/acefootball.com\/da\/#organization","name":"Ace Football","url":"https:\/\/acefootball.com\/da\/","sameAs":["https:\/\/www.facebook.com\/acefootballdk"],"logo":{"@type":"ImageObject","@id":"https:\/\/acefootball.com\/da\/#logo","inLanguage":"en-US","url":"https:\/\/acefootball.com\/da\/wp-content\/uploads\/sites\/2\/2020\/07\/Ace-Football-30-07-2020-2.png","contentUrl":"https:\/\/acefootball.com\/da\/wp-content\/uploads\/sites\/2\/2020\/07\/Ace-Football-30-07-2020-2.png","width":1200,"height":600,"caption":"Ace Football"},"image":{"@id":"https:\/\/acefootball.com\/da\/#logo"}},{"@type":"WebSite","@id":"https:\/\/acefootball.com\/da\/#website","url":"https:\/\/acefootball.com\/da\/","name":"Ace Football Danmark","description":"Nyheder, Spiltips &amp; Livescore","publisher":{"@id":"https:\/\/acefootball.com\/da\/#organization"},"potentialAction":[{"@type":"SearchAction","target":{"@type":"EntryPoint","urlTemplate":"https:\/\/acefootball.com\/da\/?s={search_term_string}"},"query-input":"required name=search_term_string"}],"inLanguage":"en-US"},{"@type":"ImageObject","@id":"https:\/\/acefootball.com\/da\/fodboldnyheder\/niels-frederiksen-erkender-mangel-paa-angriber-i-broendby\/#primaryimage","inLanguage":"en-US","url":"https:\/\/acefootball.com\/da\/wp-content\/uploads\/sites\/2\/2020\/08\/GettyImages-1227792835.jpg","contentUrl":"https:\/\/acefootball.com\/da\/wp-content\/uploads\/sites\/2\/2020\/08\/GettyImages-1227792835.jpg","width":1024,"height":683,"caption":"ARHUS, DENMARK - JULY 26: Niels Frederiksen, head coach of Brondby IF talk to his staff during the Danish 3F Superliga match between AGF Arhus and Brondby IF at Ceres Park on July 26, 2020 in Arhus, Denmark. (Photo by Jan Christensen \/ FrontzoneSport via Getty Images)"},{"@type":"WebPage","@id":"https:\/\/acefootball.com\/da\/fodboldnyheder\/niels-frederiksen-erkender-mangel-paa-angriber-i-broendby\/#webpage","url":"https:\/\/acefootball.com\/da\/fodboldnyheder\/niels-frederiksen-erkender-mangel-paa-angriber-i-broendby\/","name":"Niels Frederiksen: Vi leder efter en angriber","isPartOf":{"@id":"https:\/\/acefootball.com\/da\/#website"},"primaryImageOfPage":{"@id":"https:\/\/acefootball.com\/da\/fodboldnyheder\/niels-frederiksen-erkender-mangel-paa-angriber-i-broendby\/#primaryimage"},"datePublished":"2020-08-20T17:32:14+00:00","dateModified":"2020-08-20T17:32:21+00:00","description":"Br\u00f8ndbys cheftr\u00e6ner Niels Frederiksen medgiver, at de bl\u00e5gule er en smule tyndt besat i angrebet og h\u00e5ber derfor p\u00e5 forst\u00e6rkninger","breadcrumb":{"@id":"https:\/\/acefootball.com\/da\/fodboldnyheder\/niels-frederiksen-erkender-mangel-paa-angriber-i-broendby\/#breadcrumb"},"inLanguage":"en-US","potentialAction":[{"@type":"ReadAction","target":["https:\/\/acefootball.com\/da\/fodboldnyheder\/niels-frederiksen-erkender-mangel-paa-angriber-i-broendby\/"]}]},{"@type":"BreadcrumbList","@id":"https:\/\/acefootball.com\/da\/fodboldnyheder\/niels-frederiksen-erkender-mangel-paa-angriber-i-broendby\/#breadcrumb","itemListElement":[{"@type":"ListItem","position":1,"name":"Home","item":"https:\/\/acefootball.com\/da\/"},{"@type":"ListItem","position":2,"name":"Niels Frederiksen: Vi leder efter en angriber"}]},{"@type":"Article","@id":"https:\/\/acefootball.com\/da\/fodboldnyheder\/niels-frederiksen-erkender-mangel-paa-angriber-i-broendby\/#article","isPartOf":{"@id":"https:\/\/acefootball.com\/da\/fodboldnyheder\/niels-frederiksen-erkender-mangel-paa-angriber-i-broendby\/#webpage"},"author":{"@id":"https:\/\/acefootball.com\/da\/#\/schema\/person\/cc86c6803d8c93f30230e4dbed2a3844"},"headline":"Niels Frederiksen: Vi leder efter en angriber","datePublished":"2020-08-20T17:32:14+00:00","dateModified":"2020-08-20T17:32:21+00:00","mainEntityOfPage":{"@id":"https:\/\/acefootball.com\/da\/fodboldnyheder\/niels-frederiksen-erkender-mangel-paa-angriber-i-broendby\/#webpage"},"wordCount":236,"commentCount":0,"publisher":{"@id":"https:\/\/acefootball.com\/da\/#organization"},"image":{"@id":"https:\/\/acefootball.com\/da\/fodboldnyheder\/niels-frederiksen-erkender-mangel-paa-angriber-i-broendby\/#primaryimage"},"thumbnailUrl":"https:\/\/acefootball.com\/da\/wp-content\/uploads\/sites\/2\/2020\/08\/GettyImages-1227792835.jpg","keywords":["Br\u00f8ndby IF","Niels Frederiksen","Superligaen"],"articleSection":["Udtalelse"],"inLanguage":"en-US","potentialAction":[{"@type":"CommentAction","name":"Comment","target":["https:\/\/acefootball.com\/da\/fodboldnyheder\/niels-frederiksen-erkender-mangel-paa-angriber-i-broendby\/#respond"]}]},{"@type":"Person","@id":"https:\/\/acefootball.com\/da\/#\/schema\/person\/cc86c6803d8c93f30230e4dbed2a3844","name":"Nicolaj M. J\u00f8rgensen","image":{"@type":"ImageObject","@id":"https:\/\/acefootball.com\/da\/#personlogo","inLanguage":"en-US","url":"https:\/\/secure.gravatar.com\/avatar\/757fd92a7fd5c1d31c37aee3425e7f74?s=96&d=mm&r=g","contentUrl":"https:\/\/secure.gravatar.com\/avatar\/757fd92a7fd5c1d31c37aee3425e7f74?s=96&d=mm&r=g","caption":"Nicolaj M. J\u00f8rgensen"},"url":"https:\/\/acefootball.com\/da\/fodboldnyheder\/author\/nicolajmortenj\/"}]}},"fimg_url":"https:\/\/acefootball.com\/da\/wp-content\/uploads\/sites\/2\/2020\/08\/GettyImages-1227792835.jpg","_links":{"self":[{"href":"https:\/\/acefootball.com\/da\/wp-json\/wp\/v2\/posts\/234728"}],"collection":[{"href":"https:\/\/acefootball.com\/da\/wp-json\/wp\/v2\/posts"}],"about":[{"href":"https:\/\/acefootball.com\/da\/wp-json\/wp\/v2\/types\/post"}],"author":[{"embeddable":true,"href":"https:\/\/acefootball.com\/da\/wp-json\/wp\/v2\/users\/347"}],"replies":[{"embeddable":true,"href":"https:\/\/acefootball.com\/da\/wp-json\/wp\/v2\/comments?post=234728"}],"version-history":[{"count":0,"href":"https:\/\/acefootball.com\/da\/wp-json\/wp\/v2\/posts\/234728\/revisions"}],"wp:featuredmedia":[{"embeddable":true,"href":"https:\/\/acefootball.com\/da\/wp-json\/wp\/v2\/media\/234729"}],"wp:attachment":[{"href":"https:\/\/acefootball.com\/da\/wp-json\/wp\/v2\/media?parent=234728"}],"wp:term":[{"taxonomy":"category","embeddable":true,"href":"https:\/\/acefootball.com\/da\/wp-json\/wp\/v2\/categories?post=234728"},{"taxonomy":"post_tag","embeddable":true,"href":"https:\/\/acefootball.com\/da\/wp-json\/wp\/v2\/tags?post=234728"}],"curies":[{"name":"wp","href":"https:\/\/api.w.org\/{rel}","templated":true}]}}