{"id":234679,"date":"2020-08-23T12:30:00","date_gmt":"2020-08-23T10:30:00","guid":{"rendered":"https:\/\/acefootball.com\/da\/?p=234679"},"modified":"2020-08-23T15:28:26","modified_gmt":"2020-08-23T13:28:26","slug":"kombineret-xi-cl-special-bayern-munchen-psg","status":"publish","type":"post","link":"https:\/\/acefootball.com\/da\/fodboldnyheder\/kombineret-xi-cl-special-bayern-munchen-psg\/","title":{"rendered":"Kombineret XI CL-special: Bayern M\u00fcnchen &#8211; PSG"},"content":{"rendered":"\n<h2>Bayern M\u00fcnchen og PSG brager i aften sammen i Champions League-finalen. I den forbindelse har vi sat et kombineret hold fra de to klubber<\/h2>\n\n\n\n<p>Bayern M\u00fcnchen og PSG sparker kl. 21.00 i aften igang i den 65. Champions League-finale i historien.<\/p>\n\n\n\n<p>Begge hold er sp\u00e6kket med verdensstjerner, men hvordan ville et kombineret hold med spillere fra begge klubber se ud?<\/p>\n\n\n\n<p>Vi har givet vores bud herunder:<\/p>\n\n\n\n<figure class=\"wp-block-image size-large\"><img loading=\"lazy\" width=\"1024\" height=\"839\" src=\"https:\/\/acefootball.com\/da\/wp-content\/uploads\/sites\/2\/2020\/08\/aas.jpg\" alt=\"\" class=\"wp-image-234682\" srcset=\"https:\/\/acefootball.com\/da\/wp-content\/uploads\/sites\/2\/2020\/08\/aas.jpg 1024w, https:\/\/acefootball.com\/da\/wp-content\/uploads\/sites\/2\/2020\/08\/aas-300x246.jpg 300w, https:\/\/acefootball.com\/da\/wp-content\/uploads\/sites\/2\/2020\/08\/aas-768x629.jpg 768w\" sizes=\"(max-width: 1024px) 100vw, 1024px\" \/><\/figure>\n\n\n\n<p>Der er i \u00f8vrigt mulighed for at tjene gode penge p\u00e5 aftenens Champions League-brag. Du kan som ny kunde hos Mr. Green f\u00e5 odds 10.00 p\u00e5 b\u00e5de PSG og Bayern M\u00fcnchen. Klik p\u00e5 billedet herunder for at se mere.<\/p>\n\n\n\n<figure class=\"wp-block-image size-large\"><a href=\"https:\/\/www.mrgreen.com\/da\/adv\/odds-boost-5?btag=3407546_CF9B26C47B6A422BA9C573B70A4D02D0&amp;utm_medium=affiliates&amp;utm_source=3407546\" target=\"_blank\" rel=\"noopener\"><img loading=\"lazy\" width=\"683\" height=\"1024\" src=\"https:\/\/acefootball.com\/da\/wp-content\/uploads\/sites\/2\/2020\/08\/oddBoost_DA_Portrait-18.06.2020-2-683x1024.png\" alt=\"Oddsboost fra Mr. Green til Champions League-finalen\" class=\"wp-image-234858\" srcset=\"https:\/\/acefootball.com\/da\/wp-content\/uploads\/sites\/2\/2020\/08\/oddBoost_DA_Portrait-18.06.2020-2-683x1024.png 683w, https:\/\/acefootball.com\/da\/wp-content\/uploads\/sites\/2\/2020\/08\/oddBoost_DA_Portrait-18.06.2020-2-200x300.png 200w, https:\/\/acefootball.com\/da\/wp-content\/uploads\/sites\/2\/2020\/08\/oddBoost_DA_Portrait-18.06.2020-2-768x1152.png 768w, https:\/\/acefootball.com\/da\/wp-content\/uploads\/sites\/2\/2020\/08\/oddBoost_DA_Portrait-18.06.2020-2.png 1000w\" sizes=\"(max-width: 683px) 100vw, 683px\" \/><\/a><\/figure>\n","protected":false},"excerpt":{"rendered":"<p>Bayern M\u00fcnchen og PSG brager i aften sammen i Champions League-finalen. I den forbindelse har vi sat et kombineret hold fra de to klubber<\/p>\n","protected":false},"author":43,"featured_media":234683,"comment_status":"open","ping_status":"closed","sticky":false,"template":"","format":"standard","meta":{"om_disable_all_campaigns":false,"push_articles_ronaldo":{"active":false,"canonical":0,"publish":false},"force_updates":null},"categories":[2470],"tags":[74,206,461],"enet_tags":{"team":["9823","9847"],"league":["42"],"sport_events":[]},"yoast_head":"<!-- This site is optimized with the Yoast SEO plugin v18.3 - https:\/\/yoast.com\/wordpress\/plugins\/seo\/ -->\n<title>Kombineret XI CL-special: Bayern M\u00fcnchen - PSG<\/title>\n<meta name=\"description\" content=\"Bayern M\u00fcnchen og PSG brager i aften sammen i Champions League-finalen. I den forbindelse har vi sat et kombineret hold fra de to klubber\" \/>\n<meta name=\"robots\" content=\"index, follow, max-snippet:-1, max-image-preview:large, max-video-preview:-1\" \/>\n<link rel=\"canonical\" href=\"https:\/\/acefootball.com\/da\/fodboldnyheder\/kombineret-xi-cl-special-bayern-munchen-psg\/\" \/>\n<meta property=\"og:locale\" content=\"en_US\" \/>\n<meta property=\"og:type\" content=\"article\" \/>\n<meta property=\"og:title\" content=\"Kombineret XI CL-special: Bayern M\u00fcnchen - PSG\" \/>\n<meta property=\"og:description\" content=\"Bayern M\u00fcnchen og PSG brager i aften sammen i Champions League-finalen. I den forbindelse har vi sat et kombineret hold fra de to klubber\" \/>\n<meta property=\"og:url\" content=\"https:\/\/acefootball.com\/da\/fodboldnyheder\/kombineret-xi-cl-special-bayern-munchen-psg\/\" \/>\n<meta property=\"og:site_name\" content=\"Ace Football Danmark\" \/>\n<meta property=\"article:publisher\" content=\"https:\/\/www.facebook.com\/acefootballdk\" \/>\n<meta property=\"article:published_time\" content=\"2020-08-23T10:30:00+00:00\" \/>\n<meta property=\"article:modified_time\" content=\"2020-08-23T13:28:26+00:00\" \/>\n<meta property=\"og:image\" content=\"https:\/\/acefootball.com\/da\/wp-content\/uploads\/sites\/2\/2020\/08\/1.-26.jpg\" \/>\n\t<meta property=\"og:image:width\" content=\"1920\" \/>\n\t<meta property=\"og:image:height\" content=\"1080\" \/>\n\t<meta property=\"og:image:type\" content=\"image\/jpeg\" \/>\n<meta name=\"twitter:card\" content=\"summary_large_image\" \/>\n<meta name=\"twitter:label1\" content=\"Written by\" \/>\n\t<meta name=\"twitter:data1\" content=\"Mikki M\u00f8ller-Iversen\" \/>\n\t<meta name=\"twitter:label2\" content=\"Est. reading time\" \/>\n\t<meta name=\"twitter:data2\" content=\"1 minute\" \/>\n<script type=\"application\/ld+json\" class=\"yoast-schema-graph\">{\"@context\":\"https:\/\/schema.org\",\"@graph\":[{\"@type\":\"Organization\",\"@id\":\"https:\/\/acefootball.com\/da\/#organization\",\"name\":\"Ace Football\",\"url\":\"https:\/\/acefootball.com\/da\/\",\"sameAs\":[\"https:\/\/www.facebook.com\/acefootballdk\"],\"logo\":{\"@type\":\"ImageObject\",\"@id\":\"https:\/\/acefootball.com\/da\/#logo\",\"inLanguage\":\"en-US\",\"url\":\"https:\/\/acefootball.com\/da\/wp-content\/uploads\/sites\/2\/2020\/07\/Ace-Football-30-07-2020-2.png\",\"contentUrl\":\"https:\/\/acefootball.com\/da\/wp-content\/uploads\/sites\/2\/2020\/07\/Ace-Football-30-07-2020-2.png\",\"width\":1200,\"height\":600,\"caption\":\"Ace Football\"},\"image\":{\"@id\":\"https:\/\/acefootball.com\/da\/#logo\"}},{\"@type\":\"WebSite\",\"@id\":\"https:\/\/acefootball.com\/da\/#website\",\"url\":\"https:\/\/acefootball.com\/da\/\",\"name\":\"Ace Football Danmark\",\"description\":\"Nyheder, Spiltips &amp; Livescore\",\"publisher\":{\"@id\":\"https:\/\/acefootball.com\/da\/#organization\"},\"potentialAction\":[{\"@type\":\"SearchAction\",\"target\":{\"@type\":\"EntryPoint\",\"urlTemplate\":\"https:\/\/acefootball.com\/da\/?s={search_term_string}\"},\"query-input\":\"required name=search_term_string\"}],\"inLanguage\":\"en-US\"},{\"@type\":\"ImageObject\",\"@id\":\"https:\/\/acefootball.com\/da\/fodboldnyheder\/kombineret-xi-cl-special-bayern-munchen-psg\/#primaryimage\",\"inLanguage\":\"en-US\",\"url\":\"https:\/\/acefootball.com\/da\/wp-content\/uploads\/sites\/2\/2020\/08\/1.-26.jpg\",\"contentUrl\":\"https:\/\/acefootball.com\/da\/wp-content\/uploads\/sites\/2\/2020\/08\/1.-26.jpg\",\"width\":1920,\"height\":1080,\"caption\":\"Foto: UEFA.com\"},{\"@type\":\"WebPage\",\"@id\":\"https:\/\/acefootball.com\/da\/fodboldnyheder\/kombineret-xi-cl-special-bayern-munchen-psg\/#webpage\",\"url\":\"https:\/\/acefootball.com\/da\/fodboldnyheder\/kombineret-xi-cl-special-bayern-munchen-psg\/\",\"name\":\"Kombineret XI CL-special: Bayern M\u00fcnchen - PSG\",\"isPartOf\":{\"@id\":\"https:\/\/acefootball.com\/da\/#website\"},\"primaryImageOfPage\":{\"@id\":\"https:\/\/acefootball.com\/da\/fodboldnyheder\/kombineret-xi-cl-special-bayern-munchen-psg\/#primaryimage\"},\"datePublished\":\"2020-08-23T10:30:00+00:00\",\"dateModified\":\"2020-08-23T13:28:26+00:00\",\"description\":\"Bayern M\u00fcnchen og PSG brager i aften sammen i Champions League-finalen. I den forbindelse har vi sat et kombineret hold fra de to klubber\",\"breadcrumb\":{\"@id\":\"https:\/\/acefootball.com\/da\/fodboldnyheder\/kombineret-xi-cl-special-bayern-munchen-psg\/#breadcrumb\"},\"inLanguage\":\"en-US\",\"potentialAction\":[{\"@type\":\"ReadAction\",\"target\":[\"https:\/\/acefootball.com\/da\/fodboldnyheder\/kombineret-xi-cl-special-bayern-munchen-psg\/\"]}]},{\"@type\":\"BreadcrumbList\",\"@id\":\"https:\/\/acefootball.com\/da\/fodboldnyheder\/kombineret-xi-cl-special-bayern-munchen-psg\/#breadcrumb\",\"itemListElement\":[{\"@type\":\"ListItem\",\"position\":1,\"name\":\"Home\",\"item\":\"https:\/\/acefootball.com\/da\/\"},{\"@type\":\"ListItem\",\"position\":2,\"name\":\"Kombineret XI CL-special: Bayern M\u00fcnchen &#8211; PSG\"}]},{\"@type\":\"Article\",\"@id\":\"https:\/\/acefootball.com\/da\/fodboldnyheder\/kombineret-xi-cl-special-bayern-munchen-psg\/#article\",\"isPartOf\":{\"@id\":\"https:\/\/acefootball.com\/da\/fodboldnyheder\/kombineret-xi-cl-special-bayern-munchen-psg\/#webpage\"},\"author\":{\"@id\":\"https:\/\/acefootball.com\/da\/#\/schema\/person\/017c0abe4a8e92938220bf6c097dda93\"},\"headline\":\"Kombineret XI CL-special: Bayern M\u00fcnchen &#8211; PSG\",\"datePublished\":\"2020-08-23T10:30:00+00:00\",\"dateModified\":\"2020-08-23T13:28:26+00:00\",\"mainEntityOfPage\":{\"@id\":\"https:\/\/acefootball.com\/da\/fodboldnyheder\/kombineret-xi-cl-special-bayern-munchen-psg\/#webpage\"},\"wordCount\":115,\"commentCount\":0,\"publisher\":{\"@id\":\"https:\/\/acefootball.com\/da\/#organization\"},\"image\":{\"@id\":\"https:\/\/acefootball.com\/da\/fodboldnyheder\/kombineret-xi-cl-special-bayern-munchen-psg\/#primaryimage\"},\"thumbnailUrl\":\"https:\/\/acefootball.com\/da\/wp-content\/uploads\/sites\/2\/2020\/08\/1.-26.jpg\",\"keywords\":[\"Bayern M\u00fcnchen\",\"Champions League\",\"Paris Saint-Germain\"],\"articleSection\":[\"Offsite\"],\"inLanguage\":\"en-US\",\"potentialAction\":[{\"@type\":\"CommentAction\",\"name\":\"Comment\",\"target\":[\"https:\/\/acefootball.com\/da\/fodboldnyheder\/kombineret-xi-cl-special-bayern-munchen-psg\/#respond\"]}]},{\"@type\":\"Person\",\"@id\":\"https:\/\/acefootball.com\/da\/#\/schema\/person\/017c0abe4a8e92938220bf6c097dda93\",\"name\":\"Mikki M\u00f8ller-Iversen\",\"image\":{\"@type\":\"ImageObject\",\"@id\":\"https:\/\/acefootball.com\/da\/#personlogo\",\"inLanguage\":\"en-US\",\"url\":\"https:\/\/secure.gravatar.com\/avatar\/e05b419e8b5ae5fcf516800181b96aa2?s=96&d=mm&r=g\",\"contentUrl\":\"https:\/\/secure.gravatar.com\/avatar\/e05b419e8b5ae5fcf516800181b96aa2?s=96&d=mm&r=g\",\"caption\":\"Mikki M\u00f8ller-Iversen\"},\"description\":\"Social Media Manager and writer at Ace Football. Main focus on Danish football and special stories.\",\"sameAs\":[\"https:\/\/www.linkedin.com\/in\/mikki-mller-iversen-26a3a689\/\"],\"url\":\"https:\/\/acefootball.com\/da\/fodboldnyheder\/author\/mmironaldo\/\"}]}<\/script>\n<!-- \/ Yoast SEO plugin. -->","yoast_head_json":{"title":"Kombineret XI CL-special: Bayern M\u00fcnchen - PSG","description":"Bayern M\u00fcnchen og PSG brager i aften sammen i Champions League-finalen. I den forbindelse har vi sat et kombineret hold fra de to klubber","robots":{"index":"index","follow":"follow","max-snippet":"max-snippet:-1","max-image-preview":"max-image-preview:large","max-video-preview":"max-video-preview:-1"},"canonical":"https:\/\/acefootball.com\/da\/fodboldnyheder\/kombineret-xi-cl-special-bayern-munchen-psg\/","og_locale":"en_US","og_type":"article","og_title":"Kombineret XI CL-special: Bayern M\u00fcnchen - PSG","og_description":"Bayern M\u00fcnchen og PSG brager i aften sammen i Champions League-finalen. I den forbindelse har vi sat et kombineret hold fra de to klubber","og_url":"https:\/\/acefootball.com\/da\/fodboldnyheder\/kombineret-xi-cl-special-bayern-munchen-psg\/","og_site_name":"Ace Football Danmark","article_publisher":"https:\/\/www.facebook.com\/acefootballdk","article_published_time":"2020-08-23T10:30:00+00:00","article_modified_time":"2020-08-23T13:28:26+00:00","og_image":[{"width":1920,"height":1080,"url":"https:\/\/acefootball.com\/da\/wp-content\/uploads\/sites\/2\/2020\/08\/1.-26.jpg","type":"image\/jpeg"}],"twitter_card":"summary_large_image","twitter_misc":{"Written by":"Mikki M\u00f8ller-Iversen","Est. reading time":"1 minute"},"schema":{"@context":"https:\/\/schema.org","@graph":[{"@type":"Organization","@id":"https:\/\/acefootball.com\/da\/#organization","name":"Ace Football","url":"https:\/\/acefootball.com\/da\/","sameAs":["https:\/\/www.facebook.com\/acefootballdk"],"logo":{"@type":"ImageObject","@id":"https:\/\/acefootball.com\/da\/#logo","inLanguage":"en-US","url":"https:\/\/acefootball.com\/da\/wp-content\/uploads\/sites\/2\/2020\/07\/Ace-Football-30-07-2020-2.png","contentUrl":"https:\/\/acefootball.com\/da\/wp-content\/uploads\/sites\/2\/2020\/07\/Ace-Football-30-07-2020-2.png","width":1200,"height":600,"caption":"Ace Football"},"image":{"@id":"https:\/\/acefootball.com\/da\/#logo"}},{"@type":"WebSite","@id":"https:\/\/acefootball.com\/da\/#website","url":"https:\/\/acefootball.com\/da\/","name":"Ace Football Danmark","description":"Nyheder, Spiltips &amp; Livescore","publisher":{"@id":"https:\/\/acefootball.com\/da\/#organization"},"potentialAction":[{"@type":"SearchAction","target":{"@type":"EntryPoint","urlTemplate":"https:\/\/acefootball.com\/da\/?s={search_term_string}"},"query-input":"required name=search_term_string"}],"inLanguage":"en-US"},{"@type":"ImageObject","@id":"https:\/\/acefootball.com\/da\/fodboldnyheder\/kombineret-xi-cl-special-bayern-munchen-psg\/#primaryimage","inLanguage":"en-US","url":"https:\/\/acefootball.com\/da\/wp-content\/uploads\/sites\/2\/2020\/08\/1.-26.jpg","contentUrl":"https:\/\/acefootball.com\/da\/wp-content\/uploads\/sites\/2\/2020\/08\/1.-26.jpg","width":1920,"height":1080,"caption":"Foto: UEFA.com"},{"@type":"WebPage","@id":"https:\/\/acefootball.com\/da\/fodboldnyheder\/kombineret-xi-cl-special-bayern-munchen-psg\/#webpage","url":"https:\/\/acefootball.com\/da\/fodboldnyheder\/kombineret-xi-cl-special-bayern-munchen-psg\/","name":"Kombineret XI CL-special: Bayern M\u00fcnchen - PSG","isPartOf":{"@id":"https:\/\/acefootball.com\/da\/#website"},"primaryImageOfPage":{"@id":"https:\/\/acefootball.com\/da\/fodboldnyheder\/kombineret-xi-cl-special-bayern-munchen-psg\/#primaryimage"},"datePublished":"2020-08-23T10:30:00+00:00","dateModified":"2020-08-23T13:28:26+00:00","description":"Bayern M\u00fcnchen og PSG brager i aften sammen i Champions League-finalen. I den forbindelse har vi sat et kombineret hold fra de to klubber","breadcrumb":{"@id":"https:\/\/acefootball.com\/da\/fodboldnyheder\/kombineret-xi-cl-special-bayern-munchen-psg\/#breadcrumb"},"inLanguage":"en-US","potentialAction":[{"@type":"ReadAction","target":["https:\/\/acefootball.com\/da\/fodboldnyheder\/kombineret-xi-cl-special-bayern-munchen-psg\/"]}]},{"@type":"BreadcrumbList","@id":"https:\/\/acefootball.com\/da\/fodboldnyheder\/kombineret-xi-cl-special-bayern-munchen-psg\/#breadcrumb","itemListElement":[{"@type":"ListItem","position":1,"name":"Home","item":"https:\/\/acefootball.com\/da\/"},{"@type":"ListItem","position":2,"name":"Kombineret XI CL-special: Bayern M\u00fcnchen &#8211; PSG"}]},{"@type":"Article","@id":"https:\/\/acefootball.com\/da\/fodboldnyheder\/kombineret-xi-cl-special-bayern-munchen-psg\/#article","isPartOf":{"@id":"https:\/\/acefootball.com\/da\/fodboldnyheder\/kombineret-xi-cl-special-bayern-munchen-psg\/#webpage"},"author":{"@id":"https:\/\/acefootball.com\/da\/#\/schema\/person\/017c0abe4a8e92938220bf6c097dda93"},"headline":"Kombineret XI CL-special: Bayern M\u00fcnchen &#8211; PSG","datePublished":"2020-08-23T10:30:00+00:00","dateModified":"2020-08-23T13:28:26+00:00","mainEntityOfPage":{"@id":"https:\/\/acefootball.com\/da\/fodboldnyheder\/kombineret-xi-cl-special-bayern-munchen-psg\/#webpage"},"wordCount":115,"commentCount":0,"publisher":{"@id":"https:\/\/acefootball.com\/da\/#organization"},"image":{"@id":"https:\/\/acefootball.com\/da\/fodboldnyheder\/kombineret-xi-cl-special-bayern-munchen-psg\/#primaryimage"},"thumbnailUrl":"https:\/\/acefootball.com\/da\/wp-content\/uploads\/sites\/2\/2020\/08\/1.-26.jpg","keywords":["Bayern M\u00fcnchen","Champions League","Paris Saint-Germain"],"articleSection":["Offsite"],"inLanguage":"en-US","potentialAction":[{"@type":"CommentAction","name":"Comment","target":["https:\/\/acefootball.com\/da\/fodboldnyheder\/kombineret-xi-cl-special-bayern-munchen-psg\/#respond"]}]},{"@type":"Person","@id":"https:\/\/acefootball.com\/da\/#\/schema\/person\/017c0abe4a8e92938220bf6c097dda93","name":"Mikki M\u00f8ller-Iversen","image":{"@type":"ImageObject","@id":"https:\/\/acefootball.com\/da\/#personlogo","inLanguage":"en-US","url":"https:\/\/secure.gravatar.com\/avatar\/e05b419e8b5ae5fcf516800181b96aa2?s=96&d=mm&r=g","contentUrl":"https:\/\/secure.gravatar.com\/avatar\/e05b419e8b5ae5fcf516800181b96aa2?s=96&d=mm&r=g","caption":"Mikki M\u00f8ller-Iversen"},"description":"Social Media Manager and writer at Ace Football. Main focus on Danish football and special stories.","sameAs":["https:\/\/www.linkedin.com\/in\/mikki-mller-iversen-26a3a689\/"],"url":"https:\/\/acefootball.com\/da\/fodboldnyheder\/author\/mmironaldo\/"}]}},"fimg_url":"https:\/\/acefootball.com\/da\/wp-content\/uploads\/sites\/2\/2020\/08\/1.-26.jpg","_links":{"self":[{"href":"https:\/\/acefootball.com\/da\/wp-json\/wp\/v2\/posts\/234679"}],"collection":[{"href":"https:\/\/acefootball.com\/da\/wp-json\/wp\/v2\/posts"}],"about":[{"href":"https:\/\/acefootball.com\/da\/wp-json\/wp\/v2\/types\/post"}],"author":[{"embeddable":true,"href":"https:\/\/acefootball.com\/da\/wp-json\/wp\/v2\/users\/43"}],"replies":[{"embeddable":true,"href":"https:\/\/acefootball.com\/da\/wp-json\/wp\/v2\/comments?post=234679"}],"version-history":[{"count":0,"href":"https:\/\/acefootball.com\/da\/wp-json\/wp\/v2\/posts\/234679\/revisions"}],"wp:featuredmedia":[{"embeddable":true,"href":"https:\/\/acefootball.com\/da\/wp-json\/wp\/v2\/media\/234683"}],"wp:attachment":[{"href":"https:\/\/acefootball.com\/da\/wp-json\/wp\/v2\/media?parent=234679"}],"wp:term":[{"taxonomy":"category","embeddable":true,"href":"https:\/\/acefootball.com\/da\/wp-json\/wp\/v2\/categories?post=234679"},{"taxonomy":"post_tag","embeddable":true,"href":"https:\/\/acefootball.com\/da\/wp-json\/wp\/v2\/tags?post=234679"}],"curies":[{"name":"wp","href":"https:\/\/api.w.org\/{rel}","templated":true}]}}