{"id":234631,"date":"2020-08-19T21:47:36","date_gmt":"2020-08-19T19:47:36","guid":{"rendered":"https:\/\/acefootball.com\/da\/?p=234631"},"modified":"2020-08-19T20:32:36","modified_gmt":"2020-08-19T18:32:36","slug":"journalist-zlatan-naermer-sig-en-forlaengelse-med-ac-milan","status":"publish","type":"post","link":"https:\/\/acefootball.com\/da\/fodboldnyheder\/journalist-zlatan-naermer-sig-en-forlaengelse-med-ac-milan\/","title":{"rendered":"Journalist: Zlatan n\u00e6rmer sig en forl\u00e6ngelse med AC Milan"},"content":{"rendered":"\n<h2>If\u00f8lge den normalt velinformerede journalist Fabrizio Romano er Zlatan Ibrahimovic t\u00e6t p\u00e5 at forl\u00e6nge sin kontrakt med AC Milan<\/h2>\n\n\n\n<p>AC Milan har haft en forrygende 2020 og har vundet kampe p\u00e5 stribe i Serie A.<\/p>\n\n\n\n<p>En del af succesen skyldes uden tvivl Zlatan Ibrahimovic, som har bidraget med b\u00e5de m\u00e5l og assists efter ankomsten i vinter.<\/p>\n\n\n\n<div class=\"wp-block-si-widget wp-block-si-widget--center\"><si-lb-widget widget-id=\"PlayerSeasonProfile\" width=\"440\" data-card=\"true\" data-language=\"da\" data-provider=\"mrgreen\" data-player-id=\"35724\"><\/si-lb-widget><\/div>\n\n\n\n<p>Og meget tyder p\u00e5, at den italienske klub ogs\u00e5 i n\u00e6ste s\u00e6son f\u00e5r gavn af den h\u00f8je svenskers evner p\u00e5 gr\u00f8nsv\u00e6ren.<\/p>\n\n\n\n<p>If\u00f8lge den trov\u00e6rdige journalist Fabrizio Romano er han og AC Milan nemlig t\u00e6t p\u00e5 at n\u00e5 til enighed om en kontrakt for den kommende \u00e5r. <\/p>\n\n\n\n<figure class=\"wp-block-embed-twitter wp-block-embed is-type-rich is-provider-twitter\"><div class=\"wp-block-embed__wrapper\">\n<blockquote class=\"twitter-tweet\" data-width=\"550\" data-dnt=\"true\"><p lang=\"en\" dir=\"ltr\">Endless Zlatan. AC Milan are now \u201cconfident\u201d to extend Ibrahimovic contract for one year more, until June 2021. Zlatan wants to stay and play again in Serie A. The agreement is getting closer&#8230; \ud83d\udd34\u26ab\ufe0f <a href=\"https:\/\/twitter.com\/SkySport?ref_src=twsrc%5Etfw\">@SkySport<\/a> <a href=\"https:\/\/twitter.com\/DiMarzio?ref_src=twsrc%5Etfw\">@DiMarzio<\/a> <a href=\"https:\/\/twitter.com\/hashtag\/ACMilan?src=hash&amp;ref_src=twsrc%5Etfw\">#ACMilan<\/a> <a href=\"https:\/\/twitter.com\/hashtag\/Ibra?src=hash&amp;ref_src=twsrc%5Etfw\">#Ibra<\/a> <a href=\"https:\/\/twitter.com\/hashtag\/SerieA?src=hash&amp;ref_src=twsrc%5Etfw\">#SerieA<\/a><\/p>&mdash; Fabrizio Romano (@FabrizioRomano) <a href=\"https:\/\/twitter.com\/FabrizioRomano\/status\/1296150997996392449?ref_src=twsrc%5Etfw\">August 19, 2020<\/a><\/blockquote><script async src=\"https:\/\/platform.twitter.com\/widgets.js\" charset=\"utf-8\"><\/script>\n<\/div><\/figure>\n\n\n\n<p>Zlatan bliver 39 \u00e5r gammel i oktober, men intet tyder alts\u00e5 p\u00e5, at han er ved at l\u00e6gge st\u00f8vlerne p\u00e5 hylden. <\/p>\n\n\n\n<p>I Milano spiller svenskeren blandt andre sammen med danske Simon Kj\u00e6r, som forleden satte ord p\u00e5 klubbens flotte stime. Det kan du l\u00e6se mere om her:<\/p>\n\n\n\n<figure class=\"wp-block-embed-wordpress wp-block-embed is-type-wp-embed is-provider-ace-football-danmark\"><div class=\"wp-block-embed__wrapper\">\n<blockquote class=\"wp-embedded-content\" data-secret=\"2JL7o9BkFR\"><a href=\"https:\/\/acefootball.com\/da\/fodboldnyheder\/tilfreds-simon-kjaer-milan-har-vaeret-det-bedste-hold-i-italien\/\">Tilfreds Simon Kj\u00e6r: Milan har v\u00e6ret det bedste hold i Italien<\/a><\/blockquote><iframe class=\"wp-embedded-content\" sandbox=\"allow-scripts\" security=\"restricted\" style=\"position: absolute; clip: rect(1px, 1px, 1px, 1px);\" title=\"&#8220;Tilfreds Simon Kj\u00e6r: Milan har v\u00e6ret det bedste hold i Italien&#8221; &#8212; Ace Football Danmark\" src=\"https:\/\/acefootball.com\/da\/fodboldnyheder\/tilfreds-simon-kjaer-milan-har-vaeret-det-bedste-hold-i-italien\/embed\/#?secret=2JL7o9BkFR\" data-secret=\"2JL7o9BkFR\" width=\"600\" height=\"338\" frameborder=\"0\" marginwidth=\"0\" marginheight=\"0\" scrolling=\"no\"><\/iframe>\n<\/div><\/figure>\n","protected":false},"excerpt":{"rendered":"<p>If\u00f8lge den normalt velinformerede journalist Fabrizio Romano er Zlatan Ibrahimovic t\u00e6t p\u00e5 at forl\u00e6nge sin kontrakt med AC Milan<\/p>\n","protected":false},"author":347,"featured_media":234632,"comment_status":"open","ping_status":"closed","sticky":false,"template":"","format":"standard","meta":{"om_disable_all_campaigns":false,"push_articles_ronaldo":{"active":false,"canonical":0,"publish":false},"force_updates":null},"categories":[1],"tags":[66,131,283],"enet_tags":{"team":["8564"],"league":["55"],"player":["35724"],"sport_events":[]},"yoast_head":"<!-- This site is optimized with the Yoast SEO plugin v18.3 - https:\/\/yoast.com\/wordpress\/plugins\/seo\/ -->\n<title>Journalist: Zlatan n\u00e6rmer sig en forl\u00e6ngelse med AC Milan<\/title>\n<meta name=\"description\" content=\"If\u00f8lge den normalt velinformerede journalist Fabrizio Romano er Zlatan Ibrahimovic t\u00e6t p\u00e5 at forl\u00e6nge sin kontrakt med AC Milan\" \/>\n<meta name=\"robots\" content=\"index, follow, max-snippet:-1, max-image-preview:large, max-video-preview:-1\" \/>\n<link rel=\"canonical\" href=\"https:\/\/acefootball.com\/da\/fodboldnyheder\/journalist-zlatan-naermer-sig-en-forlaengelse-med-ac-milan\/\" \/>\n<meta property=\"og:locale\" content=\"en_US\" \/>\n<meta property=\"og:type\" content=\"article\" \/>\n<meta property=\"og:title\" content=\"Journalist: Zlatan n\u00e6rmer sig en forl\u00e6ngelse med AC Milan\" \/>\n<meta property=\"og:description\" content=\"If\u00f8lge den normalt velinformerede journalist Fabrizio Romano er Zlatan Ibrahimovic t\u00e6t p\u00e5 at forl\u00e6nge sin kontrakt med AC Milan\" \/>\n<meta property=\"og:url\" content=\"https:\/\/acefootball.com\/da\/fodboldnyheder\/journalist-zlatan-naermer-sig-en-forlaengelse-med-ac-milan\/\" \/>\n<meta property=\"og:site_name\" content=\"Ace Football Danmark\" \/>\n<meta property=\"article:publisher\" content=\"https:\/\/www.facebook.com\/acefootballdk\" \/>\n<meta property=\"article:published_time\" content=\"2020-08-19T19:47:36+00:00\" \/>\n<meta property=\"article:modified_time\" content=\"2020-08-19T18:32:36+00:00\" \/>\n<meta property=\"og:image\" content=\"https:\/\/acefootball.com\/da\/wp-content\/uploads\/sites\/2\/2020\/08\/GettyImages-1263343855.jpg\" \/>\n\t<meta property=\"og:image:width\" content=\"1024\" \/>\n\t<meta property=\"og:image:height\" content=\"673\" \/>\n\t<meta property=\"og:image:type\" content=\"image\/jpeg\" \/>\n<meta name=\"twitter:card\" content=\"summary_large_image\" \/>\n<meta name=\"twitter:label1\" content=\"Written by\" \/>\n\t<meta name=\"twitter:data1\" content=\"Nicolaj M. J\u00f8rgensen\" \/>\n\t<meta name=\"twitter:label2\" content=\"Est. reading time\" \/>\n\t<meta name=\"twitter:data2\" content=\"1 minute\" \/>\n<script type=\"application\/ld+json\" class=\"yoast-schema-graph\">{\"@context\":\"https:\/\/schema.org\",\"@graph\":[{\"@type\":\"Organization\",\"@id\":\"https:\/\/acefootball.com\/da\/#organization\",\"name\":\"Ace Football\",\"url\":\"https:\/\/acefootball.com\/da\/\",\"sameAs\":[\"https:\/\/www.facebook.com\/acefootballdk\"],\"logo\":{\"@type\":\"ImageObject\",\"@id\":\"https:\/\/acefootball.com\/da\/#logo\",\"inLanguage\":\"en-US\",\"url\":\"https:\/\/acefootball.com\/da\/wp-content\/uploads\/sites\/2\/2020\/07\/Ace-Football-30-07-2020-2.png\",\"contentUrl\":\"https:\/\/acefootball.com\/da\/wp-content\/uploads\/sites\/2\/2020\/07\/Ace-Football-30-07-2020-2.png\",\"width\":1200,\"height\":600,\"caption\":\"Ace Football\"},\"image\":{\"@id\":\"https:\/\/acefootball.com\/da\/#logo\"}},{\"@type\":\"WebSite\",\"@id\":\"https:\/\/acefootball.com\/da\/#website\",\"url\":\"https:\/\/acefootball.com\/da\/\",\"name\":\"Ace Football Danmark\",\"description\":\"Nyheder, Spiltips &amp; Livescore\",\"publisher\":{\"@id\":\"https:\/\/acefootball.com\/da\/#organization\"},\"potentialAction\":[{\"@type\":\"SearchAction\",\"target\":{\"@type\":\"EntryPoint\",\"urlTemplate\":\"https:\/\/acefootball.com\/da\/?s={search_term_string}\"},\"query-input\":\"required name=search_term_string\"}],\"inLanguage\":\"en-US\"},{\"@type\":\"ImageObject\",\"@id\":\"https:\/\/acefootball.com\/da\/fodboldnyheder\/journalist-zlatan-naermer-sig-en-forlaengelse-med-ac-milan\/#primaryimage\",\"inLanguage\":\"en-US\",\"url\":\"https:\/\/acefootball.com\/da\/wp-content\/uploads\/sites\/2\/2020\/08\/GettyImages-1263343855.jpg\",\"contentUrl\":\"https:\/\/acefootball.com\/da\/wp-content\/uploads\/sites\/2\/2020\/08\/GettyImages-1263343855.jpg\",\"width\":1024,\"height\":673,\"caption\":\"MILAN, ITALY - AUGUST 01: Zlatan Ibrahimovic of AC Milan looks on during the Serie A match between AC Milan and Cagliari Calcio at Stadio Giuseppe Meazza on August 01, 2020 in Milan, Italy. (Photo by Marco Luzzani\/Getty Images)\"},{\"@type\":\"WebPage\",\"@id\":\"https:\/\/acefootball.com\/da\/fodboldnyheder\/journalist-zlatan-naermer-sig-en-forlaengelse-med-ac-milan\/#webpage\",\"url\":\"https:\/\/acefootball.com\/da\/fodboldnyheder\/journalist-zlatan-naermer-sig-en-forlaengelse-med-ac-milan\/\",\"name\":\"Journalist: Zlatan n\u00e6rmer sig en forl\u00e6ngelse med AC Milan\",\"isPartOf\":{\"@id\":\"https:\/\/acefootball.com\/da\/#website\"},\"primaryImageOfPage\":{\"@id\":\"https:\/\/acefootball.com\/da\/fodboldnyheder\/journalist-zlatan-naermer-sig-en-forlaengelse-med-ac-milan\/#primaryimage\"},\"datePublished\":\"2020-08-19T19:47:36+00:00\",\"dateModified\":\"2020-08-19T18:32:36+00:00\",\"description\":\"If\u00f8lge den normalt velinformerede journalist Fabrizio Romano er Zlatan Ibrahimovic t\u00e6t p\u00e5 at forl\u00e6nge sin kontrakt med AC Milan\",\"breadcrumb\":{\"@id\":\"https:\/\/acefootball.com\/da\/fodboldnyheder\/journalist-zlatan-naermer-sig-en-forlaengelse-med-ac-milan\/#breadcrumb\"},\"inLanguage\":\"en-US\",\"potentialAction\":[{\"@type\":\"ReadAction\",\"target\":[\"https:\/\/acefootball.com\/da\/fodboldnyheder\/journalist-zlatan-naermer-sig-en-forlaengelse-med-ac-milan\/\"]}]},{\"@type\":\"BreadcrumbList\",\"@id\":\"https:\/\/acefootball.com\/da\/fodboldnyheder\/journalist-zlatan-naermer-sig-en-forlaengelse-med-ac-milan\/#breadcrumb\",\"itemListElement\":[{\"@type\":\"ListItem\",\"position\":1,\"name\":\"Home\",\"item\":\"https:\/\/acefootball.com\/da\/\"},{\"@type\":\"ListItem\",\"position\":2,\"name\":\"Journalist: Zlatan n\u00e6rmer sig en forl\u00e6ngelse med AC Milan\"}]},{\"@type\":\"Article\",\"@id\":\"https:\/\/acefootball.com\/da\/fodboldnyheder\/journalist-zlatan-naermer-sig-en-forlaengelse-med-ac-milan\/#article\",\"isPartOf\":{\"@id\":\"https:\/\/acefootball.com\/da\/fodboldnyheder\/journalist-zlatan-naermer-sig-en-forlaengelse-med-ac-milan\/#webpage\"},\"author\":{\"@id\":\"https:\/\/acefootball.com\/da\/#\/schema\/person\/cc86c6803d8c93f30230e4dbed2a3844\"},\"headline\":\"Journalist: Zlatan n\u00e6rmer sig en forl\u00e6ngelse med AC Milan\",\"datePublished\":\"2020-08-19T19:47:36+00:00\",\"dateModified\":\"2020-08-19T18:32:36+00:00\",\"mainEntityOfPage\":{\"@id\":\"https:\/\/acefootball.com\/da\/fodboldnyheder\/journalist-zlatan-naermer-sig-en-forlaengelse-med-ac-milan\/#webpage\"},\"wordCount\":187,\"commentCount\":0,\"publisher\":{\"@id\":\"https:\/\/acefootball.com\/da\/#organization\"},\"image\":{\"@id\":\"https:\/\/acefootball.com\/da\/fodboldnyheder\/journalist-zlatan-naermer-sig-en-forlaengelse-med-ac-milan\/#primaryimage\"},\"thumbnailUrl\":\"https:\/\/acefootball.com\/da\/wp-content\/uploads\/sites\/2\/2020\/08\/GettyImages-1263343855.jpg\",\"keywords\":[\"AC Milan\",\"Serie A\",\"Zlatan Ibrahimovic\"],\"articleSection\":[\"Nyhed\"],\"inLanguage\":\"en-US\",\"potentialAction\":[{\"@type\":\"CommentAction\",\"name\":\"Comment\",\"target\":[\"https:\/\/acefootball.com\/da\/fodboldnyheder\/journalist-zlatan-naermer-sig-en-forlaengelse-med-ac-milan\/#respond\"]}]},{\"@type\":\"Person\",\"@id\":\"https:\/\/acefootball.com\/da\/#\/schema\/person\/cc86c6803d8c93f30230e4dbed2a3844\",\"name\":\"Nicolaj M. J\u00f8rgensen\",\"image\":{\"@type\":\"ImageObject\",\"@id\":\"https:\/\/acefootball.com\/da\/#personlogo\",\"inLanguage\":\"en-US\",\"url\":\"https:\/\/secure.gravatar.com\/avatar\/757fd92a7fd5c1d31c37aee3425e7f74?s=96&d=mm&r=g\",\"contentUrl\":\"https:\/\/secure.gravatar.com\/avatar\/757fd92a7fd5c1d31c37aee3425e7f74?s=96&d=mm&r=g\",\"caption\":\"Nicolaj M. J\u00f8rgensen\"},\"url\":\"https:\/\/acefootball.com\/da\/fodboldnyheder\/author\/nicolajmortenj\/\"}]}<\/script>\n<!-- \/ Yoast SEO plugin. -->","yoast_head_json":{"title":"Journalist: Zlatan n\u00e6rmer sig en forl\u00e6ngelse med AC Milan","description":"If\u00f8lge den normalt velinformerede journalist Fabrizio Romano er Zlatan Ibrahimovic t\u00e6t p\u00e5 at forl\u00e6nge sin kontrakt med AC Milan","robots":{"index":"index","follow":"follow","max-snippet":"max-snippet:-1","max-image-preview":"max-image-preview:large","max-video-preview":"max-video-preview:-1"},"canonical":"https:\/\/acefootball.com\/da\/fodboldnyheder\/journalist-zlatan-naermer-sig-en-forlaengelse-med-ac-milan\/","og_locale":"en_US","og_type":"article","og_title":"Journalist: Zlatan n\u00e6rmer sig en forl\u00e6ngelse med AC Milan","og_description":"If\u00f8lge den normalt velinformerede journalist Fabrizio Romano er Zlatan Ibrahimovic t\u00e6t p\u00e5 at forl\u00e6nge sin kontrakt med AC Milan","og_url":"https:\/\/acefootball.com\/da\/fodboldnyheder\/journalist-zlatan-naermer-sig-en-forlaengelse-med-ac-milan\/","og_site_name":"Ace Football Danmark","article_publisher":"https:\/\/www.facebook.com\/acefootballdk","article_published_time":"2020-08-19T19:47:36+00:00","article_modified_time":"2020-08-19T18:32:36+00:00","og_image":[{"width":1024,"height":673,"url":"https:\/\/acefootball.com\/da\/wp-content\/uploads\/sites\/2\/2020\/08\/GettyImages-1263343855.jpg","type":"image\/jpeg"}],"twitter_card":"summary_large_image","twitter_misc":{"Written by":"Nicolaj M. J\u00f8rgensen","Est. reading time":"1 minute"},"schema":{"@context":"https:\/\/schema.org","@graph":[{"@type":"Organization","@id":"https:\/\/acefootball.com\/da\/#organization","name":"Ace Football","url":"https:\/\/acefootball.com\/da\/","sameAs":["https:\/\/www.facebook.com\/acefootballdk"],"logo":{"@type":"ImageObject","@id":"https:\/\/acefootball.com\/da\/#logo","inLanguage":"en-US","url":"https:\/\/acefootball.com\/da\/wp-content\/uploads\/sites\/2\/2020\/07\/Ace-Football-30-07-2020-2.png","contentUrl":"https:\/\/acefootball.com\/da\/wp-content\/uploads\/sites\/2\/2020\/07\/Ace-Football-30-07-2020-2.png","width":1200,"height":600,"caption":"Ace Football"},"image":{"@id":"https:\/\/acefootball.com\/da\/#logo"}},{"@type":"WebSite","@id":"https:\/\/acefootball.com\/da\/#website","url":"https:\/\/acefootball.com\/da\/","name":"Ace Football Danmark","description":"Nyheder, Spiltips &amp; Livescore","publisher":{"@id":"https:\/\/acefootball.com\/da\/#organization"},"potentialAction":[{"@type":"SearchAction","target":{"@type":"EntryPoint","urlTemplate":"https:\/\/acefootball.com\/da\/?s={search_term_string}"},"query-input":"required name=search_term_string"}],"inLanguage":"en-US"},{"@type":"ImageObject","@id":"https:\/\/acefootball.com\/da\/fodboldnyheder\/journalist-zlatan-naermer-sig-en-forlaengelse-med-ac-milan\/#primaryimage","inLanguage":"en-US","url":"https:\/\/acefootball.com\/da\/wp-content\/uploads\/sites\/2\/2020\/08\/GettyImages-1263343855.jpg","contentUrl":"https:\/\/acefootball.com\/da\/wp-content\/uploads\/sites\/2\/2020\/08\/GettyImages-1263343855.jpg","width":1024,"height":673,"caption":"MILAN, ITALY - AUGUST 01: Zlatan Ibrahimovic of AC Milan looks on during the Serie A match between AC Milan and Cagliari Calcio at Stadio Giuseppe Meazza on August 01, 2020 in Milan, Italy. (Photo by Marco Luzzani\/Getty Images)"},{"@type":"WebPage","@id":"https:\/\/acefootball.com\/da\/fodboldnyheder\/journalist-zlatan-naermer-sig-en-forlaengelse-med-ac-milan\/#webpage","url":"https:\/\/acefootball.com\/da\/fodboldnyheder\/journalist-zlatan-naermer-sig-en-forlaengelse-med-ac-milan\/","name":"Journalist: Zlatan n\u00e6rmer sig en forl\u00e6ngelse med AC Milan","isPartOf":{"@id":"https:\/\/acefootball.com\/da\/#website"},"primaryImageOfPage":{"@id":"https:\/\/acefootball.com\/da\/fodboldnyheder\/journalist-zlatan-naermer-sig-en-forlaengelse-med-ac-milan\/#primaryimage"},"datePublished":"2020-08-19T19:47:36+00:00","dateModified":"2020-08-19T18:32:36+00:00","description":"If\u00f8lge den normalt velinformerede journalist Fabrizio Romano er Zlatan Ibrahimovic t\u00e6t p\u00e5 at forl\u00e6nge sin kontrakt med AC Milan","breadcrumb":{"@id":"https:\/\/acefootball.com\/da\/fodboldnyheder\/journalist-zlatan-naermer-sig-en-forlaengelse-med-ac-milan\/#breadcrumb"},"inLanguage":"en-US","potentialAction":[{"@type":"ReadAction","target":["https:\/\/acefootball.com\/da\/fodboldnyheder\/journalist-zlatan-naermer-sig-en-forlaengelse-med-ac-milan\/"]}]},{"@type":"BreadcrumbList","@id":"https:\/\/acefootball.com\/da\/fodboldnyheder\/journalist-zlatan-naermer-sig-en-forlaengelse-med-ac-milan\/#breadcrumb","itemListElement":[{"@type":"ListItem","position":1,"name":"Home","item":"https:\/\/acefootball.com\/da\/"},{"@type":"ListItem","position":2,"name":"Journalist: Zlatan n\u00e6rmer sig en forl\u00e6ngelse med AC Milan"}]},{"@type":"Article","@id":"https:\/\/acefootball.com\/da\/fodboldnyheder\/journalist-zlatan-naermer-sig-en-forlaengelse-med-ac-milan\/#article","isPartOf":{"@id":"https:\/\/acefootball.com\/da\/fodboldnyheder\/journalist-zlatan-naermer-sig-en-forlaengelse-med-ac-milan\/#webpage"},"author":{"@id":"https:\/\/acefootball.com\/da\/#\/schema\/person\/cc86c6803d8c93f30230e4dbed2a3844"},"headline":"Journalist: Zlatan n\u00e6rmer sig en forl\u00e6ngelse med AC Milan","datePublished":"2020-08-19T19:47:36+00:00","dateModified":"2020-08-19T18:32:36+00:00","mainEntityOfPage":{"@id":"https:\/\/acefootball.com\/da\/fodboldnyheder\/journalist-zlatan-naermer-sig-en-forlaengelse-med-ac-milan\/#webpage"},"wordCount":187,"commentCount":0,"publisher":{"@id":"https:\/\/acefootball.com\/da\/#organization"},"image":{"@id":"https:\/\/acefootball.com\/da\/fodboldnyheder\/journalist-zlatan-naermer-sig-en-forlaengelse-med-ac-milan\/#primaryimage"},"thumbnailUrl":"https:\/\/acefootball.com\/da\/wp-content\/uploads\/sites\/2\/2020\/08\/GettyImages-1263343855.jpg","keywords":["AC Milan","Serie A","Zlatan Ibrahimovic"],"articleSection":["Nyhed"],"inLanguage":"en-US","potentialAction":[{"@type":"CommentAction","name":"Comment","target":["https:\/\/acefootball.com\/da\/fodboldnyheder\/journalist-zlatan-naermer-sig-en-forlaengelse-med-ac-milan\/#respond"]}]},{"@type":"Person","@id":"https:\/\/acefootball.com\/da\/#\/schema\/person\/cc86c6803d8c93f30230e4dbed2a3844","name":"Nicolaj M. J\u00f8rgensen","image":{"@type":"ImageObject","@id":"https:\/\/acefootball.com\/da\/#personlogo","inLanguage":"en-US","url":"https:\/\/secure.gravatar.com\/avatar\/757fd92a7fd5c1d31c37aee3425e7f74?s=96&d=mm&r=g","contentUrl":"https:\/\/secure.gravatar.com\/avatar\/757fd92a7fd5c1d31c37aee3425e7f74?s=96&d=mm&r=g","caption":"Nicolaj M. J\u00f8rgensen"},"url":"https:\/\/acefootball.com\/da\/fodboldnyheder\/author\/nicolajmortenj\/"}]}},"fimg_url":"https:\/\/acefootball.com\/da\/wp-content\/uploads\/sites\/2\/2020\/08\/GettyImages-1263343855.jpg","_links":{"self":[{"href":"https:\/\/acefootball.com\/da\/wp-json\/wp\/v2\/posts\/234631"}],"collection":[{"href":"https:\/\/acefootball.com\/da\/wp-json\/wp\/v2\/posts"}],"about":[{"href":"https:\/\/acefootball.com\/da\/wp-json\/wp\/v2\/types\/post"}],"author":[{"embeddable":true,"href":"https:\/\/acefootball.com\/da\/wp-json\/wp\/v2\/users\/347"}],"replies":[{"embeddable":true,"href":"https:\/\/acefootball.com\/da\/wp-json\/wp\/v2\/comments?post=234631"}],"version-history":[{"count":0,"href":"https:\/\/acefootball.com\/da\/wp-json\/wp\/v2\/posts\/234631\/revisions"}],"wp:featuredmedia":[{"embeddable":true,"href":"https:\/\/acefootball.com\/da\/wp-json\/wp\/v2\/media\/234632"}],"wp:attachment":[{"href":"https:\/\/acefootball.com\/da\/wp-json\/wp\/v2\/media?parent=234631"}],"wp:term":[{"taxonomy":"category","embeddable":true,"href":"https:\/\/acefootball.com\/da\/wp-json\/wp\/v2\/categories?post=234631"},{"taxonomy":"post_tag","embeddable":true,"href":"https:\/\/acefootball.com\/da\/wp-json\/wp\/v2\/tags?post=234631"}],"curies":[{"name":"wp","href":"https:\/\/api.w.org\/{rel}","templated":true}]}}