{"id":234606,"date":"2020-08-19T16:10:29","date_gmt":"2020-08-19T14:10:29","guid":{"rendered":"https:\/\/acefootball.com\/da\/?p=234606"},"modified":"2020-08-19T16:10:30","modified_gmt":"2020-08-19T14:10:30","slug":"officielt-broendby-udlejer-ante-erceg-igen","status":"publish","type":"post","link":"https:\/\/acefootball.com\/da\/fodboldnyheder\/officielt-broendby-udlejer-ante-erceg-igen\/","title":{"rendered":"Officielt: Br\u00f8ndby udlejer Ante Erceg igen"},"content":{"rendered":"\n<h2>Kroatiske Ante Erceg skal endnu engang p\u00e5 lejeophold i en anden klub. Br\u00f8ndby bekr\u00e6fter nemlig, at angriberen tager et \u00e5r i NK Osijek<\/h2>\n\n\n\n<p>I for\u00e5ret udlejede Br\u00f8ndby IF Ante Erceg til Esbjerg fB, og heller ikke i det kommende \u00e5r kommer den 30-\u00e5rige angriber til at t\u00f8rne ud for vestegnsklubben.<\/p>\n\n\n\n<p>Kroaten er nemlig blevet udlejet til NK Osijek i hjemlandet Kroatien i den kommende s\u00e6son. Det bekr\u00e6fter Br\u00f8ndby p\u00e5 Twitter.<\/p>\n\n\n\n<figure class=\"wp-block-embed-twitter wp-block-embed is-type-rich is-provider-twitter\"><div class=\"wp-block-embed__wrapper\">\n<blockquote class=\"twitter-tweet\" data-width=\"550\" data-dnt=\"true\"><p lang=\"da\" dir=\"ltr\">Ante Erceg skal t\u00f8rne ud for kroatiske NK Osijek den kommende s\u00e6son &#8211; l\u00e6s mere om lejeaftalen her \ud83d\udc47<a href=\"https:\/\/t.co\/FzTzBSfMkp\">https:\/\/t.co\/FzTzBSfMkp<\/a><\/p>&mdash; BrondbyIF (@BrondbyIF) <a href=\"https:\/\/twitter.com\/BrondbyIF\/status\/1296085006696103937?ref_src=twsrc%5Etfw\">August 19, 2020<\/a><\/blockquote><script async src=\"https:\/\/platform.twitter.com\/widgets.js\" charset=\"utf-8\"><\/script>\n<\/div><\/figure>\n\n\n\n<p>Carsten V. Jensen gl\u00e6der sig over Ercegs lejeaftale, som muligvis kan blive et lys i m\u00f8rket for angriberen.<\/p>\n\n\n\n<p>&#8220;Ante har tacklet en sv\u00e6r tid i Danmark med oprejst pande og har altid arbejdet stenh\u00e5rdt. Det er en perfekt mulighed for Ante at han nu kan vende retur til Kroatien,&#8221; udtaler han til klubbens hjemmeside og forts\u00e6tter:<\/p>\n\n\n\n<p>&#8220;NK Osijek spiller med i toppen af den bedste kroatiske liga, s\u00e5 det er en rigtig god mulighed for Ante at vise sig selv frem p\u00e5 under hjemlige himmelstr\u00f8g.&#8221; <\/p>\n\n\n\n<figure class=\"wp-block-embed-wordpress wp-block-embed is-type-wp-embed is-provider-ace-football-danmark\"><div class=\"wp-block-embed__wrapper\">\n<blockquote class=\"wp-embedded-content\" data-secret=\"vlqkSv4ozv\"><a href=\"https:\/\/acefootball.com\/da\/fodboldnyheder\/medie-broendby-byder-igen-paa-norsk-back\/\">Medie: Br\u00f8ndby byder igen p\u00e5 norsk back<\/a><\/blockquote><iframe class=\"wp-embedded-content\" sandbox=\"allow-scripts\" security=\"restricted\" style=\"position: absolute; clip: rect(1px, 1px, 1px, 1px);\" title=\"&#8220;Medie: Br\u00f8ndby byder igen p\u00e5 norsk back&#8221; &#8212; Ace Football Danmark\" src=\"https:\/\/acefootball.com\/da\/fodboldnyheder\/medie-broendby-byder-igen-paa-norsk-back\/embed\/#?secret=vlqkSv4ozv\" data-secret=\"vlqkSv4ozv\" width=\"600\" height=\"338\" frameborder=\"0\" marginwidth=\"0\" marginheight=\"0\" scrolling=\"no\"><\/iframe>\n<\/div><\/figure>\n\n\n\n<p><\/p>\n","protected":false},"excerpt":{"rendered":"<p>Kroatiske Ante Erceg skal endnu engang p\u00e5 lejeophold i en anden klub. Br\u00f8ndby bekr\u00e6fter nemlig, at angriberen tager et \u00e5r i NK Osijek<\/p>\n","protected":false},"author":347,"featured_media":234607,"comment_status":"open","ping_status":"closed","sticky":false,"template":"","format":"standard","meta":{"om_disable_all_campaigns":false,"push_articles_ronaldo":{"active":false,"canonical":0,"publish":false},"force_updates":null},"categories":[7],"tags":[1768,53,6951,588],"enet_tags":{"player":["206388"],"team":["8595","10157"],"league":["46"],"sport_events":[]},"yoast_head":"<!-- This site is optimized with the Yoast SEO plugin v18.3 - https:\/\/yoast.com\/wordpress\/plugins\/seo\/ -->\n<title>Officielt: Br\u00f8ndby udlejer Ante Erceg igen<\/title>\n<meta name=\"description\" content=\"Kroatiske Ante Erceg skal endnu engang p\u00e5 lejeophold i en anden klub. Br\u00f8ndby bekr\u00e6fter nemlig, at angriberen tager et \u00e5r i NK Osijek\" \/>\n<meta name=\"robots\" content=\"index, follow, max-snippet:-1, max-image-preview:large, max-video-preview:-1\" \/>\n<link rel=\"canonical\" href=\"https:\/\/acefootball.com\/da\/fodboldnyheder\/officielt-broendby-udlejer-ante-erceg-igen\/\" \/>\n<meta property=\"og:locale\" content=\"en_US\" \/>\n<meta property=\"og:type\" content=\"article\" \/>\n<meta property=\"og:title\" content=\"Officielt: Br\u00f8ndby udlejer Ante Erceg igen\" \/>\n<meta property=\"og:description\" content=\"Kroatiske Ante Erceg skal endnu engang p\u00e5 lejeophold i en anden klub. Br\u00f8ndby bekr\u00e6fter nemlig, at angriberen tager et \u00e5r i NK Osijek\" \/>\n<meta property=\"og:url\" content=\"https:\/\/acefootball.com\/da\/fodboldnyheder\/officielt-broendby-udlejer-ante-erceg-igen\/\" \/>\n<meta property=\"og:site_name\" content=\"Ace Football Danmark\" \/>\n<meta property=\"article:publisher\" content=\"https:\/\/www.facebook.com\/acefootballdk\" \/>\n<meta property=\"article:published_time\" content=\"2020-08-19T14:10:29+00:00\" \/>\n<meta property=\"article:modified_time\" content=\"2020-08-19T14:10:30+00:00\" \/>\n<meta property=\"og:image\" content=\"https:\/\/acefootball.com\/da\/wp-content\/uploads\/sites\/2\/2020\/08\/GettyImages-1129690616.jpg\" \/>\n\t<meta property=\"og:image:width\" content=\"1024\" \/>\n\t<meta property=\"og:image:height\" content=\"702\" \/>\n\t<meta property=\"og:image:type\" content=\"image\/jpeg\" \/>\n<meta name=\"twitter:card\" content=\"summary_large_image\" \/>\n<meta name=\"twitter:label1\" content=\"Written by\" \/>\n\t<meta name=\"twitter:data1\" content=\"Nicolaj M. J\u00f8rgensen\" \/>\n\t<meta name=\"twitter:label2\" content=\"Est. reading time\" \/>\n\t<meta name=\"twitter:data2\" content=\"1 minute\" \/>\n<script type=\"application\/ld+json\" class=\"yoast-schema-graph\">{\"@context\":\"https:\/\/schema.org\",\"@graph\":[{\"@type\":\"Organization\",\"@id\":\"https:\/\/acefootball.com\/da\/#organization\",\"name\":\"Ace Football\",\"url\":\"https:\/\/acefootball.com\/da\/\",\"sameAs\":[\"https:\/\/www.facebook.com\/acefootballdk\"],\"logo\":{\"@type\":\"ImageObject\",\"@id\":\"https:\/\/acefootball.com\/da\/#logo\",\"inLanguage\":\"en-US\",\"url\":\"https:\/\/acefootball.com\/da\/wp-content\/uploads\/sites\/2\/2020\/07\/Ace-Football-30-07-2020-2.png\",\"contentUrl\":\"https:\/\/acefootball.com\/da\/wp-content\/uploads\/sites\/2\/2020\/07\/Ace-Football-30-07-2020-2.png\",\"width\":1200,\"height\":600,\"caption\":\"Ace Football\"},\"image\":{\"@id\":\"https:\/\/acefootball.com\/da\/#logo\"}},{\"@type\":\"WebSite\",\"@id\":\"https:\/\/acefootball.com\/da\/#website\",\"url\":\"https:\/\/acefootball.com\/da\/\",\"name\":\"Ace Football Danmark\",\"description\":\"Nyheder, Spiltips &amp; Livescore\",\"publisher\":{\"@id\":\"https:\/\/acefootball.com\/da\/#organization\"},\"potentialAction\":[{\"@type\":\"SearchAction\",\"target\":{\"@type\":\"EntryPoint\",\"urlTemplate\":\"https:\/\/acefootball.com\/da\/?s={search_term_string}\"},\"query-input\":\"required name=search_term_string\"}],\"inLanguage\":\"en-US\"},{\"@type\":\"ImageObject\",\"@id\":\"https:\/\/acefootball.com\/da\/fodboldnyheder\/officielt-broendby-udlejer-ante-erceg-igen\/#primaryimage\",\"inLanguage\":\"en-US\",\"url\":\"https:\/\/acefootball.com\/da\/wp-content\/uploads\/sites\/2\/2020\/08\/GettyImages-1129690616.jpg\",\"contentUrl\":\"https:\/\/acefootball.com\/da\/wp-content\/uploads\/sites\/2\/2020\/08\/GettyImages-1129690616.jpg\",\"width\":1024,\"height\":702,\"caption\":\"BRONDBY, DENMARK - MARCH 10: Ante Erceg of Brondby IF celebrates after scoring their third goal during the Danish Superliga match between Brondby IF and AaB Aalborg at Brondby Stadion on March 10, 2019 in Brondby, Denmark. (Photo by Lars Ronbog \/ FrontZoneSport via Getty Images)\"},{\"@type\":\"WebPage\",\"@id\":\"https:\/\/acefootball.com\/da\/fodboldnyheder\/officielt-broendby-udlejer-ante-erceg-igen\/#webpage\",\"url\":\"https:\/\/acefootball.com\/da\/fodboldnyheder\/officielt-broendby-udlejer-ante-erceg-igen\/\",\"name\":\"Officielt: Br\u00f8ndby udlejer Ante Erceg igen\",\"isPartOf\":{\"@id\":\"https:\/\/acefootball.com\/da\/#website\"},\"primaryImageOfPage\":{\"@id\":\"https:\/\/acefootball.com\/da\/fodboldnyheder\/officielt-broendby-udlejer-ante-erceg-igen\/#primaryimage\"},\"datePublished\":\"2020-08-19T14:10:29+00:00\",\"dateModified\":\"2020-08-19T14:10:30+00:00\",\"description\":\"Kroatiske Ante Erceg skal endnu engang p\u00e5 lejeophold i en anden klub. Br\u00f8ndby bekr\u00e6fter nemlig, at angriberen tager et \u00e5r i NK Osijek\",\"breadcrumb\":{\"@id\":\"https:\/\/acefootball.com\/da\/fodboldnyheder\/officielt-broendby-udlejer-ante-erceg-igen\/#breadcrumb\"},\"inLanguage\":\"en-US\",\"potentialAction\":[{\"@type\":\"ReadAction\",\"target\":[\"https:\/\/acefootball.com\/da\/fodboldnyheder\/officielt-broendby-udlejer-ante-erceg-igen\/\"]}]},{\"@type\":\"BreadcrumbList\",\"@id\":\"https:\/\/acefootball.com\/da\/fodboldnyheder\/officielt-broendby-udlejer-ante-erceg-igen\/#breadcrumb\",\"itemListElement\":[{\"@type\":\"ListItem\",\"position\":1,\"name\":\"Home\",\"item\":\"https:\/\/acefootball.com\/da\/\"},{\"@type\":\"ListItem\",\"position\":2,\"name\":\"Officielt: Br\u00f8ndby udlejer Ante Erceg igen\"}]},{\"@type\":\"Article\",\"@id\":\"https:\/\/acefootball.com\/da\/fodboldnyheder\/officielt-broendby-udlejer-ante-erceg-igen\/#article\",\"isPartOf\":{\"@id\":\"https:\/\/acefootball.com\/da\/fodboldnyheder\/officielt-broendby-udlejer-ante-erceg-igen\/#webpage\"},\"author\":{\"@id\":\"https:\/\/acefootball.com\/da\/#\/schema\/person\/cc86c6803d8c93f30230e4dbed2a3844\"},\"headline\":\"Officielt: Br\u00f8ndby udlejer Ante Erceg igen\",\"datePublished\":\"2020-08-19T14:10:29+00:00\",\"dateModified\":\"2020-08-19T14:10:30+00:00\",\"mainEntityOfPage\":{\"@id\":\"https:\/\/acefootball.com\/da\/fodboldnyheder\/officielt-broendby-udlejer-ante-erceg-igen\/#webpage\"},\"wordCount\":188,\"commentCount\":0,\"publisher\":{\"@id\":\"https:\/\/acefootball.com\/da\/#organization\"},\"image\":{\"@id\":\"https:\/\/acefootball.com\/da\/fodboldnyheder\/officielt-broendby-udlejer-ante-erceg-igen\/#primaryimage\"},\"thumbnailUrl\":\"https:\/\/acefootball.com\/da\/wp-content\/uploads\/sites\/2\/2020\/08\/GettyImages-1129690616.jpg\",\"keywords\":[\"Ante Erceg\",\"Br\u00f8ndby IF\",\"NK Osijek\",\"Superligaen\"],\"articleSection\":[\"Transfer\"],\"inLanguage\":\"en-US\",\"potentialAction\":[{\"@type\":\"CommentAction\",\"name\":\"Comment\",\"target\":[\"https:\/\/acefootball.com\/da\/fodboldnyheder\/officielt-broendby-udlejer-ante-erceg-igen\/#respond\"]}]},{\"@type\":\"Person\",\"@id\":\"https:\/\/acefootball.com\/da\/#\/schema\/person\/cc86c6803d8c93f30230e4dbed2a3844\",\"name\":\"Nicolaj M. J\u00f8rgensen\",\"image\":{\"@type\":\"ImageObject\",\"@id\":\"https:\/\/acefootball.com\/da\/#personlogo\",\"inLanguage\":\"en-US\",\"url\":\"https:\/\/secure.gravatar.com\/avatar\/757fd92a7fd5c1d31c37aee3425e7f74?s=96&d=mm&r=g\",\"contentUrl\":\"https:\/\/secure.gravatar.com\/avatar\/757fd92a7fd5c1d31c37aee3425e7f74?s=96&d=mm&r=g\",\"caption\":\"Nicolaj M. J\u00f8rgensen\"},\"url\":\"https:\/\/acefootball.com\/da\/fodboldnyheder\/author\/nicolajmortenj\/\"}]}<\/script>\n<!-- \/ Yoast SEO plugin. -->","yoast_head_json":{"title":"Officielt: Br\u00f8ndby udlejer Ante Erceg igen","description":"Kroatiske Ante Erceg skal endnu engang p\u00e5 lejeophold i en anden klub. Br\u00f8ndby bekr\u00e6fter nemlig, at angriberen tager et \u00e5r i NK Osijek","robots":{"index":"index","follow":"follow","max-snippet":"max-snippet:-1","max-image-preview":"max-image-preview:large","max-video-preview":"max-video-preview:-1"},"canonical":"https:\/\/acefootball.com\/da\/fodboldnyheder\/officielt-broendby-udlejer-ante-erceg-igen\/","og_locale":"en_US","og_type":"article","og_title":"Officielt: Br\u00f8ndby udlejer Ante Erceg igen","og_description":"Kroatiske Ante Erceg skal endnu engang p\u00e5 lejeophold i en anden klub. Br\u00f8ndby bekr\u00e6fter nemlig, at angriberen tager et \u00e5r i NK Osijek","og_url":"https:\/\/acefootball.com\/da\/fodboldnyheder\/officielt-broendby-udlejer-ante-erceg-igen\/","og_site_name":"Ace Football Danmark","article_publisher":"https:\/\/www.facebook.com\/acefootballdk","article_published_time":"2020-08-19T14:10:29+00:00","article_modified_time":"2020-08-19T14:10:30+00:00","og_image":[{"width":1024,"height":702,"url":"https:\/\/acefootball.com\/da\/wp-content\/uploads\/sites\/2\/2020\/08\/GettyImages-1129690616.jpg","type":"image\/jpeg"}],"twitter_card":"summary_large_image","twitter_misc":{"Written by":"Nicolaj M. J\u00f8rgensen","Est. reading time":"1 minute"},"schema":{"@context":"https:\/\/schema.org","@graph":[{"@type":"Organization","@id":"https:\/\/acefootball.com\/da\/#organization","name":"Ace Football","url":"https:\/\/acefootball.com\/da\/","sameAs":["https:\/\/www.facebook.com\/acefootballdk"],"logo":{"@type":"ImageObject","@id":"https:\/\/acefootball.com\/da\/#logo","inLanguage":"en-US","url":"https:\/\/acefootball.com\/da\/wp-content\/uploads\/sites\/2\/2020\/07\/Ace-Football-30-07-2020-2.png","contentUrl":"https:\/\/acefootball.com\/da\/wp-content\/uploads\/sites\/2\/2020\/07\/Ace-Football-30-07-2020-2.png","width":1200,"height":600,"caption":"Ace Football"},"image":{"@id":"https:\/\/acefootball.com\/da\/#logo"}},{"@type":"WebSite","@id":"https:\/\/acefootball.com\/da\/#website","url":"https:\/\/acefootball.com\/da\/","name":"Ace Football Danmark","description":"Nyheder, Spiltips &amp; Livescore","publisher":{"@id":"https:\/\/acefootball.com\/da\/#organization"},"potentialAction":[{"@type":"SearchAction","target":{"@type":"EntryPoint","urlTemplate":"https:\/\/acefootball.com\/da\/?s={search_term_string}"},"query-input":"required name=search_term_string"}],"inLanguage":"en-US"},{"@type":"ImageObject","@id":"https:\/\/acefootball.com\/da\/fodboldnyheder\/officielt-broendby-udlejer-ante-erceg-igen\/#primaryimage","inLanguage":"en-US","url":"https:\/\/acefootball.com\/da\/wp-content\/uploads\/sites\/2\/2020\/08\/GettyImages-1129690616.jpg","contentUrl":"https:\/\/acefootball.com\/da\/wp-content\/uploads\/sites\/2\/2020\/08\/GettyImages-1129690616.jpg","width":1024,"height":702,"caption":"BRONDBY, DENMARK - MARCH 10: Ante Erceg of Brondby IF celebrates after scoring their third goal during the Danish Superliga match between Brondby IF and AaB Aalborg at Brondby Stadion on March 10, 2019 in Brondby, Denmark. (Photo by Lars Ronbog \/ FrontZoneSport via Getty Images)"},{"@type":"WebPage","@id":"https:\/\/acefootball.com\/da\/fodboldnyheder\/officielt-broendby-udlejer-ante-erceg-igen\/#webpage","url":"https:\/\/acefootball.com\/da\/fodboldnyheder\/officielt-broendby-udlejer-ante-erceg-igen\/","name":"Officielt: Br\u00f8ndby udlejer Ante Erceg igen","isPartOf":{"@id":"https:\/\/acefootball.com\/da\/#website"},"primaryImageOfPage":{"@id":"https:\/\/acefootball.com\/da\/fodboldnyheder\/officielt-broendby-udlejer-ante-erceg-igen\/#primaryimage"},"datePublished":"2020-08-19T14:10:29+00:00","dateModified":"2020-08-19T14:10:30+00:00","description":"Kroatiske Ante Erceg skal endnu engang p\u00e5 lejeophold i en anden klub. Br\u00f8ndby bekr\u00e6fter nemlig, at angriberen tager et \u00e5r i NK Osijek","breadcrumb":{"@id":"https:\/\/acefootball.com\/da\/fodboldnyheder\/officielt-broendby-udlejer-ante-erceg-igen\/#breadcrumb"},"inLanguage":"en-US","potentialAction":[{"@type":"ReadAction","target":["https:\/\/acefootball.com\/da\/fodboldnyheder\/officielt-broendby-udlejer-ante-erceg-igen\/"]}]},{"@type":"BreadcrumbList","@id":"https:\/\/acefootball.com\/da\/fodboldnyheder\/officielt-broendby-udlejer-ante-erceg-igen\/#breadcrumb","itemListElement":[{"@type":"ListItem","position":1,"name":"Home","item":"https:\/\/acefootball.com\/da\/"},{"@type":"ListItem","position":2,"name":"Officielt: Br\u00f8ndby udlejer Ante Erceg igen"}]},{"@type":"Article","@id":"https:\/\/acefootball.com\/da\/fodboldnyheder\/officielt-broendby-udlejer-ante-erceg-igen\/#article","isPartOf":{"@id":"https:\/\/acefootball.com\/da\/fodboldnyheder\/officielt-broendby-udlejer-ante-erceg-igen\/#webpage"},"author":{"@id":"https:\/\/acefootball.com\/da\/#\/schema\/person\/cc86c6803d8c93f30230e4dbed2a3844"},"headline":"Officielt: Br\u00f8ndby udlejer Ante Erceg igen","datePublished":"2020-08-19T14:10:29+00:00","dateModified":"2020-08-19T14:10:30+00:00","mainEntityOfPage":{"@id":"https:\/\/acefootball.com\/da\/fodboldnyheder\/officielt-broendby-udlejer-ante-erceg-igen\/#webpage"},"wordCount":188,"commentCount":0,"publisher":{"@id":"https:\/\/acefootball.com\/da\/#organization"},"image":{"@id":"https:\/\/acefootball.com\/da\/fodboldnyheder\/officielt-broendby-udlejer-ante-erceg-igen\/#primaryimage"},"thumbnailUrl":"https:\/\/acefootball.com\/da\/wp-content\/uploads\/sites\/2\/2020\/08\/GettyImages-1129690616.jpg","keywords":["Ante Erceg","Br\u00f8ndby IF","NK Osijek","Superligaen"],"articleSection":["Transfer"],"inLanguage":"en-US","potentialAction":[{"@type":"CommentAction","name":"Comment","target":["https:\/\/acefootball.com\/da\/fodboldnyheder\/officielt-broendby-udlejer-ante-erceg-igen\/#respond"]}]},{"@type":"Person","@id":"https:\/\/acefootball.com\/da\/#\/schema\/person\/cc86c6803d8c93f30230e4dbed2a3844","name":"Nicolaj M. J\u00f8rgensen","image":{"@type":"ImageObject","@id":"https:\/\/acefootball.com\/da\/#personlogo","inLanguage":"en-US","url":"https:\/\/secure.gravatar.com\/avatar\/757fd92a7fd5c1d31c37aee3425e7f74?s=96&d=mm&r=g","contentUrl":"https:\/\/secure.gravatar.com\/avatar\/757fd92a7fd5c1d31c37aee3425e7f74?s=96&d=mm&r=g","caption":"Nicolaj M. J\u00f8rgensen"},"url":"https:\/\/acefootball.com\/da\/fodboldnyheder\/author\/nicolajmortenj\/"}]}},"fimg_url":"https:\/\/acefootball.com\/da\/wp-content\/uploads\/sites\/2\/2020\/08\/GettyImages-1129690616.jpg","_links":{"self":[{"href":"https:\/\/acefootball.com\/da\/wp-json\/wp\/v2\/posts\/234606"}],"collection":[{"href":"https:\/\/acefootball.com\/da\/wp-json\/wp\/v2\/posts"}],"about":[{"href":"https:\/\/acefootball.com\/da\/wp-json\/wp\/v2\/types\/post"}],"author":[{"embeddable":true,"href":"https:\/\/acefootball.com\/da\/wp-json\/wp\/v2\/users\/347"}],"replies":[{"embeddable":true,"href":"https:\/\/acefootball.com\/da\/wp-json\/wp\/v2\/comments?post=234606"}],"version-history":[{"count":0,"href":"https:\/\/acefootball.com\/da\/wp-json\/wp\/v2\/posts\/234606\/revisions"}],"wp:featuredmedia":[{"embeddable":true,"href":"https:\/\/acefootball.com\/da\/wp-json\/wp\/v2\/media\/234607"}],"wp:attachment":[{"href":"https:\/\/acefootball.com\/da\/wp-json\/wp\/v2\/media?parent=234606"}],"wp:term":[{"taxonomy":"category","embeddable":true,"href":"https:\/\/acefootball.com\/da\/wp-json\/wp\/v2\/categories?post=234606"},{"taxonomy":"post_tag","embeddable":true,"href":"https:\/\/acefootball.com\/da\/wp-json\/wp\/v2\/tags?post=234606"}],"curies":[{"name":"wp","href":"https:\/\/api.w.org\/{rel}","templated":true}]}}