{"id":234595,"date":"2020-08-19T15:56:08","date_gmt":"2020-08-19T13:56:08","guid":{"rendered":"https:\/\/acefootball.com\/da\/?p=234595"},"modified":"2020-08-19T15:58:24","modified_gmt":"2020-08-19T13:58:24","slug":"kroatisk-medie-erceg-skifter-til-osijek","status":"publish","type":"post","link":"https:\/\/acefootball.com\/da\/fodboldnyheder\/kroatisk-medie-erceg-skifter-til-osijek\/","title":{"rendered":"Kroatisk medie: Erceg skifter til Osijek"},"content":{"rendered":"\n<h2>If\u00f8lge et kroatisk medie bliver det klubben Osijek, som f\u00e5r gl\u00e6de af Br\u00f8ndby-angriberen Ante Erceg den kommende s\u00e6son<\/h2>\n\n\n\n<p>Tirsdag kunne Tipsbladet fort\u00e6lle, at Br\u00f8ndby IF var t\u00e6t p\u00e5 at sende angrebsfloppet Ante Erceg p\u00e5 en ny aftale til en unavngiven kroatisk klub.<\/p>\n\n\n\n<p>Nu har mediet <a href=\"https:\/\/dalmatinskiportal.hr\/sport\/hajducko-srce-karijeru-nastavlja-u-osijeku\/72925\" target=\"_blank\" rel=\"noreferrer noopener\">Dalmatinski Portal<\/a> imidlertid sat navn p\u00e5 klubben, som de mener, er Osijek.<\/p>\n\n\n\n<div class=\"wp-block-si-widget wp-block-si-widget--center\"><si-lb-widget widget-id=\"PlayerSeasonProfile\" width=\"440\" data-card=\"true\" data-language=\"da\" data-provider=\"mrgreen\" data-player-id=\"206388\"><\/si-lb-widget><\/div>\n\n\n\n<p>Mediet skriver, at Erceg tager p\u00e5 en et\u00e5rig lejeaftale i klubben, der i sidste s\u00e6son blev nummer fire i den bedste kroatiske r\u00e6kke.<\/p>\n\n\n\n<p>Ante Erceg har fortsat to \u00e5r tilbage af kontrakten i Br\u00f8ndby.<\/p>\n","protected":false},"excerpt":{"rendered":"<p>If\u00f8lge et kroatisk medie bliver det klubben Osijek, som f\u00e5r gl\u00e6de af Br\u00f8ndby-angriberen Ante Erceg den kommende s\u00e6son<\/p>\n","protected":false},"author":705,"featured_media":234498,"comment_status":"open","ping_status":"closed","sticky":false,"template":"","format":"standard","meta":{"om_disable_all_campaigns":false,"push_articles_ronaldo":{"active":false,"canonical":0,"publish":false},"force_updates":null},"categories":[7],"tags":[1768,53,6951,588],"enet_tags":{"player":["206388"],"team":["8595","10157"],"league":["46"],"sport_events":[]},"yoast_head":"<!-- This site is optimized with the Yoast SEO plugin v18.3 - https:\/\/yoast.com\/wordpress\/plugins\/seo\/ -->\n<title>Kroatisk medie: Erceg skifter til Osijek<\/title>\n<meta name=\"description\" content=\"If\u00f8lge et kroatisk medie bliver det klubben Osijek, som f\u00e5r gl\u00e6de af Br\u00f8ndby-angriberen Ante Erceg den kommende s\u00e6son\" \/>\n<meta name=\"robots\" content=\"index, follow, max-snippet:-1, max-image-preview:large, max-video-preview:-1\" \/>\n<link rel=\"canonical\" href=\"https:\/\/acefootball.com\/da\/fodboldnyheder\/kroatisk-medie-erceg-skifter-til-osijek\/\" \/>\n<meta property=\"og:locale\" content=\"en_US\" \/>\n<meta property=\"og:type\" content=\"article\" \/>\n<meta property=\"og:title\" content=\"Kroatisk medie: Erceg skifter til Osijek\" \/>\n<meta property=\"og:description\" content=\"If\u00f8lge et kroatisk medie bliver det klubben Osijek, som f\u00e5r gl\u00e6de af Br\u00f8ndby-angriberen Ante Erceg den kommende s\u00e6son\" \/>\n<meta property=\"og:url\" content=\"https:\/\/acefootball.com\/da\/fodboldnyheder\/kroatisk-medie-erceg-skifter-til-osijek\/\" \/>\n<meta property=\"og:site_name\" content=\"Ace Football Danmark\" \/>\n<meta property=\"article:publisher\" content=\"https:\/\/www.facebook.com\/acefootballdk\" \/>\n<meta property=\"article:published_time\" content=\"2020-08-19T13:56:08+00:00\" \/>\n<meta property=\"article:modified_time\" content=\"2020-08-19T13:58:24+00:00\" \/>\n<meta property=\"og:image\" content=\"https:\/\/acefootball.com\/da\/wp-content\/uploads\/sites\/2\/2020\/08\/GettyImages-1162397796.jpg\" \/>\n\t<meta property=\"og:image:width\" content=\"1024\" \/>\n\t<meta property=\"og:image:height\" content=\"692\" \/>\n\t<meta property=\"og:image:type\" content=\"image\/jpeg\" \/>\n<meta name=\"twitter:card\" content=\"summary_large_image\" \/>\n<meta name=\"twitter:label1\" content=\"Written by\" \/>\n\t<meta name=\"twitter:data1\" content=\"Mads Dreyer\" \/>\n\t<meta name=\"twitter:label2\" content=\"Est. reading time\" \/>\n\t<meta name=\"twitter:data2\" content=\"1 minute\" \/>\n<script type=\"application\/ld+json\" class=\"yoast-schema-graph\">{\"@context\":\"https:\/\/schema.org\",\"@graph\":[{\"@type\":\"Organization\",\"@id\":\"https:\/\/acefootball.com\/da\/#organization\",\"name\":\"Ace Football\",\"url\":\"https:\/\/acefootball.com\/da\/\",\"sameAs\":[\"https:\/\/www.facebook.com\/acefootballdk\"],\"logo\":{\"@type\":\"ImageObject\",\"@id\":\"https:\/\/acefootball.com\/da\/#logo\",\"inLanguage\":\"en-US\",\"url\":\"https:\/\/acefootball.com\/da\/wp-content\/uploads\/sites\/2\/2020\/07\/Ace-Football-30-07-2020-2.png\",\"contentUrl\":\"https:\/\/acefootball.com\/da\/wp-content\/uploads\/sites\/2\/2020\/07\/Ace-Football-30-07-2020-2.png\",\"width\":1200,\"height\":600,\"caption\":\"Ace Football\"},\"image\":{\"@id\":\"https:\/\/acefootball.com\/da\/#logo\"}},{\"@type\":\"WebSite\",\"@id\":\"https:\/\/acefootball.com\/da\/#website\",\"url\":\"https:\/\/acefootball.com\/da\/\",\"name\":\"Ace Football Danmark\",\"description\":\"Nyheder, Spiltips &amp; Livescore\",\"publisher\":{\"@id\":\"https:\/\/acefootball.com\/da\/#organization\"},\"potentialAction\":[{\"@type\":\"SearchAction\",\"target\":{\"@type\":\"EntryPoint\",\"urlTemplate\":\"https:\/\/acefootball.com\/da\/?s={search_term_string}\"},\"query-input\":\"required name=search_term_string\"}],\"inLanguage\":\"en-US\"},{\"@type\":\"ImageObject\",\"@id\":\"https:\/\/acefootball.com\/da\/fodboldnyheder\/kroatisk-medie-erceg-skifter-til-osijek\/#primaryimage\",\"inLanguage\":\"en-US\",\"url\":\"https:\/\/acefootball.com\/da\/wp-content\/uploads\/sites\/2\/2020\/08\/GettyImages-1162397796.jpg\",\"contentUrl\":\"https:\/\/acefootball.com\/da\/wp-content\/uploads\/sites\/2\/2020\/08\/GettyImages-1162397796.jpg\",\"width\":1024,\"height\":692,\"caption\":\"BRONDBY, DENMARK - AUGUST 18: Ante Erceg of Brondby IF controls the ball during the Danish 3F Superliga match between Brondby IF and AaB Aalborg at Brondby Stadion on August 18, 2019 in Brondby, Denmark. (Photo by Lars Ronbog \/ FrontZoneSport via Getty Images)\"},{\"@type\":\"WebPage\",\"@id\":\"https:\/\/acefootball.com\/da\/fodboldnyheder\/kroatisk-medie-erceg-skifter-til-osijek\/#webpage\",\"url\":\"https:\/\/acefootball.com\/da\/fodboldnyheder\/kroatisk-medie-erceg-skifter-til-osijek\/\",\"name\":\"Kroatisk medie: Erceg skifter til Osijek\",\"isPartOf\":{\"@id\":\"https:\/\/acefootball.com\/da\/#website\"},\"primaryImageOfPage\":{\"@id\":\"https:\/\/acefootball.com\/da\/fodboldnyheder\/kroatisk-medie-erceg-skifter-til-osijek\/#primaryimage\"},\"datePublished\":\"2020-08-19T13:56:08+00:00\",\"dateModified\":\"2020-08-19T13:58:24+00:00\",\"description\":\"If\u00f8lge et kroatisk medie bliver det klubben Osijek, som f\u00e5r gl\u00e6de af Br\u00f8ndby-angriberen Ante Erceg den kommende s\u00e6son\",\"breadcrumb\":{\"@id\":\"https:\/\/acefootball.com\/da\/fodboldnyheder\/kroatisk-medie-erceg-skifter-til-osijek\/#breadcrumb\"},\"inLanguage\":\"en-US\",\"potentialAction\":[{\"@type\":\"ReadAction\",\"target\":[\"https:\/\/acefootball.com\/da\/fodboldnyheder\/kroatisk-medie-erceg-skifter-til-osijek\/\"]}]},{\"@type\":\"BreadcrumbList\",\"@id\":\"https:\/\/acefootball.com\/da\/fodboldnyheder\/kroatisk-medie-erceg-skifter-til-osijek\/#breadcrumb\",\"itemListElement\":[{\"@type\":\"ListItem\",\"position\":1,\"name\":\"Home\",\"item\":\"https:\/\/acefootball.com\/da\/\"},{\"@type\":\"ListItem\",\"position\":2,\"name\":\"Kroatisk medie: Erceg skifter til Osijek\"}]},{\"@type\":\"Article\",\"@id\":\"https:\/\/acefootball.com\/da\/fodboldnyheder\/kroatisk-medie-erceg-skifter-til-osijek\/#article\",\"isPartOf\":{\"@id\":\"https:\/\/acefootball.com\/da\/fodboldnyheder\/kroatisk-medie-erceg-skifter-til-osijek\/#webpage\"},\"author\":{\"@id\":\"https:\/\/acefootball.com\/da\/#\/schema\/person\/ee67e9cf04a276f144100ffa722f10cd\"},\"headline\":\"Kroatisk medie: Erceg skifter til Osijek\",\"datePublished\":\"2020-08-19T13:56:08+00:00\",\"dateModified\":\"2020-08-19T13:58:24+00:00\",\"mainEntityOfPage\":{\"@id\":\"https:\/\/acefootball.com\/da\/fodboldnyheder\/kroatisk-medie-erceg-skifter-til-osijek\/#webpage\"},\"wordCount\":109,\"commentCount\":0,\"publisher\":{\"@id\":\"https:\/\/acefootball.com\/da\/#organization\"},\"image\":{\"@id\":\"https:\/\/acefootball.com\/da\/fodboldnyheder\/kroatisk-medie-erceg-skifter-til-osijek\/#primaryimage\"},\"thumbnailUrl\":\"https:\/\/acefootball.com\/da\/wp-content\/uploads\/sites\/2\/2020\/08\/GettyImages-1162397796.jpg\",\"keywords\":[\"Ante Erceg\",\"Br\u00f8ndby IF\",\"NK Osijek\",\"Superligaen\"],\"articleSection\":[\"Transfer\"],\"inLanguage\":\"en-US\",\"potentialAction\":[{\"@type\":\"CommentAction\",\"name\":\"Comment\",\"target\":[\"https:\/\/acefootball.com\/da\/fodboldnyheder\/kroatisk-medie-erceg-skifter-til-osijek\/#respond\"]}]},{\"@type\":\"Person\",\"@id\":\"https:\/\/acefootball.com\/da\/#\/schema\/person\/ee67e9cf04a276f144100ffa722f10cd\",\"name\":\"Mads Dreyer\",\"image\":{\"@type\":\"ImageObject\",\"@id\":\"https:\/\/acefootball.com\/da\/#personlogo\",\"inLanguage\":\"en-US\",\"url\":\"https:\/\/secure.gravatar.com\/avatar\/7c7abf72cfde9902b6a60efe60c88d4c?s=96&d=mm&r=g\",\"contentUrl\":\"https:\/\/secure.gravatar.com\/avatar\/7c7abf72cfde9902b6a60efe60c88d4c?s=96&d=mm&r=g\",\"caption\":\"Mads Dreyer\"},\"description\":\"Skribent og fodboldn\u00f8rd, der lige nu fort\u00e6ller om alt og intet i fodboldverdenen p\u00e5 acefootball.com. Uddannet i kommunikation fra Aalborg Universitet.\",\"sameAs\":[\"https:\/\/www.linkedin.com\/in\/mads-dreyer-b9b08266\/\"],\"url\":\"https:\/\/acefootball.com\/da\/fodboldnyheder\/author\/mdnronaldo\/\"}]}<\/script>\n<!-- \/ Yoast SEO plugin. -->","yoast_head_json":{"title":"Kroatisk medie: Erceg skifter til Osijek","description":"If\u00f8lge et kroatisk medie bliver det klubben Osijek, som f\u00e5r gl\u00e6de af Br\u00f8ndby-angriberen Ante Erceg den kommende s\u00e6son","robots":{"index":"index","follow":"follow","max-snippet":"max-snippet:-1","max-image-preview":"max-image-preview:large","max-video-preview":"max-video-preview:-1"},"canonical":"https:\/\/acefootball.com\/da\/fodboldnyheder\/kroatisk-medie-erceg-skifter-til-osijek\/","og_locale":"en_US","og_type":"article","og_title":"Kroatisk medie: Erceg skifter til Osijek","og_description":"If\u00f8lge et kroatisk medie bliver det klubben Osijek, som f\u00e5r gl\u00e6de af Br\u00f8ndby-angriberen Ante Erceg den kommende s\u00e6son","og_url":"https:\/\/acefootball.com\/da\/fodboldnyheder\/kroatisk-medie-erceg-skifter-til-osijek\/","og_site_name":"Ace Football Danmark","article_publisher":"https:\/\/www.facebook.com\/acefootballdk","article_published_time":"2020-08-19T13:56:08+00:00","article_modified_time":"2020-08-19T13:58:24+00:00","og_image":[{"width":1024,"height":692,"url":"https:\/\/acefootball.com\/da\/wp-content\/uploads\/sites\/2\/2020\/08\/GettyImages-1162397796.jpg","type":"image\/jpeg"}],"twitter_card":"summary_large_image","twitter_misc":{"Written by":"Mads Dreyer","Est. reading time":"1 minute"},"schema":{"@context":"https:\/\/schema.org","@graph":[{"@type":"Organization","@id":"https:\/\/acefootball.com\/da\/#organization","name":"Ace Football","url":"https:\/\/acefootball.com\/da\/","sameAs":["https:\/\/www.facebook.com\/acefootballdk"],"logo":{"@type":"ImageObject","@id":"https:\/\/acefootball.com\/da\/#logo","inLanguage":"en-US","url":"https:\/\/acefootball.com\/da\/wp-content\/uploads\/sites\/2\/2020\/07\/Ace-Football-30-07-2020-2.png","contentUrl":"https:\/\/acefootball.com\/da\/wp-content\/uploads\/sites\/2\/2020\/07\/Ace-Football-30-07-2020-2.png","width":1200,"height":600,"caption":"Ace Football"},"image":{"@id":"https:\/\/acefootball.com\/da\/#logo"}},{"@type":"WebSite","@id":"https:\/\/acefootball.com\/da\/#website","url":"https:\/\/acefootball.com\/da\/","name":"Ace Football Danmark","description":"Nyheder, Spiltips &amp; Livescore","publisher":{"@id":"https:\/\/acefootball.com\/da\/#organization"},"potentialAction":[{"@type":"SearchAction","target":{"@type":"EntryPoint","urlTemplate":"https:\/\/acefootball.com\/da\/?s={search_term_string}"},"query-input":"required name=search_term_string"}],"inLanguage":"en-US"},{"@type":"ImageObject","@id":"https:\/\/acefootball.com\/da\/fodboldnyheder\/kroatisk-medie-erceg-skifter-til-osijek\/#primaryimage","inLanguage":"en-US","url":"https:\/\/acefootball.com\/da\/wp-content\/uploads\/sites\/2\/2020\/08\/GettyImages-1162397796.jpg","contentUrl":"https:\/\/acefootball.com\/da\/wp-content\/uploads\/sites\/2\/2020\/08\/GettyImages-1162397796.jpg","width":1024,"height":692,"caption":"BRONDBY, DENMARK - AUGUST 18: Ante Erceg of Brondby IF controls the ball during the Danish 3F Superliga match between Brondby IF and AaB Aalborg at Brondby Stadion on August 18, 2019 in Brondby, Denmark. (Photo by Lars Ronbog \/ FrontZoneSport via Getty Images)"},{"@type":"WebPage","@id":"https:\/\/acefootball.com\/da\/fodboldnyheder\/kroatisk-medie-erceg-skifter-til-osijek\/#webpage","url":"https:\/\/acefootball.com\/da\/fodboldnyheder\/kroatisk-medie-erceg-skifter-til-osijek\/","name":"Kroatisk medie: Erceg skifter til Osijek","isPartOf":{"@id":"https:\/\/acefootball.com\/da\/#website"},"primaryImageOfPage":{"@id":"https:\/\/acefootball.com\/da\/fodboldnyheder\/kroatisk-medie-erceg-skifter-til-osijek\/#primaryimage"},"datePublished":"2020-08-19T13:56:08+00:00","dateModified":"2020-08-19T13:58:24+00:00","description":"If\u00f8lge et kroatisk medie bliver det klubben Osijek, som f\u00e5r gl\u00e6de af Br\u00f8ndby-angriberen Ante Erceg den kommende s\u00e6son","breadcrumb":{"@id":"https:\/\/acefootball.com\/da\/fodboldnyheder\/kroatisk-medie-erceg-skifter-til-osijek\/#breadcrumb"},"inLanguage":"en-US","potentialAction":[{"@type":"ReadAction","target":["https:\/\/acefootball.com\/da\/fodboldnyheder\/kroatisk-medie-erceg-skifter-til-osijek\/"]}]},{"@type":"BreadcrumbList","@id":"https:\/\/acefootball.com\/da\/fodboldnyheder\/kroatisk-medie-erceg-skifter-til-osijek\/#breadcrumb","itemListElement":[{"@type":"ListItem","position":1,"name":"Home","item":"https:\/\/acefootball.com\/da\/"},{"@type":"ListItem","position":2,"name":"Kroatisk medie: Erceg skifter til Osijek"}]},{"@type":"Article","@id":"https:\/\/acefootball.com\/da\/fodboldnyheder\/kroatisk-medie-erceg-skifter-til-osijek\/#article","isPartOf":{"@id":"https:\/\/acefootball.com\/da\/fodboldnyheder\/kroatisk-medie-erceg-skifter-til-osijek\/#webpage"},"author":{"@id":"https:\/\/acefootball.com\/da\/#\/schema\/person\/ee67e9cf04a276f144100ffa722f10cd"},"headline":"Kroatisk medie: Erceg skifter til Osijek","datePublished":"2020-08-19T13:56:08+00:00","dateModified":"2020-08-19T13:58:24+00:00","mainEntityOfPage":{"@id":"https:\/\/acefootball.com\/da\/fodboldnyheder\/kroatisk-medie-erceg-skifter-til-osijek\/#webpage"},"wordCount":109,"commentCount":0,"publisher":{"@id":"https:\/\/acefootball.com\/da\/#organization"},"image":{"@id":"https:\/\/acefootball.com\/da\/fodboldnyheder\/kroatisk-medie-erceg-skifter-til-osijek\/#primaryimage"},"thumbnailUrl":"https:\/\/acefootball.com\/da\/wp-content\/uploads\/sites\/2\/2020\/08\/GettyImages-1162397796.jpg","keywords":["Ante Erceg","Br\u00f8ndby IF","NK Osijek","Superligaen"],"articleSection":["Transfer"],"inLanguage":"en-US","potentialAction":[{"@type":"CommentAction","name":"Comment","target":["https:\/\/acefootball.com\/da\/fodboldnyheder\/kroatisk-medie-erceg-skifter-til-osijek\/#respond"]}]},{"@type":"Person","@id":"https:\/\/acefootball.com\/da\/#\/schema\/person\/ee67e9cf04a276f144100ffa722f10cd","name":"Mads Dreyer","image":{"@type":"ImageObject","@id":"https:\/\/acefootball.com\/da\/#personlogo","inLanguage":"en-US","url":"https:\/\/secure.gravatar.com\/avatar\/7c7abf72cfde9902b6a60efe60c88d4c?s=96&d=mm&r=g","contentUrl":"https:\/\/secure.gravatar.com\/avatar\/7c7abf72cfde9902b6a60efe60c88d4c?s=96&d=mm&r=g","caption":"Mads Dreyer"},"description":"Skribent og fodboldn\u00f8rd, der lige nu fort\u00e6ller om alt og intet i fodboldverdenen p\u00e5 acefootball.com. Uddannet i kommunikation fra Aalborg Universitet.","sameAs":["https:\/\/www.linkedin.com\/in\/mads-dreyer-b9b08266\/"],"url":"https:\/\/acefootball.com\/da\/fodboldnyheder\/author\/mdnronaldo\/"}]}},"fimg_url":"https:\/\/acefootball.com\/da\/wp-content\/uploads\/sites\/2\/2020\/08\/GettyImages-1162397796.jpg","_links":{"self":[{"href":"https:\/\/acefootball.com\/da\/wp-json\/wp\/v2\/posts\/234595"}],"collection":[{"href":"https:\/\/acefootball.com\/da\/wp-json\/wp\/v2\/posts"}],"about":[{"href":"https:\/\/acefootball.com\/da\/wp-json\/wp\/v2\/types\/post"}],"author":[{"embeddable":true,"href":"https:\/\/acefootball.com\/da\/wp-json\/wp\/v2\/users\/705"}],"replies":[{"embeddable":true,"href":"https:\/\/acefootball.com\/da\/wp-json\/wp\/v2\/comments?post=234595"}],"version-history":[{"count":0,"href":"https:\/\/acefootball.com\/da\/wp-json\/wp\/v2\/posts\/234595\/revisions"}],"wp:featuredmedia":[{"embeddable":true,"href":"https:\/\/acefootball.com\/da\/wp-json\/wp\/v2\/media\/234498"}],"wp:attachment":[{"href":"https:\/\/acefootball.com\/da\/wp-json\/wp\/v2\/media?parent=234595"}],"wp:term":[{"taxonomy":"category","embeddable":true,"href":"https:\/\/acefootball.com\/da\/wp-json\/wp\/v2\/categories?post=234595"},{"taxonomy":"post_tag","embeddable":true,"href":"https:\/\/acefootball.com\/da\/wp-json\/wp\/v2\/tags?post=234595"}],"curies":[{"name":"wp","href":"https:\/\/api.w.org\/{rel}","templated":true}]}}