{"id":234578,"date":"2020-08-19T13:07:57","date_gmt":"2020-08-19T11:07:57","guid":{"rendered":"https:\/\/acefootball.com\/da\/?p=234578"},"modified":"2020-08-19T13:10:03","modified_gmt":"2020-08-19T11:10:03","slug":"praesidentkandidat-i-barcelona-vil-smide-koeman-paa-porten","status":"publish","type":"post","link":"https:\/\/acefootball.com\/da\/fodboldnyheder\/praesidentkandidat-i-barcelona-vil-smide-koeman-paa-porten\/","title":{"rendered":"Pr\u00e6sidentkandidat i Barcelona vil smide Koeman p\u00e5 porten"},"content":{"rendered":"\n<h2>Hvis V\u00edctor Font vinder det kommende pr\u00e6sidentvalg i FC Barcelona, bliver Ronald Koeman fjernet som tr\u00e6ner med det samme<\/h2>\n\n\n\n<p>FC Barcelona har netop pr\u00e6senteret Ronald Koeman som ny cheftr\u00e6ner p\u00e5 en to\u00e5rig kontrakt, og dermed skulle man tro, at der kunne komme mere ro p\u00e5 i den kaotiske storklub.<\/p>\n\n\n\n<p>Men pr\u00e6sidentvalget i marts n\u00e6ste \u00e5r kan igen vende op og ned p\u00e5 tingene, da klubbens nuv\u00e6rende pr\u00e6sident, Josep Maria Bartomeu, med sikkerhed forlader tronen n\u00e6ste sommer.<\/p>\n\n\n\n<p>Der er i \u00f8jeblikket fem kandidater i spil til at overtage s\u00e6det, og en af favoritterne, V\u00edctor Font, har planer om, at foretage en gennemg\u00e5ende udrensning i klubben.<\/p>\n\n\n\n<figure class=\"wp-block-embed-wordpress wp-block-embed is-type-wp-embed is-provider-ace-football-danmark\"><div class=\"wp-block-embed__wrapper\">\n<blockquote class=\"wp-embedded-content\" data-secret=\"0dqPmJDSZF\"><a href=\"https:\/\/acefootball.com\/da\/fodboldnyheder\/officielt-koeman-praesenteret-som-ny-barcelona-traener\/\">Officielt: Koeman pr\u00e6senteret som ny Barcelona-tr\u00e6ner<\/a><\/blockquote><iframe class=\"wp-embedded-content\" sandbox=\"allow-scripts\" security=\"restricted\" style=\"position: absolute; clip: rect(1px, 1px, 1px, 1px);\" title=\"&#8220;Officielt: Koeman pr\u00e6senteret som ny Barcelona-tr\u00e6ner&#8221; &#8212; Ace Football Danmark\" src=\"https:\/\/acefootball.com\/da\/fodboldnyheder\/officielt-koeman-praesenteret-som-ny-barcelona-traener\/embed\/#?secret=0dqPmJDSZF\" data-secret=\"0dqPmJDSZF\" width=\"600\" height=\"338\" frameborder=\"0\" marginwidth=\"0\" marginheight=\"0\" scrolling=\"no\"><\/iframe>\n<\/div><\/figure>\n\n\n\n<p>Det f\u00e5r ogs\u00e5 konsekvenser for nyansatte Koeman, der ikke indg\u00e5r i det omfattende projekt.<\/p>\n\n\n\n<p>&#8220;Hvis vi vinder, bliver Koeman ikke tr\u00e6ner. Man m\u00e5 takke ham for, at han vil p\u00e5tage sig opgaven, og vi \u00f8nsker ham det bedste, og m\u00e5ske kan han endda biddrage til projektet. Vi vil implementere vores projekt fra vicepr\u00e6sident til fodboldtr\u00e6ner,&#8221; udtaler Font til <a href=\"https:\/\/as.com\/futbol\/2020\/08\/19\/primera\/1597790641_940589.html#?ref=rss&amp;format=simple&amp;link=link\" target=\"_blank\" rel=\"noreferrer noopener\">AS<\/a>.<\/p>\n\n\n\n<p>Pr\u00e6sidentkandidaten fort\u00e6ller desuden, at planen er at hente klublegenden Xavi ind som tr\u00e6ner, hvilket er noget, der nok skal tr\u00e6kke masser af stemmer blandt tilh\u00e6ngerne.<\/p>\n\n\n\n<p>Ogs\u00e5 den tidligere pr\u00e6sident Joan Laporta er blandt kandidaterne, der ogs\u00e5 t\u00e6ller Agust\u00ed Benedito, Toni Freixa og Juan Rosell.<\/p>\n","protected":false},"excerpt":{"rendered":"<p>Hvis V\u00edctor Font vinder det kommende pr\u00e6sidentvalg i FC Barcelona, bliver Ronald Koeman fjernet som tr\u00e6ner med det samme<\/p>\n","protected":false},"author":705,"featured_media":234579,"comment_status":"open","ping_status":"closed","sticky":false,"template":"","format":"standard","meta":{"om_disable_all_campaigns":false,"push_articles_ronaldo":{"active":false,"canonical":0,"publish":false},"force_updates":null},"categories":[8204],"tags":[41,303,847],"enet_tags":{"team":["8634"],"league":["87"],"sport_events":[]},"yoast_head":"<!-- This site is optimized with the Yoast SEO plugin v18.3 - https:\/\/yoast.com\/wordpress\/plugins\/seo\/ -->\n<title>Pr\u00e6sidentkandidat i Barcelona vil smide Koeman p\u00e5 porten<\/title>\n<meta name=\"description\" content=\"Hvis V\u00edctor Font vinder det kommende pr\u00e6sidentvalg i FC Barcelona, bliver Ronald Koeman fjernet som tr\u00e6ner med det samme\" \/>\n<meta name=\"robots\" content=\"index, follow, max-snippet:-1, max-image-preview:large, max-video-preview:-1\" \/>\n<link rel=\"canonical\" href=\"https:\/\/acefootball.com\/da\/fodboldnyheder\/praesidentkandidat-i-barcelona-vil-smide-koeman-paa-porten\/\" \/>\n<meta property=\"og:locale\" content=\"en_US\" \/>\n<meta property=\"og:type\" content=\"article\" \/>\n<meta property=\"og:title\" content=\"Pr\u00e6sidentkandidat i Barcelona vil smide Koeman p\u00e5 porten\" \/>\n<meta property=\"og:description\" content=\"Hvis V\u00edctor Font vinder det kommende pr\u00e6sidentvalg i FC Barcelona, bliver Ronald Koeman fjernet som tr\u00e6ner med det samme\" \/>\n<meta property=\"og:url\" content=\"https:\/\/acefootball.com\/da\/fodboldnyheder\/praesidentkandidat-i-barcelona-vil-smide-koeman-paa-porten\/\" \/>\n<meta property=\"og:site_name\" content=\"Ace Football Danmark\" \/>\n<meta property=\"article:publisher\" content=\"https:\/\/www.facebook.com\/acefootballdk\" \/>\n<meta property=\"article:published_time\" content=\"2020-08-19T11:07:57+00:00\" \/>\n<meta property=\"article:modified_time\" content=\"2020-08-19T11:10:03+00:00\" \/>\n<meta property=\"og:image\" content=\"https:\/\/acefootball.com\/da\/wp-content\/uploads\/sites\/2\/2020\/08\/GettyImages-1173283798.jpg\" \/>\n\t<meta property=\"og:image:width\" content=\"1024\" \/>\n\t<meta property=\"og:image:height\" content=\"683\" \/>\n\t<meta property=\"og:image:type\" content=\"image\/jpeg\" \/>\n<meta name=\"twitter:card\" content=\"summary_large_image\" \/>\n<meta name=\"twitter:label1\" content=\"Written by\" \/>\n\t<meta name=\"twitter:data1\" content=\"Mads Dreyer\" \/>\n\t<meta name=\"twitter:label2\" content=\"Est. reading time\" \/>\n\t<meta name=\"twitter:data2\" content=\"1 minute\" \/>\n<script type=\"application\/ld+json\" class=\"yoast-schema-graph\">{\"@context\":\"https:\/\/schema.org\",\"@graph\":[{\"@type\":\"Organization\",\"@id\":\"https:\/\/acefootball.com\/da\/#organization\",\"name\":\"Ace Football\",\"url\":\"https:\/\/acefootball.com\/da\/\",\"sameAs\":[\"https:\/\/www.facebook.com\/acefootballdk\"],\"logo\":{\"@type\":\"ImageObject\",\"@id\":\"https:\/\/acefootball.com\/da\/#logo\",\"inLanguage\":\"en-US\",\"url\":\"https:\/\/acefootball.com\/da\/wp-content\/uploads\/sites\/2\/2020\/07\/Ace-Football-30-07-2020-2.png\",\"contentUrl\":\"https:\/\/acefootball.com\/da\/wp-content\/uploads\/sites\/2\/2020\/07\/Ace-Football-30-07-2020-2.png\",\"width\":1200,\"height\":600,\"caption\":\"Ace Football\"},\"image\":{\"@id\":\"https:\/\/acefootball.com\/da\/#logo\"}},{\"@type\":\"WebSite\",\"@id\":\"https:\/\/acefootball.com\/da\/#website\",\"url\":\"https:\/\/acefootball.com\/da\/\",\"name\":\"Ace Football Danmark\",\"description\":\"Nyheder, Spiltips &amp; Livescore\",\"publisher\":{\"@id\":\"https:\/\/acefootball.com\/da\/#organization\"},\"potentialAction\":[{\"@type\":\"SearchAction\",\"target\":{\"@type\":\"EntryPoint\",\"urlTemplate\":\"https:\/\/acefootball.com\/da\/?s={search_term_string}\"},\"query-input\":\"required name=search_term_string\"}],\"inLanguage\":\"en-US\"},{\"@type\":\"ImageObject\",\"@id\":\"https:\/\/acefootball.com\/da\/fodboldnyheder\/praesidentkandidat-i-barcelona-vil-smide-koeman-paa-porten\/#primaryimage\",\"inLanguage\":\"en-US\",\"url\":\"https:\/\/acefootball.com\/da\/wp-content\/uploads\/sites\/2\/2020\/08\/GettyImages-1173283798.jpg\",\"contentUrl\":\"https:\/\/acefootball.com\/da\/wp-content\/uploads\/sites\/2\/2020\/08\/GettyImages-1173283798.jpg\",\"width\":1024,\"height\":683,\"caption\":\"HAMBURG, GERMANY - SEPTEMBER 06: Ronald Koeman manager of the Netherlands looks on prior to the UEFA Euro 2020 qualifier match between Germany and Netherlands at Volksparkstadion on September 06, 2019 in Hamburg, Germany. (Photo by Maja Hitij\/Bongarts\/Getty Images)\"},{\"@type\":\"WebPage\",\"@id\":\"https:\/\/acefootball.com\/da\/fodboldnyheder\/praesidentkandidat-i-barcelona-vil-smide-koeman-paa-porten\/#webpage\",\"url\":\"https:\/\/acefootball.com\/da\/fodboldnyheder\/praesidentkandidat-i-barcelona-vil-smide-koeman-paa-porten\/\",\"name\":\"Pr\u00e6sidentkandidat i Barcelona vil smide Koeman p\u00e5 porten\",\"isPartOf\":{\"@id\":\"https:\/\/acefootball.com\/da\/#website\"},\"primaryImageOfPage\":{\"@id\":\"https:\/\/acefootball.com\/da\/fodboldnyheder\/praesidentkandidat-i-barcelona-vil-smide-koeman-paa-porten\/#primaryimage\"},\"datePublished\":\"2020-08-19T11:07:57+00:00\",\"dateModified\":\"2020-08-19T11:10:03+00:00\",\"description\":\"Hvis V\u00edctor Font vinder det kommende pr\u00e6sidentvalg i FC Barcelona, bliver Ronald Koeman fjernet som tr\u00e6ner med det samme\",\"breadcrumb\":{\"@id\":\"https:\/\/acefootball.com\/da\/fodboldnyheder\/praesidentkandidat-i-barcelona-vil-smide-koeman-paa-porten\/#breadcrumb\"},\"inLanguage\":\"en-US\",\"potentialAction\":[{\"@type\":\"ReadAction\",\"target\":[\"https:\/\/acefootball.com\/da\/fodboldnyheder\/praesidentkandidat-i-barcelona-vil-smide-koeman-paa-porten\/\"]}]},{\"@type\":\"BreadcrumbList\",\"@id\":\"https:\/\/acefootball.com\/da\/fodboldnyheder\/praesidentkandidat-i-barcelona-vil-smide-koeman-paa-porten\/#breadcrumb\",\"itemListElement\":[{\"@type\":\"ListItem\",\"position\":1,\"name\":\"Home\",\"item\":\"https:\/\/acefootball.com\/da\/\"},{\"@type\":\"ListItem\",\"position\":2,\"name\":\"Pr\u00e6sidentkandidat i Barcelona vil smide Koeman p\u00e5 porten\"}]},{\"@type\":\"Article\",\"@id\":\"https:\/\/acefootball.com\/da\/fodboldnyheder\/praesidentkandidat-i-barcelona-vil-smide-koeman-paa-porten\/#article\",\"isPartOf\":{\"@id\":\"https:\/\/acefootball.com\/da\/fodboldnyheder\/praesidentkandidat-i-barcelona-vil-smide-koeman-paa-porten\/#webpage\"},\"author\":{\"@id\":\"https:\/\/acefootball.com\/da\/#\/schema\/person\/ee67e9cf04a276f144100ffa722f10cd\"},\"headline\":\"Pr\u00e6sidentkandidat i Barcelona vil smide Koeman p\u00e5 porten\",\"datePublished\":\"2020-08-19T11:07:57+00:00\",\"dateModified\":\"2020-08-19T11:10:03+00:00\",\"mainEntityOfPage\":{\"@id\":\"https:\/\/acefootball.com\/da\/fodboldnyheder\/praesidentkandidat-i-barcelona-vil-smide-koeman-paa-porten\/#webpage\"},\"wordCount\":250,\"commentCount\":0,\"publisher\":{\"@id\":\"https:\/\/acefootball.com\/da\/#organization\"},\"image\":{\"@id\":\"https:\/\/acefootball.com\/da\/fodboldnyheder\/praesidentkandidat-i-barcelona-vil-smide-koeman-paa-porten\/#primaryimage\"},\"thumbnailUrl\":\"https:\/\/acefootball.com\/da\/wp-content\/uploads\/sites\/2\/2020\/08\/GettyImages-1173283798.jpg\",\"keywords\":[\"FC Barcelona\",\"La Liga\",\"Ronald Koeman\"],\"articleSection\":[\"Udtalelse\"],\"inLanguage\":\"en-US\",\"potentialAction\":[{\"@type\":\"CommentAction\",\"name\":\"Comment\",\"target\":[\"https:\/\/acefootball.com\/da\/fodboldnyheder\/praesidentkandidat-i-barcelona-vil-smide-koeman-paa-porten\/#respond\"]}]},{\"@type\":\"Person\",\"@id\":\"https:\/\/acefootball.com\/da\/#\/schema\/person\/ee67e9cf04a276f144100ffa722f10cd\",\"name\":\"Mads Dreyer\",\"image\":{\"@type\":\"ImageObject\",\"@id\":\"https:\/\/acefootball.com\/da\/#personlogo\",\"inLanguage\":\"en-US\",\"url\":\"https:\/\/secure.gravatar.com\/avatar\/7c7abf72cfde9902b6a60efe60c88d4c?s=96&d=mm&r=g\",\"contentUrl\":\"https:\/\/secure.gravatar.com\/avatar\/7c7abf72cfde9902b6a60efe60c88d4c?s=96&d=mm&r=g\",\"caption\":\"Mads Dreyer\"},\"description\":\"Skribent og fodboldn\u00f8rd, der lige nu fort\u00e6ller om alt og intet i fodboldverdenen p\u00e5 acefootball.com. Uddannet i kommunikation fra Aalborg Universitet.\",\"sameAs\":[\"https:\/\/www.linkedin.com\/in\/mads-dreyer-b9b08266\/\"],\"url\":\"https:\/\/acefootball.com\/da\/fodboldnyheder\/author\/mdnronaldo\/\"}]}<\/script>\n<!-- \/ Yoast SEO plugin. -->","yoast_head_json":{"title":"Pr\u00e6sidentkandidat i Barcelona vil smide Koeman p\u00e5 porten","description":"Hvis V\u00edctor Font vinder det kommende pr\u00e6sidentvalg i FC Barcelona, bliver Ronald Koeman fjernet som tr\u00e6ner med det samme","robots":{"index":"index","follow":"follow","max-snippet":"max-snippet:-1","max-image-preview":"max-image-preview:large","max-video-preview":"max-video-preview:-1"},"canonical":"https:\/\/acefootball.com\/da\/fodboldnyheder\/praesidentkandidat-i-barcelona-vil-smide-koeman-paa-porten\/","og_locale":"en_US","og_type":"article","og_title":"Pr\u00e6sidentkandidat i Barcelona vil smide Koeman p\u00e5 porten","og_description":"Hvis V\u00edctor Font vinder det kommende pr\u00e6sidentvalg i FC Barcelona, bliver Ronald Koeman fjernet som tr\u00e6ner med det samme","og_url":"https:\/\/acefootball.com\/da\/fodboldnyheder\/praesidentkandidat-i-barcelona-vil-smide-koeman-paa-porten\/","og_site_name":"Ace Football Danmark","article_publisher":"https:\/\/www.facebook.com\/acefootballdk","article_published_time":"2020-08-19T11:07:57+00:00","article_modified_time":"2020-08-19T11:10:03+00:00","og_image":[{"width":1024,"height":683,"url":"https:\/\/acefootball.com\/da\/wp-content\/uploads\/sites\/2\/2020\/08\/GettyImages-1173283798.jpg","type":"image\/jpeg"}],"twitter_card":"summary_large_image","twitter_misc":{"Written by":"Mads Dreyer","Est. reading time":"1 minute"},"schema":{"@context":"https:\/\/schema.org","@graph":[{"@type":"Organization","@id":"https:\/\/acefootball.com\/da\/#organization","name":"Ace Football","url":"https:\/\/acefootball.com\/da\/","sameAs":["https:\/\/www.facebook.com\/acefootballdk"],"logo":{"@type":"ImageObject","@id":"https:\/\/acefootball.com\/da\/#logo","inLanguage":"en-US","url":"https:\/\/acefootball.com\/da\/wp-content\/uploads\/sites\/2\/2020\/07\/Ace-Football-30-07-2020-2.png","contentUrl":"https:\/\/acefootball.com\/da\/wp-content\/uploads\/sites\/2\/2020\/07\/Ace-Football-30-07-2020-2.png","width":1200,"height":600,"caption":"Ace Football"},"image":{"@id":"https:\/\/acefootball.com\/da\/#logo"}},{"@type":"WebSite","@id":"https:\/\/acefootball.com\/da\/#website","url":"https:\/\/acefootball.com\/da\/","name":"Ace Football Danmark","description":"Nyheder, Spiltips &amp; Livescore","publisher":{"@id":"https:\/\/acefootball.com\/da\/#organization"},"potentialAction":[{"@type":"SearchAction","target":{"@type":"EntryPoint","urlTemplate":"https:\/\/acefootball.com\/da\/?s={search_term_string}"},"query-input":"required name=search_term_string"}],"inLanguage":"en-US"},{"@type":"ImageObject","@id":"https:\/\/acefootball.com\/da\/fodboldnyheder\/praesidentkandidat-i-barcelona-vil-smide-koeman-paa-porten\/#primaryimage","inLanguage":"en-US","url":"https:\/\/acefootball.com\/da\/wp-content\/uploads\/sites\/2\/2020\/08\/GettyImages-1173283798.jpg","contentUrl":"https:\/\/acefootball.com\/da\/wp-content\/uploads\/sites\/2\/2020\/08\/GettyImages-1173283798.jpg","width":1024,"height":683,"caption":"HAMBURG, GERMANY - SEPTEMBER 06: Ronald Koeman manager of the Netherlands looks on prior to the UEFA Euro 2020 qualifier match between Germany and Netherlands at Volksparkstadion on September 06, 2019 in Hamburg, Germany. (Photo by Maja Hitij\/Bongarts\/Getty Images)"},{"@type":"WebPage","@id":"https:\/\/acefootball.com\/da\/fodboldnyheder\/praesidentkandidat-i-barcelona-vil-smide-koeman-paa-porten\/#webpage","url":"https:\/\/acefootball.com\/da\/fodboldnyheder\/praesidentkandidat-i-barcelona-vil-smide-koeman-paa-porten\/","name":"Pr\u00e6sidentkandidat i Barcelona vil smide Koeman p\u00e5 porten","isPartOf":{"@id":"https:\/\/acefootball.com\/da\/#website"},"primaryImageOfPage":{"@id":"https:\/\/acefootball.com\/da\/fodboldnyheder\/praesidentkandidat-i-barcelona-vil-smide-koeman-paa-porten\/#primaryimage"},"datePublished":"2020-08-19T11:07:57+00:00","dateModified":"2020-08-19T11:10:03+00:00","description":"Hvis V\u00edctor Font vinder det kommende pr\u00e6sidentvalg i FC Barcelona, bliver Ronald Koeman fjernet som tr\u00e6ner med det samme","breadcrumb":{"@id":"https:\/\/acefootball.com\/da\/fodboldnyheder\/praesidentkandidat-i-barcelona-vil-smide-koeman-paa-porten\/#breadcrumb"},"inLanguage":"en-US","potentialAction":[{"@type":"ReadAction","target":["https:\/\/acefootball.com\/da\/fodboldnyheder\/praesidentkandidat-i-barcelona-vil-smide-koeman-paa-porten\/"]}]},{"@type":"BreadcrumbList","@id":"https:\/\/acefootball.com\/da\/fodboldnyheder\/praesidentkandidat-i-barcelona-vil-smide-koeman-paa-porten\/#breadcrumb","itemListElement":[{"@type":"ListItem","position":1,"name":"Home","item":"https:\/\/acefootball.com\/da\/"},{"@type":"ListItem","position":2,"name":"Pr\u00e6sidentkandidat i Barcelona vil smide Koeman p\u00e5 porten"}]},{"@type":"Article","@id":"https:\/\/acefootball.com\/da\/fodboldnyheder\/praesidentkandidat-i-barcelona-vil-smide-koeman-paa-porten\/#article","isPartOf":{"@id":"https:\/\/acefootball.com\/da\/fodboldnyheder\/praesidentkandidat-i-barcelona-vil-smide-koeman-paa-porten\/#webpage"},"author":{"@id":"https:\/\/acefootball.com\/da\/#\/schema\/person\/ee67e9cf04a276f144100ffa722f10cd"},"headline":"Pr\u00e6sidentkandidat i Barcelona vil smide Koeman p\u00e5 porten","datePublished":"2020-08-19T11:07:57+00:00","dateModified":"2020-08-19T11:10:03+00:00","mainEntityOfPage":{"@id":"https:\/\/acefootball.com\/da\/fodboldnyheder\/praesidentkandidat-i-barcelona-vil-smide-koeman-paa-porten\/#webpage"},"wordCount":250,"commentCount":0,"publisher":{"@id":"https:\/\/acefootball.com\/da\/#organization"},"image":{"@id":"https:\/\/acefootball.com\/da\/fodboldnyheder\/praesidentkandidat-i-barcelona-vil-smide-koeman-paa-porten\/#primaryimage"},"thumbnailUrl":"https:\/\/acefootball.com\/da\/wp-content\/uploads\/sites\/2\/2020\/08\/GettyImages-1173283798.jpg","keywords":["FC Barcelona","La Liga","Ronald Koeman"],"articleSection":["Udtalelse"],"inLanguage":"en-US","potentialAction":[{"@type":"CommentAction","name":"Comment","target":["https:\/\/acefootball.com\/da\/fodboldnyheder\/praesidentkandidat-i-barcelona-vil-smide-koeman-paa-porten\/#respond"]}]},{"@type":"Person","@id":"https:\/\/acefootball.com\/da\/#\/schema\/person\/ee67e9cf04a276f144100ffa722f10cd","name":"Mads Dreyer","image":{"@type":"ImageObject","@id":"https:\/\/acefootball.com\/da\/#personlogo","inLanguage":"en-US","url":"https:\/\/secure.gravatar.com\/avatar\/7c7abf72cfde9902b6a60efe60c88d4c?s=96&d=mm&r=g","contentUrl":"https:\/\/secure.gravatar.com\/avatar\/7c7abf72cfde9902b6a60efe60c88d4c?s=96&d=mm&r=g","caption":"Mads Dreyer"},"description":"Skribent og fodboldn\u00f8rd, der lige nu fort\u00e6ller om alt og intet i fodboldverdenen p\u00e5 acefootball.com. Uddannet i kommunikation fra Aalborg Universitet.","sameAs":["https:\/\/www.linkedin.com\/in\/mads-dreyer-b9b08266\/"],"url":"https:\/\/acefootball.com\/da\/fodboldnyheder\/author\/mdnronaldo\/"}]}},"fimg_url":"https:\/\/acefootball.com\/da\/wp-content\/uploads\/sites\/2\/2020\/08\/GettyImages-1173283798.jpg","_links":{"self":[{"href":"https:\/\/acefootball.com\/da\/wp-json\/wp\/v2\/posts\/234578"}],"collection":[{"href":"https:\/\/acefootball.com\/da\/wp-json\/wp\/v2\/posts"}],"about":[{"href":"https:\/\/acefootball.com\/da\/wp-json\/wp\/v2\/types\/post"}],"author":[{"embeddable":true,"href":"https:\/\/acefootball.com\/da\/wp-json\/wp\/v2\/users\/705"}],"replies":[{"embeddable":true,"href":"https:\/\/acefootball.com\/da\/wp-json\/wp\/v2\/comments?post=234578"}],"version-history":[{"count":0,"href":"https:\/\/acefootball.com\/da\/wp-json\/wp\/v2\/posts\/234578\/revisions"}],"wp:featuredmedia":[{"embeddable":true,"href":"https:\/\/acefootball.com\/da\/wp-json\/wp\/v2\/media\/234579"}],"wp:attachment":[{"href":"https:\/\/acefootball.com\/da\/wp-json\/wp\/v2\/media?parent=234578"}],"wp:term":[{"taxonomy":"category","embeddable":true,"href":"https:\/\/acefootball.com\/da\/wp-json\/wp\/v2\/categories?post=234578"},{"taxonomy":"post_tag","embeddable":true,"href":"https:\/\/acefootball.com\/da\/wp-json\/wp\/v2\/tags?post=234578"}],"curies":[{"name":"wp","href":"https:\/\/api.w.org\/{rel}","templated":true}]}}