{"id":234563,"date":"2020-08-19T10:52:43","date_gmt":"2020-08-19T08:52:43","guid":{"rendered":"https:\/\/acefootball.com\/da\/?p=234563"},"modified":"2020-08-19T10:52:44","modified_gmt":"2020-08-19T08:52:44","slug":"video-ekstatiske-psg-fans-fejrer-finaleplads","status":"publish","type":"post","link":"https:\/\/acefootball.com\/da\/fodboldnyheder\/video-ekstatiske-psg-fans-fejrer-finaleplads\/","title":{"rendered":"Video: Ekstatiske PSG-fans fejrer finaleplads"},"content":{"rendered":"\n<h2>Tirsdagens sejr over RB Leipzig fik et hav af PSG-fans til at fejre finalepladsen i Champions League i Paris&#8217; gader<\/h2>\n\n\n\n<p>Tirsdag aften spillede PSG sig i klubbens f\u00f8rste Champions League-finale nogensinde, da RB Leipzig blev besejret med 3-0.<\/p>\n\n\n\n<p>Den franske storklub har i flere s\u00e6soner hungret efter succes i verdens st\u00f8rste klubturnering, og derfor skabte sejren ekstase blandt PSG-fansene.<\/p>\n\n\n\n<p>Et stort antal tilh\u00e6ngere var derfor i gaderne i Paris tirsdag aften for at fejre finalepladsen, og du kan se billeder af festlighederne herunder.<\/p>\n\n\n\n<figure class=\"wp-block-embed-twitter wp-block-embed is-type-rich is-provider-twitter\"><div class=\"wp-block-embed__wrapper\">\n<blockquote class=\"twitter-tweet\" data-width=\"550\" data-dnt=\"true\"><p lang=\"in\" dir=\"ltr\">WOAH! \ud83e\udd2f<br><br>Fans PSG berkumpul dan berpesta di luar PParc des Princes. <a href=\"https:\/\/t.co\/xh2Q5fp2jn\">pic.twitter.com\/xh2Q5fp2jn<\/a><\/p>&mdash; Goal Indonesia (@GOAL_ID) <a href=\"https:\/\/twitter.com\/GOAL_ID\/status\/1295908342167212034?ref_src=twsrc%5Etfw\">August 19, 2020<\/a><\/blockquote><script async src=\"https:\/\/platform.twitter.com\/widgets.js\" charset=\"utf-8\"><\/script>\n<\/div><\/figure>\n\n\n\n<figure class=\"wp-block-embed-twitter wp-block-embed is-type-rich is-provider-twitter\"><div class=\"wp-block-embed__wrapper\">\n<blockquote class=\"twitter-tweet\" data-width=\"550\" data-dnt=\"true\"><p lang=\"en\" dir=\"ltr\">Bedlam in Paris as law enforcement tries to prevent PSG supporters from gathering at the Champs-\u00c9lys\u00e9es. In the meantime an ecstatic fan tells RMC: \u201cI am going to call my son Choupo-Moting.\u201d <a href=\"https:\/\/t.co\/897ybEzUDY\">pic.twitter.com\/897ybEzUDY<\/a><\/p>&mdash; Get French Football News (@GFFN) <a href=\"https:\/\/twitter.com\/GFFN\/status\/1295830284261367809?ref_src=twsrc%5Etfw\">August 18, 2020<\/a><\/blockquote><script async src=\"https:\/\/platform.twitter.com\/widgets.js\" charset=\"utf-8\"><\/script>\n<\/div><\/figure>\n\n\n\n<figure class=\"wp-block-embed-twitter wp-block-embed is-type-rich is-provider-twitter\"><div class=\"wp-block-embed__wrapper\">\n<blockquote class=\"twitter-tweet\" data-width=\"550\" data-dnt=\"true\"><p lang=\"pt\" dir=\"ltr\">PARIS PAROU AP\u00d3S A CLASSIFICA\u00c7\u00c3O DO PSG <a href=\"https:\/\/t.co\/1MVyB51Fap\">pic.twitter.com\/1MVyB51Fap<\/a><\/p>&mdash; G\u00eanio Neymar Jr\u00b2 (fan account) (@genioneymarjr10) <a href=\"https:\/\/twitter.com\/genioneymarjr10\/status\/1295843090536828930?ref_src=twsrc%5Etfw\">August 18, 2020<\/a><\/blockquote><script async src=\"https:\/\/platform.twitter.com\/widgets.js\" charset=\"utf-8\"><\/script>\n<\/div><\/figure>\n\n\n\n<figure class=\"wp-block-embed-twitter wp-block-embed is-type-rich is-provider-twitter\"><div class=\"wp-block-embed__wrapper\">\n<blockquote class=\"twitter-tweet\" data-width=\"550\" data-dnt=\"true\"><p lang=\"fr\" dir=\"ltr\">Out of context psg fans <a href=\"https:\/\/t.co\/NbR3PRTpCG\">pic.twitter.com\/NbR3PRTpCG<\/a><\/p>&mdash; Henry\ud83c\uddeb\ud83c\uddf7 (@BaguetteSZN) <a href=\"https:\/\/twitter.com\/BaguetteSZN\/status\/1295876036438171648?ref_src=twsrc%5Etfw\">August 19, 2020<\/a><\/blockquote><script async src=\"https:\/\/platform.twitter.com\/widgets.js\" charset=\"utf-8\"><\/script>\n<\/div><\/figure>\n\n\n\n<figure class=\"wp-block-embed-twitter wp-block-embed is-type-rich is-provider-twitter\"><div class=\"wp-block-embed__wrapper\">\n<blockquote class=\"twitter-tweet\" data-width=\"550\" data-dnt=\"true\"><p lang=\"fr\" dir=\"ltr\">ALLEZ PSG \u2764\ufe0f\u2764\ufe0f <a href=\"https:\/\/t.co\/LWf53Ncx0j\">pic.twitter.com\/LWf53Ncx0j<\/a><\/p>&mdash; G\u00eanio Neymar Jr\u00b2 (fan account) (@genioneymarjr10) <a href=\"https:\/\/twitter.com\/genioneymarjr10\/status\/1295908476628209665?ref_src=twsrc%5Etfw\">August 19, 2020<\/a><\/blockquote><script async src=\"https:\/\/platform.twitter.com\/widgets.js\" charset=\"utf-8\"><\/script>\n<\/div><\/figure>\n\n\n\n<p>Der var ogs\u00e5 stor gl\u00e6de i spillertruppen, som du kan se i videoen herunder, hvor is\u00e6r Neymar virker til at v\u00e6re i godt hum\u00f8r.<\/p>\n\n\n\n<figure class=\"wp-block-embed-twitter wp-block-embed is-type-rich is-provider-twitter\"><div class=\"wp-block-embed__wrapper\">\n<blockquote class=\"twitter-tweet\" data-width=\"550\" data-dnt=\"true\"><p lang=\"pt\" dir=\"ltr\">Elenco do PSG embrazando \ud83d\ude0e <a href=\"https:\/\/t.co\/cymG9w2ycu\">pic.twitter.com\/cymG9w2ycu<\/a><\/p>&mdash; PES MIL GRAU (@Pesgrau) <a href=\"https:\/\/twitter.com\/Pesgrau\/status\/1295888766868033538?ref_src=twsrc%5Etfw\">August 19, 2020<\/a><\/blockquote><script async src=\"https:\/\/platform.twitter.com\/widgets.js\" charset=\"utf-8\"><\/script>\n<\/div><\/figure>\n","protected":false},"excerpt":{"rendered":"<p>Tirsdagens sejr over RB Leipzig fik et hav af PSG-fans til at fejre finalepladsen i Champions League i Paris&#8217; gader<\/p>\n","protected":false},"author":705,"featured_media":234570,"comment_status":"open","ping_status":"closed","sticky":false,"template":"","format":"video","meta":{"om_disable_all_campaigns":false,"push_articles_ronaldo":{"active":false,"canonical":0,"publish":false},"force_updates":null},"categories":[8098],"tags":[206,397,461],"enet_tags":{"league":["42","53"],"team":["9847"],"sport_events":[]},"yoast_head":"<!-- This site is optimized with the Yoast SEO plugin v18.3 - https:\/\/yoast.com\/wordpress\/plugins\/seo\/ -->\n<title>Video: Ekstatiske PSG-fans fejrer finaleplads<\/title>\n<meta name=\"description\" content=\"Tirsdagens sejr over RB Leipzig fik et hav af PSG-fans til at fejre finalepladsen i Champions League i Paris&#039; gader\" \/>\n<meta name=\"robots\" content=\"index, follow, max-snippet:-1, max-image-preview:large, max-video-preview:-1\" \/>\n<link rel=\"canonical\" href=\"https:\/\/acefootball.com\/da\/fodboldnyheder\/video-ekstatiske-psg-fans-fejrer-finaleplads\/\" \/>\n<meta property=\"og:locale\" content=\"en_US\" \/>\n<meta property=\"og:type\" content=\"article\" \/>\n<meta property=\"og:title\" content=\"Video: Ekstatiske PSG-fans fejrer finaleplads\" \/>\n<meta property=\"og:description\" content=\"Tirsdagens sejr over RB Leipzig fik et hav af PSG-fans til at fejre finalepladsen i Champions League i Paris&#039; gader\" \/>\n<meta property=\"og:url\" content=\"https:\/\/acefootball.com\/da\/fodboldnyheder\/video-ekstatiske-psg-fans-fejrer-finaleplads\/\" \/>\n<meta property=\"og:site_name\" content=\"Ace Football Danmark\" \/>\n<meta property=\"article:publisher\" content=\"https:\/\/www.facebook.com\/acefootballdk\" \/>\n<meta property=\"article:published_time\" content=\"2020-08-19T08:52:43+00:00\" \/>\n<meta property=\"article:modified_time\" content=\"2020-08-19T08:52:44+00:00\" \/>\n<meta property=\"og:image\" content=\"https:\/\/acefootball.com\/da\/wp-content\/uploads\/sites\/2\/2020\/08\/Design-uden-navn-98.jpg\" \/>\n\t<meta property=\"og:image:width\" content=\"1024\" \/>\n\t<meta property=\"og:image:height\" content=\"683\" \/>\n\t<meta property=\"og:image:type\" content=\"image\/jpeg\" \/>\n<meta name=\"twitter:card\" content=\"summary_large_image\" \/>\n<meta name=\"twitter:label1\" content=\"Written by\" \/>\n\t<meta name=\"twitter:data1\" content=\"Mads Dreyer\" \/>\n\t<meta name=\"twitter:label2\" content=\"Est. reading time\" \/>\n\t<meta name=\"twitter:data2\" content=\"1 minute\" \/>\n<script type=\"application\/ld+json\" class=\"yoast-schema-graph\">{\"@context\":\"https:\/\/schema.org\",\"@graph\":[{\"@type\":\"Organization\",\"@id\":\"https:\/\/acefootball.com\/da\/#organization\",\"name\":\"Ace Football\",\"url\":\"https:\/\/acefootball.com\/da\/\",\"sameAs\":[\"https:\/\/www.facebook.com\/acefootballdk\"],\"logo\":{\"@type\":\"ImageObject\",\"@id\":\"https:\/\/acefootball.com\/da\/#logo\",\"inLanguage\":\"en-US\",\"url\":\"https:\/\/acefootball.com\/da\/wp-content\/uploads\/sites\/2\/2020\/07\/Ace-Football-30-07-2020-2.png\",\"contentUrl\":\"https:\/\/acefootball.com\/da\/wp-content\/uploads\/sites\/2\/2020\/07\/Ace-Football-30-07-2020-2.png\",\"width\":1200,\"height\":600,\"caption\":\"Ace Football\"},\"image\":{\"@id\":\"https:\/\/acefootball.com\/da\/#logo\"}},{\"@type\":\"WebSite\",\"@id\":\"https:\/\/acefootball.com\/da\/#website\",\"url\":\"https:\/\/acefootball.com\/da\/\",\"name\":\"Ace Football Danmark\",\"description\":\"Nyheder, Spiltips &amp; Livescore\",\"publisher\":{\"@id\":\"https:\/\/acefootball.com\/da\/#organization\"},\"potentialAction\":[{\"@type\":\"SearchAction\",\"target\":{\"@type\":\"EntryPoint\",\"urlTemplate\":\"https:\/\/acefootball.com\/da\/?s={search_term_string}\"},\"query-input\":\"required name=search_term_string\"}],\"inLanguage\":\"en-US\"},{\"@type\":\"ImageObject\",\"@id\":\"https:\/\/acefootball.com\/da\/fodboldnyheder\/video-ekstatiske-psg-fans-fejrer-finaleplads\/#primaryimage\",\"inLanguage\":\"en-US\",\"url\":\"https:\/\/acefootball.com\/da\/wp-content\/uploads\/sites\/2\/2020\/08\/Design-uden-navn-98.jpg\",\"contentUrl\":\"https:\/\/acefootball.com\/da\/wp-content\/uploads\/sites\/2\/2020\/08\/Design-uden-navn-98.jpg\",\"width\":1024,\"height\":683,\"caption\":\"PSG-fans fejrer Champions League-finale\"},{\"@type\":\"WebPage\",\"@id\":\"https:\/\/acefootball.com\/da\/fodboldnyheder\/video-ekstatiske-psg-fans-fejrer-finaleplads\/#webpage\",\"url\":\"https:\/\/acefootball.com\/da\/fodboldnyheder\/video-ekstatiske-psg-fans-fejrer-finaleplads\/\",\"name\":\"Video: Ekstatiske PSG-fans fejrer finaleplads\",\"isPartOf\":{\"@id\":\"https:\/\/acefootball.com\/da\/#website\"},\"primaryImageOfPage\":{\"@id\":\"https:\/\/acefootball.com\/da\/fodboldnyheder\/video-ekstatiske-psg-fans-fejrer-finaleplads\/#primaryimage\"},\"datePublished\":\"2020-08-19T08:52:43+00:00\",\"dateModified\":\"2020-08-19T08:52:44+00:00\",\"description\":\"Tirsdagens sejr over RB Leipzig fik et hav af PSG-fans til at fejre finalepladsen i Champions League i Paris' gader\",\"breadcrumb\":{\"@id\":\"https:\/\/acefootball.com\/da\/fodboldnyheder\/video-ekstatiske-psg-fans-fejrer-finaleplads\/#breadcrumb\"},\"inLanguage\":\"en-US\",\"potentialAction\":[{\"@type\":\"ReadAction\",\"target\":[\"https:\/\/acefootball.com\/da\/fodboldnyheder\/video-ekstatiske-psg-fans-fejrer-finaleplads\/\"]}]},{\"@type\":\"BreadcrumbList\",\"@id\":\"https:\/\/acefootball.com\/da\/fodboldnyheder\/video-ekstatiske-psg-fans-fejrer-finaleplads\/#breadcrumb\",\"itemListElement\":[{\"@type\":\"ListItem\",\"position\":1,\"name\":\"Home\",\"item\":\"https:\/\/acefootball.com\/da\/\"},{\"@type\":\"ListItem\",\"position\":2,\"name\":\"Video: Ekstatiske PSG-fans fejrer finaleplads\"}]},{\"@type\":\"Article\",\"@id\":\"https:\/\/acefootball.com\/da\/fodboldnyheder\/video-ekstatiske-psg-fans-fejrer-finaleplads\/#article\",\"isPartOf\":{\"@id\":\"https:\/\/acefootball.com\/da\/fodboldnyheder\/video-ekstatiske-psg-fans-fejrer-finaleplads\/#webpage\"},\"author\":{\"@id\":\"https:\/\/acefootball.com\/da\/#\/schema\/person\/ee67e9cf04a276f144100ffa722f10cd\"},\"headline\":\"Video: Ekstatiske PSG-fans fejrer finaleplads\",\"datePublished\":\"2020-08-19T08:52:43+00:00\",\"dateModified\":\"2020-08-19T08:52:44+00:00\",\"mainEntityOfPage\":{\"@id\":\"https:\/\/acefootball.com\/da\/fodboldnyheder\/video-ekstatiske-psg-fans-fejrer-finaleplads\/#webpage\"},\"wordCount\":151,\"commentCount\":0,\"publisher\":{\"@id\":\"https:\/\/acefootball.com\/da\/#organization\"},\"image\":{\"@id\":\"https:\/\/acefootball.com\/da\/fodboldnyheder\/video-ekstatiske-psg-fans-fejrer-finaleplads\/#primaryimage\"},\"thumbnailUrl\":\"https:\/\/acefootball.com\/da\/wp-content\/uploads\/sites\/2\/2020\/08\/Design-uden-navn-98.jpg\",\"keywords\":[\"Champions League\",\"Ligue 1\",\"Paris Saint-Germain\"],\"articleSection\":[\"Video\"],\"inLanguage\":\"en-US\",\"potentialAction\":[{\"@type\":\"CommentAction\",\"name\":\"Comment\",\"target\":[\"https:\/\/acefootball.com\/da\/fodboldnyheder\/video-ekstatiske-psg-fans-fejrer-finaleplads\/#respond\"]}]},{\"@type\":\"Person\",\"@id\":\"https:\/\/acefootball.com\/da\/#\/schema\/person\/ee67e9cf04a276f144100ffa722f10cd\",\"name\":\"Mads Dreyer\",\"image\":{\"@type\":\"ImageObject\",\"@id\":\"https:\/\/acefootball.com\/da\/#personlogo\",\"inLanguage\":\"en-US\",\"url\":\"https:\/\/secure.gravatar.com\/avatar\/7c7abf72cfde9902b6a60efe60c88d4c?s=96&d=mm&r=g\",\"contentUrl\":\"https:\/\/secure.gravatar.com\/avatar\/7c7abf72cfde9902b6a60efe60c88d4c?s=96&d=mm&r=g\",\"caption\":\"Mads Dreyer\"},\"description\":\"Skribent og fodboldn\u00f8rd, der lige nu fort\u00e6ller om alt og intet i fodboldverdenen p\u00e5 acefootball.com. Uddannet i kommunikation fra Aalborg Universitet.\",\"sameAs\":[\"https:\/\/www.linkedin.com\/in\/mads-dreyer-b9b08266\/\"],\"url\":\"https:\/\/acefootball.com\/da\/fodboldnyheder\/author\/mdnronaldo\/\"}]}<\/script>\n<!-- \/ Yoast SEO plugin. -->","yoast_head_json":{"title":"Video: Ekstatiske PSG-fans fejrer finaleplads","description":"Tirsdagens sejr over RB Leipzig fik et hav af PSG-fans til at fejre finalepladsen i Champions League i Paris' gader","robots":{"index":"index","follow":"follow","max-snippet":"max-snippet:-1","max-image-preview":"max-image-preview:large","max-video-preview":"max-video-preview:-1"},"canonical":"https:\/\/acefootball.com\/da\/fodboldnyheder\/video-ekstatiske-psg-fans-fejrer-finaleplads\/","og_locale":"en_US","og_type":"article","og_title":"Video: Ekstatiske PSG-fans fejrer finaleplads","og_description":"Tirsdagens sejr over RB Leipzig fik et hav af PSG-fans til at fejre finalepladsen i Champions League i Paris' gader","og_url":"https:\/\/acefootball.com\/da\/fodboldnyheder\/video-ekstatiske-psg-fans-fejrer-finaleplads\/","og_site_name":"Ace Football Danmark","article_publisher":"https:\/\/www.facebook.com\/acefootballdk","article_published_time":"2020-08-19T08:52:43+00:00","article_modified_time":"2020-08-19T08:52:44+00:00","og_image":[{"width":1024,"height":683,"url":"https:\/\/acefootball.com\/da\/wp-content\/uploads\/sites\/2\/2020\/08\/Design-uden-navn-98.jpg","type":"image\/jpeg"}],"twitter_card":"summary_large_image","twitter_misc":{"Written by":"Mads Dreyer","Est. reading time":"1 minute"},"schema":{"@context":"https:\/\/schema.org","@graph":[{"@type":"Organization","@id":"https:\/\/acefootball.com\/da\/#organization","name":"Ace Football","url":"https:\/\/acefootball.com\/da\/","sameAs":["https:\/\/www.facebook.com\/acefootballdk"],"logo":{"@type":"ImageObject","@id":"https:\/\/acefootball.com\/da\/#logo","inLanguage":"en-US","url":"https:\/\/acefootball.com\/da\/wp-content\/uploads\/sites\/2\/2020\/07\/Ace-Football-30-07-2020-2.png","contentUrl":"https:\/\/acefootball.com\/da\/wp-content\/uploads\/sites\/2\/2020\/07\/Ace-Football-30-07-2020-2.png","width":1200,"height":600,"caption":"Ace Football"},"image":{"@id":"https:\/\/acefootball.com\/da\/#logo"}},{"@type":"WebSite","@id":"https:\/\/acefootball.com\/da\/#website","url":"https:\/\/acefootball.com\/da\/","name":"Ace Football Danmark","description":"Nyheder, Spiltips &amp; Livescore","publisher":{"@id":"https:\/\/acefootball.com\/da\/#organization"},"potentialAction":[{"@type":"SearchAction","target":{"@type":"EntryPoint","urlTemplate":"https:\/\/acefootball.com\/da\/?s={search_term_string}"},"query-input":"required name=search_term_string"}],"inLanguage":"en-US"},{"@type":"ImageObject","@id":"https:\/\/acefootball.com\/da\/fodboldnyheder\/video-ekstatiske-psg-fans-fejrer-finaleplads\/#primaryimage","inLanguage":"en-US","url":"https:\/\/acefootball.com\/da\/wp-content\/uploads\/sites\/2\/2020\/08\/Design-uden-navn-98.jpg","contentUrl":"https:\/\/acefootball.com\/da\/wp-content\/uploads\/sites\/2\/2020\/08\/Design-uden-navn-98.jpg","width":1024,"height":683,"caption":"PSG-fans fejrer Champions League-finale"},{"@type":"WebPage","@id":"https:\/\/acefootball.com\/da\/fodboldnyheder\/video-ekstatiske-psg-fans-fejrer-finaleplads\/#webpage","url":"https:\/\/acefootball.com\/da\/fodboldnyheder\/video-ekstatiske-psg-fans-fejrer-finaleplads\/","name":"Video: Ekstatiske PSG-fans fejrer finaleplads","isPartOf":{"@id":"https:\/\/acefootball.com\/da\/#website"},"primaryImageOfPage":{"@id":"https:\/\/acefootball.com\/da\/fodboldnyheder\/video-ekstatiske-psg-fans-fejrer-finaleplads\/#primaryimage"},"datePublished":"2020-08-19T08:52:43+00:00","dateModified":"2020-08-19T08:52:44+00:00","description":"Tirsdagens sejr over RB Leipzig fik et hav af PSG-fans til at fejre finalepladsen i Champions League i Paris' gader","breadcrumb":{"@id":"https:\/\/acefootball.com\/da\/fodboldnyheder\/video-ekstatiske-psg-fans-fejrer-finaleplads\/#breadcrumb"},"inLanguage":"en-US","potentialAction":[{"@type":"ReadAction","target":["https:\/\/acefootball.com\/da\/fodboldnyheder\/video-ekstatiske-psg-fans-fejrer-finaleplads\/"]}]},{"@type":"BreadcrumbList","@id":"https:\/\/acefootball.com\/da\/fodboldnyheder\/video-ekstatiske-psg-fans-fejrer-finaleplads\/#breadcrumb","itemListElement":[{"@type":"ListItem","position":1,"name":"Home","item":"https:\/\/acefootball.com\/da\/"},{"@type":"ListItem","position":2,"name":"Video: Ekstatiske PSG-fans fejrer finaleplads"}]},{"@type":"Article","@id":"https:\/\/acefootball.com\/da\/fodboldnyheder\/video-ekstatiske-psg-fans-fejrer-finaleplads\/#article","isPartOf":{"@id":"https:\/\/acefootball.com\/da\/fodboldnyheder\/video-ekstatiske-psg-fans-fejrer-finaleplads\/#webpage"},"author":{"@id":"https:\/\/acefootball.com\/da\/#\/schema\/person\/ee67e9cf04a276f144100ffa722f10cd"},"headline":"Video: Ekstatiske PSG-fans fejrer finaleplads","datePublished":"2020-08-19T08:52:43+00:00","dateModified":"2020-08-19T08:52:44+00:00","mainEntityOfPage":{"@id":"https:\/\/acefootball.com\/da\/fodboldnyheder\/video-ekstatiske-psg-fans-fejrer-finaleplads\/#webpage"},"wordCount":151,"commentCount":0,"publisher":{"@id":"https:\/\/acefootball.com\/da\/#organization"},"image":{"@id":"https:\/\/acefootball.com\/da\/fodboldnyheder\/video-ekstatiske-psg-fans-fejrer-finaleplads\/#primaryimage"},"thumbnailUrl":"https:\/\/acefootball.com\/da\/wp-content\/uploads\/sites\/2\/2020\/08\/Design-uden-navn-98.jpg","keywords":["Champions League","Ligue 1","Paris Saint-Germain"],"articleSection":["Video"],"inLanguage":"en-US","potentialAction":[{"@type":"CommentAction","name":"Comment","target":["https:\/\/acefootball.com\/da\/fodboldnyheder\/video-ekstatiske-psg-fans-fejrer-finaleplads\/#respond"]}]},{"@type":"Person","@id":"https:\/\/acefootball.com\/da\/#\/schema\/person\/ee67e9cf04a276f144100ffa722f10cd","name":"Mads Dreyer","image":{"@type":"ImageObject","@id":"https:\/\/acefootball.com\/da\/#personlogo","inLanguage":"en-US","url":"https:\/\/secure.gravatar.com\/avatar\/7c7abf72cfde9902b6a60efe60c88d4c?s=96&d=mm&r=g","contentUrl":"https:\/\/secure.gravatar.com\/avatar\/7c7abf72cfde9902b6a60efe60c88d4c?s=96&d=mm&r=g","caption":"Mads Dreyer"},"description":"Skribent og fodboldn\u00f8rd, der lige nu fort\u00e6ller om alt og intet i fodboldverdenen p\u00e5 acefootball.com. Uddannet i kommunikation fra Aalborg Universitet.","sameAs":["https:\/\/www.linkedin.com\/in\/mads-dreyer-b9b08266\/"],"url":"https:\/\/acefootball.com\/da\/fodboldnyheder\/author\/mdnronaldo\/"}]}},"fimg_url":"https:\/\/acefootball.com\/da\/wp-content\/uploads\/sites\/2\/2020\/08\/Design-uden-navn-98.jpg","_links":{"self":[{"href":"https:\/\/acefootball.com\/da\/wp-json\/wp\/v2\/posts\/234563"}],"collection":[{"href":"https:\/\/acefootball.com\/da\/wp-json\/wp\/v2\/posts"}],"about":[{"href":"https:\/\/acefootball.com\/da\/wp-json\/wp\/v2\/types\/post"}],"author":[{"embeddable":true,"href":"https:\/\/acefootball.com\/da\/wp-json\/wp\/v2\/users\/705"}],"replies":[{"embeddable":true,"href":"https:\/\/acefootball.com\/da\/wp-json\/wp\/v2\/comments?post=234563"}],"version-history":[{"count":0,"href":"https:\/\/acefootball.com\/da\/wp-json\/wp\/v2\/posts\/234563\/revisions"}],"wp:featuredmedia":[{"embeddable":true,"href":"https:\/\/acefootball.com\/da\/wp-json\/wp\/v2\/media\/234570"}],"wp:attachment":[{"href":"https:\/\/acefootball.com\/da\/wp-json\/wp\/v2\/media?parent=234563"}],"wp:term":[{"taxonomy":"category","embeddable":true,"href":"https:\/\/acefootball.com\/da\/wp-json\/wp\/v2\/categories?post=234563"},{"taxonomy":"post_tag","embeddable":true,"href":"https:\/\/acefootball.com\/da\/wp-json\/wp\/v2\/tags?post=234563"}],"curies":[{"name":"wp","href":"https:\/\/api.w.org\/{rel}","templated":true}]}}