{"id":234536,"date":"2020-08-18T22:23:39","date_gmt":"2020-08-18T20:23:39","guid":{"rendered":"https:\/\/acefootball.com\/da\/?p=234536"},"modified":"2020-08-18T22:25:16","modified_gmt":"2020-08-18T20:25:16","slug":"barca-praesident-disse-spillere-bliver-ikke-solgt","status":"publish","type":"post","link":"https:\/\/acefootball.com\/da\/fodboldnyheder\/barca-praesident-disse-spillere-bliver-ikke-solgt\/","title":{"rendered":"Barca-pr\u00e6sident: Disse spillere bliver ikke solgt"},"content":{"rendered":"\n<h2>FC Barcelona er efter sigende klar til at s\u00e6lge en stor del af truppen, men der er alligevel flere, som ikke f\u00e5r lov at smutte<\/h2>\n\n\n\n<p>Der sker ting og sager i FC Barcelona i disse dage, hvor Quique Seti\u00e9n og Eric Abidal har f\u00e5et sparket, mens Ronald Koeman st\u00e5r p\u00e5 t\u00e6rsklen til at overtage det ledige cheftr\u00e6ners\u00e6de.<\/p>\n\n\n\n<p>Der forventes ogs\u00e5 at komme store \u00e6ndringer i spillertruppen, og pr\u00e6sident Josep Maria Bartomeu har i et stort interview tirsdag aften fortalt, at der skal s\u00e6lges, f\u00f8r der kan k\u00f8bes.<\/p>\n\n\n\n<figure class=\"wp-block-embed-twitter wp-block-embed is-type-rich is-provider-twitter\"><div class=\"wp-block-embed__wrapper\">\n<blockquote class=\"twitter-tweet\" data-width=\"550\" data-dnt=\"true\"><p lang=\"en\" dir=\"ltr\">\ud83d\udd0a <a href=\"https:\/\/twitter.com\/jmbartomeu?ref_src=twsrc%5Etfw\">@jmbartomeu<\/a>: &quot;Bar\u00e7a have a salary limit problem. There is money, but Covid-19 has caused the income to decrease and, therefore, we have to reduce the team&#39;s salary mass to be able to bring in new players&quot; <a href=\"https:\/\/t.co\/gHjTywGC4Z\">pic.twitter.com\/gHjTywGC4Z<\/a><\/p>&mdash; FC Barcelona (@FCBarcelona) <a href=\"https:\/\/twitter.com\/FCBarcelona\/status\/1295801231030595589?ref_src=twsrc%5Etfw\">August 18, 2020<\/a><\/blockquote><script async src=\"https:\/\/platform.twitter.com\/widgets.js\" charset=\"utf-8\"><\/script>\n<\/div><\/figure>\n\n\n\n<p>&#8220;Barca har et l\u00f8nproblem. Der er penge, men Covid-19 har f\u00e5et indtjeningen til at falde, og derfor m\u00e5 vi nedbringe l\u00f8nomkostningerne for at hente nye spillere,&#8221; udtaler Bartomeu.<\/p>\n\n\n\n<p>Det er dog ikke, hvem som helst, der er sat til salg hos catalanerne. Bartomeu har nemlig ogs\u00e5 sat navne p\u00e5 de spillere, man ikke vil skille sig af med. Du kan se dem herunder.<\/p>\n\n\n\n<figure class=\"wp-block-embed-twitter wp-block-embed is-type-rich is-provider-twitter\"><div class=\"wp-block-embed__wrapper\">\n<blockquote class=\"twitter-tweet\" data-width=\"550\" data-dnt=\"true\"><p lang=\"en\" dir=\"ltr\">Players that will not be sold, according to the chairman: Ter Stegen, Semedo, Messi, De Jong, Lenglet, Demb\u00e9l\u00e9, Griezmann&#8230; The rest is up for sale! (I add: most of them with impossible wages to accept by other clubs) <a href=\"https:\/\/t.co\/MnVjjuWEPC\">https:\/\/t.co\/MnVjjuWEPC<\/a><\/p>&mdash; Guillem Balague (@GuillemBalague) <a href=\"https:\/\/twitter.com\/GuillemBalague\/status\/1295803653660512258?ref_src=twsrc%5Etfw\">August 18, 2020<\/a><\/blockquote><script async src=\"https:\/\/platform.twitter.com\/widgets.js\" charset=\"utf-8\"><\/script>\n<\/div><\/figure>\n\n\n\n<p>Interessant er det, at spillere somPhilippe Coutinho, Antoine Griezmann og Ousmane Demb\u00e9l\u00e9 n\u00e6vnes, da de om nogen har v\u00e6ret rygtet videre i karrieren.<\/p>\n\n\n\n<p>Samtidig er det ogs\u00e5 v\u00e6rd at bem\u00e6rke, at egne spillere som Gerard Piqu\u00e9, Sergio Busquets og Jordi Alba ikke er p\u00e5 listen.<\/p>\n","protected":false},"excerpt":{"rendered":"<p>FC Barcelona er efter sigende klar til at s\u00e6lge en stor del af truppen, men der er alligevel flere, som ikke f\u00e5r lov at smutte<\/p>\n","protected":false},"author":705,"featured_media":234298,"comment_status":"open","ping_status":"closed","sticky":false,"template":"","format":"standard","meta":{"om_disable_all_campaigns":false,"push_articles_ronaldo":{"active":false,"canonical":0,"publish":false},"force_updates":null},"categories":[8204],"tags":[41,303],"enet_tags":{"team":["8634"],"league":["87"],"sport_events":[]},"yoast_head":"<!-- This site is optimized with the Yoast SEO plugin v18.3 - https:\/\/yoast.com\/wordpress\/plugins\/seo\/ -->\n<title>Barca-pr\u00e6sident: Disse spillere bliver ikke solgt<\/title>\n<meta name=\"description\" content=\"FC Barcelona er efter sigende klar til at s\u00e6lge en stor del af truppen, men der er alligevel flere, som ikke f\u00e5r lov at smutte\" \/>\n<meta name=\"robots\" content=\"index, follow, max-snippet:-1, max-image-preview:large, max-video-preview:-1\" \/>\n<link rel=\"canonical\" href=\"https:\/\/acefootball.com\/da\/fodboldnyheder\/barca-praesident-disse-spillere-bliver-ikke-solgt\/\" \/>\n<meta property=\"og:locale\" content=\"en_US\" \/>\n<meta property=\"og:type\" content=\"article\" \/>\n<meta property=\"og:title\" content=\"Barca-pr\u00e6sident: Disse spillere bliver ikke solgt\" \/>\n<meta property=\"og:description\" content=\"FC Barcelona er efter sigende klar til at s\u00e6lge en stor del af truppen, men der er alligevel flere, som ikke f\u00e5r lov at smutte\" \/>\n<meta property=\"og:url\" content=\"https:\/\/acefootball.com\/da\/fodboldnyheder\/barca-praesident-disse-spillere-bliver-ikke-solgt\/\" \/>\n<meta property=\"og:site_name\" content=\"Ace Football Danmark\" \/>\n<meta property=\"article:publisher\" content=\"https:\/\/www.facebook.com\/acefootballdk\" \/>\n<meta property=\"article:published_time\" content=\"2020-08-18T20:23:39+00:00\" \/>\n<meta property=\"article:modified_time\" content=\"2020-08-18T20:25:16+00:00\" \/>\n<meta property=\"og:image\" content=\"https:\/\/acefootball.com\/da\/wp-content\/uploads\/sites\/2\/2020\/08\/GettyImages-452645394.jpg\" \/>\n\t<meta property=\"og:image:width\" content=\"1024\" \/>\n\t<meta property=\"og:image:height\" content=\"682\" \/>\n\t<meta property=\"og:image:type\" content=\"image\/jpeg\" \/>\n<meta name=\"twitter:card\" content=\"summary_large_image\" \/>\n<meta name=\"twitter:label1\" content=\"Written by\" \/>\n\t<meta name=\"twitter:data1\" content=\"Mads Dreyer\" \/>\n\t<meta name=\"twitter:label2\" content=\"Est. reading time\" \/>\n\t<meta name=\"twitter:data2\" content=\"1 minute\" \/>\n<script type=\"application\/ld+json\" class=\"yoast-schema-graph\">{\"@context\":\"https:\/\/schema.org\",\"@graph\":[{\"@type\":\"Organization\",\"@id\":\"https:\/\/acefootball.com\/da\/#organization\",\"name\":\"Ace Football\",\"url\":\"https:\/\/acefootball.com\/da\/\",\"sameAs\":[\"https:\/\/www.facebook.com\/acefootballdk\"],\"logo\":{\"@type\":\"ImageObject\",\"@id\":\"https:\/\/acefootball.com\/da\/#logo\",\"inLanguage\":\"en-US\",\"url\":\"https:\/\/acefootball.com\/da\/wp-content\/uploads\/sites\/2\/2020\/07\/Ace-Football-30-07-2020-2.png\",\"contentUrl\":\"https:\/\/acefootball.com\/da\/wp-content\/uploads\/sites\/2\/2020\/07\/Ace-Football-30-07-2020-2.png\",\"width\":1200,\"height\":600,\"caption\":\"Ace Football\"},\"image\":{\"@id\":\"https:\/\/acefootball.com\/da\/#logo\"}},{\"@type\":\"WebSite\",\"@id\":\"https:\/\/acefootball.com\/da\/#website\",\"url\":\"https:\/\/acefootball.com\/da\/\",\"name\":\"Ace Football Danmark\",\"description\":\"Nyheder, Spiltips &amp; Livescore\",\"publisher\":{\"@id\":\"https:\/\/acefootball.com\/da\/#organization\"},\"potentialAction\":[{\"@type\":\"SearchAction\",\"target\":{\"@type\":\"EntryPoint\",\"urlTemplate\":\"https:\/\/acefootball.com\/da\/?s={search_term_string}\"},\"query-input\":\"required name=search_term_string\"}],\"inLanguage\":\"en-US\"},{\"@type\":\"ImageObject\",\"@id\":\"https:\/\/acefootball.com\/da\/fodboldnyheder\/barca-praesident-disse-spillere-bliver-ikke-solgt\/#primaryimage\",\"inLanguage\":\"en-US\",\"url\":\"https:\/\/acefootball.com\/da\/wp-content\/uploads\/sites\/2\/2020\/08\/GettyImages-452645394.jpg\",\"contentUrl\":\"https:\/\/acefootball.com\/da\/wp-content\/uploads\/sites\/2\/2020\/08\/GettyImages-452645394.jpg\",\"width\":1024,\"height\":682,\"caption\":\"BARCELONA, SPAIN - JULY 25: FC Barcelona President Josep Maria Bartomeu looks on during a FC Barcelona training session at Ciutat Esportiva de Sant Joan Despi on July 25, 2014 in Barcelona, Spain. (Photo by David Ramos\/Getty Images)\"},{\"@type\":\"WebPage\",\"@id\":\"https:\/\/acefootball.com\/da\/fodboldnyheder\/barca-praesident-disse-spillere-bliver-ikke-solgt\/#webpage\",\"url\":\"https:\/\/acefootball.com\/da\/fodboldnyheder\/barca-praesident-disse-spillere-bliver-ikke-solgt\/\",\"name\":\"Barca-pr\u00e6sident: Disse spillere bliver ikke solgt\",\"isPartOf\":{\"@id\":\"https:\/\/acefootball.com\/da\/#website\"},\"primaryImageOfPage\":{\"@id\":\"https:\/\/acefootball.com\/da\/fodboldnyheder\/barca-praesident-disse-spillere-bliver-ikke-solgt\/#primaryimage\"},\"datePublished\":\"2020-08-18T20:23:39+00:00\",\"dateModified\":\"2020-08-18T20:25:16+00:00\",\"description\":\"FC Barcelona er efter sigende klar til at s\u00e6lge en stor del af truppen, men der er alligevel flere, som ikke f\u00e5r lov at smutte\",\"breadcrumb\":{\"@id\":\"https:\/\/acefootball.com\/da\/fodboldnyheder\/barca-praesident-disse-spillere-bliver-ikke-solgt\/#breadcrumb\"},\"inLanguage\":\"en-US\",\"potentialAction\":[{\"@type\":\"ReadAction\",\"target\":[\"https:\/\/acefootball.com\/da\/fodboldnyheder\/barca-praesident-disse-spillere-bliver-ikke-solgt\/\"]}]},{\"@type\":\"BreadcrumbList\",\"@id\":\"https:\/\/acefootball.com\/da\/fodboldnyheder\/barca-praesident-disse-spillere-bliver-ikke-solgt\/#breadcrumb\",\"itemListElement\":[{\"@type\":\"ListItem\",\"position\":1,\"name\":\"Home\",\"item\":\"https:\/\/acefootball.com\/da\/\"},{\"@type\":\"ListItem\",\"position\":2,\"name\":\"Barca-pr\u00e6sident: Disse spillere bliver ikke solgt\"}]},{\"@type\":\"Article\",\"@id\":\"https:\/\/acefootball.com\/da\/fodboldnyheder\/barca-praesident-disse-spillere-bliver-ikke-solgt\/#article\",\"isPartOf\":{\"@id\":\"https:\/\/acefootball.com\/da\/fodboldnyheder\/barca-praesident-disse-spillere-bliver-ikke-solgt\/#webpage\"},\"author\":{\"@id\":\"https:\/\/acefootball.com\/da\/#\/schema\/person\/ee67e9cf04a276f144100ffa722f10cd\"},\"headline\":\"Barca-pr\u00e6sident: Disse spillere bliver ikke solgt\",\"datePublished\":\"2020-08-18T20:23:39+00:00\",\"dateModified\":\"2020-08-18T20:25:16+00:00\",\"mainEntityOfPage\":{\"@id\":\"https:\/\/acefootball.com\/da\/fodboldnyheder\/barca-praesident-disse-spillere-bliver-ikke-solgt\/#webpage\"},\"wordCount\":232,\"commentCount\":0,\"publisher\":{\"@id\":\"https:\/\/acefootball.com\/da\/#organization\"},\"image\":{\"@id\":\"https:\/\/acefootball.com\/da\/fodboldnyheder\/barca-praesident-disse-spillere-bliver-ikke-solgt\/#primaryimage\"},\"thumbnailUrl\":\"https:\/\/acefootball.com\/da\/wp-content\/uploads\/sites\/2\/2020\/08\/GettyImages-452645394.jpg\",\"keywords\":[\"FC Barcelona\",\"La Liga\"],\"articleSection\":[\"Udtalelse\"],\"inLanguage\":\"en-US\",\"potentialAction\":[{\"@type\":\"CommentAction\",\"name\":\"Comment\",\"target\":[\"https:\/\/acefootball.com\/da\/fodboldnyheder\/barca-praesident-disse-spillere-bliver-ikke-solgt\/#respond\"]}]},{\"@type\":\"Person\",\"@id\":\"https:\/\/acefootball.com\/da\/#\/schema\/person\/ee67e9cf04a276f144100ffa722f10cd\",\"name\":\"Mads Dreyer\",\"image\":{\"@type\":\"ImageObject\",\"@id\":\"https:\/\/acefootball.com\/da\/#personlogo\",\"inLanguage\":\"en-US\",\"url\":\"https:\/\/secure.gravatar.com\/avatar\/7c7abf72cfde9902b6a60efe60c88d4c?s=96&d=mm&r=g\",\"contentUrl\":\"https:\/\/secure.gravatar.com\/avatar\/7c7abf72cfde9902b6a60efe60c88d4c?s=96&d=mm&r=g\",\"caption\":\"Mads Dreyer\"},\"description\":\"Skribent og fodboldn\u00f8rd, der lige nu fort\u00e6ller om alt og intet i fodboldverdenen p\u00e5 acefootball.com. Uddannet i kommunikation fra Aalborg Universitet.\",\"sameAs\":[\"https:\/\/www.linkedin.com\/in\/mads-dreyer-b9b08266\/\"],\"url\":\"https:\/\/acefootball.com\/da\/fodboldnyheder\/author\/mdnronaldo\/\"}]}<\/script>\n<!-- \/ Yoast SEO plugin. -->","yoast_head_json":{"title":"Barca-pr\u00e6sident: Disse spillere bliver ikke solgt","description":"FC Barcelona er efter sigende klar til at s\u00e6lge en stor del af truppen, men der er alligevel flere, som ikke f\u00e5r lov at smutte","robots":{"index":"index","follow":"follow","max-snippet":"max-snippet:-1","max-image-preview":"max-image-preview:large","max-video-preview":"max-video-preview:-1"},"canonical":"https:\/\/acefootball.com\/da\/fodboldnyheder\/barca-praesident-disse-spillere-bliver-ikke-solgt\/","og_locale":"en_US","og_type":"article","og_title":"Barca-pr\u00e6sident: Disse spillere bliver ikke solgt","og_description":"FC Barcelona er efter sigende klar til at s\u00e6lge en stor del af truppen, men der er alligevel flere, som ikke f\u00e5r lov at smutte","og_url":"https:\/\/acefootball.com\/da\/fodboldnyheder\/barca-praesident-disse-spillere-bliver-ikke-solgt\/","og_site_name":"Ace Football Danmark","article_publisher":"https:\/\/www.facebook.com\/acefootballdk","article_published_time":"2020-08-18T20:23:39+00:00","article_modified_time":"2020-08-18T20:25:16+00:00","og_image":[{"width":1024,"height":682,"url":"https:\/\/acefootball.com\/da\/wp-content\/uploads\/sites\/2\/2020\/08\/GettyImages-452645394.jpg","type":"image\/jpeg"}],"twitter_card":"summary_large_image","twitter_misc":{"Written by":"Mads Dreyer","Est. reading time":"1 minute"},"schema":{"@context":"https:\/\/schema.org","@graph":[{"@type":"Organization","@id":"https:\/\/acefootball.com\/da\/#organization","name":"Ace Football","url":"https:\/\/acefootball.com\/da\/","sameAs":["https:\/\/www.facebook.com\/acefootballdk"],"logo":{"@type":"ImageObject","@id":"https:\/\/acefootball.com\/da\/#logo","inLanguage":"en-US","url":"https:\/\/acefootball.com\/da\/wp-content\/uploads\/sites\/2\/2020\/07\/Ace-Football-30-07-2020-2.png","contentUrl":"https:\/\/acefootball.com\/da\/wp-content\/uploads\/sites\/2\/2020\/07\/Ace-Football-30-07-2020-2.png","width":1200,"height":600,"caption":"Ace Football"},"image":{"@id":"https:\/\/acefootball.com\/da\/#logo"}},{"@type":"WebSite","@id":"https:\/\/acefootball.com\/da\/#website","url":"https:\/\/acefootball.com\/da\/","name":"Ace Football Danmark","description":"Nyheder, Spiltips &amp; Livescore","publisher":{"@id":"https:\/\/acefootball.com\/da\/#organization"},"potentialAction":[{"@type":"SearchAction","target":{"@type":"EntryPoint","urlTemplate":"https:\/\/acefootball.com\/da\/?s={search_term_string}"},"query-input":"required name=search_term_string"}],"inLanguage":"en-US"},{"@type":"ImageObject","@id":"https:\/\/acefootball.com\/da\/fodboldnyheder\/barca-praesident-disse-spillere-bliver-ikke-solgt\/#primaryimage","inLanguage":"en-US","url":"https:\/\/acefootball.com\/da\/wp-content\/uploads\/sites\/2\/2020\/08\/GettyImages-452645394.jpg","contentUrl":"https:\/\/acefootball.com\/da\/wp-content\/uploads\/sites\/2\/2020\/08\/GettyImages-452645394.jpg","width":1024,"height":682,"caption":"BARCELONA, SPAIN - JULY 25: FC Barcelona President Josep Maria Bartomeu looks on during a FC Barcelona training session at Ciutat Esportiva de Sant Joan Despi on July 25, 2014 in Barcelona, Spain. (Photo by David Ramos\/Getty Images)"},{"@type":"WebPage","@id":"https:\/\/acefootball.com\/da\/fodboldnyheder\/barca-praesident-disse-spillere-bliver-ikke-solgt\/#webpage","url":"https:\/\/acefootball.com\/da\/fodboldnyheder\/barca-praesident-disse-spillere-bliver-ikke-solgt\/","name":"Barca-pr\u00e6sident: Disse spillere bliver ikke solgt","isPartOf":{"@id":"https:\/\/acefootball.com\/da\/#website"},"primaryImageOfPage":{"@id":"https:\/\/acefootball.com\/da\/fodboldnyheder\/barca-praesident-disse-spillere-bliver-ikke-solgt\/#primaryimage"},"datePublished":"2020-08-18T20:23:39+00:00","dateModified":"2020-08-18T20:25:16+00:00","description":"FC Barcelona er efter sigende klar til at s\u00e6lge en stor del af truppen, men der er alligevel flere, som ikke f\u00e5r lov at smutte","breadcrumb":{"@id":"https:\/\/acefootball.com\/da\/fodboldnyheder\/barca-praesident-disse-spillere-bliver-ikke-solgt\/#breadcrumb"},"inLanguage":"en-US","potentialAction":[{"@type":"ReadAction","target":["https:\/\/acefootball.com\/da\/fodboldnyheder\/barca-praesident-disse-spillere-bliver-ikke-solgt\/"]}]},{"@type":"BreadcrumbList","@id":"https:\/\/acefootball.com\/da\/fodboldnyheder\/barca-praesident-disse-spillere-bliver-ikke-solgt\/#breadcrumb","itemListElement":[{"@type":"ListItem","position":1,"name":"Home","item":"https:\/\/acefootball.com\/da\/"},{"@type":"ListItem","position":2,"name":"Barca-pr\u00e6sident: Disse spillere bliver ikke solgt"}]},{"@type":"Article","@id":"https:\/\/acefootball.com\/da\/fodboldnyheder\/barca-praesident-disse-spillere-bliver-ikke-solgt\/#article","isPartOf":{"@id":"https:\/\/acefootball.com\/da\/fodboldnyheder\/barca-praesident-disse-spillere-bliver-ikke-solgt\/#webpage"},"author":{"@id":"https:\/\/acefootball.com\/da\/#\/schema\/person\/ee67e9cf04a276f144100ffa722f10cd"},"headline":"Barca-pr\u00e6sident: Disse spillere bliver ikke solgt","datePublished":"2020-08-18T20:23:39+00:00","dateModified":"2020-08-18T20:25:16+00:00","mainEntityOfPage":{"@id":"https:\/\/acefootball.com\/da\/fodboldnyheder\/barca-praesident-disse-spillere-bliver-ikke-solgt\/#webpage"},"wordCount":232,"commentCount":0,"publisher":{"@id":"https:\/\/acefootball.com\/da\/#organization"},"image":{"@id":"https:\/\/acefootball.com\/da\/fodboldnyheder\/barca-praesident-disse-spillere-bliver-ikke-solgt\/#primaryimage"},"thumbnailUrl":"https:\/\/acefootball.com\/da\/wp-content\/uploads\/sites\/2\/2020\/08\/GettyImages-452645394.jpg","keywords":["FC Barcelona","La Liga"],"articleSection":["Udtalelse"],"inLanguage":"en-US","potentialAction":[{"@type":"CommentAction","name":"Comment","target":["https:\/\/acefootball.com\/da\/fodboldnyheder\/barca-praesident-disse-spillere-bliver-ikke-solgt\/#respond"]}]},{"@type":"Person","@id":"https:\/\/acefootball.com\/da\/#\/schema\/person\/ee67e9cf04a276f144100ffa722f10cd","name":"Mads Dreyer","image":{"@type":"ImageObject","@id":"https:\/\/acefootball.com\/da\/#personlogo","inLanguage":"en-US","url":"https:\/\/secure.gravatar.com\/avatar\/7c7abf72cfde9902b6a60efe60c88d4c?s=96&d=mm&r=g","contentUrl":"https:\/\/secure.gravatar.com\/avatar\/7c7abf72cfde9902b6a60efe60c88d4c?s=96&d=mm&r=g","caption":"Mads Dreyer"},"description":"Skribent og fodboldn\u00f8rd, der lige nu fort\u00e6ller om alt og intet i fodboldverdenen p\u00e5 acefootball.com. Uddannet i kommunikation fra Aalborg Universitet.","sameAs":["https:\/\/www.linkedin.com\/in\/mads-dreyer-b9b08266\/"],"url":"https:\/\/acefootball.com\/da\/fodboldnyheder\/author\/mdnronaldo\/"}]}},"fimg_url":"https:\/\/acefootball.com\/da\/wp-content\/uploads\/sites\/2\/2020\/08\/GettyImages-452645394.jpg","_links":{"self":[{"href":"https:\/\/acefootball.com\/da\/wp-json\/wp\/v2\/posts\/234536"}],"collection":[{"href":"https:\/\/acefootball.com\/da\/wp-json\/wp\/v2\/posts"}],"about":[{"href":"https:\/\/acefootball.com\/da\/wp-json\/wp\/v2\/types\/post"}],"author":[{"embeddable":true,"href":"https:\/\/acefootball.com\/da\/wp-json\/wp\/v2\/users\/705"}],"replies":[{"embeddable":true,"href":"https:\/\/acefootball.com\/da\/wp-json\/wp\/v2\/comments?post=234536"}],"version-history":[{"count":0,"href":"https:\/\/acefootball.com\/da\/wp-json\/wp\/v2\/posts\/234536\/revisions"}],"wp:featuredmedia":[{"embeddable":true,"href":"https:\/\/acefootball.com\/da\/wp-json\/wp\/v2\/media\/234298"}],"wp:attachment":[{"href":"https:\/\/acefootball.com\/da\/wp-json\/wp\/v2\/media?parent=234536"}],"wp:term":[{"taxonomy":"category","embeddable":true,"href":"https:\/\/acefootball.com\/da\/wp-json\/wp\/v2\/categories?post=234536"},{"taxonomy":"post_tag","embeddable":true,"href":"https:\/\/acefootball.com\/da\/wp-json\/wp\/v2\/tags?post=234536"}],"curies":[{"name":"wp","href":"https:\/\/api.w.org\/{rel}","templated":true}]}}