{"id":234527,"date":"2020-08-18T21:16:29","date_gmt":"2020-08-18T19:16:29","guid":{"rendered":"https:\/\/acefootball.com\/da\/?p=234527"},"modified":"2020-08-18T21:16:30","modified_gmt":"2020-08-18T19:16:30","slug":"aab-chef-afsloerer-klubbens-transferplaner","status":"publish","type":"post","link":"https:\/\/acefootball.com\/da\/fodboldnyheder\/aab-chef-afsloerer-klubbens-transferplaner\/","title":{"rendered":"AaB-chef afsl\u00f8rer klubbens transferplaner"},"content":{"rendered":"\n<h2>Sportschef i AaB, Inge Andr\u00e9 Olsen, er ikke f\u00e6rdig med at handle ind til den nye s\u00e6son, da der stadig mangler folk til midtbanen og forsvaret<\/h2>\n\n\n\n<p>Der har allerede v\u00e6ret masser af transferaktivitet i AaB denne sommer, hvor angrebet er blevet forst\u00e6rket med Timoth\u00e9 Nkada og Tim Prica, mens den serbiske forsvarsspiller Vladimir Prijovic ogs\u00e5 er hentet ind.<\/p>\n\n\n\n<p>Men nordjyderne er langt fra klar til den den nye Superliga-s\u00e6son. Det fort\u00e6ller sportschef Inge Andr\u00e9 Olsen til <a href=\"https:\/\/nordjyske.dk\/nyheder\/sport\/aab-langt-fra-faerdig-paa-transferfronten-her-vil-nordjyderne-forstaerke-sig\/d4ca383b-3446-4853-beae-2782d82e9aac?utm_source=nyheder&amp;utm_medium=rss&amp;utm_campaign=sport\" target=\"_blank\" rel=\"noreferrer noopener\">Nordjyske<\/a>.<\/p>\n\n\n\n<p>&#8220;Vi skal fortsat forst\u00e6rke os med en til to spillere p\u00e5 midtbanen, og det er noget, som vi arbejder p\u00e5 i \u00f8jeblikket, og vi vil ogs\u00e5 gerne have en tilf\u00f8jelse mere til forsvaret,&#8221; siger nordmanden.<\/p>\n\n\n\n<figure class=\"wp-block-embed-wordpress wp-block-embed is-type-wp-embed is-provider-ace-football-danmark\"><div class=\"wp-block-embed__wrapper\">\n<blockquote class=\"wp-embedded-content\" data-secret=\"4l9RnHFhyh\"><a href=\"https:\/\/acefootball.com\/da\/fodboldnyheder\/aab-praesenterer-tocifret-millionoverskud-for-foerste-halvaar-af-2020\/\">AaB pr\u00e6senterer tocifret millionoverskud for f\u00f8rste halv\u00e5r af 2020<\/a><\/blockquote><iframe class=\"wp-embedded-content\" sandbox=\"allow-scripts\" security=\"restricted\" style=\"position: absolute; clip: rect(1px, 1px, 1px, 1px);\" title=\"&#8220;AaB pr\u00e6senterer tocifret millionoverskud for f\u00f8rste halv\u00e5r af 2020&#8221; &#8212; Ace Football Danmark\" src=\"https:\/\/acefootball.com\/da\/fodboldnyheder\/aab-praesenterer-tocifret-millionoverskud-for-foerste-halvaar-af-2020\/embed\/#?secret=4l9RnHFhyh\" data-secret=\"4l9RnHFhyh\" width=\"600\" height=\"338\" frameborder=\"0\" marginwidth=\"0\" marginheight=\"0\" scrolling=\"no\"><\/iframe>\n<\/div><\/figure>\n\n\n\n<p>Der har v\u00e6ret rygter om en snarlig forst\u00e6rkning til netop midtbanen i form af portugisiske Pedro Ferreira, men sportschefen vil ikke kommentere p\u00e5 historien.<\/p>\n\n\n\n<p>Inge Andr\u00e9 Olsen fort\u00e6ller dog, at man leder efter mere rutine til midtbanen, mens de mange tilgange ogs\u00e5 vil betyde, at der ogs\u00e5 skal folk ud af d\u00f8ren.<\/p>\n","protected":false},"excerpt":{"rendered":"<p>Sportschef i AaB, Inge Andr\u00e9 Olsen, er ikke f\u00e6rdig med at handle ind til den nye s\u00e6son, da der stadig mangler folk til midtbanen og forsvaret<\/p>\n","protected":false},"author":705,"featured_media":234530,"comment_status":"open","ping_status":"closed","sticky":false,"template":"","format":"standard","meta":{"om_disable_all_campaigns":false,"push_articles_ronaldo":{"active":false,"canonical":0,"publish":false},"force_updates":null},"categories":[8204],"tags":[17,588],"enet_tags":{"team":["8470"],"league":["46"],"sport_events":[]},"yoast_head":"<!-- This site is optimized with the Yoast SEO plugin v18.3 - https:\/\/yoast.com\/wordpress\/plugins\/seo\/ -->\n<title>AaB-chef afsl\u00f8rer klubbens transferplaner<\/title>\n<meta name=\"description\" content=\"Sportschef i AaB, Inge Andr\u00e9 Olsen, er ikke f\u00e6rdig med at handle ind til den nye s\u00e6son, da der stadig mangler folk til midtbanen og forsvaret\" \/>\n<meta name=\"robots\" content=\"index, follow, max-snippet:-1, max-image-preview:large, max-video-preview:-1\" \/>\n<link rel=\"canonical\" href=\"https:\/\/acefootball.com\/da\/fodboldnyheder\/aab-chef-afsloerer-klubbens-transferplaner\/\" \/>\n<meta property=\"og:locale\" content=\"en_US\" \/>\n<meta property=\"og:type\" content=\"article\" \/>\n<meta property=\"og:title\" content=\"AaB-chef afsl\u00f8rer klubbens transferplaner\" \/>\n<meta property=\"og:description\" content=\"Sportschef i AaB, Inge Andr\u00e9 Olsen, er ikke f\u00e6rdig med at handle ind til den nye s\u00e6son, da der stadig mangler folk til midtbanen og forsvaret\" \/>\n<meta property=\"og:url\" content=\"https:\/\/acefootball.com\/da\/fodboldnyheder\/aab-chef-afsloerer-klubbens-transferplaner\/\" \/>\n<meta property=\"og:site_name\" content=\"Ace Football Danmark\" \/>\n<meta property=\"article:publisher\" content=\"https:\/\/www.facebook.com\/acefootballdk\" \/>\n<meta property=\"article:published_time\" content=\"2020-08-18T19:16:29+00:00\" \/>\n<meta property=\"article:modified_time\" content=\"2020-08-18T19:16:30+00:00\" \/>\n<meta property=\"og:image\" content=\"https:\/\/acefootball.com\/da\/wp-content\/uploads\/sites\/2\/2020\/08\/GettyImages-1205101858.jpg\" \/>\n\t<meta property=\"og:image:width\" content=\"1024\" \/>\n\t<meta property=\"og:image:height\" content=\"676\" \/>\n\t<meta property=\"og:image:type\" content=\"image\/jpeg\" \/>\n<meta name=\"twitter:card\" content=\"summary_large_image\" \/>\n<meta name=\"twitter:label1\" content=\"Written by\" \/>\n\t<meta name=\"twitter:data1\" content=\"Mads Dreyer\" \/>\n\t<meta name=\"twitter:label2\" content=\"Est. reading time\" \/>\n\t<meta name=\"twitter:data2\" content=\"1 minute\" \/>\n<script type=\"application\/ld+json\" class=\"yoast-schema-graph\">{\"@context\":\"https:\/\/schema.org\",\"@graph\":[{\"@type\":\"Organization\",\"@id\":\"https:\/\/acefootball.com\/da\/#organization\",\"name\":\"Ace Football\",\"url\":\"https:\/\/acefootball.com\/da\/\",\"sameAs\":[\"https:\/\/www.facebook.com\/acefootballdk\"],\"logo\":{\"@type\":\"ImageObject\",\"@id\":\"https:\/\/acefootball.com\/da\/#logo\",\"inLanguage\":\"en-US\",\"url\":\"https:\/\/acefootball.com\/da\/wp-content\/uploads\/sites\/2\/2020\/07\/Ace-Football-30-07-2020-2.png\",\"contentUrl\":\"https:\/\/acefootball.com\/da\/wp-content\/uploads\/sites\/2\/2020\/07\/Ace-Football-30-07-2020-2.png\",\"width\":1200,\"height\":600,\"caption\":\"Ace Football\"},\"image\":{\"@id\":\"https:\/\/acefootball.com\/da\/#logo\"}},{\"@type\":\"WebSite\",\"@id\":\"https:\/\/acefootball.com\/da\/#website\",\"url\":\"https:\/\/acefootball.com\/da\/\",\"name\":\"Ace Football Danmark\",\"description\":\"Nyheder, Spiltips &amp; Livescore\",\"publisher\":{\"@id\":\"https:\/\/acefootball.com\/da\/#organization\"},\"potentialAction\":[{\"@type\":\"SearchAction\",\"target\":{\"@type\":\"EntryPoint\",\"urlTemplate\":\"https:\/\/acefootball.com\/da\/?s={search_term_string}\"},\"query-input\":\"required name=search_term_string\"}],\"inLanguage\":\"en-US\"},{\"@type\":\"ImageObject\",\"@id\":\"https:\/\/acefootball.com\/da\/fodboldnyheder\/aab-chef-afsloerer-klubbens-transferplaner\/#primaryimage\",\"inLanguage\":\"en-US\",\"url\":\"https:\/\/acefootball.com\/da\/wp-content\/uploads\/sites\/2\/2020\/08\/GettyImages-1205101858.jpg\",\"contentUrl\":\"https:\/\/acefootball.com\/da\/wp-content\/uploads\/sites\/2\/2020\/08\/GettyImages-1205101858.jpg\",\"width\":1024,\"height\":676,\"caption\":\"AALBORG, DENMARK - MARCH 04: Oliver Klitten of AaB Aalborg celebrates after the 2-0 goal during the Danish Cup Sydbank Pokalen Quarter Final match between AaB Aalborg and FC Copenhagen at Aalborg Portland Park on March 4, 2020 in Aalborg, Denmark. (Photo by Lars Ronbog \/ FrontZoneSport via Getty Images)\"},{\"@type\":\"WebPage\",\"@id\":\"https:\/\/acefootball.com\/da\/fodboldnyheder\/aab-chef-afsloerer-klubbens-transferplaner\/#webpage\",\"url\":\"https:\/\/acefootball.com\/da\/fodboldnyheder\/aab-chef-afsloerer-klubbens-transferplaner\/\",\"name\":\"AaB-chef afsl\u00f8rer klubbens transferplaner\",\"isPartOf\":{\"@id\":\"https:\/\/acefootball.com\/da\/#website\"},\"primaryImageOfPage\":{\"@id\":\"https:\/\/acefootball.com\/da\/fodboldnyheder\/aab-chef-afsloerer-klubbens-transferplaner\/#primaryimage\"},\"datePublished\":\"2020-08-18T19:16:29+00:00\",\"dateModified\":\"2020-08-18T19:16:30+00:00\",\"description\":\"Sportschef i AaB, Inge Andr\u00e9 Olsen, er ikke f\u00e6rdig med at handle ind til den nye s\u00e6son, da der stadig mangler folk til midtbanen og forsvaret\",\"breadcrumb\":{\"@id\":\"https:\/\/acefootball.com\/da\/fodboldnyheder\/aab-chef-afsloerer-klubbens-transferplaner\/#breadcrumb\"},\"inLanguage\":\"en-US\",\"potentialAction\":[{\"@type\":\"ReadAction\",\"target\":[\"https:\/\/acefootball.com\/da\/fodboldnyheder\/aab-chef-afsloerer-klubbens-transferplaner\/\"]}]},{\"@type\":\"BreadcrumbList\",\"@id\":\"https:\/\/acefootball.com\/da\/fodboldnyheder\/aab-chef-afsloerer-klubbens-transferplaner\/#breadcrumb\",\"itemListElement\":[{\"@type\":\"ListItem\",\"position\":1,\"name\":\"Home\",\"item\":\"https:\/\/acefootball.com\/da\/\"},{\"@type\":\"ListItem\",\"position\":2,\"name\":\"AaB-chef afsl\u00f8rer klubbens transferplaner\"}]},{\"@type\":\"Article\",\"@id\":\"https:\/\/acefootball.com\/da\/fodboldnyheder\/aab-chef-afsloerer-klubbens-transferplaner\/#article\",\"isPartOf\":{\"@id\":\"https:\/\/acefootball.com\/da\/fodboldnyheder\/aab-chef-afsloerer-klubbens-transferplaner\/#webpage\"},\"author\":{\"@id\":\"https:\/\/acefootball.com\/da\/#\/schema\/person\/ee67e9cf04a276f144100ffa722f10cd\"},\"headline\":\"AaB-chef afsl\u00f8rer klubbens transferplaner\",\"datePublished\":\"2020-08-18T19:16:29+00:00\",\"dateModified\":\"2020-08-18T19:16:30+00:00\",\"mainEntityOfPage\":{\"@id\":\"https:\/\/acefootball.com\/da\/fodboldnyheder\/aab-chef-afsloerer-klubbens-transferplaner\/#webpage\"},\"wordCount\":187,\"commentCount\":0,\"publisher\":{\"@id\":\"https:\/\/acefootball.com\/da\/#organization\"},\"image\":{\"@id\":\"https:\/\/acefootball.com\/da\/fodboldnyheder\/aab-chef-afsloerer-klubbens-transferplaner\/#primaryimage\"},\"thumbnailUrl\":\"https:\/\/acefootball.com\/da\/wp-content\/uploads\/sites\/2\/2020\/08\/GettyImages-1205101858.jpg\",\"keywords\":[\"AaB\",\"Superligaen\"],\"articleSection\":[\"Udtalelse\"],\"inLanguage\":\"en-US\",\"potentialAction\":[{\"@type\":\"CommentAction\",\"name\":\"Comment\",\"target\":[\"https:\/\/acefootball.com\/da\/fodboldnyheder\/aab-chef-afsloerer-klubbens-transferplaner\/#respond\"]}]},{\"@type\":\"Person\",\"@id\":\"https:\/\/acefootball.com\/da\/#\/schema\/person\/ee67e9cf04a276f144100ffa722f10cd\",\"name\":\"Mads Dreyer\",\"image\":{\"@type\":\"ImageObject\",\"@id\":\"https:\/\/acefootball.com\/da\/#personlogo\",\"inLanguage\":\"en-US\",\"url\":\"https:\/\/secure.gravatar.com\/avatar\/7c7abf72cfde9902b6a60efe60c88d4c?s=96&d=mm&r=g\",\"contentUrl\":\"https:\/\/secure.gravatar.com\/avatar\/7c7abf72cfde9902b6a60efe60c88d4c?s=96&d=mm&r=g\",\"caption\":\"Mads Dreyer\"},\"description\":\"Skribent og fodboldn\u00f8rd, der lige nu fort\u00e6ller om alt og intet i fodboldverdenen p\u00e5 acefootball.com. Uddannet i kommunikation fra Aalborg Universitet.\",\"sameAs\":[\"https:\/\/www.linkedin.com\/in\/mads-dreyer-b9b08266\/\"],\"url\":\"https:\/\/acefootball.com\/da\/fodboldnyheder\/author\/mdnronaldo\/\"}]}<\/script>\n<!-- \/ Yoast SEO plugin. -->","yoast_head_json":{"title":"AaB-chef afsl\u00f8rer klubbens transferplaner","description":"Sportschef i AaB, Inge Andr\u00e9 Olsen, er ikke f\u00e6rdig med at handle ind til den nye s\u00e6son, da der stadig mangler folk til midtbanen og forsvaret","robots":{"index":"index","follow":"follow","max-snippet":"max-snippet:-1","max-image-preview":"max-image-preview:large","max-video-preview":"max-video-preview:-1"},"canonical":"https:\/\/acefootball.com\/da\/fodboldnyheder\/aab-chef-afsloerer-klubbens-transferplaner\/","og_locale":"en_US","og_type":"article","og_title":"AaB-chef afsl\u00f8rer klubbens transferplaner","og_description":"Sportschef i AaB, Inge Andr\u00e9 Olsen, er ikke f\u00e6rdig med at handle ind til den nye s\u00e6son, da der stadig mangler folk til midtbanen og forsvaret","og_url":"https:\/\/acefootball.com\/da\/fodboldnyheder\/aab-chef-afsloerer-klubbens-transferplaner\/","og_site_name":"Ace Football Danmark","article_publisher":"https:\/\/www.facebook.com\/acefootballdk","article_published_time":"2020-08-18T19:16:29+00:00","article_modified_time":"2020-08-18T19:16:30+00:00","og_image":[{"width":1024,"height":676,"url":"https:\/\/acefootball.com\/da\/wp-content\/uploads\/sites\/2\/2020\/08\/GettyImages-1205101858.jpg","type":"image\/jpeg"}],"twitter_card":"summary_large_image","twitter_misc":{"Written by":"Mads Dreyer","Est. reading time":"1 minute"},"schema":{"@context":"https:\/\/schema.org","@graph":[{"@type":"Organization","@id":"https:\/\/acefootball.com\/da\/#organization","name":"Ace Football","url":"https:\/\/acefootball.com\/da\/","sameAs":["https:\/\/www.facebook.com\/acefootballdk"],"logo":{"@type":"ImageObject","@id":"https:\/\/acefootball.com\/da\/#logo","inLanguage":"en-US","url":"https:\/\/acefootball.com\/da\/wp-content\/uploads\/sites\/2\/2020\/07\/Ace-Football-30-07-2020-2.png","contentUrl":"https:\/\/acefootball.com\/da\/wp-content\/uploads\/sites\/2\/2020\/07\/Ace-Football-30-07-2020-2.png","width":1200,"height":600,"caption":"Ace Football"},"image":{"@id":"https:\/\/acefootball.com\/da\/#logo"}},{"@type":"WebSite","@id":"https:\/\/acefootball.com\/da\/#website","url":"https:\/\/acefootball.com\/da\/","name":"Ace Football Danmark","description":"Nyheder, Spiltips &amp; Livescore","publisher":{"@id":"https:\/\/acefootball.com\/da\/#organization"},"potentialAction":[{"@type":"SearchAction","target":{"@type":"EntryPoint","urlTemplate":"https:\/\/acefootball.com\/da\/?s={search_term_string}"},"query-input":"required name=search_term_string"}],"inLanguage":"en-US"},{"@type":"ImageObject","@id":"https:\/\/acefootball.com\/da\/fodboldnyheder\/aab-chef-afsloerer-klubbens-transferplaner\/#primaryimage","inLanguage":"en-US","url":"https:\/\/acefootball.com\/da\/wp-content\/uploads\/sites\/2\/2020\/08\/GettyImages-1205101858.jpg","contentUrl":"https:\/\/acefootball.com\/da\/wp-content\/uploads\/sites\/2\/2020\/08\/GettyImages-1205101858.jpg","width":1024,"height":676,"caption":"AALBORG, DENMARK - MARCH 04: Oliver Klitten of AaB Aalborg celebrates after the 2-0 goal during the Danish Cup Sydbank Pokalen Quarter Final match between AaB Aalborg and FC Copenhagen at Aalborg Portland Park on March 4, 2020 in Aalborg, Denmark. (Photo by Lars Ronbog \/ FrontZoneSport via Getty Images)"},{"@type":"WebPage","@id":"https:\/\/acefootball.com\/da\/fodboldnyheder\/aab-chef-afsloerer-klubbens-transferplaner\/#webpage","url":"https:\/\/acefootball.com\/da\/fodboldnyheder\/aab-chef-afsloerer-klubbens-transferplaner\/","name":"AaB-chef afsl\u00f8rer klubbens transferplaner","isPartOf":{"@id":"https:\/\/acefootball.com\/da\/#website"},"primaryImageOfPage":{"@id":"https:\/\/acefootball.com\/da\/fodboldnyheder\/aab-chef-afsloerer-klubbens-transferplaner\/#primaryimage"},"datePublished":"2020-08-18T19:16:29+00:00","dateModified":"2020-08-18T19:16:30+00:00","description":"Sportschef i AaB, Inge Andr\u00e9 Olsen, er ikke f\u00e6rdig med at handle ind til den nye s\u00e6son, da der stadig mangler folk til midtbanen og forsvaret","breadcrumb":{"@id":"https:\/\/acefootball.com\/da\/fodboldnyheder\/aab-chef-afsloerer-klubbens-transferplaner\/#breadcrumb"},"inLanguage":"en-US","potentialAction":[{"@type":"ReadAction","target":["https:\/\/acefootball.com\/da\/fodboldnyheder\/aab-chef-afsloerer-klubbens-transferplaner\/"]}]},{"@type":"BreadcrumbList","@id":"https:\/\/acefootball.com\/da\/fodboldnyheder\/aab-chef-afsloerer-klubbens-transferplaner\/#breadcrumb","itemListElement":[{"@type":"ListItem","position":1,"name":"Home","item":"https:\/\/acefootball.com\/da\/"},{"@type":"ListItem","position":2,"name":"AaB-chef afsl\u00f8rer klubbens transferplaner"}]},{"@type":"Article","@id":"https:\/\/acefootball.com\/da\/fodboldnyheder\/aab-chef-afsloerer-klubbens-transferplaner\/#article","isPartOf":{"@id":"https:\/\/acefootball.com\/da\/fodboldnyheder\/aab-chef-afsloerer-klubbens-transferplaner\/#webpage"},"author":{"@id":"https:\/\/acefootball.com\/da\/#\/schema\/person\/ee67e9cf04a276f144100ffa722f10cd"},"headline":"AaB-chef afsl\u00f8rer klubbens transferplaner","datePublished":"2020-08-18T19:16:29+00:00","dateModified":"2020-08-18T19:16:30+00:00","mainEntityOfPage":{"@id":"https:\/\/acefootball.com\/da\/fodboldnyheder\/aab-chef-afsloerer-klubbens-transferplaner\/#webpage"},"wordCount":187,"commentCount":0,"publisher":{"@id":"https:\/\/acefootball.com\/da\/#organization"},"image":{"@id":"https:\/\/acefootball.com\/da\/fodboldnyheder\/aab-chef-afsloerer-klubbens-transferplaner\/#primaryimage"},"thumbnailUrl":"https:\/\/acefootball.com\/da\/wp-content\/uploads\/sites\/2\/2020\/08\/GettyImages-1205101858.jpg","keywords":["AaB","Superligaen"],"articleSection":["Udtalelse"],"inLanguage":"en-US","potentialAction":[{"@type":"CommentAction","name":"Comment","target":["https:\/\/acefootball.com\/da\/fodboldnyheder\/aab-chef-afsloerer-klubbens-transferplaner\/#respond"]}]},{"@type":"Person","@id":"https:\/\/acefootball.com\/da\/#\/schema\/person\/ee67e9cf04a276f144100ffa722f10cd","name":"Mads Dreyer","image":{"@type":"ImageObject","@id":"https:\/\/acefootball.com\/da\/#personlogo","inLanguage":"en-US","url":"https:\/\/secure.gravatar.com\/avatar\/7c7abf72cfde9902b6a60efe60c88d4c?s=96&d=mm&r=g","contentUrl":"https:\/\/secure.gravatar.com\/avatar\/7c7abf72cfde9902b6a60efe60c88d4c?s=96&d=mm&r=g","caption":"Mads Dreyer"},"description":"Skribent og fodboldn\u00f8rd, der lige nu fort\u00e6ller om alt og intet i fodboldverdenen p\u00e5 acefootball.com. Uddannet i kommunikation fra Aalborg Universitet.","sameAs":["https:\/\/www.linkedin.com\/in\/mads-dreyer-b9b08266\/"],"url":"https:\/\/acefootball.com\/da\/fodboldnyheder\/author\/mdnronaldo\/"}]}},"fimg_url":"https:\/\/acefootball.com\/da\/wp-content\/uploads\/sites\/2\/2020\/08\/GettyImages-1205101858.jpg","_links":{"self":[{"href":"https:\/\/acefootball.com\/da\/wp-json\/wp\/v2\/posts\/234527"}],"collection":[{"href":"https:\/\/acefootball.com\/da\/wp-json\/wp\/v2\/posts"}],"about":[{"href":"https:\/\/acefootball.com\/da\/wp-json\/wp\/v2\/types\/post"}],"author":[{"embeddable":true,"href":"https:\/\/acefootball.com\/da\/wp-json\/wp\/v2\/users\/705"}],"replies":[{"embeddable":true,"href":"https:\/\/acefootball.com\/da\/wp-json\/wp\/v2\/comments?post=234527"}],"version-history":[{"count":0,"href":"https:\/\/acefootball.com\/da\/wp-json\/wp\/v2\/posts\/234527\/revisions"}],"wp:featuredmedia":[{"embeddable":true,"href":"https:\/\/acefootball.com\/da\/wp-json\/wp\/v2\/media\/234530"}],"wp:attachment":[{"href":"https:\/\/acefootball.com\/da\/wp-json\/wp\/v2\/media?parent=234527"}],"wp:term":[{"taxonomy":"category","embeddable":true,"href":"https:\/\/acefootball.com\/da\/wp-json\/wp\/v2\/categories?post=234527"},{"taxonomy":"post_tag","embeddable":true,"href":"https:\/\/acefootball.com\/da\/wp-json\/wp\/v2\/tags?post=234527"}],"curies":[{"name":"wp","href":"https:\/\/api.w.org\/{rel}","templated":true}]}}