{"id":234517,"date":"2020-08-18T20:08:22","date_gmt":"2020-08-18T18:08:22","guid":{"rendered":"https:\/\/acefootball.com\/da\/?p=234517"},"modified":"2020-08-18T20:08:23","modified_gmt":"2020-08-18T18:08:23","slug":"fc-nordsjaelland-lejer-slovakisk-maalmand","status":"publish","type":"post","link":"https:\/\/acefootball.com\/da\/fodboldnyheder\/fc-nordsjaelland-lejer-slovakisk-maalmand\/","title":{"rendered":"FC Nordsj\u00e6lland lejer slovakisk m\u00e5lmand"},"content":{"rendered":"\n<h2>FC Nordsj\u00e6lland har hentet den slovakiske m\u00e5lmand Martin Vantruba ind p\u00e5 en lejeaftale for den kommende s\u00e6son<\/h2>\n\n\n\n<p>Nicolai Larsen er taget til fransk fodbold, og derfor stod man i FC Nordsj\u00e6lland med en tom m\u00e5lmandsplads i truppen.<\/p>\n\n\n\n<p>Det er nu d\u00e6kket, da Superliga-mandskabet har hentet den slovakiske m\u00e5lmand Martin Vantruba ind p\u00e5 en lejeaftale.<\/p>\n\n\n\n<figure class=\"wp-block-embed-twitter wp-block-embed is-type-rich is-provider-twitter\"><div class=\"wp-block-embed__wrapper\">\n<blockquote class=\"twitter-tweet\" data-width=\"550\" data-dnt=\"true\"><p lang=\"da\" dir=\"ltr\">\ud835\udde1\ud835\udde5. \ud835\udfef\ud835\udfec \ud83c\uddf8\ud83c\uddf0<br>Sig velkommen til vores nye m\u00e5lmand, Martin Vantruba \ud83e\udde4<br><br>Han kommer til p\u00e5 et lejem\u00e5l fra <a href=\"https:\/\/twitter.com\/slaviaofficial?ref_src=twsrc%5Etfw\">@slaviaofficial<\/a> \ud83d\udc40 Du kan l\u00e6se mere om handlen lige her: <a href=\"https:\/\/t.co\/Whsqx1Mcub\">https:\/\/t.co\/Whsqx1Mcub<\/a><a href=\"https:\/\/twitter.com\/hashtag\/sldk?src=hash&amp;ref_src=twsrc%5Etfw\">#sldk<\/a> | <a href=\"https:\/\/twitter.com\/hashtag\/fcndk?src=hash&amp;ref_src=twsrc%5Etfw\">#fcndk<\/a> <a href=\"https:\/\/t.co\/NqezQbGVl0\">pic.twitter.com\/NqezQbGVl0<\/a><\/p>&mdash; FC Nordsj\u00e6lland \ud83d\udc2f (@FCNordsjaelland) <a href=\"https:\/\/twitter.com\/FCNordsjaelland\/status\/1295781144282177552?ref_src=twsrc%5Etfw\">August 18, 2020<\/a><\/blockquote><script async src=\"https:\/\/platform.twitter.com\/widgets.js\" charset=\"utf-8\"><\/script>\n<\/div><\/figure>\n\n\n\n<p>Den 22-\u00e5rige keeper kommer til fra den tjekkiske storklub Slavia Prag og er lejet for hele den kommende s\u00e6son, mens man ogs\u00e5 har sikret sig en k\u00f8bsoption.<\/p>\n\n\n\n<p>&#8220;Vi f\u00f8ler os overbevist om, at han er en m\u00e5lmand, der b\u00e5de kan bidrage nu og samtidigt blive bedre, hvis han forts\u00e6tter sin udvikling. Derfor mener vi, at et lejeophold p\u00e5 et \u00e5r med en k\u00f8bsoption er den bedste l\u00f8sning for b\u00e5de Martin og FCN,&#8221; lyder det fra sportschef Jan Laursen.<\/p>\n\n\n\n<p>Martin Vantruba blev hentet til Slavia Prag i 2018 og har siden v\u00e6ret p\u00e5 flere kortvarende lejeaftaler.<\/p>\n","protected":false},"excerpt":{"rendered":"<p>FC Nordsj\u00e6lland har hentet den slovakiske m\u00e5lmand Martin Vantruba ind p\u00e5 en lejeaftale for den kommende s\u00e6son<\/p>\n","protected":false},"author":705,"featured_media":234519,"comment_status":"open","ping_status":"closed","sticky":false,"template":"","format":"standard","meta":{"om_disable_all_campaigns":false,"push_articles_ronaldo":{"active":false,"canonical":0,"publish":false},"force_updates":null},"categories":[7],"tags":[47,1140,588],"enet_tags":{"team":["10202","7787"],"league":["46"],"sport_events":[]},"yoast_head":"<!-- This site is optimized with the Yoast SEO plugin v18.3 - https:\/\/yoast.com\/wordpress\/plugins\/seo\/ -->\n<title>FC Nordsj\u00e6lland lejer slovakisk m\u00e5lmand<\/title>\n<meta name=\"description\" content=\"FC Nordsj\u00e6lland har hentet den slovakiske m\u00e5lmand Martin Vantruba ind p\u00e5 en lejeaftale for den kommende s\u00e6son\" \/>\n<meta name=\"robots\" content=\"index, follow, max-snippet:-1, max-image-preview:large, max-video-preview:-1\" \/>\n<link rel=\"canonical\" href=\"https:\/\/acefootball.com\/da\/fodboldnyheder\/fc-nordsjaelland-lejer-slovakisk-maalmand\/\" \/>\n<meta property=\"og:locale\" content=\"en_US\" \/>\n<meta property=\"og:type\" content=\"article\" \/>\n<meta property=\"og:title\" content=\"FC Nordsj\u00e6lland lejer slovakisk m\u00e5lmand\" \/>\n<meta property=\"og:description\" content=\"FC Nordsj\u00e6lland har hentet den slovakiske m\u00e5lmand Martin Vantruba ind p\u00e5 en lejeaftale for den kommende s\u00e6son\" \/>\n<meta property=\"og:url\" content=\"https:\/\/acefootball.com\/da\/fodboldnyheder\/fc-nordsjaelland-lejer-slovakisk-maalmand\/\" \/>\n<meta property=\"og:site_name\" content=\"Ace Football Danmark\" \/>\n<meta property=\"article:publisher\" content=\"https:\/\/www.facebook.com\/acefootballdk\" \/>\n<meta property=\"article:published_time\" content=\"2020-08-18T18:08:22+00:00\" \/>\n<meta property=\"article:modified_time\" content=\"2020-08-18T18:08:23+00:00\" \/>\n<meta property=\"og:image\" content=\"https:\/\/acefootball.com\/da\/wp-content\/uploads\/sites\/2\/2020\/08\/Design-uden-navn-4.jpg\" \/>\n\t<meta property=\"og:image:width\" content=\"1024\" \/>\n\t<meta property=\"og:image:height\" content=\"683\" \/>\n\t<meta property=\"og:image:type\" content=\"image\/jpeg\" \/>\n<meta name=\"twitter:card\" content=\"summary_large_image\" \/>\n<meta name=\"twitter:label1\" content=\"Written by\" \/>\n\t<meta name=\"twitter:data1\" content=\"Mads Dreyer\" \/>\n\t<meta name=\"twitter:label2\" content=\"Est. reading time\" \/>\n\t<meta name=\"twitter:data2\" content=\"1 minute\" \/>\n<script type=\"application\/ld+json\" class=\"yoast-schema-graph\">{\"@context\":\"https:\/\/schema.org\",\"@graph\":[{\"@type\":\"Organization\",\"@id\":\"https:\/\/acefootball.com\/da\/#organization\",\"name\":\"Ace Football\",\"url\":\"https:\/\/acefootball.com\/da\/\",\"sameAs\":[\"https:\/\/www.facebook.com\/acefootballdk\"],\"logo\":{\"@type\":\"ImageObject\",\"@id\":\"https:\/\/acefootball.com\/da\/#logo\",\"inLanguage\":\"en-US\",\"url\":\"https:\/\/acefootball.com\/da\/wp-content\/uploads\/sites\/2\/2020\/07\/Ace-Football-30-07-2020-2.png\",\"contentUrl\":\"https:\/\/acefootball.com\/da\/wp-content\/uploads\/sites\/2\/2020\/07\/Ace-Football-30-07-2020-2.png\",\"width\":1200,\"height\":600,\"caption\":\"Ace Football\"},\"image\":{\"@id\":\"https:\/\/acefootball.com\/da\/#logo\"}},{\"@type\":\"WebSite\",\"@id\":\"https:\/\/acefootball.com\/da\/#website\",\"url\":\"https:\/\/acefootball.com\/da\/\",\"name\":\"Ace Football Danmark\",\"description\":\"Nyheder, Spiltips &amp; Livescore\",\"publisher\":{\"@id\":\"https:\/\/acefootball.com\/da\/#organization\"},\"potentialAction\":[{\"@type\":\"SearchAction\",\"target\":{\"@type\":\"EntryPoint\",\"urlTemplate\":\"https:\/\/acefootball.com\/da\/?s={search_term_string}\"},\"query-input\":\"required name=search_term_string\"}],\"inLanguage\":\"en-US\"},{\"@type\":\"ImageObject\",\"@id\":\"https:\/\/acefootball.com\/da\/fodboldnyheder\/fc-nordsjaelland-lejer-slovakisk-maalmand\/#primaryimage\",\"inLanguage\":\"en-US\",\"url\":\"https:\/\/acefootball.com\/da\/wp-content\/uploads\/sites\/2\/2020\/08\/Design-uden-navn-4.jpg\",\"contentUrl\":\"https:\/\/acefootball.com\/da\/wp-content\/uploads\/sites\/2\/2020\/08\/Design-uden-navn-4.jpg\",\"width\":1024,\"height\":683,\"caption\":\"Foto: fcn.dk\"},{\"@type\":\"WebPage\",\"@id\":\"https:\/\/acefootball.com\/da\/fodboldnyheder\/fc-nordsjaelland-lejer-slovakisk-maalmand\/#webpage\",\"url\":\"https:\/\/acefootball.com\/da\/fodboldnyheder\/fc-nordsjaelland-lejer-slovakisk-maalmand\/\",\"name\":\"FC Nordsj\u00e6lland lejer slovakisk m\u00e5lmand\",\"isPartOf\":{\"@id\":\"https:\/\/acefootball.com\/da\/#website\"},\"primaryImageOfPage\":{\"@id\":\"https:\/\/acefootball.com\/da\/fodboldnyheder\/fc-nordsjaelland-lejer-slovakisk-maalmand\/#primaryimage\"},\"datePublished\":\"2020-08-18T18:08:22+00:00\",\"dateModified\":\"2020-08-18T18:08:23+00:00\",\"description\":\"FC Nordsj\u00e6lland har hentet den slovakiske m\u00e5lmand Martin Vantruba ind p\u00e5 en lejeaftale for den kommende s\u00e6son\",\"breadcrumb\":{\"@id\":\"https:\/\/acefootball.com\/da\/fodboldnyheder\/fc-nordsjaelland-lejer-slovakisk-maalmand\/#breadcrumb\"},\"inLanguage\":\"en-US\",\"potentialAction\":[{\"@type\":\"ReadAction\",\"target\":[\"https:\/\/acefootball.com\/da\/fodboldnyheder\/fc-nordsjaelland-lejer-slovakisk-maalmand\/\"]}]},{\"@type\":\"BreadcrumbList\",\"@id\":\"https:\/\/acefootball.com\/da\/fodboldnyheder\/fc-nordsjaelland-lejer-slovakisk-maalmand\/#breadcrumb\",\"itemListElement\":[{\"@type\":\"ListItem\",\"position\":1,\"name\":\"Home\",\"item\":\"https:\/\/acefootball.com\/da\/\"},{\"@type\":\"ListItem\",\"position\":2,\"name\":\"FC Nordsj\u00e6lland lejer slovakisk m\u00e5lmand\"}]},{\"@type\":\"Article\",\"@id\":\"https:\/\/acefootball.com\/da\/fodboldnyheder\/fc-nordsjaelland-lejer-slovakisk-maalmand\/#article\",\"isPartOf\":{\"@id\":\"https:\/\/acefootball.com\/da\/fodboldnyheder\/fc-nordsjaelland-lejer-slovakisk-maalmand\/#webpage\"},\"author\":{\"@id\":\"https:\/\/acefootball.com\/da\/#\/schema\/person\/ee67e9cf04a276f144100ffa722f10cd\"},\"headline\":\"FC Nordsj\u00e6lland lejer slovakisk m\u00e5lmand\",\"datePublished\":\"2020-08-18T18:08:22+00:00\",\"dateModified\":\"2020-08-18T18:08:23+00:00\",\"mainEntityOfPage\":{\"@id\":\"https:\/\/acefootball.com\/da\/fodboldnyheder\/fc-nordsjaelland-lejer-slovakisk-maalmand\/#webpage\"},\"wordCount\":178,\"commentCount\":0,\"publisher\":{\"@id\":\"https:\/\/acefootball.com\/da\/#organization\"},\"image\":{\"@id\":\"https:\/\/acefootball.com\/da\/fodboldnyheder\/fc-nordsjaelland-lejer-slovakisk-maalmand\/#primaryimage\"},\"thumbnailUrl\":\"https:\/\/acefootball.com\/da\/wp-content\/uploads\/sites\/2\/2020\/08\/Design-uden-navn-4.jpg\",\"keywords\":[\"FC Nordsj\u00e6lland\",\"Slavia Prag\",\"Superligaen\"],\"articleSection\":[\"Transfer\"],\"inLanguage\":\"en-US\",\"potentialAction\":[{\"@type\":\"CommentAction\",\"name\":\"Comment\",\"target\":[\"https:\/\/acefootball.com\/da\/fodboldnyheder\/fc-nordsjaelland-lejer-slovakisk-maalmand\/#respond\"]}]},{\"@type\":\"Person\",\"@id\":\"https:\/\/acefootball.com\/da\/#\/schema\/person\/ee67e9cf04a276f144100ffa722f10cd\",\"name\":\"Mads Dreyer\",\"image\":{\"@type\":\"ImageObject\",\"@id\":\"https:\/\/acefootball.com\/da\/#personlogo\",\"inLanguage\":\"en-US\",\"url\":\"https:\/\/secure.gravatar.com\/avatar\/7c7abf72cfde9902b6a60efe60c88d4c?s=96&d=mm&r=g\",\"contentUrl\":\"https:\/\/secure.gravatar.com\/avatar\/7c7abf72cfde9902b6a60efe60c88d4c?s=96&d=mm&r=g\",\"caption\":\"Mads Dreyer\"},\"description\":\"Skribent og fodboldn\u00f8rd, der lige nu fort\u00e6ller om alt og intet i fodboldverdenen p\u00e5 acefootball.com. Uddannet i kommunikation fra Aalborg Universitet.\",\"sameAs\":[\"https:\/\/www.linkedin.com\/in\/mads-dreyer-b9b08266\/\"],\"url\":\"https:\/\/acefootball.com\/da\/fodboldnyheder\/author\/mdnronaldo\/\"}]}<\/script>\n<!-- \/ Yoast SEO plugin. -->","yoast_head_json":{"title":"FC Nordsj\u00e6lland lejer slovakisk m\u00e5lmand","description":"FC Nordsj\u00e6lland har hentet den slovakiske m\u00e5lmand Martin Vantruba ind p\u00e5 en lejeaftale for den kommende s\u00e6son","robots":{"index":"index","follow":"follow","max-snippet":"max-snippet:-1","max-image-preview":"max-image-preview:large","max-video-preview":"max-video-preview:-1"},"canonical":"https:\/\/acefootball.com\/da\/fodboldnyheder\/fc-nordsjaelland-lejer-slovakisk-maalmand\/","og_locale":"en_US","og_type":"article","og_title":"FC Nordsj\u00e6lland lejer slovakisk m\u00e5lmand","og_description":"FC Nordsj\u00e6lland har hentet den slovakiske m\u00e5lmand Martin Vantruba ind p\u00e5 en lejeaftale for den kommende s\u00e6son","og_url":"https:\/\/acefootball.com\/da\/fodboldnyheder\/fc-nordsjaelland-lejer-slovakisk-maalmand\/","og_site_name":"Ace Football Danmark","article_publisher":"https:\/\/www.facebook.com\/acefootballdk","article_published_time":"2020-08-18T18:08:22+00:00","article_modified_time":"2020-08-18T18:08:23+00:00","og_image":[{"width":1024,"height":683,"url":"https:\/\/acefootball.com\/da\/wp-content\/uploads\/sites\/2\/2020\/08\/Design-uden-navn-4.jpg","type":"image\/jpeg"}],"twitter_card":"summary_large_image","twitter_misc":{"Written by":"Mads Dreyer","Est. reading time":"1 minute"},"schema":{"@context":"https:\/\/schema.org","@graph":[{"@type":"Organization","@id":"https:\/\/acefootball.com\/da\/#organization","name":"Ace Football","url":"https:\/\/acefootball.com\/da\/","sameAs":["https:\/\/www.facebook.com\/acefootballdk"],"logo":{"@type":"ImageObject","@id":"https:\/\/acefootball.com\/da\/#logo","inLanguage":"en-US","url":"https:\/\/acefootball.com\/da\/wp-content\/uploads\/sites\/2\/2020\/07\/Ace-Football-30-07-2020-2.png","contentUrl":"https:\/\/acefootball.com\/da\/wp-content\/uploads\/sites\/2\/2020\/07\/Ace-Football-30-07-2020-2.png","width":1200,"height":600,"caption":"Ace Football"},"image":{"@id":"https:\/\/acefootball.com\/da\/#logo"}},{"@type":"WebSite","@id":"https:\/\/acefootball.com\/da\/#website","url":"https:\/\/acefootball.com\/da\/","name":"Ace Football Danmark","description":"Nyheder, Spiltips &amp; Livescore","publisher":{"@id":"https:\/\/acefootball.com\/da\/#organization"},"potentialAction":[{"@type":"SearchAction","target":{"@type":"EntryPoint","urlTemplate":"https:\/\/acefootball.com\/da\/?s={search_term_string}"},"query-input":"required name=search_term_string"}],"inLanguage":"en-US"},{"@type":"ImageObject","@id":"https:\/\/acefootball.com\/da\/fodboldnyheder\/fc-nordsjaelland-lejer-slovakisk-maalmand\/#primaryimage","inLanguage":"en-US","url":"https:\/\/acefootball.com\/da\/wp-content\/uploads\/sites\/2\/2020\/08\/Design-uden-navn-4.jpg","contentUrl":"https:\/\/acefootball.com\/da\/wp-content\/uploads\/sites\/2\/2020\/08\/Design-uden-navn-4.jpg","width":1024,"height":683,"caption":"Foto: fcn.dk"},{"@type":"WebPage","@id":"https:\/\/acefootball.com\/da\/fodboldnyheder\/fc-nordsjaelland-lejer-slovakisk-maalmand\/#webpage","url":"https:\/\/acefootball.com\/da\/fodboldnyheder\/fc-nordsjaelland-lejer-slovakisk-maalmand\/","name":"FC Nordsj\u00e6lland lejer slovakisk m\u00e5lmand","isPartOf":{"@id":"https:\/\/acefootball.com\/da\/#website"},"primaryImageOfPage":{"@id":"https:\/\/acefootball.com\/da\/fodboldnyheder\/fc-nordsjaelland-lejer-slovakisk-maalmand\/#primaryimage"},"datePublished":"2020-08-18T18:08:22+00:00","dateModified":"2020-08-18T18:08:23+00:00","description":"FC Nordsj\u00e6lland har hentet den slovakiske m\u00e5lmand Martin Vantruba ind p\u00e5 en lejeaftale for den kommende s\u00e6son","breadcrumb":{"@id":"https:\/\/acefootball.com\/da\/fodboldnyheder\/fc-nordsjaelland-lejer-slovakisk-maalmand\/#breadcrumb"},"inLanguage":"en-US","potentialAction":[{"@type":"ReadAction","target":["https:\/\/acefootball.com\/da\/fodboldnyheder\/fc-nordsjaelland-lejer-slovakisk-maalmand\/"]}]},{"@type":"BreadcrumbList","@id":"https:\/\/acefootball.com\/da\/fodboldnyheder\/fc-nordsjaelland-lejer-slovakisk-maalmand\/#breadcrumb","itemListElement":[{"@type":"ListItem","position":1,"name":"Home","item":"https:\/\/acefootball.com\/da\/"},{"@type":"ListItem","position":2,"name":"FC Nordsj\u00e6lland lejer slovakisk m\u00e5lmand"}]},{"@type":"Article","@id":"https:\/\/acefootball.com\/da\/fodboldnyheder\/fc-nordsjaelland-lejer-slovakisk-maalmand\/#article","isPartOf":{"@id":"https:\/\/acefootball.com\/da\/fodboldnyheder\/fc-nordsjaelland-lejer-slovakisk-maalmand\/#webpage"},"author":{"@id":"https:\/\/acefootball.com\/da\/#\/schema\/person\/ee67e9cf04a276f144100ffa722f10cd"},"headline":"FC Nordsj\u00e6lland lejer slovakisk m\u00e5lmand","datePublished":"2020-08-18T18:08:22+00:00","dateModified":"2020-08-18T18:08:23+00:00","mainEntityOfPage":{"@id":"https:\/\/acefootball.com\/da\/fodboldnyheder\/fc-nordsjaelland-lejer-slovakisk-maalmand\/#webpage"},"wordCount":178,"commentCount":0,"publisher":{"@id":"https:\/\/acefootball.com\/da\/#organization"},"image":{"@id":"https:\/\/acefootball.com\/da\/fodboldnyheder\/fc-nordsjaelland-lejer-slovakisk-maalmand\/#primaryimage"},"thumbnailUrl":"https:\/\/acefootball.com\/da\/wp-content\/uploads\/sites\/2\/2020\/08\/Design-uden-navn-4.jpg","keywords":["FC Nordsj\u00e6lland","Slavia Prag","Superligaen"],"articleSection":["Transfer"],"inLanguage":"en-US","potentialAction":[{"@type":"CommentAction","name":"Comment","target":["https:\/\/acefootball.com\/da\/fodboldnyheder\/fc-nordsjaelland-lejer-slovakisk-maalmand\/#respond"]}]},{"@type":"Person","@id":"https:\/\/acefootball.com\/da\/#\/schema\/person\/ee67e9cf04a276f144100ffa722f10cd","name":"Mads Dreyer","image":{"@type":"ImageObject","@id":"https:\/\/acefootball.com\/da\/#personlogo","inLanguage":"en-US","url":"https:\/\/secure.gravatar.com\/avatar\/7c7abf72cfde9902b6a60efe60c88d4c?s=96&d=mm&r=g","contentUrl":"https:\/\/secure.gravatar.com\/avatar\/7c7abf72cfde9902b6a60efe60c88d4c?s=96&d=mm&r=g","caption":"Mads Dreyer"},"description":"Skribent og fodboldn\u00f8rd, der lige nu fort\u00e6ller om alt og intet i fodboldverdenen p\u00e5 acefootball.com. Uddannet i kommunikation fra Aalborg Universitet.","sameAs":["https:\/\/www.linkedin.com\/in\/mads-dreyer-b9b08266\/"],"url":"https:\/\/acefootball.com\/da\/fodboldnyheder\/author\/mdnronaldo\/"}]}},"fimg_url":"https:\/\/acefootball.com\/da\/wp-content\/uploads\/sites\/2\/2020\/08\/Design-uden-navn-4.jpg","_links":{"self":[{"href":"https:\/\/acefootball.com\/da\/wp-json\/wp\/v2\/posts\/234517"}],"collection":[{"href":"https:\/\/acefootball.com\/da\/wp-json\/wp\/v2\/posts"}],"about":[{"href":"https:\/\/acefootball.com\/da\/wp-json\/wp\/v2\/types\/post"}],"author":[{"embeddable":true,"href":"https:\/\/acefootball.com\/da\/wp-json\/wp\/v2\/users\/705"}],"replies":[{"embeddable":true,"href":"https:\/\/acefootball.com\/da\/wp-json\/wp\/v2\/comments?post=234517"}],"version-history":[{"count":0,"href":"https:\/\/acefootball.com\/da\/wp-json\/wp\/v2\/posts\/234517\/revisions"}],"wp:featuredmedia":[{"embeddable":true,"href":"https:\/\/acefootball.com\/da\/wp-json\/wp\/v2\/media\/234519"}],"wp:attachment":[{"href":"https:\/\/acefootball.com\/da\/wp-json\/wp\/v2\/media?parent=234517"}],"wp:term":[{"taxonomy":"category","embeddable":true,"href":"https:\/\/acefootball.com\/da\/wp-json\/wp\/v2\/categories?post=234517"},{"taxonomy":"post_tag","embeddable":true,"href":"https:\/\/acefootball.com\/da\/wp-json\/wp\/v2\/tags?post=234517"}],"curies":[{"name":"wp","href":"https:\/\/api.w.org\/{rel}","templated":true}]}}