{"id":234505,"date":"2020-08-18T18:22:39","date_gmt":"2020-08-18T16:22:39","guid":{"rendered":"https:\/\/acefootball.com\/da\/?p=234505"},"modified":"2020-08-18T17:53:33","modified_gmt":"2020-08-18T15:53:33","slug":"david-silva-faar-plads-ved-siden-af-kompany-paa-etihad","status":"publish","type":"post","link":"https:\/\/acefootball.com\/da\/fodboldnyheder\/david-silva-faar-plads-ved-siden-af-kompany-paa-etihad\/","title":{"rendered":"David Silva f\u00e5r plads ved siden af Kompany p\u00e5 Etihad"},"content":{"rendered":"\n<h2>Manchester City-formand Al Mubarak udtaler, at David Silva vil blive h\u00e6dret med en statue foran Etihad, ligesom Vincent Kompany bliver det<\/h2>\n\n\n\n<p>Da Vincent Kompany sidste \u00e5r stoppede i Manchester City, blev det meldt ud, at man ville opf\u00f8re en statue af ham foran hjemmebanen Etihad.<\/p>\n\n\n\n<p>Nu f\u00e5r den belgiske klublegende selskab, da City-formand Khaldoon Al Mubarak udtaler til <a href=\"https:\/\/www.skysports.com\/football\/news\/12040\/12051127\/david-silva-manchester-city-to-honour-midfielder-with-statue-at-etihad-stadium\" target=\"_blank\" rel=\"noreferrer noopener\">Sky Sports<\/a>, at David Silva ogs\u00e5 f\u00e5r en statue, og at de begge bliver opf\u00f8rt n\u00e6ste \u00e5r.<\/p>\n\n\n\n<figure class=\"wp-block-embed-twitter wp-block-embed is-type-rich is-provider-twitter\"><div class=\"wp-block-embed__wrapper\">\n<blockquote class=\"twitter-tweet\" data-width=\"550\" data-dnt=\"true\"><p lang=\"en\" dir=\"ltr\">Manchester City are set to unveil statues of David Silva and Vincent Kompany next year&#8230;\ud83d\udd35\ud83d\uddff<\/p>&mdash; Sky Sports Premier League (@SkySportsPL) <a href=\"https:\/\/twitter.com\/SkySportsPL\/status\/1295621153181126656?ref_src=twsrc%5Etfw\">August 18, 2020<\/a><\/blockquote><script async src=\"https:\/\/platform.twitter.com\/widgets.js\" charset=\"utf-8\"><\/script>\n<\/div><\/figure>\n\n\n\n<p>Udover en statue f\u00e5r spanieren ogs\u00e5 en bane p\u00e5 klubbens tr\u00e6ningsanl\u00e6g opkaldt efter sig, ligesom der vil blive lagt en mosaik i driblerens \u00e6re, som han f\u00e5r en kopi af til sit eget hjem.<\/p>\n\n\n\n<p>David Silva har netop sagt farvel efter 10 \u00e5r i Manchester City. Han skifter p\u00e5 en fri transfer til Real Sociedad efter en mindre kontrovers med Lazio.<\/p>\n\n\n\n<figure class=\"wp-block-embed-wordpress wp-block-embed is-type-wp-embed is-provider-ace-football-danmark\"><div class=\"wp-block-embed__wrapper\">\n<blockquote class=\"wp-embedded-content\" data-secret=\"mmYOOXFVWG\"><a href=\"https:\/\/acefootball.com\/da\/fodboldnyheder\/lazio-raser-over-silva-efter-sociedad-skifte\/\">Lazio raser over Silva efter Sociedad-skifte<\/a><\/blockquote><iframe class=\"wp-embedded-content\" sandbox=\"allow-scripts\" security=\"restricted\" style=\"position: absolute; clip: rect(1px, 1px, 1px, 1px);\" title=\"&#8220;Lazio raser over Silva efter Sociedad-skifte&#8221; &#8212; Ace Football Danmark\" src=\"https:\/\/acefootball.com\/da\/fodboldnyheder\/lazio-raser-over-silva-efter-sociedad-skifte\/embed\/#?secret=mmYOOXFVWG\" data-secret=\"mmYOOXFVWG\" width=\"600\" height=\"338\" frameborder=\"0\" marginwidth=\"0\" marginheight=\"0\" scrolling=\"no\"><\/iframe>\n<\/div><\/figure>\n","protected":false},"excerpt":{"rendered":"<p>Manchester City-formand Al Mubarak udtaler, at David Silva vil blive h\u00e6dret med en statue foran Etihad, ligesom Vincent Kompany bliver det<\/p>\n","protected":false},"author":705,"featured_media":234506,"comment_status":"open","ping_status":"closed","sticky":false,"template":"","format":"standard","meta":{"om_disable_all_campaigns":false,"push_articles_ronaldo":{"active":false,"canonical":0,"publish":false},"force_updates":null},"categories":[1],"tags":[1682,44,134,362],"enet_tags":{"player":["37459","39027"],"team":["8456"],"league":["47"],"sport_events":[]},"yoast_head":"<!-- This site is optimized with the Yoast SEO plugin v18.3 - https:\/\/yoast.com\/wordpress\/plugins\/seo\/ -->\n<title>David Silva f\u00e5r plads ved siden af Kompany p\u00e5 Etihad<\/title>\n<meta name=\"description\" content=\"Manchester City-formand Al Mubarak udtaler, at David Silva vil blive h\u00e6dret med en statue foran Etihad, ligesom Vincent Kompany bliver det\" \/>\n<meta name=\"robots\" content=\"index, follow, max-snippet:-1, max-image-preview:large, max-video-preview:-1\" \/>\n<link rel=\"canonical\" href=\"https:\/\/acefootball.com\/da\/fodboldnyheder\/david-silva-faar-plads-ved-siden-af-kompany-paa-etihad\/\" \/>\n<meta property=\"og:locale\" content=\"en_US\" \/>\n<meta property=\"og:type\" content=\"article\" \/>\n<meta property=\"og:title\" content=\"David Silva f\u00e5r plads ved siden af Kompany p\u00e5 Etihad\" \/>\n<meta property=\"og:description\" content=\"Manchester City-formand Al Mubarak udtaler, at David Silva vil blive h\u00e6dret med en statue foran Etihad, ligesom Vincent Kompany bliver det\" \/>\n<meta property=\"og:url\" content=\"https:\/\/acefootball.com\/da\/fodboldnyheder\/david-silva-faar-plads-ved-siden-af-kompany-paa-etihad\/\" \/>\n<meta property=\"og:site_name\" content=\"Ace Football Danmark\" \/>\n<meta property=\"article:publisher\" content=\"https:\/\/www.facebook.com\/acefootballdk\" \/>\n<meta property=\"article:published_time\" content=\"2020-08-18T16:22:39+00:00\" \/>\n<meta property=\"article:modified_time\" content=\"2020-08-18T15:53:33+00:00\" \/>\n<meta property=\"og:image\" content=\"https:\/\/acefootball.com\/da\/wp-content\/uploads\/sites\/2\/2020\/08\/GettyImages-1259210628.jpg\" \/>\n\t<meta property=\"og:image:width\" content=\"1024\" \/>\n\t<meta property=\"og:image:height\" content=\"720\" \/>\n\t<meta property=\"og:image:type\" content=\"image\/jpeg\" \/>\n<meta name=\"twitter:card\" content=\"summary_large_image\" \/>\n<meta name=\"twitter:label1\" content=\"Written by\" \/>\n\t<meta name=\"twitter:data1\" content=\"Mads Dreyer\" \/>\n\t<meta name=\"twitter:label2\" content=\"Est. reading time\" \/>\n\t<meta name=\"twitter:data2\" content=\"1 minute\" \/>\n<script type=\"application\/ld+json\" class=\"yoast-schema-graph\">{\"@context\":\"https:\/\/schema.org\",\"@graph\":[{\"@type\":\"Organization\",\"@id\":\"https:\/\/acefootball.com\/da\/#organization\",\"name\":\"Ace Football\",\"url\":\"https:\/\/acefootball.com\/da\/\",\"sameAs\":[\"https:\/\/www.facebook.com\/acefootballdk\"],\"logo\":{\"@type\":\"ImageObject\",\"@id\":\"https:\/\/acefootball.com\/da\/#logo\",\"inLanguage\":\"en-US\",\"url\":\"https:\/\/acefootball.com\/da\/wp-content\/uploads\/sites\/2\/2020\/07\/Ace-Football-30-07-2020-2.png\",\"contentUrl\":\"https:\/\/acefootball.com\/da\/wp-content\/uploads\/sites\/2\/2020\/07\/Ace-Football-30-07-2020-2.png\",\"width\":1200,\"height\":600,\"caption\":\"Ace Football\"},\"image\":{\"@id\":\"https:\/\/acefootball.com\/da\/#logo\"}},{\"@type\":\"WebSite\",\"@id\":\"https:\/\/acefootball.com\/da\/#website\",\"url\":\"https:\/\/acefootball.com\/da\/\",\"name\":\"Ace Football Danmark\",\"description\":\"Nyheder, Spiltips &amp; Livescore\",\"publisher\":{\"@id\":\"https:\/\/acefootball.com\/da\/#organization\"},\"potentialAction\":[{\"@type\":\"SearchAction\",\"target\":{\"@type\":\"EntryPoint\",\"urlTemplate\":\"https:\/\/acefootball.com\/da\/?s={search_term_string}\"},\"query-input\":\"required name=search_term_string\"}],\"inLanguage\":\"en-US\"},{\"@type\":\"ImageObject\",\"@id\":\"https:\/\/acefootball.com\/da\/fodboldnyheder\/david-silva-faar-plads-ved-siden-af-kompany-paa-etihad\/#primaryimage\",\"inLanguage\":\"en-US\",\"url\":\"https:\/\/acefootball.com\/da\/wp-content\/uploads\/sites\/2\/2020\/08\/GettyImages-1259210628.jpg\",\"contentUrl\":\"https:\/\/acefootball.com\/da\/wp-content\/uploads\/sites\/2\/2020\/08\/GettyImages-1259210628.jpg\",\"width\":1024,\"height\":720,\"caption\":\"MANCHESTER, ENGLAND - JULY 26: David Silva of Manchester City runs with the ball during the Premier League match between Manchester City and Norwich City at Etihad Stadium on July 26, 2020 in Manchester, England. Football Stadiums around Europe remain empty due to the Coronavirus Pandemic as Government social distancing laws prohibit fans inside venues resulting in all fixtures being played behind closed doors. (Photo by Shaun Botterill\/Getty Images)\"},{\"@type\":\"WebPage\",\"@id\":\"https:\/\/acefootball.com\/da\/fodboldnyheder\/david-silva-faar-plads-ved-siden-af-kompany-paa-etihad\/#webpage\",\"url\":\"https:\/\/acefootball.com\/da\/fodboldnyheder\/david-silva-faar-plads-ved-siden-af-kompany-paa-etihad\/\",\"name\":\"David Silva f\u00e5r plads ved siden af Kompany p\u00e5 Etihad\",\"isPartOf\":{\"@id\":\"https:\/\/acefootball.com\/da\/#website\"},\"primaryImageOfPage\":{\"@id\":\"https:\/\/acefootball.com\/da\/fodboldnyheder\/david-silva-faar-plads-ved-siden-af-kompany-paa-etihad\/#primaryimage\"},\"datePublished\":\"2020-08-18T16:22:39+00:00\",\"dateModified\":\"2020-08-18T15:53:33+00:00\",\"description\":\"Manchester City-formand Al Mubarak udtaler, at David Silva vil blive h\u00e6dret med en statue foran Etihad, ligesom Vincent Kompany bliver det\",\"breadcrumb\":{\"@id\":\"https:\/\/acefootball.com\/da\/fodboldnyheder\/david-silva-faar-plads-ved-siden-af-kompany-paa-etihad\/#breadcrumb\"},\"inLanguage\":\"en-US\",\"potentialAction\":[{\"@type\":\"ReadAction\",\"target\":[\"https:\/\/acefootball.com\/da\/fodboldnyheder\/david-silva-faar-plads-ved-siden-af-kompany-paa-etihad\/\"]}]},{\"@type\":\"BreadcrumbList\",\"@id\":\"https:\/\/acefootball.com\/da\/fodboldnyheder\/david-silva-faar-plads-ved-siden-af-kompany-paa-etihad\/#breadcrumb\",\"itemListElement\":[{\"@type\":\"ListItem\",\"position\":1,\"name\":\"Home\",\"item\":\"https:\/\/acefootball.com\/da\/\"},{\"@type\":\"ListItem\",\"position\":2,\"name\":\"David Silva f\u00e5r plads ved siden af Kompany p\u00e5 Etihad\"}]},{\"@type\":\"Article\",\"@id\":\"https:\/\/acefootball.com\/da\/fodboldnyheder\/david-silva-faar-plads-ved-siden-af-kompany-paa-etihad\/#article\",\"isPartOf\":{\"@id\":\"https:\/\/acefootball.com\/da\/fodboldnyheder\/david-silva-faar-plads-ved-siden-af-kompany-paa-etihad\/#webpage\"},\"author\":{\"@id\":\"https:\/\/acefootball.com\/da\/#\/schema\/person\/ee67e9cf04a276f144100ffa722f10cd\"},\"headline\":\"David Silva f\u00e5r plads ved siden af Kompany p\u00e5 Etihad\",\"datePublished\":\"2020-08-18T16:22:39+00:00\",\"dateModified\":\"2020-08-18T15:53:33+00:00\",\"mainEntityOfPage\":{\"@id\":\"https:\/\/acefootball.com\/da\/fodboldnyheder\/david-silva-faar-plads-ved-siden-af-kompany-paa-etihad\/#webpage\"},\"wordCount\":167,\"commentCount\":0,\"publisher\":{\"@id\":\"https:\/\/acefootball.com\/da\/#organization\"},\"image\":{\"@id\":\"https:\/\/acefootball.com\/da\/fodboldnyheder\/david-silva-faar-plads-ved-siden-af-kompany-paa-etihad\/#primaryimage\"},\"thumbnailUrl\":\"https:\/\/acefootball.com\/da\/wp-content\/uploads\/sites\/2\/2020\/08\/GettyImages-1259210628.jpg\",\"keywords\":[\"David Silva\",\"Manchester City\",\"Premier League\",\"Vincent Kompany\"],\"articleSection\":[\"Nyhed\"],\"inLanguage\":\"en-US\",\"potentialAction\":[{\"@type\":\"CommentAction\",\"name\":\"Comment\",\"target\":[\"https:\/\/acefootball.com\/da\/fodboldnyheder\/david-silva-faar-plads-ved-siden-af-kompany-paa-etihad\/#respond\"]}]},{\"@type\":\"Person\",\"@id\":\"https:\/\/acefootball.com\/da\/#\/schema\/person\/ee67e9cf04a276f144100ffa722f10cd\",\"name\":\"Mads Dreyer\",\"image\":{\"@type\":\"ImageObject\",\"@id\":\"https:\/\/acefootball.com\/da\/#personlogo\",\"inLanguage\":\"en-US\",\"url\":\"https:\/\/secure.gravatar.com\/avatar\/7c7abf72cfde9902b6a60efe60c88d4c?s=96&d=mm&r=g\",\"contentUrl\":\"https:\/\/secure.gravatar.com\/avatar\/7c7abf72cfde9902b6a60efe60c88d4c?s=96&d=mm&r=g\",\"caption\":\"Mads Dreyer\"},\"description\":\"Skribent og fodboldn\u00f8rd, der lige nu fort\u00e6ller om alt og intet i fodboldverdenen p\u00e5 acefootball.com. Uddannet i kommunikation fra Aalborg Universitet.\",\"sameAs\":[\"https:\/\/www.linkedin.com\/in\/mads-dreyer-b9b08266\/\"],\"url\":\"https:\/\/acefootball.com\/da\/fodboldnyheder\/author\/mdnronaldo\/\"}]}<\/script>\n<!-- \/ Yoast SEO plugin. -->","yoast_head_json":{"title":"David Silva f\u00e5r plads ved siden af Kompany p\u00e5 Etihad","description":"Manchester City-formand Al Mubarak udtaler, at David Silva vil blive h\u00e6dret med en statue foran Etihad, ligesom Vincent Kompany bliver det","robots":{"index":"index","follow":"follow","max-snippet":"max-snippet:-1","max-image-preview":"max-image-preview:large","max-video-preview":"max-video-preview:-1"},"canonical":"https:\/\/acefootball.com\/da\/fodboldnyheder\/david-silva-faar-plads-ved-siden-af-kompany-paa-etihad\/","og_locale":"en_US","og_type":"article","og_title":"David Silva f\u00e5r plads ved siden af Kompany p\u00e5 Etihad","og_description":"Manchester City-formand Al Mubarak udtaler, at David Silva vil blive h\u00e6dret med en statue foran Etihad, ligesom Vincent Kompany bliver det","og_url":"https:\/\/acefootball.com\/da\/fodboldnyheder\/david-silva-faar-plads-ved-siden-af-kompany-paa-etihad\/","og_site_name":"Ace Football Danmark","article_publisher":"https:\/\/www.facebook.com\/acefootballdk","article_published_time":"2020-08-18T16:22:39+00:00","article_modified_time":"2020-08-18T15:53:33+00:00","og_image":[{"width":1024,"height":720,"url":"https:\/\/acefootball.com\/da\/wp-content\/uploads\/sites\/2\/2020\/08\/GettyImages-1259210628.jpg","type":"image\/jpeg"}],"twitter_card":"summary_large_image","twitter_misc":{"Written by":"Mads Dreyer","Est. reading time":"1 minute"},"schema":{"@context":"https:\/\/schema.org","@graph":[{"@type":"Organization","@id":"https:\/\/acefootball.com\/da\/#organization","name":"Ace Football","url":"https:\/\/acefootball.com\/da\/","sameAs":["https:\/\/www.facebook.com\/acefootballdk"],"logo":{"@type":"ImageObject","@id":"https:\/\/acefootball.com\/da\/#logo","inLanguage":"en-US","url":"https:\/\/acefootball.com\/da\/wp-content\/uploads\/sites\/2\/2020\/07\/Ace-Football-30-07-2020-2.png","contentUrl":"https:\/\/acefootball.com\/da\/wp-content\/uploads\/sites\/2\/2020\/07\/Ace-Football-30-07-2020-2.png","width":1200,"height":600,"caption":"Ace Football"},"image":{"@id":"https:\/\/acefootball.com\/da\/#logo"}},{"@type":"WebSite","@id":"https:\/\/acefootball.com\/da\/#website","url":"https:\/\/acefootball.com\/da\/","name":"Ace Football Danmark","description":"Nyheder, Spiltips &amp; Livescore","publisher":{"@id":"https:\/\/acefootball.com\/da\/#organization"},"potentialAction":[{"@type":"SearchAction","target":{"@type":"EntryPoint","urlTemplate":"https:\/\/acefootball.com\/da\/?s={search_term_string}"},"query-input":"required name=search_term_string"}],"inLanguage":"en-US"},{"@type":"ImageObject","@id":"https:\/\/acefootball.com\/da\/fodboldnyheder\/david-silva-faar-plads-ved-siden-af-kompany-paa-etihad\/#primaryimage","inLanguage":"en-US","url":"https:\/\/acefootball.com\/da\/wp-content\/uploads\/sites\/2\/2020\/08\/GettyImages-1259210628.jpg","contentUrl":"https:\/\/acefootball.com\/da\/wp-content\/uploads\/sites\/2\/2020\/08\/GettyImages-1259210628.jpg","width":1024,"height":720,"caption":"MANCHESTER, ENGLAND - JULY 26: David Silva of Manchester City runs with the ball during the Premier League match between Manchester City and Norwich City at Etihad Stadium on July 26, 2020 in Manchester, England. Football Stadiums around Europe remain empty due to the Coronavirus Pandemic as Government social distancing laws prohibit fans inside venues resulting in all fixtures being played behind closed doors. (Photo by Shaun Botterill\/Getty Images)"},{"@type":"WebPage","@id":"https:\/\/acefootball.com\/da\/fodboldnyheder\/david-silva-faar-plads-ved-siden-af-kompany-paa-etihad\/#webpage","url":"https:\/\/acefootball.com\/da\/fodboldnyheder\/david-silva-faar-plads-ved-siden-af-kompany-paa-etihad\/","name":"David Silva f\u00e5r plads ved siden af Kompany p\u00e5 Etihad","isPartOf":{"@id":"https:\/\/acefootball.com\/da\/#website"},"primaryImageOfPage":{"@id":"https:\/\/acefootball.com\/da\/fodboldnyheder\/david-silva-faar-plads-ved-siden-af-kompany-paa-etihad\/#primaryimage"},"datePublished":"2020-08-18T16:22:39+00:00","dateModified":"2020-08-18T15:53:33+00:00","description":"Manchester City-formand Al Mubarak udtaler, at David Silva vil blive h\u00e6dret med en statue foran Etihad, ligesom Vincent Kompany bliver det","breadcrumb":{"@id":"https:\/\/acefootball.com\/da\/fodboldnyheder\/david-silva-faar-plads-ved-siden-af-kompany-paa-etihad\/#breadcrumb"},"inLanguage":"en-US","potentialAction":[{"@type":"ReadAction","target":["https:\/\/acefootball.com\/da\/fodboldnyheder\/david-silva-faar-plads-ved-siden-af-kompany-paa-etihad\/"]}]},{"@type":"BreadcrumbList","@id":"https:\/\/acefootball.com\/da\/fodboldnyheder\/david-silva-faar-plads-ved-siden-af-kompany-paa-etihad\/#breadcrumb","itemListElement":[{"@type":"ListItem","position":1,"name":"Home","item":"https:\/\/acefootball.com\/da\/"},{"@type":"ListItem","position":2,"name":"David Silva f\u00e5r plads ved siden af Kompany p\u00e5 Etihad"}]},{"@type":"Article","@id":"https:\/\/acefootball.com\/da\/fodboldnyheder\/david-silva-faar-plads-ved-siden-af-kompany-paa-etihad\/#article","isPartOf":{"@id":"https:\/\/acefootball.com\/da\/fodboldnyheder\/david-silva-faar-plads-ved-siden-af-kompany-paa-etihad\/#webpage"},"author":{"@id":"https:\/\/acefootball.com\/da\/#\/schema\/person\/ee67e9cf04a276f144100ffa722f10cd"},"headline":"David Silva f\u00e5r plads ved siden af Kompany p\u00e5 Etihad","datePublished":"2020-08-18T16:22:39+00:00","dateModified":"2020-08-18T15:53:33+00:00","mainEntityOfPage":{"@id":"https:\/\/acefootball.com\/da\/fodboldnyheder\/david-silva-faar-plads-ved-siden-af-kompany-paa-etihad\/#webpage"},"wordCount":167,"commentCount":0,"publisher":{"@id":"https:\/\/acefootball.com\/da\/#organization"},"image":{"@id":"https:\/\/acefootball.com\/da\/fodboldnyheder\/david-silva-faar-plads-ved-siden-af-kompany-paa-etihad\/#primaryimage"},"thumbnailUrl":"https:\/\/acefootball.com\/da\/wp-content\/uploads\/sites\/2\/2020\/08\/GettyImages-1259210628.jpg","keywords":["David Silva","Manchester City","Premier League","Vincent Kompany"],"articleSection":["Nyhed"],"inLanguage":"en-US","potentialAction":[{"@type":"CommentAction","name":"Comment","target":["https:\/\/acefootball.com\/da\/fodboldnyheder\/david-silva-faar-plads-ved-siden-af-kompany-paa-etihad\/#respond"]}]},{"@type":"Person","@id":"https:\/\/acefootball.com\/da\/#\/schema\/person\/ee67e9cf04a276f144100ffa722f10cd","name":"Mads Dreyer","image":{"@type":"ImageObject","@id":"https:\/\/acefootball.com\/da\/#personlogo","inLanguage":"en-US","url":"https:\/\/secure.gravatar.com\/avatar\/7c7abf72cfde9902b6a60efe60c88d4c?s=96&d=mm&r=g","contentUrl":"https:\/\/secure.gravatar.com\/avatar\/7c7abf72cfde9902b6a60efe60c88d4c?s=96&d=mm&r=g","caption":"Mads Dreyer"},"description":"Skribent og fodboldn\u00f8rd, der lige nu fort\u00e6ller om alt og intet i fodboldverdenen p\u00e5 acefootball.com. Uddannet i kommunikation fra Aalborg Universitet.","sameAs":["https:\/\/www.linkedin.com\/in\/mads-dreyer-b9b08266\/"],"url":"https:\/\/acefootball.com\/da\/fodboldnyheder\/author\/mdnronaldo\/"}]}},"fimg_url":"https:\/\/acefootball.com\/da\/wp-content\/uploads\/sites\/2\/2020\/08\/GettyImages-1259210628.jpg","_links":{"self":[{"href":"https:\/\/acefootball.com\/da\/wp-json\/wp\/v2\/posts\/234505"}],"collection":[{"href":"https:\/\/acefootball.com\/da\/wp-json\/wp\/v2\/posts"}],"about":[{"href":"https:\/\/acefootball.com\/da\/wp-json\/wp\/v2\/types\/post"}],"author":[{"embeddable":true,"href":"https:\/\/acefootball.com\/da\/wp-json\/wp\/v2\/users\/705"}],"replies":[{"embeddable":true,"href":"https:\/\/acefootball.com\/da\/wp-json\/wp\/v2\/comments?post=234505"}],"version-history":[{"count":0,"href":"https:\/\/acefootball.com\/da\/wp-json\/wp\/v2\/posts\/234505\/revisions"}],"wp:featuredmedia":[{"embeddable":true,"href":"https:\/\/acefootball.com\/da\/wp-json\/wp\/v2\/media\/234506"}],"wp:attachment":[{"href":"https:\/\/acefootball.com\/da\/wp-json\/wp\/v2\/media?parent=234505"}],"wp:term":[{"taxonomy":"category","embeddable":true,"href":"https:\/\/acefootball.com\/da\/wp-json\/wp\/v2\/categories?post=234505"},{"taxonomy":"post_tag","embeddable":true,"href":"https:\/\/acefootball.com\/da\/wp-json\/wp\/v2\/tags?post=234505"}],"curies":[{"name":"wp","href":"https:\/\/api.w.org\/{rel}","templated":true}]}}