{"id":234502,"date":"2020-08-18T17:57:02","date_gmt":"2020-08-18T15:57:02","guid":{"rendered":"https:\/\/acefootball.com\/da\/?p=234502"},"modified":"2020-08-18T17:22:24","modified_gmt":"2020-08-18T15:22:24","slug":"sky-sports-uefa-vil-aabne-stadion-til-europaeisk-super-cup","status":"publish","type":"post","link":"https:\/\/acefootball.com\/da\/fodboldnyheder\/sky-sports-uefa-vil-aabne-stadion-til-europaeisk-super-cup\/","title":{"rendered":"Sky Sports: UEFA vil \u00e5bne stadion til europ\u00e6isk Super Cup"},"content":{"rendered":"\n<h2>Der kan se ud til igen at komme tilskuere p\u00e5 l\u00e6gterne i europ\u00e6isk fodbold, da UEFA har planer om at \u00e5bne d\u00f8rene til Super Cup i september<\/h2>\n\n\n\n<p>Champions League og Europa League er i disse dage ved at blive afsluttet, men det sker som bekendt for lukkede d\u00f8re, da corona-pandemien stadig h\u00e6rger i Europa.<\/p>\n\n\n\n<p>Derfor m\u00e5 de to finaler desv\u00e6rre ogs\u00e5 blive spillet uden tilskuere, men der kan snart se ud til igen at blive \u00e5bnet op for tilskuere til store europ\u00e6iske kampe.<\/p>\n\n\n\n<figure class=\"wp-block-embed-wordpress wp-block-embed is-type-wp-embed is-provider-ace-football-danmark\"><div class=\"wp-block-embed__wrapper\">\n<blockquote class=\"wp-embedded-content\" data-secret=\"wHOvav09h0\"><a href=\"https:\/\/acefootball.com\/da\/fodboldnyheder\/gratis-spil-paa-cl-semifinale-yussuf-poulsen-og-leipzig-overrasker\/\">Gratis spil p\u00e5 CL-semifinale: Yussuf Poulsen og Leipzig overrasker<\/a><\/blockquote><iframe class=\"wp-embedded-content\" sandbox=\"allow-scripts\" security=\"restricted\" style=\"position: absolute; clip: rect(1px, 1px, 1px, 1px);\" title=\"&#8220;Gratis spil p\u00e5 CL-semifinale: Yussuf Poulsen og Leipzig overrasker&#8221; &#8212; Ace Football Danmark\" src=\"https:\/\/acefootball.com\/da\/fodboldnyheder\/gratis-spil-paa-cl-semifinale-yussuf-poulsen-og-leipzig-overrasker\/embed\/#?secret=wHOvav09h0\" data-secret=\"wHOvav09h0\" width=\"600\" height=\"338\" frameborder=\"0\" marginwidth=\"0\" marginheight=\"0\" scrolling=\"no\"><\/iframe>\n<\/div><\/figure>\n\n\n\n<p>If\u00f8lge Sky Sports Italia har UEFA nemlig planer om at give fans mulighed for at komme til Super Cup-kampen, hvor vinderen af Champions League og Europa League m\u00f8des. Det skriver <a href=\"https:\/\/www.football-italia.net\/157348\/report-uefa-opens-stadium-european-super-cup\" target=\"_blank\" rel=\"noreferrer noopener\">Football Italia<\/a>.<\/p>\n\n\n\n<p>Kampen skal spilles i Budapest den 24. september, og her vil 30 procent af Ferenc Puskas Stadiums i alt 38.000 tilskuerpladser v\u00e6re besatte.<\/p>\n\n\n\n<p>Beslutningen bliver if\u00f8lge mediet offentliggjort inden for de n\u00e6rmeste dage.<\/p>\n","protected":false},"excerpt":{"rendered":"<p>Der kan se ud til igen at komme tilskuere p\u00e5 l\u00e6gterne i europ\u00e6isk fodbold, da UEFA har planer om at \u00e5bne d\u00f8rene til Super Cup i september<\/p>\n","protected":false},"author":705,"featured_media":234503,"comment_status":"open","ping_status":"closed","sticky":false,"template":"","format":"standard","meta":{"om_disable_all_campaigns":false,"push_articles_ronaldo":{"active":false,"canonical":0,"publish":false},"force_updates":null},"categories":[1],"tags":[74,206,49,394,4315,461,351,77,642],"enet_tags":{"team":["9823","8636","9748","9847","178475","8302"],"league":["42","73","74"],"sport_events":[]},"yoast_head":"<!-- This site is optimized with the Yoast SEO plugin v18.3 - https:\/\/yoast.com\/wordpress\/plugins\/seo\/ -->\n<title>Sky Sports: UEFA vil \u00e5bne stadion til europ\u00e6isk Super Cup<\/title>\n<meta name=\"description\" content=\"Der kan se ud til igen at komme tilskuere p\u00e5 l\u00e6gterne i europ\u00e6isk fodbold, da UEFA har planer om at \u00e5bne d\u00f8rene til Super Cup i september\" \/>\n<meta name=\"robots\" content=\"index, follow, max-snippet:-1, max-image-preview:large, max-video-preview:-1\" \/>\n<link rel=\"canonical\" href=\"https:\/\/acefootball.com\/da\/fodboldnyheder\/sky-sports-uefa-vil-aabne-stadion-til-europaeisk-super-cup\/\" \/>\n<meta property=\"og:locale\" content=\"en_US\" \/>\n<meta property=\"og:type\" content=\"article\" \/>\n<meta property=\"og:title\" content=\"Sky Sports: UEFA vil \u00e5bne stadion til europ\u00e6isk Super Cup\" \/>\n<meta property=\"og:description\" content=\"Der kan se ud til igen at komme tilskuere p\u00e5 l\u00e6gterne i europ\u00e6isk fodbold, da UEFA har planer om at \u00e5bne d\u00f8rene til Super Cup i september\" \/>\n<meta property=\"og:url\" content=\"https:\/\/acefootball.com\/da\/fodboldnyheder\/sky-sports-uefa-vil-aabne-stadion-til-europaeisk-super-cup\/\" \/>\n<meta property=\"og:site_name\" content=\"Ace Football Danmark\" \/>\n<meta property=\"article:publisher\" content=\"https:\/\/www.facebook.com\/acefootballdk\" \/>\n<meta property=\"article:published_time\" content=\"2020-08-18T15:57:02+00:00\" \/>\n<meta property=\"article:modified_time\" content=\"2020-08-18T15:22:24+00:00\" \/>\n<meta property=\"og:image\" content=\"https:\/\/acefootball.com\/da\/wp-content\/uploads\/sites\/2\/2020\/08\/GettyImages-1168039711.jpg\" \/>\n\t<meta property=\"og:image:width\" content=\"1024\" \/>\n\t<meta property=\"og:image:height\" content=\"683\" \/>\n\t<meta property=\"og:image:type\" content=\"image\/jpeg\" \/>\n<meta name=\"twitter:card\" content=\"summary_large_image\" \/>\n<meta name=\"twitter:label1\" content=\"Written by\" \/>\n\t<meta name=\"twitter:data1\" content=\"Mads Dreyer\" \/>\n\t<meta name=\"twitter:label2\" content=\"Est. reading time\" \/>\n\t<meta name=\"twitter:data2\" content=\"1 minute\" \/>\n<script type=\"application\/ld+json\" class=\"yoast-schema-graph\">{\"@context\":\"https:\/\/schema.org\",\"@graph\":[{\"@type\":\"Organization\",\"@id\":\"https:\/\/acefootball.com\/da\/#organization\",\"name\":\"Ace Football\",\"url\":\"https:\/\/acefootball.com\/da\/\",\"sameAs\":[\"https:\/\/www.facebook.com\/acefootballdk\"],\"logo\":{\"@type\":\"ImageObject\",\"@id\":\"https:\/\/acefootball.com\/da\/#logo\",\"inLanguage\":\"en-US\",\"url\":\"https:\/\/acefootball.com\/da\/wp-content\/uploads\/sites\/2\/2020\/07\/Ace-Football-30-07-2020-2.png\",\"contentUrl\":\"https:\/\/acefootball.com\/da\/wp-content\/uploads\/sites\/2\/2020\/07\/Ace-Football-30-07-2020-2.png\",\"width\":1200,\"height\":600,\"caption\":\"Ace Football\"},\"image\":{\"@id\":\"https:\/\/acefootball.com\/da\/#logo\"}},{\"@type\":\"WebSite\",\"@id\":\"https:\/\/acefootball.com\/da\/#website\",\"url\":\"https:\/\/acefootball.com\/da\/\",\"name\":\"Ace Football Danmark\",\"description\":\"Nyheder, Spiltips &amp; Livescore\",\"publisher\":{\"@id\":\"https:\/\/acefootball.com\/da\/#organization\"},\"potentialAction\":[{\"@type\":\"SearchAction\",\"target\":{\"@type\":\"EntryPoint\",\"urlTemplate\":\"https:\/\/acefootball.com\/da\/?s={search_term_string}\"},\"query-input\":\"required name=search_term_string\"}],\"inLanguage\":\"en-US\"},{\"@type\":\"ImageObject\",\"@id\":\"https:\/\/acefootball.com\/da\/fodboldnyheder\/sky-sports-uefa-vil-aabne-stadion-til-europaeisk-super-cup\/#primaryimage\",\"inLanguage\":\"en-US\",\"url\":\"https:\/\/acefootball.com\/da\/wp-content\/uploads\/sites\/2\/2020\/08\/GettyImages-1168039711.jpg\",\"contentUrl\":\"https:\/\/acefootball.com\/da\/wp-content\/uploads\/sites\/2\/2020\/08\/GettyImages-1168039711.jpg\",\"width\":1024,\"height\":683,\"caption\":\"ISTANBUL, TURKEY - AUGUST 14: The UEFA Super Cup trophy is seen prior to the UEFA Super Cup match between Liverpool and Chelsea at Vodafone Park on August 14, 2019 in Istanbul, Turkey. (Photo by Michael Regan\/Getty Images)\"},{\"@type\":\"WebPage\",\"@id\":\"https:\/\/acefootball.com\/da\/fodboldnyheder\/sky-sports-uefa-vil-aabne-stadion-til-europaeisk-super-cup\/#webpage\",\"url\":\"https:\/\/acefootball.com\/da\/fodboldnyheder\/sky-sports-uefa-vil-aabne-stadion-til-europaeisk-super-cup\/\",\"name\":\"Sky Sports: UEFA vil \u00e5bne stadion til europ\u00e6isk Super Cup\",\"isPartOf\":{\"@id\":\"https:\/\/acefootball.com\/da\/#website\"},\"primaryImageOfPage\":{\"@id\":\"https:\/\/acefootball.com\/da\/fodboldnyheder\/sky-sports-uefa-vil-aabne-stadion-til-europaeisk-super-cup\/#primaryimage\"},\"datePublished\":\"2020-08-18T15:57:02+00:00\",\"dateModified\":\"2020-08-18T15:22:24+00:00\",\"description\":\"Der kan se ud til igen at komme tilskuere p\u00e5 l\u00e6gterne i europ\u00e6isk fodbold, da UEFA har planer om at \u00e5bne d\u00f8rene til Super Cup i september\",\"breadcrumb\":{\"@id\":\"https:\/\/acefootball.com\/da\/fodboldnyheder\/sky-sports-uefa-vil-aabne-stadion-til-europaeisk-super-cup\/#breadcrumb\"},\"inLanguage\":\"en-US\",\"potentialAction\":[{\"@type\":\"ReadAction\",\"target\":[\"https:\/\/acefootball.com\/da\/fodboldnyheder\/sky-sports-uefa-vil-aabne-stadion-til-europaeisk-super-cup\/\"]}]},{\"@type\":\"BreadcrumbList\",\"@id\":\"https:\/\/acefootball.com\/da\/fodboldnyheder\/sky-sports-uefa-vil-aabne-stadion-til-europaeisk-super-cup\/#breadcrumb\",\"itemListElement\":[{\"@type\":\"ListItem\",\"position\":1,\"name\":\"Home\",\"item\":\"https:\/\/acefootball.com\/da\/\"},{\"@type\":\"ListItem\",\"position\":2,\"name\":\"Sky Sports: UEFA vil \u00e5bne stadion til europ\u00e6isk Super Cup\"}]},{\"@type\":\"Article\",\"@id\":\"https:\/\/acefootball.com\/da\/fodboldnyheder\/sky-sports-uefa-vil-aabne-stadion-til-europaeisk-super-cup\/#article\",\"isPartOf\":{\"@id\":\"https:\/\/acefootball.com\/da\/fodboldnyheder\/sky-sports-uefa-vil-aabne-stadion-til-europaeisk-super-cup\/#webpage\"},\"author\":{\"@id\":\"https:\/\/acefootball.com\/da\/#\/schema\/person\/ee67e9cf04a276f144100ffa722f10cd\"},\"headline\":\"Sky Sports: UEFA vil \u00e5bne stadion til europ\u00e6isk Super Cup\",\"datePublished\":\"2020-08-18T15:57:02+00:00\",\"dateModified\":\"2020-08-18T15:22:24+00:00\",\"mainEntityOfPage\":{\"@id\":\"https:\/\/acefootball.com\/da\/fodboldnyheder\/sky-sports-uefa-vil-aabne-stadion-til-europaeisk-super-cup\/#webpage\"},\"wordCount\":174,\"commentCount\":0,\"publisher\":{\"@id\":\"https:\/\/acefootball.com\/da\/#organization\"},\"image\":{\"@id\":\"https:\/\/acefootball.com\/da\/fodboldnyheder\/sky-sports-uefa-vil-aabne-stadion-til-europaeisk-super-cup\/#primaryimage\"},\"thumbnailUrl\":\"https:\/\/acefootball.com\/da\/wp-content\/uploads\/sites\/2\/2020\/08\/GettyImages-1168039711.jpg\",\"keywords\":[\"Bayern M\u00fcnchen\",\"Champions League\",\"Europa League\",\"Inter Milan\",\"Olympique Lyon\",\"Paris Saint-Germain\",\"RB Leipzig\",\"Sevilla\",\"UEFA Super Cup\"],\"articleSection\":[\"Nyhed\"],\"inLanguage\":\"en-US\",\"potentialAction\":[{\"@type\":\"CommentAction\",\"name\":\"Comment\",\"target\":[\"https:\/\/acefootball.com\/da\/fodboldnyheder\/sky-sports-uefa-vil-aabne-stadion-til-europaeisk-super-cup\/#respond\"]}]},{\"@type\":\"Person\",\"@id\":\"https:\/\/acefootball.com\/da\/#\/schema\/person\/ee67e9cf04a276f144100ffa722f10cd\",\"name\":\"Mads Dreyer\",\"image\":{\"@type\":\"ImageObject\",\"@id\":\"https:\/\/acefootball.com\/da\/#personlogo\",\"inLanguage\":\"en-US\",\"url\":\"https:\/\/secure.gravatar.com\/avatar\/7c7abf72cfde9902b6a60efe60c88d4c?s=96&d=mm&r=g\",\"contentUrl\":\"https:\/\/secure.gravatar.com\/avatar\/7c7abf72cfde9902b6a60efe60c88d4c?s=96&d=mm&r=g\",\"caption\":\"Mads Dreyer\"},\"description\":\"Skribent og fodboldn\u00f8rd, der lige nu fort\u00e6ller om alt og intet i fodboldverdenen p\u00e5 acefootball.com. Uddannet i kommunikation fra Aalborg Universitet.\",\"sameAs\":[\"https:\/\/www.linkedin.com\/in\/mads-dreyer-b9b08266\/\"],\"url\":\"https:\/\/acefootball.com\/da\/fodboldnyheder\/author\/mdnronaldo\/\"}]}<\/script>\n<!-- \/ Yoast SEO plugin. -->","yoast_head_json":{"title":"Sky Sports: UEFA vil \u00e5bne stadion til europ\u00e6isk Super Cup","description":"Der kan se ud til igen at komme tilskuere p\u00e5 l\u00e6gterne i europ\u00e6isk fodbold, da UEFA har planer om at \u00e5bne d\u00f8rene til Super Cup i september","robots":{"index":"index","follow":"follow","max-snippet":"max-snippet:-1","max-image-preview":"max-image-preview:large","max-video-preview":"max-video-preview:-1"},"canonical":"https:\/\/acefootball.com\/da\/fodboldnyheder\/sky-sports-uefa-vil-aabne-stadion-til-europaeisk-super-cup\/","og_locale":"en_US","og_type":"article","og_title":"Sky Sports: UEFA vil \u00e5bne stadion til europ\u00e6isk Super Cup","og_description":"Der kan se ud til igen at komme tilskuere p\u00e5 l\u00e6gterne i europ\u00e6isk fodbold, da UEFA har planer om at \u00e5bne d\u00f8rene til Super Cup i september","og_url":"https:\/\/acefootball.com\/da\/fodboldnyheder\/sky-sports-uefa-vil-aabne-stadion-til-europaeisk-super-cup\/","og_site_name":"Ace Football Danmark","article_publisher":"https:\/\/www.facebook.com\/acefootballdk","article_published_time":"2020-08-18T15:57:02+00:00","article_modified_time":"2020-08-18T15:22:24+00:00","og_image":[{"width":1024,"height":683,"url":"https:\/\/acefootball.com\/da\/wp-content\/uploads\/sites\/2\/2020\/08\/GettyImages-1168039711.jpg","type":"image\/jpeg"}],"twitter_card":"summary_large_image","twitter_misc":{"Written by":"Mads Dreyer","Est. reading time":"1 minute"},"schema":{"@context":"https:\/\/schema.org","@graph":[{"@type":"Organization","@id":"https:\/\/acefootball.com\/da\/#organization","name":"Ace Football","url":"https:\/\/acefootball.com\/da\/","sameAs":["https:\/\/www.facebook.com\/acefootballdk"],"logo":{"@type":"ImageObject","@id":"https:\/\/acefootball.com\/da\/#logo","inLanguage":"en-US","url":"https:\/\/acefootball.com\/da\/wp-content\/uploads\/sites\/2\/2020\/07\/Ace-Football-30-07-2020-2.png","contentUrl":"https:\/\/acefootball.com\/da\/wp-content\/uploads\/sites\/2\/2020\/07\/Ace-Football-30-07-2020-2.png","width":1200,"height":600,"caption":"Ace Football"},"image":{"@id":"https:\/\/acefootball.com\/da\/#logo"}},{"@type":"WebSite","@id":"https:\/\/acefootball.com\/da\/#website","url":"https:\/\/acefootball.com\/da\/","name":"Ace Football Danmark","description":"Nyheder, Spiltips &amp; Livescore","publisher":{"@id":"https:\/\/acefootball.com\/da\/#organization"},"potentialAction":[{"@type":"SearchAction","target":{"@type":"EntryPoint","urlTemplate":"https:\/\/acefootball.com\/da\/?s={search_term_string}"},"query-input":"required name=search_term_string"}],"inLanguage":"en-US"},{"@type":"ImageObject","@id":"https:\/\/acefootball.com\/da\/fodboldnyheder\/sky-sports-uefa-vil-aabne-stadion-til-europaeisk-super-cup\/#primaryimage","inLanguage":"en-US","url":"https:\/\/acefootball.com\/da\/wp-content\/uploads\/sites\/2\/2020\/08\/GettyImages-1168039711.jpg","contentUrl":"https:\/\/acefootball.com\/da\/wp-content\/uploads\/sites\/2\/2020\/08\/GettyImages-1168039711.jpg","width":1024,"height":683,"caption":"ISTANBUL, TURKEY - AUGUST 14: The UEFA Super Cup trophy is seen prior to the UEFA Super Cup match between Liverpool and Chelsea at Vodafone Park on August 14, 2019 in Istanbul, Turkey. (Photo by Michael Regan\/Getty Images)"},{"@type":"WebPage","@id":"https:\/\/acefootball.com\/da\/fodboldnyheder\/sky-sports-uefa-vil-aabne-stadion-til-europaeisk-super-cup\/#webpage","url":"https:\/\/acefootball.com\/da\/fodboldnyheder\/sky-sports-uefa-vil-aabne-stadion-til-europaeisk-super-cup\/","name":"Sky Sports: UEFA vil \u00e5bne stadion til europ\u00e6isk Super Cup","isPartOf":{"@id":"https:\/\/acefootball.com\/da\/#website"},"primaryImageOfPage":{"@id":"https:\/\/acefootball.com\/da\/fodboldnyheder\/sky-sports-uefa-vil-aabne-stadion-til-europaeisk-super-cup\/#primaryimage"},"datePublished":"2020-08-18T15:57:02+00:00","dateModified":"2020-08-18T15:22:24+00:00","description":"Der kan se ud til igen at komme tilskuere p\u00e5 l\u00e6gterne i europ\u00e6isk fodbold, da UEFA har planer om at \u00e5bne d\u00f8rene til Super Cup i september","breadcrumb":{"@id":"https:\/\/acefootball.com\/da\/fodboldnyheder\/sky-sports-uefa-vil-aabne-stadion-til-europaeisk-super-cup\/#breadcrumb"},"inLanguage":"en-US","potentialAction":[{"@type":"ReadAction","target":["https:\/\/acefootball.com\/da\/fodboldnyheder\/sky-sports-uefa-vil-aabne-stadion-til-europaeisk-super-cup\/"]}]},{"@type":"BreadcrumbList","@id":"https:\/\/acefootball.com\/da\/fodboldnyheder\/sky-sports-uefa-vil-aabne-stadion-til-europaeisk-super-cup\/#breadcrumb","itemListElement":[{"@type":"ListItem","position":1,"name":"Home","item":"https:\/\/acefootball.com\/da\/"},{"@type":"ListItem","position":2,"name":"Sky Sports: UEFA vil \u00e5bne stadion til europ\u00e6isk Super Cup"}]},{"@type":"Article","@id":"https:\/\/acefootball.com\/da\/fodboldnyheder\/sky-sports-uefa-vil-aabne-stadion-til-europaeisk-super-cup\/#article","isPartOf":{"@id":"https:\/\/acefootball.com\/da\/fodboldnyheder\/sky-sports-uefa-vil-aabne-stadion-til-europaeisk-super-cup\/#webpage"},"author":{"@id":"https:\/\/acefootball.com\/da\/#\/schema\/person\/ee67e9cf04a276f144100ffa722f10cd"},"headline":"Sky Sports: UEFA vil \u00e5bne stadion til europ\u00e6isk Super Cup","datePublished":"2020-08-18T15:57:02+00:00","dateModified":"2020-08-18T15:22:24+00:00","mainEntityOfPage":{"@id":"https:\/\/acefootball.com\/da\/fodboldnyheder\/sky-sports-uefa-vil-aabne-stadion-til-europaeisk-super-cup\/#webpage"},"wordCount":174,"commentCount":0,"publisher":{"@id":"https:\/\/acefootball.com\/da\/#organization"},"image":{"@id":"https:\/\/acefootball.com\/da\/fodboldnyheder\/sky-sports-uefa-vil-aabne-stadion-til-europaeisk-super-cup\/#primaryimage"},"thumbnailUrl":"https:\/\/acefootball.com\/da\/wp-content\/uploads\/sites\/2\/2020\/08\/GettyImages-1168039711.jpg","keywords":["Bayern M\u00fcnchen","Champions League","Europa League","Inter Milan","Olympique Lyon","Paris Saint-Germain","RB Leipzig","Sevilla","UEFA Super Cup"],"articleSection":["Nyhed"],"inLanguage":"en-US","potentialAction":[{"@type":"CommentAction","name":"Comment","target":["https:\/\/acefootball.com\/da\/fodboldnyheder\/sky-sports-uefa-vil-aabne-stadion-til-europaeisk-super-cup\/#respond"]}]},{"@type":"Person","@id":"https:\/\/acefootball.com\/da\/#\/schema\/person\/ee67e9cf04a276f144100ffa722f10cd","name":"Mads Dreyer","image":{"@type":"ImageObject","@id":"https:\/\/acefootball.com\/da\/#personlogo","inLanguage":"en-US","url":"https:\/\/secure.gravatar.com\/avatar\/7c7abf72cfde9902b6a60efe60c88d4c?s=96&d=mm&r=g","contentUrl":"https:\/\/secure.gravatar.com\/avatar\/7c7abf72cfde9902b6a60efe60c88d4c?s=96&d=mm&r=g","caption":"Mads Dreyer"},"description":"Skribent og fodboldn\u00f8rd, der lige nu fort\u00e6ller om alt og intet i fodboldverdenen p\u00e5 acefootball.com. Uddannet i kommunikation fra Aalborg Universitet.","sameAs":["https:\/\/www.linkedin.com\/in\/mads-dreyer-b9b08266\/"],"url":"https:\/\/acefootball.com\/da\/fodboldnyheder\/author\/mdnronaldo\/"}]}},"fimg_url":"https:\/\/acefootball.com\/da\/wp-content\/uploads\/sites\/2\/2020\/08\/GettyImages-1168039711.jpg","_links":{"self":[{"href":"https:\/\/acefootball.com\/da\/wp-json\/wp\/v2\/posts\/234502"}],"collection":[{"href":"https:\/\/acefootball.com\/da\/wp-json\/wp\/v2\/posts"}],"about":[{"href":"https:\/\/acefootball.com\/da\/wp-json\/wp\/v2\/types\/post"}],"author":[{"embeddable":true,"href":"https:\/\/acefootball.com\/da\/wp-json\/wp\/v2\/users\/705"}],"replies":[{"embeddable":true,"href":"https:\/\/acefootball.com\/da\/wp-json\/wp\/v2\/comments?post=234502"}],"version-history":[{"count":0,"href":"https:\/\/acefootball.com\/da\/wp-json\/wp\/v2\/posts\/234502\/revisions"}],"wp:featuredmedia":[{"embeddable":true,"href":"https:\/\/acefootball.com\/da\/wp-json\/wp\/v2\/media\/234503"}],"wp:attachment":[{"href":"https:\/\/acefootball.com\/da\/wp-json\/wp\/v2\/media?parent=234502"}],"wp:term":[{"taxonomy":"category","embeddable":true,"href":"https:\/\/acefootball.com\/da\/wp-json\/wp\/v2\/categories?post=234502"},{"taxonomy":"post_tag","embeddable":true,"href":"https:\/\/acefootball.com\/da\/wp-json\/wp\/v2\/tags?post=234502"}],"curies":[{"name":"wp","href":"https:\/\/api.w.org\/{rel}","templated":true}]}}