{"id":234497,"date":"2020-08-18T16:52:44","date_gmt":"2020-08-18T14:52:44","guid":{"rendered":"https:\/\/acefootball.com\/da\/?p=234497"},"modified":"2020-08-18T16:53:12","modified_gmt":"2020-08-18T14:53:12","slug":"medie-broendby-angriber-taet-paa-ny-lejeaftale","status":"publish","type":"post","link":"https:\/\/acefootball.com\/da\/fodboldnyheder\/medie-broendby-angriber-taet-paa-ny-lejeaftale\/","title":{"rendered":"Medie: Br\u00f8ndby-angriber t\u00e6t p\u00e5 ny lejeaftale"},"content":{"rendered":"\n<h2>If\u00f8lge Tipsbladet bliver Br\u00f8ndbys Ante Erceg igen i den kommende s\u00e6son sendt p\u00e5 udl\u00e5n &#8211; denne gang i hjemlandet Kroatien<\/h2>\n\n\n\n<p>Ante Erceg har ikke v\u00e6ret nogen succes i Br\u00f8ndby IF, efter han blev hentet til klubben for to \u00e5r siden.<\/p>\n\n\n\n<p>Derfor blev han i sidste s\u00e6son sendt p\u00e5 en et\u00e5rig lejeaftale hos ligakollegaerne Esbjerg fB, men heller ikke her slog den kroatiske angriber til.<\/p>\n\n\n\n<div class=\"wp-block-si-widget wp-block-si-widget--center\"><si-lb-widget widget-id=\"PlayerSeasonProfile\" width=\"440\" data-card=\"true\" data-language=\"da\" data-provider=\"mrgreen\" data-player-id=\"206388\"><\/si-lb-widget><\/div>\n\n\n\n<p>Det har efter sigende f\u00e5et de bl\u00e5gule til at fors\u00f8ge at s\u00e6lge Erceg, men den store l\u00f8n skr\u00e6mmer de fleste bejlere v\u00e6k. Nu ser man dog alligevel ud til at slippe af med Superliga-floppet, men if\u00f8lge <a href=\"https:\/\/www.tipsbladet.dk\/nyhed\/superliga\/ante-erceg-naermer-sig-exit-i-broendby\" target=\"_blank\" rel=\"noreferrer noopener\">Tipsb<\/a><a href=\"https:\/\/www.tipsbladet.dk\/nyhed\/superliga\/ante-erceg-naermer-sig-exit-i-broendby\">ladet <\/a>bliver det ikke til mere end endnu en lejeaftale.<\/p>\n\n\n\n<p>Mediet skriver, at Br\u00f8ndby er ganske t\u00e6t p\u00e5 at kunne sende Erceg p\u00e5 et nyt lejeophold, som denne gang bliver hos en klub i hjemlandet. Handlen skulle gerne falde p\u00e5 plads senest i n\u00e6ste uge.<\/p>\n\n\n\n<p>Det fremg\u00e5r ikke, hvor stor en portion af l\u00f8nnen, den nye klub overtager.<\/p>\n\n\n\n<figure class=\"wp-block-embed-wordpress wp-block-embed is-type-wp-embed is-provider-ace-football-danmark\"><div class=\"wp-block-embed__wrapper\">\n<blockquote class=\"wp-embedded-content\" data-secret=\"nJtHhyXY4m\"><a href=\"https:\/\/acefootball.com\/da\/fodboldnyheder\/journalist-broendbys-uhre-staar-hoejt-paa-lyngbys-oenskeliste\/\">Journalist: Br\u00f8ndbys Uhre st\u00e5r h\u00f8jt p\u00e5 Lyngbys \u00f8nskeliste<\/a><\/blockquote><iframe class=\"wp-embedded-content\" sandbox=\"allow-scripts\" security=\"restricted\" style=\"position: absolute; clip: rect(1px, 1px, 1px, 1px);\" title=\"&#8220;Journalist: Br\u00f8ndbys Uhre st\u00e5r h\u00f8jt p\u00e5 Lyngbys \u00f8nskeliste&#8221; &#8212; Ace Football Danmark\" src=\"https:\/\/acefootball.com\/da\/fodboldnyheder\/journalist-broendbys-uhre-staar-hoejt-paa-lyngbys-oenskeliste\/embed\/#?secret=nJtHhyXY4m\" data-secret=\"nJtHhyXY4m\" width=\"600\" height=\"338\" frameborder=\"0\" marginwidth=\"0\" marginheight=\"0\" scrolling=\"no\"><\/iframe>\n<\/div><\/figure>\n","protected":false},"excerpt":{"rendered":"<p>If\u00f8lge Tipsbladet bliver Br\u00f8ndbys Ante Erceg igen i den kommende s\u00e6son sendt p\u00e5 udl\u00e5n &#8211; denne gang i hjemlandet Kroatien<\/p>\n","protected":false},"author":705,"featured_media":234498,"comment_status":"open","ping_status":"closed","sticky":false,"template":"","format":"standard","meta":{"om_disable_all_campaigns":false,"push_articles_ronaldo":{"active":false,"canonical":0,"publish":false},"force_updates":null},"categories":[7],"tags":[1768,53,588],"enet_tags":{"player":["206388"],"team":["8595"],"league":["46"],"sport_events":[]},"yoast_head":"<!-- This site is optimized with the Yoast SEO plugin v18.3 - https:\/\/yoast.com\/wordpress\/plugins\/seo\/ -->\n<title>Medie: Br\u00f8ndby-angriber t\u00e6t p\u00e5 ny lejeaftale<\/title>\n<meta name=\"description\" content=\"If\u00f8lge Tipsbladet bliver Br\u00f8ndbys Ante Erceg igen i den kommende s\u00e6son sendt p\u00e5 udl\u00e5n - denne gang i hjemlandet Kroatien\" \/>\n<meta name=\"robots\" content=\"index, follow, max-snippet:-1, max-image-preview:large, max-video-preview:-1\" \/>\n<link rel=\"canonical\" href=\"https:\/\/acefootball.com\/da\/fodboldnyheder\/medie-broendby-angriber-taet-paa-ny-lejeaftale\/\" \/>\n<meta property=\"og:locale\" content=\"en_US\" \/>\n<meta property=\"og:type\" content=\"article\" \/>\n<meta property=\"og:title\" content=\"Medie: Br\u00f8ndby-angriber t\u00e6t p\u00e5 ny lejeaftale\" \/>\n<meta property=\"og:description\" content=\"If\u00f8lge Tipsbladet bliver Br\u00f8ndbys Ante Erceg igen i den kommende s\u00e6son sendt p\u00e5 udl\u00e5n - denne gang i hjemlandet Kroatien\" \/>\n<meta property=\"og:url\" content=\"https:\/\/acefootball.com\/da\/fodboldnyheder\/medie-broendby-angriber-taet-paa-ny-lejeaftale\/\" \/>\n<meta property=\"og:site_name\" content=\"Ace Football Danmark\" \/>\n<meta property=\"article:publisher\" content=\"https:\/\/www.facebook.com\/acefootballdk\" \/>\n<meta property=\"article:published_time\" content=\"2020-08-18T14:52:44+00:00\" \/>\n<meta property=\"article:modified_time\" content=\"2020-08-18T14:53:12+00:00\" \/>\n<meta property=\"og:image\" content=\"https:\/\/acefootball.com\/da\/wp-content\/uploads\/sites\/2\/2020\/08\/GettyImages-1162397796.jpg\" \/>\n\t<meta property=\"og:image:width\" content=\"1024\" \/>\n\t<meta property=\"og:image:height\" content=\"692\" \/>\n\t<meta property=\"og:image:type\" content=\"image\/jpeg\" \/>\n<meta name=\"twitter:card\" content=\"summary_large_image\" \/>\n<meta name=\"twitter:label1\" content=\"Written by\" \/>\n\t<meta name=\"twitter:data1\" content=\"Mads Dreyer\" \/>\n\t<meta name=\"twitter:label2\" content=\"Est. reading time\" \/>\n\t<meta name=\"twitter:data2\" content=\"1 minute\" \/>\n<script type=\"application\/ld+json\" class=\"yoast-schema-graph\">{\"@context\":\"https:\/\/schema.org\",\"@graph\":[{\"@type\":\"Organization\",\"@id\":\"https:\/\/acefootball.com\/da\/#organization\",\"name\":\"Ace Football\",\"url\":\"https:\/\/acefootball.com\/da\/\",\"sameAs\":[\"https:\/\/www.facebook.com\/acefootballdk\"],\"logo\":{\"@type\":\"ImageObject\",\"@id\":\"https:\/\/acefootball.com\/da\/#logo\",\"inLanguage\":\"en-US\",\"url\":\"https:\/\/acefootball.com\/da\/wp-content\/uploads\/sites\/2\/2020\/07\/Ace-Football-30-07-2020-2.png\",\"contentUrl\":\"https:\/\/acefootball.com\/da\/wp-content\/uploads\/sites\/2\/2020\/07\/Ace-Football-30-07-2020-2.png\",\"width\":1200,\"height\":600,\"caption\":\"Ace Football\"},\"image\":{\"@id\":\"https:\/\/acefootball.com\/da\/#logo\"}},{\"@type\":\"WebSite\",\"@id\":\"https:\/\/acefootball.com\/da\/#website\",\"url\":\"https:\/\/acefootball.com\/da\/\",\"name\":\"Ace Football Danmark\",\"description\":\"Nyheder, Spiltips &amp; Livescore\",\"publisher\":{\"@id\":\"https:\/\/acefootball.com\/da\/#organization\"},\"potentialAction\":[{\"@type\":\"SearchAction\",\"target\":{\"@type\":\"EntryPoint\",\"urlTemplate\":\"https:\/\/acefootball.com\/da\/?s={search_term_string}\"},\"query-input\":\"required name=search_term_string\"}],\"inLanguage\":\"en-US\"},{\"@type\":\"ImageObject\",\"@id\":\"https:\/\/acefootball.com\/da\/fodboldnyheder\/medie-broendby-angriber-taet-paa-ny-lejeaftale\/#primaryimage\",\"inLanguage\":\"en-US\",\"url\":\"https:\/\/acefootball.com\/da\/wp-content\/uploads\/sites\/2\/2020\/08\/GettyImages-1162397796.jpg\",\"contentUrl\":\"https:\/\/acefootball.com\/da\/wp-content\/uploads\/sites\/2\/2020\/08\/GettyImages-1162397796.jpg\",\"width\":1024,\"height\":692,\"caption\":\"BRONDBY, DENMARK - AUGUST 18: Ante Erceg of Brondby IF controls the ball during the Danish 3F Superliga match between Brondby IF and AaB Aalborg at Brondby Stadion on August 18, 2019 in Brondby, Denmark. (Photo by Lars Ronbog \/ FrontZoneSport via Getty Images)\"},{\"@type\":\"WebPage\",\"@id\":\"https:\/\/acefootball.com\/da\/fodboldnyheder\/medie-broendby-angriber-taet-paa-ny-lejeaftale\/#webpage\",\"url\":\"https:\/\/acefootball.com\/da\/fodboldnyheder\/medie-broendby-angriber-taet-paa-ny-lejeaftale\/\",\"name\":\"Medie: Br\u00f8ndby-angriber t\u00e6t p\u00e5 ny lejeaftale\",\"isPartOf\":{\"@id\":\"https:\/\/acefootball.com\/da\/#website\"},\"primaryImageOfPage\":{\"@id\":\"https:\/\/acefootball.com\/da\/fodboldnyheder\/medie-broendby-angriber-taet-paa-ny-lejeaftale\/#primaryimage\"},\"datePublished\":\"2020-08-18T14:52:44+00:00\",\"dateModified\":\"2020-08-18T14:53:12+00:00\",\"description\":\"If\u00f8lge Tipsbladet bliver Br\u00f8ndbys Ante Erceg igen i den kommende s\u00e6son sendt p\u00e5 udl\u00e5n - denne gang i hjemlandet Kroatien\",\"breadcrumb\":{\"@id\":\"https:\/\/acefootball.com\/da\/fodboldnyheder\/medie-broendby-angriber-taet-paa-ny-lejeaftale\/#breadcrumb\"},\"inLanguage\":\"en-US\",\"potentialAction\":[{\"@type\":\"ReadAction\",\"target\":[\"https:\/\/acefootball.com\/da\/fodboldnyheder\/medie-broendby-angriber-taet-paa-ny-lejeaftale\/\"]}]},{\"@type\":\"BreadcrumbList\",\"@id\":\"https:\/\/acefootball.com\/da\/fodboldnyheder\/medie-broendby-angriber-taet-paa-ny-lejeaftale\/#breadcrumb\",\"itemListElement\":[{\"@type\":\"ListItem\",\"position\":1,\"name\":\"Home\",\"item\":\"https:\/\/acefootball.com\/da\/\"},{\"@type\":\"ListItem\",\"position\":2,\"name\":\"Medie: Br\u00f8ndby-angriber t\u00e6t p\u00e5 ny lejeaftale\"}]},{\"@type\":\"Article\",\"@id\":\"https:\/\/acefootball.com\/da\/fodboldnyheder\/medie-broendby-angriber-taet-paa-ny-lejeaftale\/#article\",\"isPartOf\":{\"@id\":\"https:\/\/acefootball.com\/da\/fodboldnyheder\/medie-broendby-angriber-taet-paa-ny-lejeaftale\/#webpage\"},\"author\":{\"@id\":\"https:\/\/acefootball.com\/da\/#\/schema\/person\/ee67e9cf04a276f144100ffa722f10cd\"},\"headline\":\"Medie: Br\u00f8ndby-angriber t\u00e6t p\u00e5 ny lejeaftale\",\"datePublished\":\"2020-08-18T14:52:44+00:00\",\"dateModified\":\"2020-08-18T14:53:12+00:00\",\"mainEntityOfPage\":{\"@id\":\"https:\/\/acefootball.com\/da\/fodboldnyheder\/medie-broendby-angriber-taet-paa-ny-lejeaftale\/#webpage\"},\"wordCount\":193,\"commentCount\":0,\"publisher\":{\"@id\":\"https:\/\/acefootball.com\/da\/#organization\"},\"image\":{\"@id\":\"https:\/\/acefootball.com\/da\/fodboldnyheder\/medie-broendby-angriber-taet-paa-ny-lejeaftale\/#primaryimage\"},\"thumbnailUrl\":\"https:\/\/acefootball.com\/da\/wp-content\/uploads\/sites\/2\/2020\/08\/GettyImages-1162397796.jpg\",\"keywords\":[\"Ante Erceg\",\"Br\u00f8ndby IF\",\"Superligaen\"],\"articleSection\":[\"Transfer\"],\"inLanguage\":\"en-US\",\"potentialAction\":[{\"@type\":\"CommentAction\",\"name\":\"Comment\",\"target\":[\"https:\/\/acefootball.com\/da\/fodboldnyheder\/medie-broendby-angriber-taet-paa-ny-lejeaftale\/#respond\"]}]},{\"@type\":\"Person\",\"@id\":\"https:\/\/acefootball.com\/da\/#\/schema\/person\/ee67e9cf04a276f144100ffa722f10cd\",\"name\":\"Mads Dreyer\",\"image\":{\"@type\":\"ImageObject\",\"@id\":\"https:\/\/acefootball.com\/da\/#personlogo\",\"inLanguage\":\"en-US\",\"url\":\"https:\/\/secure.gravatar.com\/avatar\/7c7abf72cfde9902b6a60efe60c88d4c?s=96&d=mm&r=g\",\"contentUrl\":\"https:\/\/secure.gravatar.com\/avatar\/7c7abf72cfde9902b6a60efe60c88d4c?s=96&d=mm&r=g\",\"caption\":\"Mads Dreyer\"},\"description\":\"Skribent og fodboldn\u00f8rd, der lige nu fort\u00e6ller om alt og intet i fodboldverdenen p\u00e5 acefootball.com. Uddannet i kommunikation fra Aalborg Universitet.\",\"sameAs\":[\"https:\/\/www.linkedin.com\/in\/mads-dreyer-b9b08266\/\"],\"url\":\"https:\/\/acefootball.com\/da\/fodboldnyheder\/author\/mdnronaldo\/\"}]}<\/script>\n<!-- \/ Yoast SEO plugin. -->","yoast_head_json":{"title":"Medie: Br\u00f8ndby-angriber t\u00e6t p\u00e5 ny lejeaftale","description":"If\u00f8lge Tipsbladet bliver Br\u00f8ndbys Ante Erceg igen i den kommende s\u00e6son sendt p\u00e5 udl\u00e5n - denne gang i hjemlandet Kroatien","robots":{"index":"index","follow":"follow","max-snippet":"max-snippet:-1","max-image-preview":"max-image-preview:large","max-video-preview":"max-video-preview:-1"},"canonical":"https:\/\/acefootball.com\/da\/fodboldnyheder\/medie-broendby-angriber-taet-paa-ny-lejeaftale\/","og_locale":"en_US","og_type":"article","og_title":"Medie: Br\u00f8ndby-angriber t\u00e6t p\u00e5 ny lejeaftale","og_description":"If\u00f8lge Tipsbladet bliver Br\u00f8ndbys Ante Erceg igen i den kommende s\u00e6son sendt p\u00e5 udl\u00e5n - denne gang i hjemlandet Kroatien","og_url":"https:\/\/acefootball.com\/da\/fodboldnyheder\/medie-broendby-angriber-taet-paa-ny-lejeaftale\/","og_site_name":"Ace Football Danmark","article_publisher":"https:\/\/www.facebook.com\/acefootballdk","article_published_time":"2020-08-18T14:52:44+00:00","article_modified_time":"2020-08-18T14:53:12+00:00","og_image":[{"width":1024,"height":692,"url":"https:\/\/acefootball.com\/da\/wp-content\/uploads\/sites\/2\/2020\/08\/GettyImages-1162397796.jpg","type":"image\/jpeg"}],"twitter_card":"summary_large_image","twitter_misc":{"Written by":"Mads Dreyer","Est. reading time":"1 minute"},"schema":{"@context":"https:\/\/schema.org","@graph":[{"@type":"Organization","@id":"https:\/\/acefootball.com\/da\/#organization","name":"Ace Football","url":"https:\/\/acefootball.com\/da\/","sameAs":["https:\/\/www.facebook.com\/acefootballdk"],"logo":{"@type":"ImageObject","@id":"https:\/\/acefootball.com\/da\/#logo","inLanguage":"en-US","url":"https:\/\/acefootball.com\/da\/wp-content\/uploads\/sites\/2\/2020\/07\/Ace-Football-30-07-2020-2.png","contentUrl":"https:\/\/acefootball.com\/da\/wp-content\/uploads\/sites\/2\/2020\/07\/Ace-Football-30-07-2020-2.png","width":1200,"height":600,"caption":"Ace Football"},"image":{"@id":"https:\/\/acefootball.com\/da\/#logo"}},{"@type":"WebSite","@id":"https:\/\/acefootball.com\/da\/#website","url":"https:\/\/acefootball.com\/da\/","name":"Ace Football Danmark","description":"Nyheder, Spiltips &amp; Livescore","publisher":{"@id":"https:\/\/acefootball.com\/da\/#organization"},"potentialAction":[{"@type":"SearchAction","target":{"@type":"EntryPoint","urlTemplate":"https:\/\/acefootball.com\/da\/?s={search_term_string}"},"query-input":"required name=search_term_string"}],"inLanguage":"en-US"},{"@type":"ImageObject","@id":"https:\/\/acefootball.com\/da\/fodboldnyheder\/medie-broendby-angriber-taet-paa-ny-lejeaftale\/#primaryimage","inLanguage":"en-US","url":"https:\/\/acefootball.com\/da\/wp-content\/uploads\/sites\/2\/2020\/08\/GettyImages-1162397796.jpg","contentUrl":"https:\/\/acefootball.com\/da\/wp-content\/uploads\/sites\/2\/2020\/08\/GettyImages-1162397796.jpg","width":1024,"height":692,"caption":"BRONDBY, DENMARK - AUGUST 18: Ante Erceg of Brondby IF controls the ball during the Danish 3F Superliga match between Brondby IF and AaB Aalborg at Brondby Stadion on August 18, 2019 in Brondby, Denmark. (Photo by Lars Ronbog \/ FrontZoneSport via Getty Images)"},{"@type":"WebPage","@id":"https:\/\/acefootball.com\/da\/fodboldnyheder\/medie-broendby-angriber-taet-paa-ny-lejeaftale\/#webpage","url":"https:\/\/acefootball.com\/da\/fodboldnyheder\/medie-broendby-angriber-taet-paa-ny-lejeaftale\/","name":"Medie: Br\u00f8ndby-angriber t\u00e6t p\u00e5 ny lejeaftale","isPartOf":{"@id":"https:\/\/acefootball.com\/da\/#website"},"primaryImageOfPage":{"@id":"https:\/\/acefootball.com\/da\/fodboldnyheder\/medie-broendby-angriber-taet-paa-ny-lejeaftale\/#primaryimage"},"datePublished":"2020-08-18T14:52:44+00:00","dateModified":"2020-08-18T14:53:12+00:00","description":"If\u00f8lge Tipsbladet bliver Br\u00f8ndbys Ante Erceg igen i den kommende s\u00e6son sendt p\u00e5 udl\u00e5n - denne gang i hjemlandet Kroatien","breadcrumb":{"@id":"https:\/\/acefootball.com\/da\/fodboldnyheder\/medie-broendby-angriber-taet-paa-ny-lejeaftale\/#breadcrumb"},"inLanguage":"en-US","potentialAction":[{"@type":"ReadAction","target":["https:\/\/acefootball.com\/da\/fodboldnyheder\/medie-broendby-angriber-taet-paa-ny-lejeaftale\/"]}]},{"@type":"BreadcrumbList","@id":"https:\/\/acefootball.com\/da\/fodboldnyheder\/medie-broendby-angriber-taet-paa-ny-lejeaftale\/#breadcrumb","itemListElement":[{"@type":"ListItem","position":1,"name":"Home","item":"https:\/\/acefootball.com\/da\/"},{"@type":"ListItem","position":2,"name":"Medie: Br\u00f8ndby-angriber t\u00e6t p\u00e5 ny lejeaftale"}]},{"@type":"Article","@id":"https:\/\/acefootball.com\/da\/fodboldnyheder\/medie-broendby-angriber-taet-paa-ny-lejeaftale\/#article","isPartOf":{"@id":"https:\/\/acefootball.com\/da\/fodboldnyheder\/medie-broendby-angriber-taet-paa-ny-lejeaftale\/#webpage"},"author":{"@id":"https:\/\/acefootball.com\/da\/#\/schema\/person\/ee67e9cf04a276f144100ffa722f10cd"},"headline":"Medie: Br\u00f8ndby-angriber t\u00e6t p\u00e5 ny lejeaftale","datePublished":"2020-08-18T14:52:44+00:00","dateModified":"2020-08-18T14:53:12+00:00","mainEntityOfPage":{"@id":"https:\/\/acefootball.com\/da\/fodboldnyheder\/medie-broendby-angriber-taet-paa-ny-lejeaftale\/#webpage"},"wordCount":193,"commentCount":0,"publisher":{"@id":"https:\/\/acefootball.com\/da\/#organization"},"image":{"@id":"https:\/\/acefootball.com\/da\/fodboldnyheder\/medie-broendby-angriber-taet-paa-ny-lejeaftale\/#primaryimage"},"thumbnailUrl":"https:\/\/acefootball.com\/da\/wp-content\/uploads\/sites\/2\/2020\/08\/GettyImages-1162397796.jpg","keywords":["Ante Erceg","Br\u00f8ndby IF","Superligaen"],"articleSection":["Transfer"],"inLanguage":"en-US","potentialAction":[{"@type":"CommentAction","name":"Comment","target":["https:\/\/acefootball.com\/da\/fodboldnyheder\/medie-broendby-angriber-taet-paa-ny-lejeaftale\/#respond"]}]},{"@type":"Person","@id":"https:\/\/acefootball.com\/da\/#\/schema\/person\/ee67e9cf04a276f144100ffa722f10cd","name":"Mads Dreyer","image":{"@type":"ImageObject","@id":"https:\/\/acefootball.com\/da\/#personlogo","inLanguage":"en-US","url":"https:\/\/secure.gravatar.com\/avatar\/7c7abf72cfde9902b6a60efe60c88d4c?s=96&d=mm&r=g","contentUrl":"https:\/\/secure.gravatar.com\/avatar\/7c7abf72cfde9902b6a60efe60c88d4c?s=96&d=mm&r=g","caption":"Mads Dreyer"},"description":"Skribent og fodboldn\u00f8rd, der lige nu fort\u00e6ller om alt og intet i fodboldverdenen p\u00e5 acefootball.com. Uddannet i kommunikation fra Aalborg Universitet.","sameAs":["https:\/\/www.linkedin.com\/in\/mads-dreyer-b9b08266\/"],"url":"https:\/\/acefootball.com\/da\/fodboldnyheder\/author\/mdnronaldo\/"}]}},"fimg_url":"https:\/\/acefootball.com\/da\/wp-content\/uploads\/sites\/2\/2020\/08\/GettyImages-1162397796.jpg","_links":{"self":[{"href":"https:\/\/acefootball.com\/da\/wp-json\/wp\/v2\/posts\/234497"}],"collection":[{"href":"https:\/\/acefootball.com\/da\/wp-json\/wp\/v2\/posts"}],"about":[{"href":"https:\/\/acefootball.com\/da\/wp-json\/wp\/v2\/types\/post"}],"author":[{"embeddable":true,"href":"https:\/\/acefootball.com\/da\/wp-json\/wp\/v2\/users\/705"}],"replies":[{"embeddable":true,"href":"https:\/\/acefootball.com\/da\/wp-json\/wp\/v2\/comments?post=234497"}],"version-history":[{"count":0,"href":"https:\/\/acefootball.com\/da\/wp-json\/wp\/v2\/posts\/234497\/revisions"}],"wp:featuredmedia":[{"embeddable":true,"href":"https:\/\/acefootball.com\/da\/wp-json\/wp\/v2\/media\/234498"}],"wp:attachment":[{"href":"https:\/\/acefootball.com\/da\/wp-json\/wp\/v2\/media?parent=234497"}],"wp:term":[{"taxonomy":"category","embeddable":true,"href":"https:\/\/acefootball.com\/da\/wp-json\/wp\/v2\/categories?post=234497"},{"taxonomy":"post_tag","embeddable":true,"href":"https:\/\/acefootball.com\/da\/wp-json\/wp\/v2\/tags?post=234497"}],"curies":[{"name":"wp","href":"https:\/\/api.w.org\/{rel}","templated":true}]}}