{"id":234493,"date":"2020-08-18T16:15:07","date_gmt":"2020-08-18T14:15:07","guid":{"rendered":"https:\/\/acefootball.com\/da\/?p=234493"},"modified":"2020-08-18T16:20:25","modified_gmt":"2020-08-18T14:20:25","slug":"oprydningen-fortsaetter-abidal-stopper-i-barcelona","status":"publish","type":"post","link":"https:\/\/acefootball.com\/da\/fodboldnyheder\/oprydningen-fortsaetter-abidal-stopper-i-barcelona\/","title":{"rendered":"Oprydningen forts\u00e6tter: Abidal stopper i Barcelona"},"content":{"rendered":"\n<h2>FC Barcelona har netop meddelt, at man afslutter samarbejdet med sportsdirekt\u00f8r Eric Abidal<\/h2>\n\n\n\n<p>Mandag r\u00f8g Quique Seti\u00e9n p\u00e5 porten i FC Barcelona, og nu er n\u00e6ste mand ogs\u00e5 sendt afsted.<\/p>\n\n\n\n<p>Catalanerne meddeler p\u00e5 sin hjemmeside og sociale medier, at samarbejdet er afsluttet med Eric Abidal, som har v\u00e6ret sportsdirekt\u00f8r siden juni 2018.<\/p>\n\n\n\n<figure class=\"wp-block-embed-twitter wp-block-embed is-type-rich is-provider-twitter\"><div class=\"wp-block-embed__wrapper\">\n<blockquote class=\"twitter-tweet\" data-width=\"550\" data-dnt=\"true\"><p lang=\"en\" dir=\"ltr\">\u2757 [LATEST NEWS]<br>Agreement for the ending of \u00c9ric Abidal&#39;s contract<\/p>&mdash; FC Barcelona (@FCBarcelona) <a href=\"https:\/\/twitter.com\/FCBarcelona\/status\/1295723692597673986?ref_src=twsrc%5Etfw\">August 18, 2020<\/a><\/blockquote><script async src=\"https:\/\/platform.twitter.com\/widgets.js\" charset=\"utf-8\"><\/script>\n<\/div><\/figure>\n\n\n\n<p>Beslutningen kommer som f\u00f8lge af et l\u00e6ngere krisem\u00f8de i Barcelonas bestyrelse mandag, hvor der samtidig blev udskrevet pr\u00e6sidentvalg til marts n\u00e6ste \u00e5r.<\/p>\n\n\n\n<p>Klubben har ogs\u00e5 allerede meddelt, at der vil blive pr\u00e6senteret en ny cheftr\u00e6ner inden for de kommende dage, og meget peger i retning af, at det bliver Ronald Koeman.<\/p>\n\n\n\n<figure class=\"wp-block-embed-wordpress wp-block-embed is-type-wp-embed is-provider-ace-football-danmark\"><div class=\"wp-block-embed__wrapper\">\n<blockquote class=\"wp-embedded-content\" data-secret=\"Vl4LHcUuaL\"><a href=\"https:\/\/acefootball.com\/da\/fodboldnyheder\/officielt-barcelona-fyrer-setien-og-udskriver-valg\/\">Officielt: Barcelona fyrer Seti\u00e9n og udskriver valg<\/a><\/blockquote><iframe class=\"wp-embedded-content\" sandbox=\"allow-scripts\" security=\"restricted\" style=\"position: absolute; clip: rect(1px, 1px, 1px, 1px);\" title=\"&#8220;Officielt: Barcelona fyrer Seti\u00e9n og udskriver valg&#8221; &#8212; Ace Football Danmark\" src=\"https:\/\/acefootball.com\/da\/fodboldnyheder\/officielt-barcelona-fyrer-setien-og-udskriver-valg\/embed\/#?secret=Vl4LHcUuaL\" data-secret=\"Vl4LHcUuaL\" width=\"600\" height=\"338\" frameborder=\"0\" marginwidth=\"0\" marginheight=\"0\" scrolling=\"no\"><\/iframe>\n<\/div><\/figure>\n","protected":false},"excerpt":{"rendered":"<p>FC Barcelona har netop meddelt, at man afslutter samarbejdet med sportsdirekt\u00f8r Eric Abidal<\/p>\n","protected":false},"author":705,"featured_media":234494,"comment_status":"open","ping_status":"closed","sticky":false,"template":"","format":"standard","meta":{"om_disable_all_campaigns":false,"push_articles_ronaldo":{"active":false,"canonical":0,"publish":false},"force_updates":null},"categories":[8327],"tags":[1380,41,303],"enet_tags":{"team":["8634"],"league":["87"],"sport_events":[]},"yoast_head":"<!-- This site is optimized with the Yoast SEO plugin v18.3 - https:\/\/yoast.com\/wordpress\/plugins\/seo\/ -->\n<title>Oprydningen forts\u00e6tter: Abidal stopper i Barcelona<\/title>\n<meta name=\"description\" content=\"FC Barcelona har netop meddelt, at man afslutter samarbejdet med sportsdirekt\u00f8r Eric Abidal\" \/>\n<meta name=\"robots\" content=\"index, follow, max-snippet:-1, max-image-preview:large, max-video-preview:-1\" \/>\n<link rel=\"canonical\" href=\"https:\/\/acefootball.com\/da\/fodboldnyheder\/oprydningen-fortsaetter-abidal-stopper-i-barcelona\/\" \/>\n<meta property=\"og:locale\" content=\"en_US\" \/>\n<meta property=\"og:type\" content=\"article\" \/>\n<meta property=\"og:title\" content=\"Oprydningen forts\u00e6tter: Abidal stopper i Barcelona\" \/>\n<meta property=\"og:description\" content=\"FC Barcelona har netop meddelt, at man afslutter samarbejdet med sportsdirekt\u00f8r Eric Abidal\" \/>\n<meta property=\"og:url\" content=\"https:\/\/acefootball.com\/da\/fodboldnyheder\/oprydningen-fortsaetter-abidal-stopper-i-barcelona\/\" \/>\n<meta property=\"og:site_name\" content=\"Ace Football Danmark\" \/>\n<meta property=\"article:publisher\" content=\"https:\/\/www.facebook.com\/acefootballdk\" \/>\n<meta property=\"article:published_time\" content=\"2020-08-18T14:15:07+00:00\" \/>\n<meta property=\"article:modified_time\" content=\"2020-08-18T14:20:25+00:00\" \/>\n<meta property=\"og:image\" content=\"https:\/\/acefootball.com\/da\/wp-content\/uploads\/sites\/2\/2020\/08\/GettyImages-911448872.jpg\" \/>\n\t<meta property=\"og:image:width\" content=\"1024\" \/>\n\t<meta property=\"og:image:height\" content=\"692\" \/>\n\t<meta property=\"og:image:type\" content=\"image\/jpeg\" \/>\n<meta name=\"twitter:card\" content=\"summary_large_image\" \/>\n<meta name=\"twitter:label1\" content=\"Written by\" \/>\n\t<meta name=\"twitter:data1\" content=\"Mads Dreyer\" \/>\n\t<meta name=\"twitter:label2\" content=\"Est. reading time\" \/>\n\t<meta name=\"twitter:data2\" content=\"1 minute\" \/>\n<script type=\"application\/ld+json\" class=\"yoast-schema-graph\">{\"@context\":\"https:\/\/schema.org\",\"@graph\":[{\"@type\":\"Organization\",\"@id\":\"https:\/\/acefootball.com\/da\/#organization\",\"name\":\"Ace Football\",\"url\":\"https:\/\/acefootball.com\/da\/\",\"sameAs\":[\"https:\/\/www.facebook.com\/acefootballdk\"],\"logo\":{\"@type\":\"ImageObject\",\"@id\":\"https:\/\/acefootball.com\/da\/#logo\",\"inLanguage\":\"en-US\",\"url\":\"https:\/\/acefootball.com\/da\/wp-content\/uploads\/sites\/2\/2020\/07\/Ace-Football-30-07-2020-2.png\",\"contentUrl\":\"https:\/\/acefootball.com\/da\/wp-content\/uploads\/sites\/2\/2020\/07\/Ace-Football-30-07-2020-2.png\",\"width\":1200,\"height\":600,\"caption\":\"Ace Football\"},\"image\":{\"@id\":\"https:\/\/acefootball.com\/da\/#logo\"}},{\"@type\":\"WebSite\",\"@id\":\"https:\/\/acefootball.com\/da\/#website\",\"url\":\"https:\/\/acefootball.com\/da\/\",\"name\":\"Ace Football Danmark\",\"description\":\"Nyheder, Spiltips &amp; Livescore\",\"publisher\":{\"@id\":\"https:\/\/acefootball.com\/da\/#organization\"},\"potentialAction\":[{\"@type\":\"SearchAction\",\"target\":{\"@type\":\"EntryPoint\",\"urlTemplate\":\"https:\/\/acefootball.com\/da\/?s={search_term_string}\"},\"query-input\":\"required name=search_term_string\"}],\"inLanguage\":\"en-US\"},{\"@type\":\"ImageObject\",\"@id\":\"https:\/\/acefootball.com\/da\/fodboldnyheder\/oprydningen-fortsaetter-abidal-stopper-i-barcelona\/#primaryimage\",\"inLanguage\":\"en-US\",\"url\":\"https:\/\/acefootball.com\/da\/wp-content\/uploads\/sites\/2\/2020\/08\/GettyImages-911448872.jpg\",\"contentUrl\":\"https:\/\/acefootball.com\/da\/wp-content\/uploads\/sites\/2\/2020\/08\/GettyImages-911448872.jpg\",\"width\":1024,\"height\":692,\"caption\":\"BARCELONA, SPAIN - JANUARY 28: Eric Abidal presents Luis Suarez of Barcelona with the La Liga player of the month award prior to the La Liga match between Barcelona and Deportivo Alaves at Camp Nou on January 28, 2018 in Barcelona, Spain. (Photo by David Ramos\/Getty Images)\"},{\"@type\":\"WebPage\",\"@id\":\"https:\/\/acefootball.com\/da\/fodboldnyheder\/oprydningen-fortsaetter-abidal-stopper-i-barcelona\/#webpage\",\"url\":\"https:\/\/acefootball.com\/da\/fodboldnyheder\/oprydningen-fortsaetter-abidal-stopper-i-barcelona\/\",\"name\":\"Oprydningen forts\u00e6tter: Abidal stopper i Barcelona\",\"isPartOf\":{\"@id\":\"https:\/\/acefootball.com\/da\/#website\"},\"primaryImageOfPage\":{\"@id\":\"https:\/\/acefootball.com\/da\/fodboldnyheder\/oprydningen-fortsaetter-abidal-stopper-i-barcelona\/#primaryimage\"},\"datePublished\":\"2020-08-18T14:15:07+00:00\",\"dateModified\":\"2020-08-18T14:20:25+00:00\",\"description\":\"FC Barcelona har netop meddelt, at man afslutter samarbejdet med sportsdirekt\u00f8r Eric Abidal\",\"breadcrumb\":{\"@id\":\"https:\/\/acefootball.com\/da\/fodboldnyheder\/oprydningen-fortsaetter-abidal-stopper-i-barcelona\/#breadcrumb\"},\"inLanguage\":\"en-US\",\"potentialAction\":[{\"@type\":\"ReadAction\",\"target\":[\"https:\/\/acefootball.com\/da\/fodboldnyheder\/oprydningen-fortsaetter-abidal-stopper-i-barcelona\/\"]}]},{\"@type\":\"BreadcrumbList\",\"@id\":\"https:\/\/acefootball.com\/da\/fodboldnyheder\/oprydningen-fortsaetter-abidal-stopper-i-barcelona\/#breadcrumb\",\"itemListElement\":[{\"@type\":\"ListItem\",\"position\":1,\"name\":\"Home\",\"item\":\"https:\/\/acefootball.com\/da\/\"},{\"@type\":\"ListItem\",\"position\":2,\"name\":\"Oprydningen forts\u00e6tter: Abidal stopper i Barcelona\"}]},{\"@type\":\"Article\",\"@id\":\"https:\/\/acefootball.com\/da\/fodboldnyheder\/oprydningen-fortsaetter-abidal-stopper-i-barcelona\/#article\",\"isPartOf\":{\"@id\":\"https:\/\/acefootball.com\/da\/fodboldnyheder\/oprydningen-fortsaetter-abidal-stopper-i-barcelona\/#webpage\"},\"author\":{\"@id\":\"https:\/\/acefootball.com\/da\/#\/schema\/person\/ee67e9cf04a276f144100ffa722f10cd\"},\"headline\":\"Oprydningen forts\u00e6tter: Abidal stopper i Barcelona\",\"datePublished\":\"2020-08-18T14:15:07+00:00\",\"dateModified\":\"2020-08-18T14:20:25+00:00\",\"mainEntityOfPage\":{\"@id\":\"https:\/\/acefootball.com\/da\/fodboldnyheder\/oprydningen-fortsaetter-abidal-stopper-i-barcelona\/#webpage\"},\"wordCount\":133,\"commentCount\":0,\"publisher\":{\"@id\":\"https:\/\/acefootball.com\/da\/#organization\"},\"image\":{\"@id\":\"https:\/\/acefootball.com\/da\/fodboldnyheder\/oprydningen-fortsaetter-abidal-stopper-i-barcelona\/#primaryimage\"},\"thumbnailUrl\":\"https:\/\/acefootball.com\/da\/wp-content\/uploads\/sites\/2\/2020\/08\/GettyImages-911448872.jpg\",\"keywords\":[\"Eric Abidal\",\"FC Barcelona\",\"La Liga\"],\"articleSection\":[\"Topnyhed\"],\"inLanguage\":\"en-US\",\"potentialAction\":[{\"@type\":\"CommentAction\",\"name\":\"Comment\",\"target\":[\"https:\/\/acefootball.com\/da\/fodboldnyheder\/oprydningen-fortsaetter-abidal-stopper-i-barcelona\/#respond\"]}]},{\"@type\":\"Person\",\"@id\":\"https:\/\/acefootball.com\/da\/#\/schema\/person\/ee67e9cf04a276f144100ffa722f10cd\",\"name\":\"Mads Dreyer\",\"image\":{\"@type\":\"ImageObject\",\"@id\":\"https:\/\/acefootball.com\/da\/#personlogo\",\"inLanguage\":\"en-US\",\"url\":\"https:\/\/secure.gravatar.com\/avatar\/7c7abf72cfde9902b6a60efe60c88d4c?s=96&d=mm&r=g\",\"contentUrl\":\"https:\/\/secure.gravatar.com\/avatar\/7c7abf72cfde9902b6a60efe60c88d4c?s=96&d=mm&r=g\",\"caption\":\"Mads Dreyer\"},\"description\":\"Skribent og fodboldn\u00f8rd, der lige nu fort\u00e6ller om alt og intet i fodboldverdenen p\u00e5 acefootball.com. Uddannet i kommunikation fra Aalborg Universitet.\",\"sameAs\":[\"https:\/\/www.linkedin.com\/in\/mads-dreyer-b9b08266\/\"],\"url\":\"https:\/\/acefootball.com\/da\/fodboldnyheder\/author\/mdnronaldo\/\"}]}<\/script>\n<!-- \/ Yoast SEO plugin. -->","yoast_head_json":{"title":"Oprydningen forts\u00e6tter: Abidal stopper i Barcelona","description":"FC Barcelona har netop meddelt, at man afslutter samarbejdet med sportsdirekt\u00f8r Eric Abidal","robots":{"index":"index","follow":"follow","max-snippet":"max-snippet:-1","max-image-preview":"max-image-preview:large","max-video-preview":"max-video-preview:-1"},"canonical":"https:\/\/acefootball.com\/da\/fodboldnyheder\/oprydningen-fortsaetter-abidal-stopper-i-barcelona\/","og_locale":"en_US","og_type":"article","og_title":"Oprydningen forts\u00e6tter: Abidal stopper i Barcelona","og_description":"FC Barcelona har netop meddelt, at man afslutter samarbejdet med sportsdirekt\u00f8r Eric Abidal","og_url":"https:\/\/acefootball.com\/da\/fodboldnyheder\/oprydningen-fortsaetter-abidal-stopper-i-barcelona\/","og_site_name":"Ace Football Danmark","article_publisher":"https:\/\/www.facebook.com\/acefootballdk","article_published_time":"2020-08-18T14:15:07+00:00","article_modified_time":"2020-08-18T14:20:25+00:00","og_image":[{"width":1024,"height":692,"url":"https:\/\/acefootball.com\/da\/wp-content\/uploads\/sites\/2\/2020\/08\/GettyImages-911448872.jpg","type":"image\/jpeg"}],"twitter_card":"summary_large_image","twitter_misc":{"Written by":"Mads Dreyer","Est. reading time":"1 minute"},"schema":{"@context":"https:\/\/schema.org","@graph":[{"@type":"Organization","@id":"https:\/\/acefootball.com\/da\/#organization","name":"Ace Football","url":"https:\/\/acefootball.com\/da\/","sameAs":["https:\/\/www.facebook.com\/acefootballdk"],"logo":{"@type":"ImageObject","@id":"https:\/\/acefootball.com\/da\/#logo","inLanguage":"en-US","url":"https:\/\/acefootball.com\/da\/wp-content\/uploads\/sites\/2\/2020\/07\/Ace-Football-30-07-2020-2.png","contentUrl":"https:\/\/acefootball.com\/da\/wp-content\/uploads\/sites\/2\/2020\/07\/Ace-Football-30-07-2020-2.png","width":1200,"height":600,"caption":"Ace Football"},"image":{"@id":"https:\/\/acefootball.com\/da\/#logo"}},{"@type":"WebSite","@id":"https:\/\/acefootball.com\/da\/#website","url":"https:\/\/acefootball.com\/da\/","name":"Ace Football Danmark","description":"Nyheder, Spiltips &amp; Livescore","publisher":{"@id":"https:\/\/acefootball.com\/da\/#organization"},"potentialAction":[{"@type":"SearchAction","target":{"@type":"EntryPoint","urlTemplate":"https:\/\/acefootball.com\/da\/?s={search_term_string}"},"query-input":"required name=search_term_string"}],"inLanguage":"en-US"},{"@type":"ImageObject","@id":"https:\/\/acefootball.com\/da\/fodboldnyheder\/oprydningen-fortsaetter-abidal-stopper-i-barcelona\/#primaryimage","inLanguage":"en-US","url":"https:\/\/acefootball.com\/da\/wp-content\/uploads\/sites\/2\/2020\/08\/GettyImages-911448872.jpg","contentUrl":"https:\/\/acefootball.com\/da\/wp-content\/uploads\/sites\/2\/2020\/08\/GettyImages-911448872.jpg","width":1024,"height":692,"caption":"BARCELONA, SPAIN - JANUARY 28: Eric Abidal presents Luis Suarez of Barcelona with the La Liga player of the month award prior to the La Liga match between Barcelona and Deportivo Alaves at Camp Nou on January 28, 2018 in Barcelona, Spain. (Photo by David Ramos\/Getty Images)"},{"@type":"WebPage","@id":"https:\/\/acefootball.com\/da\/fodboldnyheder\/oprydningen-fortsaetter-abidal-stopper-i-barcelona\/#webpage","url":"https:\/\/acefootball.com\/da\/fodboldnyheder\/oprydningen-fortsaetter-abidal-stopper-i-barcelona\/","name":"Oprydningen forts\u00e6tter: Abidal stopper i Barcelona","isPartOf":{"@id":"https:\/\/acefootball.com\/da\/#website"},"primaryImageOfPage":{"@id":"https:\/\/acefootball.com\/da\/fodboldnyheder\/oprydningen-fortsaetter-abidal-stopper-i-barcelona\/#primaryimage"},"datePublished":"2020-08-18T14:15:07+00:00","dateModified":"2020-08-18T14:20:25+00:00","description":"FC Barcelona har netop meddelt, at man afslutter samarbejdet med sportsdirekt\u00f8r Eric Abidal","breadcrumb":{"@id":"https:\/\/acefootball.com\/da\/fodboldnyheder\/oprydningen-fortsaetter-abidal-stopper-i-barcelona\/#breadcrumb"},"inLanguage":"en-US","potentialAction":[{"@type":"ReadAction","target":["https:\/\/acefootball.com\/da\/fodboldnyheder\/oprydningen-fortsaetter-abidal-stopper-i-barcelona\/"]}]},{"@type":"BreadcrumbList","@id":"https:\/\/acefootball.com\/da\/fodboldnyheder\/oprydningen-fortsaetter-abidal-stopper-i-barcelona\/#breadcrumb","itemListElement":[{"@type":"ListItem","position":1,"name":"Home","item":"https:\/\/acefootball.com\/da\/"},{"@type":"ListItem","position":2,"name":"Oprydningen forts\u00e6tter: Abidal stopper i Barcelona"}]},{"@type":"Article","@id":"https:\/\/acefootball.com\/da\/fodboldnyheder\/oprydningen-fortsaetter-abidal-stopper-i-barcelona\/#article","isPartOf":{"@id":"https:\/\/acefootball.com\/da\/fodboldnyheder\/oprydningen-fortsaetter-abidal-stopper-i-barcelona\/#webpage"},"author":{"@id":"https:\/\/acefootball.com\/da\/#\/schema\/person\/ee67e9cf04a276f144100ffa722f10cd"},"headline":"Oprydningen forts\u00e6tter: Abidal stopper i Barcelona","datePublished":"2020-08-18T14:15:07+00:00","dateModified":"2020-08-18T14:20:25+00:00","mainEntityOfPage":{"@id":"https:\/\/acefootball.com\/da\/fodboldnyheder\/oprydningen-fortsaetter-abidal-stopper-i-barcelona\/#webpage"},"wordCount":133,"commentCount":0,"publisher":{"@id":"https:\/\/acefootball.com\/da\/#organization"},"image":{"@id":"https:\/\/acefootball.com\/da\/fodboldnyheder\/oprydningen-fortsaetter-abidal-stopper-i-barcelona\/#primaryimage"},"thumbnailUrl":"https:\/\/acefootball.com\/da\/wp-content\/uploads\/sites\/2\/2020\/08\/GettyImages-911448872.jpg","keywords":["Eric Abidal","FC Barcelona","La Liga"],"articleSection":["Topnyhed"],"inLanguage":"en-US","potentialAction":[{"@type":"CommentAction","name":"Comment","target":["https:\/\/acefootball.com\/da\/fodboldnyheder\/oprydningen-fortsaetter-abidal-stopper-i-barcelona\/#respond"]}]},{"@type":"Person","@id":"https:\/\/acefootball.com\/da\/#\/schema\/person\/ee67e9cf04a276f144100ffa722f10cd","name":"Mads Dreyer","image":{"@type":"ImageObject","@id":"https:\/\/acefootball.com\/da\/#personlogo","inLanguage":"en-US","url":"https:\/\/secure.gravatar.com\/avatar\/7c7abf72cfde9902b6a60efe60c88d4c?s=96&d=mm&r=g","contentUrl":"https:\/\/secure.gravatar.com\/avatar\/7c7abf72cfde9902b6a60efe60c88d4c?s=96&d=mm&r=g","caption":"Mads Dreyer"},"description":"Skribent og fodboldn\u00f8rd, der lige nu fort\u00e6ller om alt og intet i fodboldverdenen p\u00e5 acefootball.com. Uddannet i kommunikation fra Aalborg Universitet.","sameAs":["https:\/\/www.linkedin.com\/in\/mads-dreyer-b9b08266\/"],"url":"https:\/\/acefootball.com\/da\/fodboldnyheder\/author\/mdnronaldo\/"}]}},"fimg_url":"https:\/\/acefootball.com\/da\/wp-content\/uploads\/sites\/2\/2020\/08\/GettyImages-911448872.jpg","_links":{"self":[{"href":"https:\/\/acefootball.com\/da\/wp-json\/wp\/v2\/posts\/234493"}],"collection":[{"href":"https:\/\/acefootball.com\/da\/wp-json\/wp\/v2\/posts"}],"about":[{"href":"https:\/\/acefootball.com\/da\/wp-json\/wp\/v2\/types\/post"}],"author":[{"embeddable":true,"href":"https:\/\/acefootball.com\/da\/wp-json\/wp\/v2\/users\/705"}],"replies":[{"embeddable":true,"href":"https:\/\/acefootball.com\/da\/wp-json\/wp\/v2\/comments?post=234493"}],"version-history":[{"count":0,"href":"https:\/\/acefootball.com\/da\/wp-json\/wp\/v2\/posts\/234493\/revisions"}],"wp:featuredmedia":[{"embeddable":true,"href":"https:\/\/acefootball.com\/da\/wp-json\/wp\/v2\/media\/234494"}],"wp:attachment":[{"href":"https:\/\/acefootball.com\/da\/wp-json\/wp\/v2\/media?parent=234493"}],"wp:term":[{"taxonomy":"category","embeddable":true,"href":"https:\/\/acefootball.com\/da\/wp-json\/wp\/v2\/categories?post=234493"},{"taxonomy":"post_tag","embeddable":true,"href":"https:\/\/acefootball.com\/da\/wp-json\/wp\/v2\/tags?post=234493"}],"curies":[{"name":"wp","href":"https:\/\/api.w.org\/{rel}","templated":true}]}}