{"id":234482,"date":"2020-08-18T15:38:26","date_gmt":"2020-08-18T13:38:26","guid":{"rendered":"https:\/\/acefootball.com\/da\/?p=234482"},"modified":"2020-08-18T15:38:27","modified_gmt":"2020-08-18T13:38:27","slug":"manchester-city-tager-afsked-med-bravo-la-liga-klub-spoeger","status":"publish","type":"post","link":"https:\/\/acefootball.com\/da\/fodboldnyheder\/manchester-city-tager-afsked-med-bravo-la-liga-klub-spoeger\/","title":{"rendered":"Manchester City tager afsked med Bravo &#8211; La Liga-klub sp\u00f8ger"},"content":{"rendered":"\n<h2>Manchester City forl\u00e6nger ikke med reservem\u00e5lmand Claudio Bravo, som i stedet er rygtet p\u00e5 vej til Real Betis i La Liga<\/h2>\n\n\n\n<p>Der skal findes et nyt andetvalg til m\u00e5lmandsposten i Manchester City til den kommende s\u00e6son, da der ikke bliver forl\u00e6nget med Claudio Bravo.<\/p>\n\n\n\n<p>Premier League-s\u00f8lvvinderne meddeler p\u00e5 Twitter, at chileneren forlader klubben efter fire \u00e5rs tro tjeneste.<\/p>\n\n\n\n<figure class=\"wp-block-embed-twitter wp-block-embed is-type-rich is-provider-twitter\"><div class=\"wp-block-embed__wrapper\">\n<blockquote class=\"twitter-tweet\" data-width=\"550\" data-dnt=\"true\"><p lang=\"en\" dir=\"ltr\">Everybody at Manchester City would like to thank Claudio for his four years at the Club and wish him the best of luck in his future endeavours \ud83d\ude4c<br><br>\ud83d\udd35 <a href=\"https:\/\/twitter.com\/hashtag\/ManCity?src=hash&amp;ref_src=twsrc%5Etfw\">#ManCity<\/a> | <a href=\"https:\/\/t.co\/axa0klD5re\">https:\/\/t.co\/axa0klD5re<\/a> <a href=\"https:\/\/t.co\/xFLBhEwp4K\">pic.twitter.com\/xFLBhEwp4K<\/a><\/p>&mdash; Manchester City (@ManCity) <a href=\"https:\/\/twitter.com\/ManCity\/status\/1295679779212087302?ref_src=twsrc%5Etfw\">August 18, 2020<\/a><\/blockquote><script async src=\"https:\/\/platform.twitter.com\/widgets.js\" charset=\"utf-8\"><\/script>\n<\/div><\/figure>\n\n\n\n<p>Bravo kom til Manchester City fra FC Barcelona i 2016 men blev aldrig den store gevinst p\u00e5 Etihad, og det blev da ogs\u00e5 kun til 61 kampe i lysebl\u00e5t.<\/p>\n\n\n\n<p>I stedet melder <a href=\"https:\/\/www.goal.com\/en\/news\/man-city-confirm-claudio-bravo-departure-ahead-of-real-betis\/tu3ejidgpy7o197vkxy0he7pj\" target=\"_blank\" rel=\"noreferrer noopener\">Goal<\/a>, at den 37-\u00e5rige keeper vender tilbage til La Liga, hvor Real Betis skulle st\u00e5 klar med en kontrakt. Her kan Bravo blive genforenet med landsmanden Manuel Pellegrini, som denne sommer blev ansat som ny cheftr\u00e6ner.<\/p>\n","protected":false},"excerpt":{"rendered":"<p>Manchester City forl\u00e6nger ikke med reservem\u00e5lmand Claudio Bravo, som i stedet er rygtet p\u00e5 vej til Real Betis i La Liga<\/p>\n","protected":false},"author":705,"featured_media":234486,"comment_status":"open","ping_status":"closed","sticky":false,"template":"","format":"standard","meta":{"om_disable_all_campaigns":false,"push_articles_ronaldo":{"active":false,"canonical":0,"publish":false},"force_updates":null},"categories":[1],"tags":[4889,303,44,134,258],"enet_tags":{"player":["37421"],"league":["87","47"],"team":["8456","8603"],"sport_events":[]},"yoast_head":"<!-- This site is optimized with the Yoast SEO plugin v18.3 - https:\/\/yoast.com\/wordpress\/plugins\/seo\/ -->\n<title>Manchester City tager afsked med Bravo - La Liga-klub sp\u00f8ger<\/title>\n<meta name=\"description\" content=\"Manchester City forl\u00e6nger ikke med reservem\u00e5lmand Claudio Bravo, som i stedet er rygtet p\u00e5 vej til Real Betis i La Liga\" \/>\n<meta name=\"robots\" content=\"index, follow, max-snippet:-1, max-image-preview:large, max-video-preview:-1\" \/>\n<link rel=\"canonical\" href=\"https:\/\/acefootball.com\/da\/fodboldnyheder\/manchester-city-tager-afsked-med-bravo-la-liga-klub-spoeger\/\" \/>\n<meta property=\"og:locale\" content=\"en_US\" \/>\n<meta property=\"og:type\" content=\"article\" \/>\n<meta property=\"og:title\" content=\"Manchester City tager afsked med Bravo - La Liga-klub sp\u00f8ger\" \/>\n<meta property=\"og:description\" content=\"Manchester City forl\u00e6nger ikke med reservem\u00e5lmand Claudio Bravo, som i stedet er rygtet p\u00e5 vej til Real Betis i La Liga\" \/>\n<meta property=\"og:url\" content=\"https:\/\/acefootball.com\/da\/fodboldnyheder\/manchester-city-tager-afsked-med-bravo-la-liga-klub-spoeger\/\" \/>\n<meta property=\"og:site_name\" content=\"Ace Football Danmark\" \/>\n<meta property=\"article:publisher\" content=\"https:\/\/www.facebook.com\/acefootballdk\" \/>\n<meta property=\"article:published_time\" content=\"2020-08-18T13:38:26+00:00\" \/>\n<meta property=\"article:modified_time\" content=\"2020-08-18T13:38:27+00:00\" \/>\n<meta property=\"og:image\" content=\"https:\/\/acefootball.com\/da\/wp-content\/uploads\/sites\/2\/2020\/08\/GettyImages-906676360.jpg\" \/>\n\t<meta property=\"og:image:width\" content=\"1024\" \/>\n\t<meta property=\"og:image:height\" content=\"683\" \/>\n\t<meta property=\"og:image:type\" content=\"image\/jpeg\" \/>\n<meta name=\"twitter:card\" content=\"summary_large_image\" \/>\n<meta name=\"twitter:label1\" content=\"Written by\" \/>\n\t<meta name=\"twitter:data1\" content=\"Mads Dreyer\" \/>\n\t<meta name=\"twitter:label2\" content=\"Est. reading time\" \/>\n\t<meta name=\"twitter:data2\" content=\"1 minute\" \/>\n<script type=\"application\/ld+json\" class=\"yoast-schema-graph\">{\"@context\":\"https:\/\/schema.org\",\"@graph\":[{\"@type\":\"Organization\",\"@id\":\"https:\/\/acefootball.com\/da\/#organization\",\"name\":\"Ace Football\",\"url\":\"https:\/\/acefootball.com\/da\/\",\"sameAs\":[\"https:\/\/www.facebook.com\/acefootballdk\"],\"logo\":{\"@type\":\"ImageObject\",\"@id\":\"https:\/\/acefootball.com\/da\/#logo\",\"inLanguage\":\"en-US\",\"url\":\"https:\/\/acefootball.com\/da\/wp-content\/uploads\/sites\/2\/2020\/07\/Ace-Football-30-07-2020-2.png\",\"contentUrl\":\"https:\/\/acefootball.com\/da\/wp-content\/uploads\/sites\/2\/2020\/07\/Ace-Football-30-07-2020-2.png\",\"width\":1200,\"height\":600,\"caption\":\"Ace Football\"},\"image\":{\"@id\":\"https:\/\/acefootball.com\/da\/#logo\"}},{\"@type\":\"WebSite\",\"@id\":\"https:\/\/acefootball.com\/da\/#website\",\"url\":\"https:\/\/acefootball.com\/da\/\",\"name\":\"Ace Football Danmark\",\"description\":\"Nyheder, Spiltips &amp; Livescore\",\"publisher\":{\"@id\":\"https:\/\/acefootball.com\/da\/#organization\"},\"potentialAction\":[{\"@type\":\"SearchAction\",\"target\":{\"@type\":\"EntryPoint\",\"urlTemplate\":\"https:\/\/acefootball.com\/da\/?s={search_term_string}\"},\"query-input\":\"required name=search_term_string\"}],\"inLanguage\":\"en-US\"},{\"@type\":\"ImageObject\",\"@id\":\"https:\/\/acefootball.com\/da\/fodboldnyheder\/manchester-city-tager-afsked-med-bravo-la-liga-klub-spoeger\/#primaryimage\",\"inLanguage\":\"en-US\",\"url\":\"https:\/\/acefootball.com\/da\/wp-content\/uploads\/sites\/2\/2020\/08\/GettyImages-906676360.jpg\",\"contentUrl\":\"https:\/\/acefootball.com\/da\/wp-content\/uploads\/sites\/2\/2020\/08\/GettyImages-906676360.jpg\",\"width\":1024,\"height\":683,\"caption\":\"MANCHESTER, ENGLAND - JANUARY 06: Claudio Bravo of Manchester City looks on during The Emirates FA Cup Third Round match between Manchester City and Burnley at Etihad Stadium on January 6, 2018 in Manchester, England. (Photo by Alex Livesey\/Getty Images)\"},{\"@type\":\"WebPage\",\"@id\":\"https:\/\/acefootball.com\/da\/fodboldnyheder\/manchester-city-tager-afsked-med-bravo-la-liga-klub-spoeger\/#webpage\",\"url\":\"https:\/\/acefootball.com\/da\/fodboldnyheder\/manchester-city-tager-afsked-med-bravo-la-liga-klub-spoeger\/\",\"name\":\"Manchester City tager afsked med Bravo - La Liga-klub sp\u00f8ger\",\"isPartOf\":{\"@id\":\"https:\/\/acefootball.com\/da\/#website\"},\"primaryImageOfPage\":{\"@id\":\"https:\/\/acefootball.com\/da\/fodboldnyheder\/manchester-city-tager-afsked-med-bravo-la-liga-klub-spoeger\/#primaryimage\"},\"datePublished\":\"2020-08-18T13:38:26+00:00\",\"dateModified\":\"2020-08-18T13:38:27+00:00\",\"description\":\"Manchester City forl\u00e6nger ikke med reservem\u00e5lmand Claudio Bravo, som i stedet er rygtet p\u00e5 vej til Real Betis i La Liga\",\"breadcrumb\":{\"@id\":\"https:\/\/acefootball.com\/da\/fodboldnyheder\/manchester-city-tager-afsked-med-bravo-la-liga-klub-spoeger\/#breadcrumb\"},\"inLanguage\":\"en-US\",\"potentialAction\":[{\"@type\":\"ReadAction\",\"target\":[\"https:\/\/acefootball.com\/da\/fodboldnyheder\/manchester-city-tager-afsked-med-bravo-la-liga-klub-spoeger\/\"]}]},{\"@type\":\"BreadcrumbList\",\"@id\":\"https:\/\/acefootball.com\/da\/fodboldnyheder\/manchester-city-tager-afsked-med-bravo-la-liga-klub-spoeger\/#breadcrumb\",\"itemListElement\":[{\"@type\":\"ListItem\",\"position\":1,\"name\":\"Home\",\"item\":\"https:\/\/acefootball.com\/da\/\"},{\"@type\":\"ListItem\",\"position\":2,\"name\":\"Manchester City tager afsked med Bravo &#8211; La Liga-klub sp\u00f8ger\"}]},{\"@type\":\"Article\",\"@id\":\"https:\/\/acefootball.com\/da\/fodboldnyheder\/manchester-city-tager-afsked-med-bravo-la-liga-klub-spoeger\/#article\",\"isPartOf\":{\"@id\":\"https:\/\/acefootball.com\/da\/fodboldnyheder\/manchester-city-tager-afsked-med-bravo-la-liga-klub-spoeger\/#webpage\"},\"author\":{\"@id\":\"https:\/\/acefootball.com\/da\/#\/schema\/person\/ee67e9cf04a276f144100ffa722f10cd\"},\"headline\":\"Manchester City tager afsked med Bravo &#8211; La Liga-klub sp\u00f8ger\",\"datePublished\":\"2020-08-18T13:38:26+00:00\",\"dateModified\":\"2020-08-18T13:38:27+00:00\",\"mainEntityOfPage\":{\"@id\":\"https:\/\/acefootball.com\/da\/fodboldnyheder\/manchester-city-tager-afsked-med-bravo-la-liga-klub-spoeger\/#webpage\"},\"wordCount\":149,\"commentCount\":0,\"publisher\":{\"@id\":\"https:\/\/acefootball.com\/da\/#organization\"},\"image\":{\"@id\":\"https:\/\/acefootball.com\/da\/fodboldnyheder\/manchester-city-tager-afsked-med-bravo-la-liga-klub-spoeger\/#primaryimage\"},\"thumbnailUrl\":\"https:\/\/acefootball.com\/da\/wp-content\/uploads\/sites\/2\/2020\/08\/GettyImages-906676360.jpg\",\"keywords\":[\"Claudio Bravo\",\"La Liga\",\"Manchester City\",\"Premier League\",\"Real Betis\"],\"articleSection\":[\"Nyhed\"],\"inLanguage\":\"en-US\",\"potentialAction\":[{\"@type\":\"CommentAction\",\"name\":\"Comment\",\"target\":[\"https:\/\/acefootball.com\/da\/fodboldnyheder\/manchester-city-tager-afsked-med-bravo-la-liga-klub-spoeger\/#respond\"]}]},{\"@type\":\"Person\",\"@id\":\"https:\/\/acefootball.com\/da\/#\/schema\/person\/ee67e9cf04a276f144100ffa722f10cd\",\"name\":\"Mads Dreyer\",\"image\":{\"@type\":\"ImageObject\",\"@id\":\"https:\/\/acefootball.com\/da\/#personlogo\",\"inLanguage\":\"en-US\",\"url\":\"https:\/\/secure.gravatar.com\/avatar\/7c7abf72cfde9902b6a60efe60c88d4c?s=96&d=mm&r=g\",\"contentUrl\":\"https:\/\/secure.gravatar.com\/avatar\/7c7abf72cfde9902b6a60efe60c88d4c?s=96&d=mm&r=g\",\"caption\":\"Mads Dreyer\"},\"description\":\"Skribent og fodboldn\u00f8rd, der lige nu fort\u00e6ller om alt og intet i fodboldverdenen p\u00e5 acefootball.com. Uddannet i kommunikation fra Aalborg Universitet.\",\"sameAs\":[\"https:\/\/www.linkedin.com\/in\/mads-dreyer-b9b08266\/\"],\"url\":\"https:\/\/acefootball.com\/da\/fodboldnyheder\/author\/mdnronaldo\/\"}]}<\/script>\n<!-- \/ Yoast SEO plugin. -->","yoast_head_json":{"title":"Manchester City tager afsked med Bravo - La Liga-klub sp\u00f8ger","description":"Manchester City forl\u00e6nger ikke med reservem\u00e5lmand Claudio Bravo, som i stedet er rygtet p\u00e5 vej til Real Betis i La Liga","robots":{"index":"index","follow":"follow","max-snippet":"max-snippet:-1","max-image-preview":"max-image-preview:large","max-video-preview":"max-video-preview:-1"},"canonical":"https:\/\/acefootball.com\/da\/fodboldnyheder\/manchester-city-tager-afsked-med-bravo-la-liga-klub-spoeger\/","og_locale":"en_US","og_type":"article","og_title":"Manchester City tager afsked med Bravo - La Liga-klub sp\u00f8ger","og_description":"Manchester City forl\u00e6nger ikke med reservem\u00e5lmand Claudio Bravo, som i stedet er rygtet p\u00e5 vej til Real Betis i La Liga","og_url":"https:\/\/acefootball.com\/da\/fodboldnyheder\/manchester-city-tager-afsked-med-bravo-la-liga-klub-spoeger\/","og_site_name":"Ace Football Danmark","article_publisher":"https:\/\/www.facebook.com\/acefootballdk","article_published_time":"2020-08-18T13:38:26+00:00","article_modified_time":"2020-08-18T13:38:27+00:00","og_image":[{"width":1024,"height":683,"url":"https:\/\/acefootball.com\/da\/wp-content\/uploads\/sites\/2\/2020\/08\/GettyImages-906676360.jpg","type":"image\/jpeg"}],"twitter_card":"summary_large_image","twitter_misc":{"Written by":"Mads Dreyer","Est. reading time":"1 minute"},"schema":{"@context":"https:\/\/schema.org","@graph":[{"@type":"Organization","@id":"https:\/\/acefootball.com\/da\/#organization","name":"Ace Football","url":"https:\/\/acefootball.com\/da\/","sameAs":["https:\/\/www.facebook.com\/acefootballdk"],"logo":{"@type":"ImageObject","@id":"https:\/\/acefootball.com\/da\/#logo","inLanguage":"en-US","url":"https:\/\/acefootball.com\/da\/wp-content\/uploads\/sites\/2\/2020\/07\/Ace-Football-30-07-2020-2.png","contentUrl":"https:\/\/acefootball.com\/da\/wp-content\/uploads\/sites\/2\/2020\/07\/Ace-Football-30-07-2020-2.png","width":1200,"height":600,"caption":"Ace Football"},"image":{"@id":"https:\/\/acefootball.com\/da\/#logo"}},{"@type":"WebSite","@id":"https:\/\/acefootball.com\/da\/#website","url":"https:\/\/acefootball.com\/da\/","name":"Ace Football Danmark","description":"Nyheder, Spiltips &amp; Livescore","publisher":{"@id":"https:\/\/acefootball.com\/da\/#organization"},"potentialAction":[{"@type":"SearchAction","target":{"@type":"EntryPoint","urlTemplate":"https:\/\/acefootball.com\/da\/?s={search_term_string}"},"query-input":"required name=search_term_string"}],"inLanguage":"en-US"},{"@type":"ImageObject","@id":"https:\/\/acefootball.com\/da\/fodboldnyheder\/manchester-city-tager-afsked-med-bravo-la-liga-klub-spoeger\/#primaryimage","inLanguage":"en-US","url":"https:\/\/acefootball.com\/da\/wp-content\/uploads\/sites\/2\/2020\/08\/GettyImages-906676360.jpg","contentUrl":"https:\/\/acefootball.com\/da\/wp-content\/uploads\/sites\/2\/2020\/08\/GettyImages-906676360.jpg","width":1024,"height":683,"caption":"MANCHESTER, ENGLAND - JANUARY 06: Claudio Bravo of Manchester City looks on during The Emirates FA Cup Third Round match between Manchester City and Burnley at Etihad Stadium on January 6, 2018 in Manchester, England. (Photo by Alex Livesey\/Getty Images)"},{"@type":"WebPage","@id":"https:\/\/acefootball.com\/da\/fodboldnyheder\/manchester-city-tager-afsked-med-bravo-la-liga-klub-spoeger\/#webpage","url":"https:\/\/acefootball.com\/da\/fodboldnyheder\/manchester-city-tager-afsked-med-bravo-la-liga-klub-spoeger\/","name":"Manchester City tager afsked med Bravo - La Liga-klub sp\u00f8ger","isPartOf":{"@id":"https:\/\/acefootball.com\/da\/#website"},"primaryImageOfPage":{"@id":"https:\/\/acefootball.com\/da\/fodboldnyheder\/manchester-city-tager-afsked-med-bravo-la-liga-klub-spoeger\/#primaryimage"},"datePublished":"2020-08-18T13:38:26+00:00","dateModified":"2020-08-18T13:38:27+00:00","description":"Manchester City forl\u00e6nger ikke med reservem\u00e5lmand Claudio Bravo, som i stedet er rygtet p\u00e5 vej til Real Betis i La Liga","breadcrumb":{"@id":"https:\/\/acefootball.com\/da\/fodboldnyheder\/manchester-city-tager-afsked-med-bravo-la-liga-klub-spoeger\/#breadcrumb"},"inLanguage":"en-US","potentialAction":[{"@type":"ReadAction","target":["https:\/\/acefootball.com\/da\/fodboldnyheder\/manchester-city-tager-afsked-med-bravo-la-liga-klub-spoeger\/"]}]},{"@type":"BreadcrumbList","@id":"https:\/\/acefootball.com\/da\/fodboldnyheder\/manchester-city-tager-afsked-med-bravo-la-liga-klub-spoeger\/#breadcrumb","itemListElement":[{"@type":"ListItem","position":1,"name":"Home","item":"https:\/\/acefootball.com\/da\/"},{"@type":"ListItem","position":2,"name":"Manchester City tager afsked med Bravo &#8211; La Liga-klub sp\u00f8ger"}]},{"@type":"Article","@id":"https:\/\/acefootball.com\/da\/fodboldnyheder\/manchester-city-tager-afsked-med-bravo-la-liga-klub-spoeger\/#article","isPartOf":{"@id":"https:\/\/acefootball.com\/da\/fodboldnyheder\/manchester-city-tager-afsked-med-bravo-la-liga-klub-spoeger\/#webpage"},"author":{"@id":"https:\/\/acefootball.com\/da\/#\/schema\/person\/ee67e9cf04a276f144100ffa722f10cd"},"headline":"Manchester City tager afsked med Bravo &#8211; La Liga-klub sp\u00f8ger","datePublished":"2020-08-18T13:38:26+00:00","dateModified":"2020-08-18T13:38:27+00:00","mainEntityOfPage":{"@id":"https:\/\/acefootball.com\/da\/fodboldnyheder\/manchester-city-tager-afsked-med-bravo-la-liga-klub-spoeger\/#webpage"},"wordCount":149,"commentCount":0,"publisher":{"@id":"https:\/\/acefootball.com\/da\/#organization"},"image":{"@id":"https:\/\/acefootball.com\/da\/fodboldnyheder\/manchester-city-tager-afsked-med-bravo-la-liga-klub-spoeger\/#primaryimage"},"thumbnailUrl":"https:\/\/acefootball.com\/da\/wp-content\/uploads\/sites\/2\/2020\/08\/GettyImages-906676360.jpg","keywords":["Claudio Bravo","La Liga","Manchester City","Premier League","Real Betis"],"articleSection":["Nyhed"],"inLanguage":"en-US","potentialAction":[{"@type":"CommentAction","name":"Comment","target":["https:\/\/acefootball.com\/da\/fodboldnyheder\/manchester-city-tager-afsked-med-bravo-la-liga-klub-spoeger\/#respond"]}]},{"@type":"Person","@id":"https:\/\/acefootball.com\/da\/#\/schema\/person\/ee67e9cf04a276f144100ffa722f10cd","name":"Mads Dreyer","image":{"@type":"ImageObject","@id":"https:\/\/acefootball.com\/da\/#personlogo","inLanguage":"en-US","url":"https:\/\/secure.gravatar.com\/avatar\/7c7abf72cfde9902b6a60efe60c88d4c?s=96&d=mm&r=g","contentUrl":"https:\/\/secure.gravatar.com\/avatar\/7c7abf72cfde9902b6a60efe60c88d4c?s=96&d=mm&r=g","caption":"Mads Dreyer"},"description":"Skribent og fodboldn\u00f8rd, der lige nu fort\u00e6ller om alt og intet i fodboldverdenen p\u00e5 acefootball.com. Uddannet i kommunikation fra Aalborg Universitet.","sameAs":["https:\/\/www.linkedin.com\/in\/mads-dreyer-b9b08266\/"],"url":"https:\/\/acefootball.com\/da\/fodboldnyheder\/author\/mdnronaldo\/"}]}},"fimg_url":"https:\/\/acefootball.com\/da\/wp-content\/uploads\/sites\/2\/2020\/08\/GettyImages-906676360.jpg","_links":{"self":[{"href":"https:\/\/acefootball.com\/da\/wp-json\/wp\/v2\/posts\/234482"}],"collection":[{"href":"https:\/\/acefootball.com\/da\/wp-json\/wp\/v2\/posts"}],"about":[{"href":"https:\/\/acefootball.com\/da\/wp-json\/wp\/v2\/types\/post"}],"author":[{"embeddable":true,"href":"https:\/\/acefootball.com\/da\/wp-json\/wp\/v2\/users\/705"}],"replies":[{"embeddable":true,"href":"https:\/\/acefootball.com\/da\/wp-json\/wp\/v2\/comments?post=234482"}],"version-history":[{"count":0,"href":"https:\/\/acefootball.com\/da\/wp-json\/wp\/v2\/posts\/234482\/revisions"}],"wp:featuredmedia":[{"embeddable":true,"href":"https:\/\/acefootball.com\/da\/wp-json\/wp\/v2\/media\/234486"}],"wp:attachment":[{"href":"https:\/\/acefootball.com\/da\/wp-json\/wp\/v2\/media?parent=234482"}],"wp:term":[{"taxonomy":"category","embeddable":true,"href":"https:\/\/acefootball.com\/da\/wp-json\/wp\/v2\/categories?post=234482"},{"taxonomy":"post_tag","embeddable":true,"href":"https:\/\/acefootball.com\/da\/wp-json\/wp\/v2\/tags?post=234482"}],"curies":[{"name":"wp","href":"https:\/\/api.w.org\/{rel}","templated":true}]}}