{"id":234429,"date":"2020-08-17T15:55:25","date_gmt":"2020-08-17T13:55:25","guid":{"rendered":"https:\/\/acefootball.com\/da\/?p=234429"},"modified":"2020-08-17T15:55:49","modified_gmt":"2020-08-17T13:55:49","slug":"medier-koeman-bliver-ny-barcelona-traener","status":"publish","type":"post","link":"https:\/\/acefootball.com\/da\/fodboldnyheder\/medier-koeman-bliver-ny-barcelona-traener\/","title":{"rendered":"Medier: Koeman bliver ny Barcelona-tr\u00e6ner"},"content":{"rendered":"\n<h2>If\u00f8lge spanske medier bliver Ronald Koeman pr\u00e6senteret som ny Barcelona-tr\u00e6ner, inden ugen er omme<\/h2>\n\n\n\n<p>Der er i skrivende stund et vigtigt m\u00f8de undervejs i FC Barcelona, hvor klubbens fremtid bliver diskuteret.<\/p>\n\n\n\n<p>Et af temaerne er med sikkerhed, hvem der skal st\u00e5 i spidsen for klubbens f\u00f8rstehold fremadrettet, efter pr\u00e6sident Josep Maria Bartomeu allerede har bekr\u00e6ftet, at Quique Seti\u00e9n er fortid.<\/p>\n\n\n\n<p>Mauricio Pochettino startede som bedste bud, men argentineren blev efterf\u00f8lgende overhalet af Ronald Koeman, og nu er flere spanske medier sikre p\u00e5, at holl\u00e6nderen bliver ansat.<\/p>\n\n\n\n<figure class=\"wp-block-embed-wordpress wp-block-embed is-type-wp-embed is-provider-ace-football-danmark\"><div class=\"wp-block-embed__wrapper\">\n<blockquote class=\"wp-embedded-content\" data-secret=\"SFzoSeCY43\"><a href=\"https:\/\/acefootball.com\/da\/fodboldnyheder\/ny-skandale-barcelona-spiller-sigtet-for-spritkoersel\/\">Ny skandale: Barcelona-spiller sigtet for spritk\u00f8rsel<\/a><\/blockquote><iframe class=\"wp-embedded-content\" sandbox=\"allow-scripts\" security=\"restricted\" style=\"position: absolute; clip: rect(1px, 1px, 1px, 1px);\" title=\"&#8220;Ny skandale: Barcelona-spiller sigtet for spritk\u00f8rsel&#8221; &#8212; Ace Football Danmark\" src=\"https:\/\/acefootball.com\/da\/fodboldnyheder\/ny-skandale-barcelona-spiller-sigtet-for-spritkoersel\/embed\/#?secret=SFzoSeCY43\" data-secret=\"SFzoSeCY43\" width=\"600\" height=\"338\" frameborder=\"0\" marginwidth=\"0\" marginheight=\"0\" scrolling=\"no\"><\/iframe>\n<\/div><\/figure>\n\n\n\n<p>Blandt andre <a href=\"https:\/\/www.mundodeportivo.com\/futbol\/fc-barcelona\/20200817\/482864363725\/el-barca-y-koeman-mas-cerca-del-acuerdo.html\" target=\"_blank\" rel=\"noreferrer noopener\">Mundo Deportivo<\/a> kan kan fort\u00e6lle, at der lige nu er forhandlinger i gang mellem Barcelona og Koeman, som st\u00e5r til at f\u00e5 en to\u00e5rig kontrakt i storklubben.<\/p>\n\n\n\n<p>Der er dog en enkelt hurdle, da Koeman er ansat som hollandsk landstr\u00e6ner frem til n\u00e6ste sommer, s\u00e5 der skal en aftale p\u00e5 plads med en afbrydelse af d\u00e9n kontrakt, f\u00f8r det hele kan falde p\u00e5 plads.<\/p>\n\n\n\n<p>Ronald Koeman har allerede et stort navn i Barcelona, som han repr\u00e6senterede som spiller i perioden 1989-1995.<\/p>\n","protected":false},"excerpt":{"rendered":"<p>If\u00f8lge spanske medier bliver Ronald Koeman pr\u00e6senteret som ny Barcelona-tr\u00e6ner, inden ugen er omme<\/p>\n","protected":false},"author":705,"featured_media":234320,"comment_status":"open","ping_status":"closed","sticky":false,"template":"","format":"standard","meta":{"om_disable_all_campaigns":false,"push_articles_ronaldo":{"active":false,"canonical":0,"publish":false},"force_updates":null},"categories":[1],"tags":[41,303,847],"enet_tags":{"team":["8634"],"league":["87"],"sport_events":[]},"yoast_head":"<!-- This site is optimized with the Yoast SEO plugin v18.3 - https:\/\/yoast.com\/wordpress\/plugins\/seo\/ -->\n<title>Medier: Koeman bliver ny Barcelona-tr\u00e6ner<\/title>\n<meta name=\"description\" content=\"If\u00f8lge spanske medier bliver Ronald Koeman pr\u00e6senteret som ny Barcelona-tr\u00e6ner, inden ugen er omme\" \/>\n<meta name=\"robots\" content=\"index, follow, max-snippet:-1, max-image-preview:large, max-video-preview:-1\" \/>\n<link rel=\"canonical\" href=\"https:\/\/acefootball.com\/da\/fodboldnyheder\/medier-koeman-bliver-ny-barcelona-traener\/\" \/>\n<meta property=\"og:locale\" content=\"en_US\" \/>\n<meta property=\"og:type\" content=\"article\" \/>\n<meta property=\"og:title\" content=\"Medier: Koeman bliver ny Barcelona-tr\u00e6ner\" \/>\n<meta property=\"og:description\" content=\"If\u00f8lge spanske medier bliver Ronald Koeman pr\u00e6senteret som ny Barcelona-tr\u00e6ner, inden ugen er omme\" \/>\n<meta property=\"og:url\" content=\"https:\/\/acefootball.com\/da\/fodboldnyheder\/medier-koeman-bliver-ny-barcelona-traener\/\" \/>\n<meta property=\"og:site_name\" content=\"Ace Football Danmark\" \/>\n<meta property=\"article:publisher\" content=\"https:\/\/www.facebook.com\/acefootballdk\" \/>\n<meta property=\"article:published_time\" content=\"2020-08-17T13:55:25+00:00\" \/>\n<meta property=\"article:modified_time\" content=\"2020-08-17T13:55:49+00:00\" \/>\n<meta property=\"og:image\" content=\"https:\/\/acefootball.com\/da\/wp-content\/uploads\/sites\/2\/2020\/08\/GettyImages-1172794793.jpg\" \/>\n\t<meta property=\"og:image:width\" content=\"1024\" \/>\n\t<meta property=\"og:image:height\" content=\"683\" \/>\n\t<meta property=\"og:image:type\" content=\"image\/jpeg\" \/>\n<meta name=\"twitter:card\" content=\"summary_large_image\" \/>\n<meta name=\"twitter:label1\" content=\"Written by\" \/>\n\t<meta name=\"twitter:data1\" content=\"Mads Dreyer\" \/>\n\t<meta name=\"twitter:label2\" content=\"Est. reading time\" \/>\n\t<meta name=\"twitter:data2\" content=\"1 minute\" \/>\n<script type=\"application\/ld+json\" class=\"yoast-schema-graph\">{\"@context\":\"https:\/\/schema.org\",\"@graph\":[{\"@type\":\"Organization\",\"@id\":\"https:\/\/acefootball.com\/da\/#organization\",\"name\":\"Ace Football\",\"url\":\"https:\/\/acefootball.com\/da\/\",\"sameAs\":[\"https:\/\/www.facebook.com\/acefootballdk\"],\"logo\":{\"@type\":\"ImageObject\",\"@id\":\"https:\/\/acefootball.com\/da\/#logo\",\"inLanguage\":\"en-US\",\"url\":\"https:\/\/acefootball.com\/da\/wp-content\/uploads\/sites\/2\/2020\/07\/Ace-Football-30-07-2020-2.png\",\"contentUrl\":\"https:\/\/acefootball.com\/da\/wp-content\/uploads\/sites\/2\/2020\/07\/Ace-Football-30-07-2020-2.png\",\"width\":1200,\"height\":600,\"caption\":\"Ace Football\"},\"image\":{\"@id\":\"https:\/\/acefootball.com\/da\/#logo\"}},{\"@type\":\"WebSite\",\"@id\":\"https:\/\/acefootball.com\/da\/#website\",\"url\":\"https:\/\/acefootball.com\/da\/\",\"name\":\"Ace Football Danmark\",\"description\":\"Nyheder, Spiltips &amp; Livescore\",\"publisher\":{\"@id\":\"https:\/\/acefootball.com\/da\/#organization\"},\"potentialAction\":[{\"@type\":\"SearchAction\",\"target\":{\"@type\":\"EntryPoint\",\"urlTemplate\":\"https:\/\/acefootball.com\/da\/?s={search_term_string}\"},\"query-input\":\"required name=search_term_string\"}],\"inLanguage\":\"en-US\"},{\"@type\":\"ImageObject\",\"@id\":\"https:\/\/acefootball.com\/da\/fodboldnyheder\/medier-koeman-bliver-ny-barcelona-traener\/#primaryimage\",\"inLanguage\":\"en-US\",\"url\":\"https:\/\/acefootball.com\/da\/wp-content\/uploads\/sites\/2\/2020\/08\/GettyImages-1172794793.jpg\",\"contentUrl\":\"https:\/\/acefootball.com\/da\/wp-content\/uploads\/sites\/2\/2020\/08\/GettyImages-1172794793.jpg\",\"width\":1024,\"height\":683,\"caption\":\"HAMBURG, GERMANY - SEPTEMBER 06: Ronald Koeman, Manager of the Netherlands looks on prior to the UEFA Euro 2020 qualifier match between Germany and Netherlands at Volksparkstadion on September 06, 2019 in Hamburg, Germany. (Photo by Maja Hitij\/Bongarts\/Getty Images)\"},{\"@type\":\"WebPage\",\"@id\":\"https:\/\/acefootball.com\/da\/fodboldnyheder\/medier-koeman-bliver-ny-barcelona-traener\/#webpage\",\"url\":\"https:\/\/acefootball.com\/da\/fodboldnyheder\/medier-koeman-bliver-ny-barcelona-traener\/\",\"name\":\"Medier: Koeman bliver ny Barcelona-tr\u00e6ner\",\"isPartOf\":{\"@id\":\"https:\/\/acefootball.com\/da\/#website\"},\"primaryImageOfPage\":{\"@id\":\"https:\/\/acefootball.com\/da\/fodboldnyheder\/medier-koeman-bliver-ny-barcelona-traener\/#primaryimage\"},\"datePublished\":\"2020-08-17T13:55:25+00:00\",\"dateModified\":\"2020-08-17T13:55:49+00:00\",\"description\":\"If\u00f8lge spanske medier bliver Ronald Koeman pr\u00e6senteret som ny Barcelona-tr\u00e6ner, inden ugen er omme\",\"breadcrumb\":{\"@id\":\"https:\/\/acefootball.com\/da\/fodboldnyheder\/medier-koeman-bliver-ny-barcelona-traener\/#breadcrumb\"},\"inLanguage\":\"en-US\",\"potentialAction\":[{\"@type\":\"ReadAction\",\"target\":[\"https:\/\/acefootball.com\/da\/fodboldnyheder\/medier-koeman-bliver-ny-barcelona-traener\/\"]}]},{\"@type\":\"BreadcrumbList\",\"@id\":\"https:\/\/acefootball.com\/da\/fodboldnyheder\/medier-koeman-bliver-ny-barcelona-traener\/#breadcrumb\",\"itemListElement\":[{\"@type\":\"ListItem\",\"position\":1,\"name\":\"Home\",\"item\":\"https:\/\/acefootball.com\/da\/\"},{\"@type\":\"ListItem\",\"position\":2,\"name\":\"Medier: Koeman bliver ny Barcelona-tr\u00e6ner\"}]},{\"@type\":\"Article\",\"@id\":\"https:\/\/acefootball.com\/da\/fodboldnyheder\/medier-koeman-bliver-ny-barcelona-traener\/#article\",\"isPartOf\":{\"@id\":\"https:\/\/acefootball.com\/da\/fodboldnyheder\/medier-koeman-bliver-ny-barcelona-traener\/#webpage\"},\"author\":{\"@id\":\"https:\/\/acefootball.com\/da\/#\/schema\/person\/ee67e9cf04a276f144100ffa722f10cd\"},\"headline\":\"Medier: Koeman bliver ny Barcelona-tr\u00e6ner\",\"datePublished\":\"2020-08-17T13:55:25+00:00\",\"dateModified\":\"2020-08-17T13:55:49+00:00\",\"mainEntityOfPage\":{\"@id\":\"https:\/\/acefootball.com\/da\/fodboldnyheder\/medier-koeman-bliver-ny-barcelona-traener\/#webpage\"},\"wordCount\":199,\"commentCount\":0,\"publisher\":{\"@id\":\"https:\/\/acefootball.com\/da\/#organization\"},\"image\":{\"@id\":\"https:\/\/acefootball.com\/da\/fodboldnyheder\/medier-koeman-bliver-ny-barcelona-traener\/#primaryimage\"},\"thumbnailUrl\":\"https:\/\/acefootball.com\/da\/wp-content\/uploads\/sites\/2\/2020\/08\/GettyImages-1172794793.jpg\",\"keywords\":[\"FC Barcelona\",\"La Liga\",\"Ronald Koeman\"],\"articleSection\":[\"Nyhed\"],\"inLanguage\":\"en-US\",\"potentialAction\":[{\"@type\":\"CommentAction\",\"name\":\"Comment\",\"target\":[\"https:\/\/acefootball.com\/da\/fodboldnyheder\/medier-koeman-bliver-ny-barcelona-traener\/#respond\"]}]},{\"@type\":\"Person\",\"@id\":\"https:\/\/acefootball.com\/da\/#\/schema\/person\/ee67e9cf04a276f144100ffa722f10cd\",\"name\":\"Mads Dreyer\",\"image\":{\"@type\":\"ImageObject\",\"@id\":\"https:\/\/acefootball.com\/da\/#personlogo\",\"inLanguage\":\"en-US\",\"url\":\"https:\/\/secure.gravatar.com\/avatar\/7c7abf72cfde9902b6a60efe60c88d4c?s=96&d=mm&r=g\",\"contentUrl\":\"https:\/\/secure.gravatar.com\/avatar\/7c7abf72cfde9902b6a60efe60c88d4c?s=96&d=mm&r=g\",\"caption\":\"Mads Dreyer\"},\"description\":\"Skribent og fodboldn\u00f8rd, der lige nu fort\u00e6ller om alt og intet i fodboldverdenen p\u00e5 acefootball.com. Uddannet i kommunikation fra Aalborg Universitet.\",\"sameAs\":[\"https:\/\/www.linkedin.com\/in\/mads-dreyer-b9b08266\/\"],\"url\":\"https:\/\/acefootball.com\/da\/fodboldnyheder\/author\/mdnronaldo\/\"}]}<\/script>\n<!-- \/ Yoast SEO plugin. -->","yoast_head_json":{"title":"Medier: Koeman bliver ny Barcelona-tr\u00e6ner","description":"If\u00f8lge spanske medier bliver Ronald Koeman pr\u00e6senteret som ny Barcelona-tr\u00e6ner, inden ugen er omme","robots":{"index":"index","follow":"follow","max-snippet":"max-snippet:-1","max-image-preview":"max-image-preview:large","max-video-preview":"max-video-preview:-1"},"canonical":"https:\/\/acefootball.com\/da\/fodboldnyheder\/medier-koeman-bliver-ny-barcelona-traener\/","og_locale":"en_US","og_type":"article","og_title":"Medier: Koeman bliver ny Barcelona-tr\u00e6ner","og_description":"If\u00f8lge spanske medier bliver Ronald Koeman pr\u00e6senteret som ny Barcelona-tr\u00e6ner, inden ugen er omme","og_url":"https:\/\/acefootball.com\/da\/fodboldnyheder\/medier-koeman-bliver-ny-barcelona-traener\/","og_site_name":"Ace Football Danmark","article_publisher":"https:\/\/www.facebook.com\/acefootballdk","article_published_time":"2020-08-17T13:55:25+00:00","article_modified_time":"2020-08-17T13:55:49+00:00","og_image":[{"width":1024,"height":683,"url":"https:\/\/acefootball.com\/da\/wp-content\/uploads\/sites\/2\/2020\/08\/GettyImages-1172794793.jpg","type":"image\/jpeg"}],"twitter_card":"summary_large_image","twitter_misc":{"Written by":"Mads Dreyer","Est. reading time":"1 minute"},"schema":{"@context":"https:\/\/schema.org","@graph":[{"@type":"Organization","@id":"https:\/\/acefootball.com\/da\/#organization","name":"Ace Football","url":"https:\/\/acefootball.com\/da\/","sameAs":["https:\/\/www.facebook.com\/acefootballdk"],"logo":{"@type":"ImageObject","@id":"https:\/\/acefootball.com\/da\/#logo","inLanguage":"en-US","url":"https:\/\/acefootball.com\/da\/wp-content\/uploads\/sites\/2\/2020\/07\/Ace-Football-30-07-2020-2.png","contentUrl":"https:\/\/acefootball.com\/da\/wp-content\/uploads\/sites\/2\/2020\/07\/Ace-Football-30-07-2020-2.png","width":1200,"height":600,"caption":"Ace Football"},"image":{"@id":"https:\/\/acefootball.com\/da\/#logo"}},{"@type":"WebSite","@id":"https:\/\/acefootball.com\/da\/#website","url":"https:\/\/acefootball.com\/da\/","name":"Ace Football Danmark","description":"Nyheder, Spiltips &amp; Livescore","publisher":{"@id":"https:\/\/acefootball.com\/da\/#organization"},"potentialAction":[{"@type":"SearchAction","target":{"@type":"EntryPoint","urlTemplate":"https:\/\/acefootball.com\/da\/?s={search_term_string}"},"query-input":"required name=search_term_string"}],"inLanguage":"en-US"},{"@type":"ImageObject","@id":"https:\/\/acefootball.com\/da\/fodboldnyheder\/medier-koeman-bliver-ny-barcelona-traener\/#primaryimage","inLanguage":"en-US","url":"https:\/\/acefootball.com\/da\/wp-content\/uploads\/sites\/2\/2020\/08\/GettyImages-1172794793.jpg","contentUrl":"https:\/\/acefootball.com\/da\/wp-content\/uploads\/sites\/2\/2020\/08\/GettyImages-1172794793.jpg","width":1024,"height":683,"caption":"HAMBURG, GERMANY - SEPTEMBER 06: Ronald Koeman, Manager of the Netherlands looks on prior to the UEFA Euro 2020 qualifier match between Germany and Netherlands at Volksparkstadion on September 06, 2019 in Hamburg, Germany. (Photo by Maja Hitij\/Bongarts\/Getty Images)"},{"@type":"WebPage","@id":"https:\/\/acefootball.com\/da\/fodboldnyheder\/medier-koeman-bliver-ny-barcelona-traener\/#webpage","url":"https:\/\/acefootball.com\/da\/fodboldnyheder\/medier-koeman-bliver-ny-barcelona-traener\/","name":"Medier: Koeman bliver ny Barcelona-tr\u00e6ner","isPartOf":{"@id":"https:\/\/acefootball.com\/da\/#website"},"primaryImageOfPage":{"@id":"https:\/\/acefootball.com\/da\/fodboldnyheder\/medier-koeman-bliver-ny-barcelona-traener\/#primaryimage"},"datePublished":"2020-08-17T13:55:25+00:00","dateModified":"2020-08-17T13:55:49+00:00","description":"If\u00f8lge spanske medier bliver Ronald Koeman pr\u00e6senteret som ny Barcelona-tr\u00e6ner, inden ugen er omme","breadcrumb":{"@id":"https:\/\/acefootball.com\/da\/fodboldnyheder\/medier-koeman-bliver-ny-barcelona-traener\/#breadcrumb"},"inLanguage":"en-US","potentialAction":[{"@type":"ReadAction","target":["https:\/\/acefootball.com\/da\/fodboldnyheder\/medier-koeman-bliver-ny-barcelona-traener\/"]}]},{"@type":"BreadcrumbList","@id":"https:\/\/acefootball.com\/da\/fodboldnyheder\/medier-koeman-bliver-ny-barcelona-traener\/#breadcrumb","itemListElement":[{"@type":"ListItem","position":1,"name":"Home","item":"https:\/\/acefootball.com\/da\/"},{"@type":"ListItem","position":2,"name":"Medier: Koeman bliver ny Barcelona-tr\u00e6ner"}]},{"@type":"Article","@id":"https:\/\/acefootball.com\/da\/fodboldnyheder\/medier-koeman-bliver-ny-barcelona-traener\/#article","isPartOf":{"@id":"https:\/\/acefootball.com\/da\/fodboldnyheder\/medier-koeman-bliver-ny-barcelona-traener\/#webpage"},"author":{"@id":"https:\/\/acefootball.com\/da\/#\/schema\/person\/ee67e9cf04a276f144100ffa722f10cd"},"headline":"Medier: Koeman bliver ny Barcelona-tr\u00e6ner","datePublished":"2020-08-17T13:55:25+00:00","dateModified":"2020-08-17T13:55:49+00:00","mainEntityOfPage":{"@id":"https:\/\/acefootball.com\/da\/fodboldnyheder\/medier-koeman-bliver-ny-barcelona-traener\/#webpage"},"wordCount":199,"commentCount":0,"publisher":{"@id":"https:\/\/acefootball.com\/da\/#organization"},"image":{"@id":"https:\/\/acefootball.com\/da\/fodboldnyheder\/medier-koeman-bliver-ny-barcelona-traener\/#primaryimage"},"thumbnailUrl":"https:\/\/acefootball.com\/da\/wp-content\/uploads\/sites\/2\/2020\/08\/GettyImages-1172794793.jpg","keywords":["FC Barcelona","La Liga","Ronald Koeman"],"articleSection":["Nyhed"],"inLanguage":"en-US","potentialAction":[{"@type":"CommentAction","name":"Comment","target":["https:\/\/acefootball.com\/da\/fodboldnyheder\/medier-koeman-bliver-ny-barcelona-traener\/#respond"]}]},{"@type":"Person","@id":"https:\/\/acefootball.com\/da\/#\/schema\/person\/ee67e9cf04a276f144100ffa722f10cd","name":"Mads Dreyer","image":{"@type":"ImageObject","@id":"https:\/\/acefootball.com\/da\/#personlogo","inLanguage":"en-US","url":"https:\/\/secure.gravatar.com\/avatar\/7c7abf72cfde9902b6a60efe60c88d4c?s=96&d=mm&r=g","contentUrl":"https:\/\/secure.gravatar.com\/avatar\/7c7abf72cfde9902b6a60efe60c88d4c?s=96&d=mm&r=g","caption":"Mads Dreyer"},"description":"Skribent og fodboldn\u00f8rd, der lige nu fort\u00e6ller om alt og intet i fodboldverdenen p\u00e5 acefootball.com. Uddannet i kommunikation fra Aalborg Universitet.","sameAs":["https:\/\/www.linkedin.com\/in\/mads-dreyer-b9b08266\/"],"url":"https:\/\/acefootball.com\/da\/fodboldnyheder\/author\/mdnronaldo\/"}]}},"fimg_url":"https:\/\/acefootball.com\/da\/wp-content\/uploads\/sites\/2\/2020\/08\/GettyImages-1172794793.jpg","_links":{"self":[{"href":"https:\/\/acefootball.com\/da\/wp-json\/wp\/v2\/posts\/234429"}],"collection":[{"href":"https:\/\/acefootball.com\/da\/wp-json\/wp\/v2\/posts"}],"about":[{"href":"https:\/\/acefootball.com\/da\/wp-json\/wp\/v2\/types\/post"}],"author":[{"embeddable":true,"href":"https:\/\/acefootball.com\/da\/wp-json\/wp\/v2\/users\/705"}],"replies":[{"embeddable":true,"href":"https:\/\/acefootball.com\/da\/wp-json\/wp\/v2\/comments?post=234429"}],"version-history":[{"count":0,"href":"https:\/\/acefootball.com\/da\/wp-json\/wp\/v2\/posts\/234429\/revisions"}],"wp:featuredmedia":[{"embeddable":true,"href":"https:\/\/acefootball.com\/da\/wp-json\/wp\/v2\/media\/234320"}],"wp:attachment":[{"href":"https:\/\/acefootball.com\/da\/wp-json\/wp\/v2\/media?parent=234429"}],"wp:term":[{"taxonomy":"category","embeddable":true,"href":"https:\/\/acefootball.com\/da\/wp-json\/wp\/v2\/categories?post=234429"},{"taxonomy":"post_tag","embeddable":true,"href":"https:\/\/acefootball.com\/da\/wp-json\/wp\/v2\/tags?post=234429"}],"curies":[{"name":"wp","href":"https:\/\/api.w.org\/{rel}","templated":true}]}}