{"id":234420,"date":"2020-08-17T15:12:35","date_gmt":"2020-08-17T13:12:35","guid":{"rendered":"https:\/\/acefootball.com\/da\/?p=234420"},"modified":"2020-08-17T14:52:02","modified_gmt":"2020-08-17T12:52:02","slug":"medie-manchester-united-har-fire-barcelona-spillere-i-kikkerten","status":"publish","type":"post","link":"https:\/\/acefootball.com\/da\/fodboldnyheder\/medie-manchester-united-har-fire-barcelona-spillere-i-kikkerten\/","title":{"rendered":"Medie: Manchester United har fire Barcelona-spillere i kikkerten"},"content":{"rendered":"\n<h2>Der skal gang i en st\u00f8rre oprydning i Barcelona-truppen, og det vil Manchester United efter sigende gerne hj\u00e6lpe til med<\/h2>\n\n\n\n<p>Flere spillere forventes at forlade FC Barcelona denne sommer, da klubben skal have \u00f8konomien tilbage p\u00e5 ret k\u00f8l, mens man sportsligt ogs\u00e5 tr\u00e6nger til udskiftninger.<\/p>\n\n\n\n<p>Derfor er der et mindre udsalg p\u00e5 vej, og der bliver sandsynligvis stor kamp om de mange stjerner, hvilket er angiveligt en kamp, som Manchester United vil tage aktiv del i.<\/p>\n\n\n\n<p>If\u00f8lge det spanske medie <a href=\"https:\/\/www.sport.es\/en\/news\/barca\/manchester-united-want-to-shop-at-barcelonas-summer-sale-8078126\" target=\"_blank\" rel=\"noreferrer noopener\">Sport <\/a>er der nemlig fire spillere, som Ole Gunnar Solskj\u00e6r har et godt \u00f8je til: Samuel Umtiti, Ivan Rakitic, Arturo Vidal og Ousmane Demb\u00e9l\u00e9.<\/p>\n\n\n\n<figure class=\"wp-block-embed-wordpress wp-block-embed is-type-wp-embed is-provider-ace-football-danmark\"><div class=\"wp-block-embed__wrapper\">\n<blockquote class=\"wp-embedded-content\" data-secret=\"mmpUUjM7Kw\"><a href=\"https:\/\/acefootball.com\/da\/fodboldnyheder\/rygte-ajax-planlaegger-suarez-comeback\/\">Rygte: Ajax planl\u00e6gger Su\u00e1rez-comeback<\/a><\/blockquote><iframe class=\"wp-embedded-content\" sandbox=\"allow-scripts\" security=\"restricted\" style=\"position: absolute; clip: rect(1px, 1px, 1px, 1px);\" title=\"&#8220;Rygte: Ajax planl\u00e6gger Su\u00e1rez-comeback&#8221; &#8212; Ace Football Danmark\" src=\"https:\/\/acefootball.com\/da\/fodboldnyheder\/rygte-ajax-planlaegger-suarez-comeback\/embed\/#?secret=mmpUUjM7Kw\" data-secret=\"mmpUUjM7Kw\" width=\"600\" height=\"338\" frameborder=\"0\" marginwidth=\"0\" marginheight=\"0\" scrolling=\"no\"><\/iframe>\n<\/div><\/figure>\n\n\n\n<p>Umtiti kan v\u00e6re relativt billigt til salg p\u00e5 grund af de mange skader, og det samme kan muligvis siges om landsmanden Demb\u00e9l\u00e9, som er blevet Premier League-mandskabets plan B, efter det ikke lykkedes at hente Jadon Sancho.<\/p>\n\n\n\n<p>Sv\u00e6rere ser det ud at hente Rakitic, som er p\u00e5 vej til Sevilla, men her kan Vidal med sin rutine udg\u00f8re en glimrende erstatning.<\/p>\n","protected":false},"excerpt":{"rendered":"<p>Der skal gang i en st\u00f8rre oprydning i Barcelona-truppen, og det vil Manchester United efter sigende gerne hj\u00e6lpe til med<\/p>\n","protected":false},"author":705,"featured_media":234093,"comment_status":"open","ping_status":"closed","sticky":false,"template":"","format":"standard","meta":{"om_disable_all_campaigns":false,"push_articles_ronaldo":{"active":false,"canonical":0,"publish":false},"force_updates":null},"categories":[7],"tags":[983,41,1413,303,126,608,134,1871],"enet_tags":{"undefined":["49939"],"team":["8634","10260"],"player":["25773","692984","210117"],"league":["87","47"],"sport_events":[]},"yoast_head":"<!-- This site is optimized with the Yoast SEO plugin v18.3 - https:\/\/yoast.com\/wordpress\/plugins\/seo\/ -->\n<title>Medie: Manchester United har fire Barcelona-spillere i kikkerten<\/title>\n<meta name=\"description\" content=\"Der skal gang i en st\u00f8rre oprydning i Barcelona-truppen, og det vil Manchester United efter sigende gerne hj\u00e6lpe til med\" \/>\n<meta name=\"robots\" content=\"index, follow, max-snippet:-1, max-image-preview:large, max-video-preview:-1\" \/>\n<link rel=\"canonical\" href=\"https:\/\/acefootball.com\/da\/fodboldnyheder\/medie-manchester-united-har-fire-barcelona-spillere-i-kikkerten\/\" \/>\n<meta property=\"og:locale\" content=\"en_US\" \/>\n<meta property=\"og:type\" content=\"article\" \/>\n<meta property=\"og:title\" content=\"Medie: Manchester United har fire Barcelona-spillere i kikkerten\" \/>\n<meta property=\"og:description\" content=\"Der skal gang i en st\u00f8rre oprydning i Barcelona-truppen, og det vil Manchester United efter sigende gerne hj\u00e6lpe til med\" \/>\n<meta property=\"og:url\" content=\"https:\/\/acefootball.com\/da\/fodboldnyheder\/medie-manchester-united-har-fire-barcelona-spillere-i-kikkerten\/\" \/>\n<meta property=\"og:site_name\" content=\"Ace Football Danmark\" \/>\n<meta property=\"article:publisher\" content=\"https:\/\/www.facebook.com\/acefootballdk\" \/>\n<meta property=\"article:published_time\" content=\"2020-08-17T13:12:35+00:00\" \/>\n<meta property=\"article:modified_time\" content=\"2020-08-17T12:52:02+00:00\" \/>\n<meta property=\"og:image\" content=\"https:\/\/acefootball.com\/da\/wp-content\/uploads\/sites\/2\/2020\/08\/GettyImages-1179561229.jpg\" \/>\n\t<meta property=\"og:image:width\" content=\"1024\" \/>\n\t<meta property=\"og:image:height\" content=\"682\" \/>\n\t<meta property=\"og:image:type\" content=\"image\/jpeg\" \/>\n<meta name=\"twitter:card\" content=\"summary_large_image\" \/>\n<meta name=\"twitter:label1\" content=\"Written by\" \/>\n\t<meta name=\"twitter:data1\" content=\"Mads Dreyer\" \/>\n\t<meta name=\"twitter:label2\" content=\"Est. reading time\" \/>\n\t<meta name=\"twitter:data2\" content=\"1 minute\" \/>\n<script type=\"application\/ld+json\" class=\"yoast-schema-graph\">{\"@context\":\"https:\/\/schema.org\",\"@graph\":[{\"@type\":\"Organization\",\"@id\":\"https:\/\/acefootball.com\/da\/#organization\",\"name\":\"Ace Football\",\"url\":\"https:\/\/acefootball.com\/da\/\",\"sameAs\":[\"https:\/\/www.facebook.com\/acefootballdk\"],\"logo\":{\"@type\":\"ImageObject\",\"@id\":\"https:\/\/acefootball.com\/da\/#logo\",\"inLanguage\":\"en-US\",\"url\":\"https:\/\/acefootball.com\/da\/wp-content\/uploads\/sites\/2\/2020\/07\/Ace-Football-30-07-2020-2.png\",\"contentUrl\":\"https:\/\/acefootball.com\/da\/wp-content\/uploads\/sites\/2\/2020\/07\/Ace-Football-30-07-2020-2.png\",\"width\":1200,\"height\":600,\"caption\":\"Ace Football\"},\"image\":{\"@id\":\"https:\/\/acefootball.com\/da\/#logo\"}},{\"@type\":\"WebSite\",\"@id\":\"https:\/\/acefootball.com\/da\/#website\",\"url\":\"https:\/\/acefootball.com\/da\/\",\"name\":\"Ace Football Danmark\",\"description\":\"Nyheder, Spiltips &amp; Livescore\",\"publisher\":{\"@id\":\"https:\/\/acefootball.com\/da\/#organization\"},\"potentialAction\":[{\"@type\":\"SearchAction\",\"target\":{\"@type\":\"EntryPoint\",\"urlTemplate\":\"https:\/\/acefootball.com\/da\/?s={search_term_string}\"},\"query-input\":\"required name=search_term_string\"}],\"inLanguage\":\"en-US\"},{\"@type\":\"ImageObject\",\"@id\":\"https:\/\/acefootball.com\/da\/fodboldnyheder\/medie-manchester-united-har-fire-barcelona-spillere-i-kikkerten\/#primaryimage\",\"inLanguage\":\"en-US\",\"url\":\"https:\/\/acefootball.com\/da\/wp-content\/uploads\/sites\/2\/2020\/08\/GettyImages-1179561229.jpg\",\"contentUrl\":\"https:\/\/acefootball.com\/da\/wp-content\/uploads\/sites\/2\/2020\/08\/GettyImages-1179561229.jpg\",\"width\":1024,\"height\":682,\"caption\":\"BARCELONA, SPAIN - OCTOBER 06: Ousmane Dembele of FC Barcelona looks on during the Liga match between FC Barcelona and Sevilla FC at Camp Nou on October 06, 2019 in Barcelona, Spain. (Photo by Aitor Alcalde\/Getty Images)\"},{\"@type\":\"WebPage\",\"@id\":\"https:\/\/acefootball.com\/da\/fodboldnyheder\/medie-manchester-united-har-fire-barcelona-spillere-i-kikkerten\/#webpage\",\"url\":\"https:\/\/acefootball.com\/da\/fodboldnyheder\/medie-manchester-united-har-fire-barcelona-spillere-i-kikkerten\/\",\"name\":\"Medie: Manchester United har fire Barcelona-spillere i kikkerten\",\"isPartOf\":{\"@id\":\"https:\/\/acefootball.com\/da\/#website\"},\"primaryImageOfPage\":{\"@id\":\"https:\/\/acefootball.com\/da\/fodboldnyheder\/medie-manchester-united-har-fire-barcelona-spillere-i-kikkerten\/#primaryimage\"},\"datePublished\":\"2020-08-17T13:12:35+00:00\",\"dateModified\":\"2020-08-17T12:52:02+00:00\",\"description\":\"Der skal gang i en st\u00f8rre oprydning i Barcelona-truppen, og det vil Manchester United efter sigende gerne hj\u00e6lpe til med\",\"breadcrumb\":{\"@id\":\"https:\/\/acefootball.com\/da\/fodboldnyheder\/medie-manchester-united-har-fire-barcelona-spillere-i-kikkerten\/#breadcrumb\"},\"inLanguage\":\"en-US\",\"potentialAction\":[{\"@type\":\"ReadAction\",\"target\":[\"https:\/\/acefootball.com\/da\/fodboldnyheder\/medie-manchester-united-har-fire-barcelona-spillere-i-kikkerten\/\"]}]},{\"@type\":\"BreadcrumbList\",\"@id\":\"https:\/\/acefootball.com\/da\/fodboldnyheder\/medie-manchester-united-har-fire-barcelona-spillere-i-kikkerten\/#breadcrumb\",\"itemListElement\":[{\"@type\":\"ListItem\",\"position\":1,\"name\":\"Home\",\"item\":\"https:\/\/acefootball.com\/da\/\"},{\"@type\":\"ListItem\",\"position\":2,\"name\":\"Medie: Manchester United har fire Barcelona-spillere i kikkerten\"}]},{\"@type\":\"Article\",\"@id\":\"https:\/\/acefootball.com\/da\/fodboldnyheder\/medie-manchester-united-har-fire-barcelona-spillere-i-kikkerten\/#article\",\"isPartOf\":{\"@id\":\"https:\/\/acefootball.com\/da\/fodboldnyheder\/medie-manchester-united-har-fire-barcelona-spillere-i-kikkerten\/#webpage\"},\"author\":{\"@id\":\"https:\/\/acefootball.com\/da\/#\/schema\/person\/ee67e9cf04a276f144100ffa722f10cd\"},\"headline\":\"Medie: Manchester United har fire Barcelona-spillere i kikkerten\",\"datePublished\":\"2020-08-17T13:12:35+00:00\",\"dateModified\":\"2020-08-17T12:52:02+00:00\",\"mainEntityOfPage\":{\"@id\":\"https:\/\/acefootball.com\/da\/fodboldnyheder\/medie-manchester-united-har-fire-barcelona-spillere-i-kikkerten\/#webpage\"},\"wordCount\":190,\"commentCount\":0,\"publisher\":{\"@id\":\"https:\/\/acefootball.com\/da\/#organization\"},\"image\":{\"@id\":\"https:\/\/acefootball.com\/da\/fodboldnyheder\/medie-manchester-united-har-fire-barcelona-spillere-i-kikkerten\/#primaryimage\"},\"thumbnailUrl\":\"https:\/\/acefootball.com\/da\/wp-content\/uploads\/sites\/2\/2020\/08\/GettyImages-1179561229.jpg\",\"keywords\":[\"Arturo Vidal\",\"FC Barcelona\",\"Ivan Rakitic\",\"La Liga\",\"Manchester United\",\"Ousmane Demb\u00e9l\u00e9\",\"Premier League\",\"Samuel Umtiti\"],\"articleSection\":[\"Transfer\"],\"inLanguage\":\"en-US\",\"potentialAction\":[{\"@type\":\"CommentAction\",\"name\":\"Comment\",\"target\":[\"https:\/\/acefootball.com\/da\/fodboldnyheder\/medie-manchester-united-har-fire-barcelona-spillere-i-kikkerten\/#respond\"]}]},{\"@type\":\"Person\",\"@id\":\"https:\/\/acefootball.com\/da\/#\/schema\/person\/ee67e9cf04a276f144100ffa722f10cd\",\"name\":\"Mads Dreyer\",\"image\":{\"@type\":\"ImageObject\",\"@id\":\"https:\/\/acefootball.com\/da\/#personlogo\",\"inLanguage\":\"en-US\",\"url\":\"https:\/\/secure.gravatar.com\/avatar\/7c7abf72cfde9902b6a60efe60c88d4c?s=96&d=mm&r=g\",\"contentUrl\":\"https:\/\/secure.gravatar.com\/avatar\/7c7abf72cfde9902b6a60efe60c88d4c?s=96&d=mm&r=g\",\"caption\":\"Mads Dreyer\"},\"description\":\"Skribent og fodboldn\u00f8rd, der lige nu fort\u00e6ller om alt og intet i fodboldverdenen p\u00e5 acefootball.com. Uddannet i kommunikation fra Aalborg Universitet.\",\"sameAs\":[\"https:\/\/www.linkedin.com\/in\/mads-dreyer-b9b08266\/\"],\"url\":\"https:\/\/acefootball.com\/da\/fodboldnyheder\/author\/mdnronaldo\/\"}]}<\/script>\n<!-- \/ Yoast SEO plugin. -->","yoast_head_json":{"title":"Medie: Manchester United har fire Barcelona-spillere i kikkerten","description":"Der skal gang i en st\u00f8rre oprydning i Barcelona-truppen, og det vil Manchester United efter sigende gerne hj\u00e6lpe til med","robots":{"index":"index","follow":"follow","max-snippet":"max-snippet:-1","max-image-preview":"max-image-preview:large","max-video-preview":"max-video-preview:-1"},"canonical":"https:\/\/acefootball.com\/da\/fodboldnyheder\/medie-manchester-united-har-fire-barcelona-spillere-i-kikkerten\/","og_locale":"en_US","og_type":"article","og_title":"Medie: Manchester United har fire Barcelona-spillere i kikkerten","og_description":"Der skal gang i en st\u00f8rre oprydning i Barcelona-truppen, og det vil Manchester United efter sigende gerne hj\u00e6lpe til med","og_url":"https:\/\/acefootball.com\/da\/fodboldnyheder\/medie-manchester-united-har-fire-barcelona-spillere-i-kikkerten\/","og_site_name":"Ace Football Danmark","article_publisher":"https:\/\/www.facebook.com\/acefootballdk","article_published_time":"2020-08-17T13:12:35+00:00","article_modified_time":"2020-08-17T12:52:02+00:00","og_image":[{"width":1024,"height":682,"url":"https:\/\/acefootball.com\/da\/wp-content\/uploads\/sites\/2\/2020\/08\/GettyImages-1179561229.jpg","type":"image\/jpeg"}],"twitter_card":"summary_large_image","twitter_misc":{"Written by":"Mads Dreyer","Est. reading time":"1 minute"},"schema":{"@context":"https:\/\/schema.org","@graph":[{"@type":"Organization","@id":"https:\/\/acefootball.com\/da\/#organization","name":"Ace Football","url":"https:\/\/acefootball.com\/da\/","sameAs":["https:\/\/www.facebook.com\/acefootballdk"],"logo":{"@type":"ImageObject","@id":"https:\/\/acefootball.com\/da\/#logo","inLanguage":"en-US","url":"https:\/\/acefootball.com\/da\/wp-content\/uploads\/sites\/2\/2020\/07\/Ace-Football-30-07-2020-2.png","contentUrl":"https:\/\/acefootball.com\/da\/wp-content\/uploads\/sites\/2\/2020\/07\/Ace-Football-30-07-2020-2.png","width":1200,"height":600,"caption":"Ace Football"},"image":{"@id":"https:\/\/acefootball.com\/da\/#logo"}},{"@type":"WebSite","@id":"https:\/\/acefootball.com\/da\/#website","url":"https:\/\/acefootball.com\/da\/","name":"Ace Football Danmark","description":"Nyheder, Spiltips &amp; Livescore","publisher":{"@id":"https:\/\/acefootball.com\/da\/#organization"},"potentialAction":[{"@type":"SearchAction","target":{"@type":"EntryPoint","urlTemplate":"https:\/\/acefootball.com\/da\/?s={search_term_string}"},"query-input":"required name=search_term_string"}],"inLanguage":"en-US"},{"@type":"ImageObject","@id":"https:\/\/acefootball.com\/da\/fodboldnyheder\/medie-manchester-united-har-fire-barcelona-spillere-i-kikkerten\/#primaryimage","inLanguage":"en-US","url":"https:\/\/acefootball.com\/da\/wp-content\/uploads\/sites\/2\/2020\/08\/GettyImages-1179561229.jpg","contentUrl":"https:\/\/acefootball.com\/da\/wp-content\/uploads\/sites\/2\/2020\/08\/GettyImages-1179561229.jpg","width":1024,"height":682,"caption":"BARCELONA, SPAIN - OCTOBER 06: Ousmane Dembele of FC Barcelona looks on during the Liga match between FC Barcelona and Sevilla FC at Camp Nou on October 06, 2019 in Barcelona, Spain. (Photo by Aitor Alcalde\/Getty Images)"},{"@type":"WebPage","@id":"https:\/\/acefootball.com\/da\/fodboldnyheder\/medie-manchester-united-har-fire-barcelona-spillere-i-kikkerten\/#webpage","url":"https:\/\/acefootball.com\/da\/fodboldnyheder\/medie-manchester-united-har-fire-barcelona-spillere-i-kikkerten\/","name":"Medie: Manchester United har fire Barcelona-spillere i kikkerten","isPartOf":{"@id":"https:\/\/acefootball.com\/da\/#website"},"primaryImageOfPage":{"@id":"https:\/\/acefootball.com\/da\/fodboldnyheder\/medie-manchester-united-har-fire-barcelona-spillere-i-kikkerten\/#primaryimage"},"datePublished":"2020-08-17T13:12:35+00:00","dateModified":"2020-08-17T12:52:02+00:00","description":"Der skal gang i en st\u00f8rre oprydning i Barcelona-truppen, og det vil Manchester United efter sigende gerne hj\u00e6lpe til med","breadcrumb":{"@id":"https:\/\/acefootball.com\/da\/fodboldnyheder\/medie-manchester-united-har-fire-barcelona-spillere-i-kikkerten\/#breadcrumb"},"inLanguage":"en-US","potentialAction":[{"@type":"ReadAction","target":["https:\/\/acefootball.com\/da\/fodboldnyheder\/medie-manchester-united-har-fire-barcelona-spillere-i-kikkerten\/"]}]},{"@type":"BreadcrumbList","@id":"https:\/\/acefootball.com\/da\/fodboldnyheder\/medie-manchester-united-har-fire-barcelona-spillere-i-kikkerten\/#breadcrumb","itemListElement":[{"@type":"ListItem","position":1,"name":"Home","item":"https:\/\/acefootball.com\/da\/"},{"@type":"ListItem","position":2,"name":"Medie: Manchester United har fire Barcelona-spillere i kikkerten"}]},{"@type":"Article","@id":"https:\/\/acefootball.com\/da\/fodboldnyheder\/medie-manchester-united-har-fire-barcelona-spillere-i-kikkerten\/#article","isPartOf":{"@id":"https:\/\/acefootball.com\/da\/fodboldnyheder\/medie-manchester-united-har-fire-barcelona-spillere-i-kikkerten\/#webpage"},"author":{"@id":"https:\/\/acefootball.com\/da\/#\/schema\/person\/ee67e9cf04a276f144100ffa722f10cd"},"headline":"Medie: Manchester United har fire Barcelona-spillere i kikkerten","datePublished":"2020-08-17T13:12:35+00:00","dateModified":"2020-08-17T12:52:02+00:00","mainEntityOfPage":{"@id":"https:\/\/acefootball.com\/da\/fodboldnyheder\/medie-manchester-united-har-fire-barcelona-spillere-i-kikkerten\/#webpage"},"wordCount":190,"commentCount":0,"publisher":{"@id":"https:\/\/acefootball.com\/da\/#organization"},"image":{"@id":"https:\/\/acefootball.com\/da\/fodboldnyheder\/medie-manchester-united-har-fire-barcelona-spillere-i-kikkerten\/#primaryimage"},"thumbnailUrl":"https:\/\/acefootball.com\/da\/wp-content\/uploads\/sites\/2\/2020\/08\/GettyImages-1179561229.jpg","keywords":["Arturo Vidal","FC Barcelona","Ivan Rakitic","La Liga","Manchester United","Ousmane Demb\u00e9l\u00e9","Premier League","Samuel Umtiti"],"articleSection":["Transfer"],"inLanguage":"en-US","potentialAction":[{"@type":"CommentAction","name":"Comment","target":["https:\/\/acefootball.com\/da\/fodboldnyheder\/medie-manchester-united-har-fire-barcelona-spillere-i-kikkerten\/#respond"]}]},{"@type":"Person","@id":"https:\/\/acefootball.com\/da\/#\/schema\/person\/ee67e9cf04a276f144100ffa722f10cd","name":"Mads Dreyer","image":{"@type":"ImageObject","@id":"https:\/\/acefootball.com\/da\/#personlogo","inLanguage":"en-US","url":"https:\/\/secure.gravatar.com\/avatar\/7c7abf72cfde9902b6a60efe60c88d4c?s=96&d=mm&r=g","contentUrl":"https:\/\/secure.gravatar.com\/avatar\/7c7abf72cfde9902b6a60efe60c88d4c?s=96&d=mm&r=g","caption":"Mads Dreyer"},"description":"Skribent og fodboldn\u00f8rd, der lige nu fort\u00e6ller om alt og intet i fodboldverdenen p\u00e5 acefootball.com. Uddannet i kommunikation fra Aalborg Universitet.","sameAs":["https:\/\/www.linkedin.com\/in\/mads-dreyer-b9b08266\/"],"url":"https:\/\/acefootball.com\/da\/fodboldnyheder\/author\/mdnronaldo\/"}]}},"fimg_url":"https:\/\/acefootball.com\/da\/wp-content\/uploads\/sites\/2\/2020\/08\/GettyImages-1179561229.jpg","_links":{"self":[{"href":"https:\/\/acefootball.com\/da\/wp-json\/wp\/v2\/posts\/234420"}],"collection":[{"href":"https:\/\/acefootball.com\/da\/wp-json\/wp\/v2\/posts"}],"about":[{"href":"https:\/\/acefootball.com\/da\/wp-json\/wp\/v2\/types\/post"}],"author":[{"embeddable":true,"href":"https:\/\/acefootball.com\/da\/wp-json\/wp\/v2\/users\/705"}],"replies":[{"embeddable":true,"href":"https:\/\/acefootball.com\/da\/wp-json\/wp\/v2\/comments?post=234420"}],"version-history":[{"count":0,"href":"https:\/\/acefootball.com\/da\/wp-json\/wp\/v2\/posts\/234420\/revisions"}],"wp:featuredmedia":[{"embeddable":true,"href":"https:\/\/acefootball.com\/da\/wp-json\/wp\/v2\/media\/234093"}],"wp:attachment":[{"href":"https:\/\/acefootball.com\/da\/wp-json\/wp\/v2\/media?parent=234420"}],"wp:term":[{"taxonomy":"category","embeddable":true,"href":"https:\/\/acefootball.com\/da\/wp-json\/wp\/v2\/categories?post=234420"},{"taxonomy":"post_tag","embeddable":true,"href":"https:\/\/acefootball.com\/da\/wp-json\/wp\/v2\/tags?post=234420"}],"curies":[{"name":"wp","href":"https:\/\/api.w.org\/{rel}","templated":true}]}}