{"id":234393,"date":"2020-08-17T13:09:53","date_gmt":"2020-08-17T11:09:53","guid":{"rendered":"https:\/\/acefootball.com\/da\/?p=234393"},"modified":"2020-08-17T13:09:54","modified_gmt":"2020-08-17T11:09:54","slug":"medie-vraget-dansker-spoeger-i-ob","status":"publish","type":"post","link":"https:\/\/acefootball.com\/da\/fodboldnyheder\/medie-vraget-dansker-spoeger-i-ob\/","title":{"rendered":"Medie: Vraget dansker sp\u00f8ger i OB"},"content":{"rendered":"\n<h2>Sammy Skytte er r\u00f8get ud i kulden i Bod\u00f8\/Glimt, og et skifte til OB er muligvis under opsejling if\u00f8lge lokalt medie<\/h2>\n\n\n\n<p>OB har i l\u00f8bet af sidste s\u00e6son haft sm\u00e5problemer p\u00e5 midtbanen, hvor Jens Jakob Thomasen og Janus Drachmann har v\u00e6ret h\u00e5rdt ramt af skader.<\/p>\n\n\n\n<p>Derfor skulle cheftr\u00e6ner Jakob Michelsen v\u00e6re p\u00e5 udkig efter en gardering til de centrale pladser, og den kan muligvis komme fra Norge.<\/p>\n\n\n\n<p>Her l\u00f8ber danske Sammy Skytte rundt hos topholdet Bod\u00f8\/Glimt, og if\u00f8lge <a href=\"https:\/\/fyens.dk\/artikel\/sammy-skytte-i-flirt-med-ob\" target=\"_blank\" rel=\"noreferrer noopener\">Sport Fyn<\/a> p\u00f8nser midtbanespilleren p\u00e5 at vende retur til Superligaen.<\/p>\n\n\n\n<figure class=\"wp-block-embed-wordpress wp-block-embed is-type-wp-embed is-provider-ace-football-danmark\"><div class=\"wp-block-embed__wrapper\">\n<blockquote class=\"wp-embedded-content\" data-secret=\"deNVXZN8Gq\"><a href=\"https:\/\/acefootball.com\/da\/fodboldnyheder\/ugens-superliga-rygter-durmisi-problemer-i-broendby-og-angriberjagt-i-fck\/\">Ugens Superliga-rygter: Durmisi-problemer i Br\u00f8ndby og angriberjagt i FCK<\/a><\/blockquote><iframe class=\"wp-embedded-content\" sandbox=\"allow-scripts\" security=\"restricted\" style=\"position: absolute; clip: rect(1px, 1px, 1px, 1px);\" title=\"&#8220;Ugens Superliga-rygter: Durmisi-problemer i Br\u00f8ndby og angriberjagt i FCK&#8221; &#8212; Ace Football Danmark\" src=\"https:\/\/acefootball.com\/da\/fodboldnyheder\/ugens-superliga-rygter-durmisi-problemer-i-broendby-og-angriberjagt-i-fck\/embed\/#?secret=deNVXZN8Gq\" data-secret=\"deNVXZN8Gq\" width=\"600\" height=\"338\" frameborder=\"0\" marginwidth=\"0\" marginheight=\"0\" scrolling=\"no\"><\/iframe>\n<\/div><\/figure>\n\n\n\n<p>23-\u00e5rige Skytte har ikke f\u00e5et en eneste plads i startopstillingen siden skiftet fra FC Midtjylland tilbage i februar, og til den seneste kamp mod Sandefjord var han endda helt udenfor truppen.<\/p>\n\n\n\n<p>Derfor s\u00f8ger den tidligere U21-landsholdsspiller med en fortid i Silkeborg og AC Horsens nu videre i karrieren.<\/p>\n","protected":false},"excerpt":{"rendered":"<p>Sammy Skytte er r\u00f8get ud i kulden i Bod\u00f8\/Glimt, og et skifte til OB er muligvis under opsejling if\u00f8lge lokalt medie<\/p>\n","protected":false},"author":705,"featured_media":234394,"comment_status":"open","ping_status":"closed","sticky":false,"template":"","format":"standard","meta":{"om_disable_all_campaigns":false,"push_articles_ronaldo":{"active":false,"canonical":0,"publish":false},"force_updates":null},"categories":[7],"tags":[2816,1084,88,588],"enet_tags":{"team":["8402","8414"],"league":["59","46"],"sport_events":[]},"yoast_head":"<!-- This site is optimized with the Yoast SEO plugin v18.3 - https:\/\/yoast.com\/wordpress\/plugins\/seo\/ -->\n<title>Medie: Vraget dansker sp\u00f8ger i OB<\/title>\n<meta name=\"description\" content=\"Sammy Skytte er r\u00f8get ud i kulden i Bod\u00f8\/Glimt, og et skifte til OB er muligvis under opsejling if\u00f8lge lokalt medie\" \/>\n<meta name=\"robots\" content=\"index, follow, max-snippet:-1, max-image-preview:large, max-video-preview:-1\" \/>\n<link rel=\"canonical\" href=\"https:\/\/acefootball.com\/da\/fodboldnyheder\/medie-vraget-dansker-spoeger-i-ob\/\" \/>\n<meta property=\"og:locale\" content=\"en_US\" \/>\n<meta property=\"og:type\" content=\"article\" \/>\n<meta property=\"og:title\" content=\"Medie: Vraget dansker sp\u00f8ger i OB\" \/>\n<meta property=\"og:description\" content=\"Sammy Skytte er r\u00f8get ud i kulden i Bod\u00f8\/Glimt, og et skifte til OB er muligvis under opsejling if\u00f8lge lokalt medie\" \/>\n<meta property=\"og:url\" content=\"https:\/\/acefootball.com\/da\/fodboldnyheder\/medie-vraget-dansker-spoeger-i-ob\/\" \/>\n<meta property=\"og:site_name\" content=\"Ace Football Danmark\" \/>\n<meta property=\"article:publisher\" content=\"https:\/\/www.facebook.com\/acefootballdk\" \/>\n<meta property=\"article:published_time\" content=\"2020-08-17T11:09:53+00:00\" \/>\n<meta property=\"article:modified_time\" content=\"2020-08-17T11:09:54+00:00\" \/>\n<meta property=\"og:image\" content=\"https:\/\/acefootball.com\/da\/wp-content\/uploads\/sites\/2\/2020\/08\/GettyImages-1054275884.jpg\" \/>\n\t<meta property=\"og:image:width\" content=\"1024\" \/>\n\t<meta property=\"og:image:height\" content=\"730\" \/>\n\t<meta property=\"og:image:type\" content=\"image\/jpeg\" \/>\n<meta name=\"twitter:card\" content=\"summary_large_image\" \/>\n<meta name=\"twitter:label1\" content=\"Written by\" \/>\n\t<meta name=\"twitter:data1\" content=\"Mads Dreyer\" \/>\n\t<meta name=\"twitter:label2\" content=\"Est. reading time\" \/>\n\t<meta name=\"twitter:data2\" content=\"1 minute\" \/>\n<script type=\"application\/ld+json\" class=\"yoast-schema-graph\">{\"@context\":\"https:\/\/schema.org\",\"@graph\":[{\"@type\":\"Organization\",\"@id\":\"https:\/\/acefootball.com\/da\/#organization\",\"name\":\"Ace Football\",\"url\":\"https:\/\/acefootball.com\/da\/\",\"sameAs\":[\"https:\/\/www.facebook.com\/acefootballdk\"],\"logo\":{\"@type\":\"ImageObject\",\"@id\":\"https:\/\/acefootball.com\/da\/#logo\",\"inLanguage\":\"en-US\",\"url\":\"https:\/\/acefootball.com\/da\/wp-content\/uploads\/sites\/2\/2020\/07\/Ace-Football-30-07-2020-2.png\",\"contentUrl\":\"https:\/\/acefootball.com\/da\/wp-content\/uploads\/sites\/2\/2020\/07\/Ace-Football-30-07-2020-2.png\",\"width\":1200,\"height\":600,\"caption\":\"Ace Football\"},\"image\":{\"@id\":\"https:\/\/acefootball.com\/da\/#logo\"}},{\"@type\":\"WebSite\",\"@id\":\"https:\/\/acefootball.com\/da\/#website\",\"url\":\"https:\/\/acefootball.com\/da\/\",\"name\":\"Ace Football Danmark\",\"description\":\"Nyheder, Spiltips &amp; Livescore\",\"publisher\":{\"@id\":\"https:\/\/acefootball.com\/da\/#organization\"},\"potentialAction\":[{\"@type\":\"SearchAction\",\"target\":{\"@type\":\"EntryPoint\",\"urlTemplate\":\"https:\/\/acefootball.com\/da\/?s={search_term_string}\"},\"query-input\":\"required name=search_term_string\"}],\"inLanguage\":\"en-US\"},{\"@type\":\"ImageObject\",\"@id\":\"https:\/\/acefootball.com\/da\/fodboldnyheder\/medie-vraget-dansker-spoeger-i-ob\/#primaryimage\",\"inLanguage\":\"en-US\",\"url\":\"https:\/\/acefootball.com\/da\/wp-content\/uploads\/sites\/2\/2020\/08\/GettyImages-1054275884.jpg\",\"contentUrl\":\"https:\/\/acefootball.com\/da\/wp-content\/uploads\/sites\/2\/2020\/08\/GettyImages-1054275884.jpg\",\"width\":1024,\"height\":730,\"caption\":\"HORSENS, DENMARK - OCTOBER 27: Sammy Skytte of AC Horsens controls the ball during the Danish Superliga match between AC Horsens and FC Nordsjalland at CASA Arena on October 27, 2018 in Horsens, Denmark. (Photo by Lars Ronbog \/ FrontZoneSport via Getty Images)\"},{\"@type\":\"WebPage\",\"@id\":\"https:\/\/acefootball.com\/da\/fodboldnyheder\/medie-vraget-dansker-spoeger-i-ob\/#webpage\",\"url\":\"https:\/\/acefootball.com\/da\/fodboldnyheder\/medie-vraget-dansker-spoeger-i-ob\/\",\"name\":\"Medie: Vraget dansker sp\u00f8ger i OB\",\"isPartOf\":{\"@id\":\"https:\/\/acefootball.com\/da\/#website\"},\"primaryImageOfPage\":{\"@id\":\"https:\/\/acefootball.com\/da\/fodboldnyheder\/medie-vraget-dansker-spoeger-i-ob\/#primaryimage\"},\"datePublished\":\"2020-08-17T11:09:53+00:00\",\"dateModified\":\"2020-08-17T11:09:54+00:00\",\"description\":\"Sammy Skytte er r\u00f8get ud i kulden i Bod\u00f8\/Glimt, og et skifte til OB er muligvis under opsejling if\u00f8lge lokalt medie\",\"breadcrumb\":{\"@id\":\"https:\/\/acefootball.com\/da\/fodboldnyheder\/medie-vraget-dansker-spoeger-i-ob\/#breadcrumb\"},\"inLanguage\":\"en-US\",\"potentialAction\":[{\"@type\":\"ReadAction\",\"target\":[\"https:\/\/acefootball.com\/da\/fodboldnyheder\/medie-vraget-dansker-spoeger-i-ob\/\"]}]},{\"@type\":\"BreadcrumbList\",\"@id\":\"https:\/\/acefootball.com\/da\/fodboldnyheder\/medie-vraget-dansker-spoeger-i-ob\/#breadcrumb\",\"itemListElement\":[{\"@type\":\"ListItem\",\"position\":1,\"name\":\"Home\",\"item\":\"https:\/\/acefootball.com\/da\/\"},{\"@type\":\"ListItem\",\"position\":2,\"name\":\"Medie: Vraget dansker sp\u00f8ger i OB\"}]},{\"@type\":\"Article\",\"@id\":\"https:\/\/acefootball.com\/da\/fodboldnyheder\/medie-vraget-dansker-spoeger-i-ob\/#article\",\"isPartOf\":{\"@id\":\"https:\/\/acefootball.com\/da\/fodboldnyheder\/medie-vraget-dansker-spoeger-i-ob\/#webpage\"},\"author\":{\"@id\":\"https:\/\/acefootball.com\/da\/#\/schema\/person\/ee67e9cf04a276f144100ffa722f10cd\"},\"headline\":\"Medie: Vraget dansker sp\u00f8ger i OB\",\"datePublished\":\"2020-08-17T11:09:53+00:00\",\"dateModified\":\"2020-08-17T11:09:54+00:00\",\"mainEntityOfPage\":{\"@id\":\"https:\/\/acefootball.com\/da\/fodboldnyheder\/medie-vraget-dansker-spoeger-i-ob\/#webpage\"},\"wordCount\":167,\"commentCount\":0,\"publisher\":{\"@id\":\"https:\/\/acefootball.com\/da\/#organization\"},\"image\":{\"@id\":\"https:\/\/acefootball.com\/da\/fodboldnyheder\/medie-vraget-dansker-spoeger-i-ob\/#primaryimage\"},\"thumbnailUrl\":\"https:\/\/acefootball.com\/da\/wp-content\/uploads\/sites\/2\/2020\/08\/GettyImages-1054275884.jpg\",\"keywords\":[\"Bod\u00f8\/Glimt\",\"Eliteserien\",\"OB\",\"Superligaen\"],\"articleSection\":[\"Transfer\"],\"inLanguage\":\"en-US\",\"potentialAction\":[{\"@type\":\"CommentAction\",\"name\":\"Comment\",\"target\":[\"https:\/\/acefootball.com\/da\/fodboldnyheder\/medie-vraget-dansker-spoeger-i-ob\/#respond\"]}]},{\"@type\":\"Person\",\"@id\":\"https:\/\/acefootball.com\/da\/#\/schema\/person\/ee67e9cf04a276f144100ffa722f10cd\",\"name\":\"Mads Dreyer\",\"image\":{\"@type\":\"ImageObject\",\"@id\":\"https:\/\/acefootball.com\/da\/#personlogo\",\"inLanguage\":\"en-US\",\"url\":\"https:\/\/secure.gravatar.com\/avatar\/7c7abf72cfde9902b6a60efe60c88d4c?s=96&d=mm&r=g\",\"contentUrl\":\"https:\/\/secure.gravatar.com\/avatar\/7c7abf72cfde9902b6a60efe60c88d4c?s=96&d=mm&r=g\",\"caption\":\"Mads Dreyer\"},\"description\":\"Skribent og fodboldn\u00f8rd, der lige nu fort\u00e6ller om alt og intet i fodboldverdenen p\u00e5 acefootball.com. Uddannet i kommunikation fra Aalborg Universitet.\",\"sameAs\":[\"https:\/\/www.linkedin.com\/in\/mads-dreyer-b9b08266\/\"],\"url\":\"https:\/\/acefootball.com\/da\/fodboldnyheder\/author\/mdnronaldo\/\"}]}<\/script>\n<!-- \/ Yoast SEO plugin. -->","yoast_head_json":{"title":"Medie: Vraget dansker sp\u00f8ger i OB","description":"Sammy Skytte er r\u00f8get ud i kulden i Bod\u00f8\/Glimt, og et skifte til OB er muligvis under opsejling if\u00f8lge lokalt medie","robots":{"index":"index","follow":"follow","max-snippet":"max-snippet:-1","max-image-preview":"max-image-preview:large","max-video-preview":"max-video-preview:-1"},"canonical":"https:\/\/acefootball.com\/da\/fodboldnyheder\/medie-vraget-dansker-spoeger-i-ob\/","og_locale":"en_US","og_type":"article","og_title":"Medie: Vraget dansker sp\u00f8ger i OB","og_description":"Sammy Skytte er r\u00f8get ud i kulden i Bod\u00f8\/Glimt, og et skifte til OB er muligvis under opsejling if\u00f8lge lokalt medie","og_url":"https:\/\/acefootball.com\/da\/fodboldnyheder\/medie-vraget-dansker-spoeger-i-ob\/","og_site_name":"Ace Football Danmark","article_publisher":"https:\/\/www.facebook.com\/acefootballdk","article_published_time":"2020-08-17T11:09:53+00:00","article_modified_time":"2020-08-17T11:09:54+00:00","og_image":[{"width":1024,"height":730,"url":"https:\/\/acefootball.com\/da\/wp-content\/uploads\/sites\/2\/2020\/08\/GettyImages-1054275884.jpg","type":"image\/jpeg"}],"twitter_card":"summary_large_image","twitter_misc":{"Written by":"Mads Dreyer","Est. reading time":"1 minute"},"schema":{"@context":"https:\/\/schema.org","@graph":[{"@type":"Organization","@id":"https:\/\/acefootball.com\/da\/#organization","name":"Ace Football","url":"https:\/\/acefootball.com\/da\/","sameAs":["https:\/\/www.facebook.com\/acefootballdk"],"logo":{"@type":"ImageObject","@id":"https:\/\/acefootball.com\/da\/#logo","inLanguage":"en-US","url":"https:\/\/acefootball.com\/da\/wp-content\/uploads\/sites\/2\/2020\/07\/Ace-Football-30-07-2020-2.png","contentUrl":"https:\/\/acefootball.com\/da\/wp-content\/uploads\/sites\/2\/2020\/07\/Ace-Football-30-07-2020-2.png","width":1200,"height":600,"caption":"Ace Football"},"image":{"@id":"https:\/\/acefootball.com\/da\/#logo"}},{"@type":"WebSite","@id":"https:\/\/acefootball.com\/da\/#website","url":"https:\/\/acefootball.com\/da\/","name":"Ace Football Danmark","description":"Nyheder, Spiltips &amp; Livescore","publisher":{"@id":"https:\/\/acefootball.com\/da\/#organization"},"potentialAction":[{"@type":"SearchAction","target":{"@type":"EntryPoint","urlTemplate":"https:\/\/acefootball.com\/da\/?s={search_term_string}"},"query-input":"required name=search_term_string"}],"inLanguage":"en-US"},{"@type":"ImageObject","@id":"https:\/\/acefootball.com\/da\/fodboldnyheder\/medie-vraget-dansker-spoeger-i-ob\/#primaryimage","inLanguage":"en-US","url":"https:\/\/acefootball.com\/da\/wp-content\/uploads\/sites\/2\/2020\/08\/GettyImages-1054275884.jpg","contentUrl":"https:\/\/acefootball.com\/da\/wp-content\/uploads\/sites\/2\/2020\/08\/GettyImages-1054275884.jpg","width":1024,"height":730,"caption":"HORSENS, DENMARK - OCTOBER 27: Sammy Skytte of AC Horsens controls the ball during the Danish Superliga match between AC Horsens and FC Nordsjalland at CASA Arena on October 27, 2018 in Horsens, Denmark. (Photo by Lars Ronbog \/ FrontZoneSport via Getty Images)"},{"@type":"WebPage","@id":"https:\/\/acefootball.com\/da\/fodboldnyheder\/medie-vraget-dansker-spoeger-i-ob\/#webpage","url":"https:\/\/acefootball.com\/da\/fodboldnyheder\/medie-vraget-dansker-spoeger-i-ob\/","name":"Medie: Vraget dansker sp\u00f8ger i OB","isPartOf":{"@id":"https:\/\/acefootball.com\/da\/#website"},"primaryImageOfPage":{"@id":"https:\/\/acefootball.com\/da\/fodboldnyheder\/medie-vraget-dansker-spoeger-i-ob\/#primaryimage"},"datePublished":"2020-08-17T11:09:53+00:00","dateModified":"2020-08-17T11:09:54+00:00","description":"Sammy Skytte er r\u00f8get ud i kulden i Bod\u00f8\/Glimt, og et skifte til OB er muligvis under opsejling if\u00f8lge lokalt medie","breadcrumb":{"@id":"https:\/\/acefootball.com\/da\/fodboldnyheder\/medie-vraget-dansker-spoeger-i-ob\/#breadcrumb"},"inLanguage":"en-US","potentialAction":[{"@type":"ReadAction","target":["https:\/\/acefootball.com\/da\/fodboldnyheder\/medie-vraget-dansker-spoeger-i-ob\/"]}]},{"@type":"BreadcrumbList","@id":"https:\/\/acefootball.com\/da\/fodboldnyheder\/medie-vraget-dansker-spoeger-i-ob\/#breadcrumb","itemListElement":[{"@type":"ListItem","position":1,"name":"Home","item":"https:\/\/acefootball.com\/da\/"},{"@type":"ListItem","position":2,"name":"Medie: Vraget dansker sp\u00f8ger i OB"}]},{"@type":"Article","@id":"https:\/\/acefootball.com\/da\/fodboldnyheder\/medie-vraget-dansker-spoeger-i-ob\/#article","isPartOf":{"@id":"https:\/\/acefootball.com\/da\/fodboldnyheder\/medie-vraget-dansker-spoeger-i-ob\/#webpage"},"author":{"@id":"https:\/\/acefootball.com\/da\/#\/schema\/person\/ee67e9cf04a276f144100ffa722f10cd"},"headline":"Medie: Vraget dansker sp\u00f8ger i OB","datePublished":"2020-08-17T11:09:53+00:00","dateModified":"2020-08-17T11:09:54+00:00","mainEntityOfPage":{"@id":"https:\/\/acefootball.com\/da\/fodboldnyheder\/medie-vraget-dansker-spoeger-i-ob\/#webpage"},"wordCount":167,"commentCount":0,"publisher":{"@id":"https:\/\/acefootball.com\/da\/#organization"},"image":{"@id":"https:\/\/acefootball.com\/da\/fodboldnyheder\/medie-vraget-dansker-spoeger-i-ob\/#primaryimage"},"thumbnailUrl":"https:\/\/acefootball.com\/da\/wp-content\/uploads\/sites\/2\/2020\/08\/GettyImages-1054275884.jpg","keywords":["Bod\u00f8\/Glimt","Eliteserien","OB","Superligaen"],"articleSection":["Transfer"],"inLanguage":"en-US","potentialAction":[{"@type":"CommentAction","name":"Comment","target":["https:\/\/acefootball.com\/da\/fodboldnyheder\/medie-vraget-dansker-spoeger-i-ob\/#respond"]}]},{"@type":"Person","@id":"https:\/\/acefootball.com\/da\/#\/schema\/person\/ee67e9cf04a276f144100ffa722f10cd","name":"Mads Dreyer","image":{"@type":"ImageObject","@id":"https:\/\/acefootball.com\/da\/#personlogo","inLanguage":"en-US","url":"https:\/\/secure.gravatar.com\/avatar\/7c7abf72cfde9902b6a60efe60c88d4c?s=96&d=mm&r=g","contentUrl":"https:\/\/secure.gravatar.com\/avatar\/7c7abf72cfde9902b6a60efe60c88d4c?s=96&d=mm&r=g","caption":"Mads Dreyer"},"description":"Skribent og fodboldn\u00f8rd, der lige nu fort\u00e6ller om alt og intet i fodboldverdenen p\u00e5 acefootball.com. Uddannet i kommunikation fra Aalborg Universitet.","sameAs":["https:\/\/www.linkedin.com\/in\/mads-dreyer-b9b08266\/"],"url":"https:\/\/acefootball.com\/da\/fodboldnyheder\/author\/mdnronaldo\/"}]}},"fimg_url":"https:\/\/acefootball.com\/da\/wp-content\/uploads\/sites\/2\/2020\/08\/GettyImages-1054275884.jpg","_links":{"self":[{"href":"https:\/\/acefootball.com\/da\/wp-json\/wp\/v2\/posts\/234393"}],"collection":[{"href":"https:\/\/acefootball.com\/da\/wp-json\/wp\/v2\/posts"}],"about":[{"href":"https:\/\/acefootball.com\/da\/wp-json\/wp\/v2\/types\/post"}],"author":[{"embeddable":true,"href":"https:\/\/acefootball.com\/da\/wp-json\/wp\/v2\/users\/705"}],"replies":[{"embeddable":true,"href":"https:\/\/acefootball.com\/da\/wp-json\/wp\/v2\/comments?post=234393"}],"version-history":[{"count":0,"href":"https:\/\/acefootball.com\/da\/wp-json\/wp\/v2\/posts\/234393\/revisions"}],"wp:featuredmedia":[{"embeddable":true,"href":"https:\/\/acefootball.com\/da\/wp-json\/wp\/v2\/media\/234394"}],"wp:attachment":[{"href":"https:\/\/acefootball.com\/da\/wp-json\/wp\/v2\/media?parent=234393"}],"wp:term":[{"taxonomy":"category","embeddable":true,"href":"https:\/\/acefootball.com\/da\/wp-json\/wp\/v2\/categories?post=234393"},{"taxonomy":"post_tag","embeddable":true,"href":"https:\/\/acefootball.com\/da\/wp-json\/wp\/v2\/tags?post=234393"}],"curies":[{"name":"wp","href":"https:\/\/api.w.org\/{rel}","templated":true}]}}