{"id":234390,"date":"2020-08-17T12:52:08","date_gmt":"2020-08-17T10:52:08","guid":{"rendered":"https:\/\/acefootball.com\/da\/?p=234390"},"modified":"2020-08-17T12:52:08","modified_gmt":"2020-08-17T10:52:08","slug":"fc-midtjylland-henter-silberbauer-ind-til-akademiet","status":"publish","type":"post","link":"https:\/\/acefootball.com\/da\/fodboldnyheder\/fc-midtjylland-henter-silberbauer-ind-til-akademiet\/","title":{"rendered":"FC Midtjylland henter Silberbauer ind til akademiet"},"content":{"rendered":"\n<h2>Den tidligere landsholdsspiller Michael Silberbauer tiltr\u00e6der i FC Midtjylland, hvor han skal hj\u00e6lpe med udviklingen af talenter<\/h2>\n\n\n\n<p>FC Midtjylland har mandag hentet et kendt ansigt tilbage til dansk fodbold, idet Michael Silberbauer er pr\u00e6senteret som ny mand i tr\u00e6nerstaben.<\/p>\n\n\n\n<p>Den tidligere landsholdsspiller skal v\u00e6re med til at udvikle klubbens talenter og kommer prim\u00e6rt til at have fokus p\u00e5 U19-niveau.<\/p>\n\n\n\n<figure class=\"wp-block-embed-twitter wp-block-embed is-type-rich is-provider-twitter\"><div class=\"wp-block-embed__wrapper\">\n<blockquote class=\"twitter-tweet\" data-width=\"550\" data-dnt=\"true\"><p lang=\"da\" dir=\"ltr\">Et nyt ansigt er tilf\u00f8jet tr\u00e6nerstaben p\u00e5 akademiet.\u00a0<br><br>Den tidligere landsholdsspiller Michael Silberbauer ser frem at v\u00e6re en del af udviklingen af klubbens talenter \ud83d\udc47<\/p>&mdash; FC Midtjylland (@fcmidtjylland) <a href=\"https:\/\/twitter.com\/fcmidtjylland\/status\/1295299145830412293?ref_src=twsrc%5Etfw\">August 17, 2020<\/a><\/blockquote><script async src=\"https:\/\/platform.twitter.com\/widgets.js\" charset=\"utf-8\"><\/script>\n<\/div><\/figure>\n\n\n\n<p>Michael Silberbauer stoppede den aktive karriere tilbage i 2015 og har siden v\u00e6ret assistenttr\u00e6ner i de schweiziske klubber Biel-Bienne og FC Luzern. Senest var han cheftr\u00e6ner i canadiske Pacific FC.<\/p>\n\n\n\n<p>Som spiller var midtbanespilleren omkring klubber som AaB, FC K\u00f8benhavn, FC Utrecht og OB, ligesom det blev til 27 landskampe.<\/p>\n","protected":false},"excerpt":{"rendered":"<p>Den tidligere landsholdsspiller Michael Silberbauer tiltr\u00e6der i FC Midtjylland, hvor han skal hj\u00e6lpe med udviklingen af talenter<\/p>\n","protected":false},"author":705,"featured_media":234391,"comment_status":"open","ping_status":"closed","sticky":false,"template":"","format":"standard","meta":{"om_disable_all_campaigns":false,"push_articles_ronaldo":{"active":false,"canonical":0,"publish":false},"force_updates":null},"categories":[1],"tags":[51,4868,588],"enet_tags":{"team":["8113"],"league":["46"],"sport_events":[]},"yoast_head":"<!-- This site is optimized with the Yoast SEO plugin v18.3 - https:\/\/yoast.com\/wordpress\/plugins\/seo\/ -->\n<title>FC Midtjylland henter Silberbauer ind til akademiet<\/title>\n<meta name=\"description\" content=\"Den tidligere landsholdsspiller Michael Silberbauer tiltr\u00e6der i FC Midtjylland, hvor han skal hj\u00e6lpe med udviklingen af talenter\" \/>\n<meta name=\"robots\" content=\"index, follow, max-snippet:-1, max-image-preview:large, max-video-preview:-1\" \/>\n<link rel=\"canonical\" href=\"https:\/\/acefootball.com\/da\/fodboldnyheder\/fc-midtjylland-henter-silberbauer-ind-til-akademiet\/\" \/>\n<meta property=\"og:locale\" content=\"en_US\" \/>\n<meta property=\"og:type\" content=\"article\" \/>\n<meta property=\"og:title\" content=\"FC Midtjylland henter Silberbauer ind til akademiet\" \/>\n<meta property=\"og:description\" content=\"Den tidligere landsholdsspiller Michael Silberbauer tiltr\u00e6der i FC Midtjylland, hvor han skal hj\u00e6lpe med udviklingen af talenter\" \/>\n<meta property=\"og:url\" content=\"https:\/\/acefootball.com\/da\/fodboldnyheder\/fc-midtjylland-henter-silberbauer-ind-til-akademiet\/\" \/>\n<meta property=\"og:site_name\" content=\"Ace Football Danmark\" \/>\n<meta property=\"article:publisher\" content=\"https:\/\/www.facebook.com\/acefootballdk\" \/>\n<meta property=\"article:published_time\" content=\"2020-08-17T10:52:08+00:00\" \/>\n<meta property=\"og:image\" content=\"https:\/\/acefootball.com\/da\/wp-content\/uploads\/sites\/2\/2020\/08\/Design-uden-navn-96.jpg\" \/>\n\t<meta property=\"og:image:width\" content=\"1024\" \/>\n\t<meta property=\"og:image:height\" content=\"683\" \/>\n\t<meta property=\"og:image:type\" content=\"image\/jpeg\" \/>\n<meta name=\"twitter:card\" content=\"summary_large_image\" \/>\n<meta name=\"twitter:label1\" content=\"Written by\" \/>\n\t<meta name=\"twitter:data1\" content=\"Mads Dreyer\" \/>\n\t<meta name=\"twitter:label2\" content=\"Est. reading time\" \/>\n\t<meta name=\"twitter:data2\" content=\"1 minute\" \/>\n<script type=\"application\/ld+json\" class=\"yoast-schema-graph\">{\"@context\":\"https:\/\/schema.org\",\"@graph\":[{\"@type\":\"Organization\",\"@id\":\"https:\/\/acefootball.com\/da\/#organization\",\"name\":\"Ace Football\",\"url\":\"https:\/\/acefootball.com\/da\/\",\"sameAs\":[\"https:\/\/www.facebook.com\/acefootballdk\"],\"logo\":{\"@type\":\"ImageObject\",\"@id\":\"https:\/\/acefootball.com\/da\/#logo\",\"inLanguage\":\"en-US\",\"url\":\"https:\/\/acefootball.com\/da\/wp-content\/uploads\/sites\/2\/2020\/07\/Ace-Football-30-07-2020-2.png\",\"contentUrl\":\"https:\/\/acefootball.com\/da\/wp-content\/uploads\/sites\/2\/2020\/07\/Ace-Football-30-07-2020-2.png\",\"width\":1200,\"height\":600,\"caption\":\"Ace Football\"},\"image\":{\"@id\":\"https:\/\/acefootball.com\/da\/#logo\"}},{\"@type\":\"WebSite\",\"@id\":\"https:\/\/acefootball.com\/da\/#website\",\"url\":\"https:\/\/acefootball.com\/da\/\",\"name\":\"Ace Football Danmark\",\"description\":\"Nyheder, Spiltips &amp; Livescore\",\"publisher\":{\"@id\":\"https:\/\/acefootball.com\/da\/#organization\"},\"potentialAction\":[{\"@type\":\"SearchAction\",\"target\":{\"@type\":\"EntryPoint\",\"urlTemplate\":\"https:\/\/acefootball.com\/da\/?s={search_term_string}\"},\"query-input\":\"required name=search_term_string\"}],\"inLanguage\":\"en-US\"},{\"@type\":\"ImageObject\",\"@id\":\"https:\/\/acefootball.com\/da\/fodboldnyheder\/fc-midtjylland-henter-silberbauer-ind-til-akademiet\/#primaryimage\",\"inLanguage\":\"en-US\",\"url\":\"https:\/\/acefootball.com\/da\/wp-content\/uploads\/sites\/2\/2020\/08\/Design-uden-navn-96.jpg\",\"contentUrl\":\"https:\/\/acefootball.com\/da\/wp-content\/uploads\/sites\/2\/2020\/08\/Design-uden-navn-96.jpg\",\"width\":1024,\"height\":683,\"caption\":\"Foto: fcm.dk\"},{\"@type\":\"WebPage\",\"@id\":\"https:\/\/acefootball.com\/da\/fodboldnyheder\/fc-midtjylland-henter-silberbauer-ind-til-akademiet\/#webpage\",\"url\":\"https:\/\/acefootball.com\/da\/fodboldnyheder\/fc-midtjylland-henter-silberbauer-ind-til-akademiet\/\",\"name\":\"FC Midtjylland henter Silberbauer ind til akademiet\",\"isPartOf\":{\"@id\":\"https:\/\/acefootball.com\/da\/#website\"},\"primaryImageOfPage\":{\"@id\":\"https:\/\/acefootball.com\/da\/fodboldnyheder\/fc-midtjylland-henter-silberbauer-ind-til-akademiet\/#primaryimage\"},\"datePublished\":\"2020-08-17T10:52:08+00:00\",\"dateModified\":\"2020-08-17T10:52:08+00:00\",\"description\":\"Den tidligere landsholdsspiller Michael Silberbauer tiltr\u00e6der i FC Midtjylland, hvor han skal hj\u00e6lpe med udviklingen af talenter\",\"breadcrumb\":{\"@id\":\"https:\/\/acefootball.com\/da\/fodboldnyheder\/fc-midtjylland-henter-silberbauer-ind-til-akademiet\/#breadcrumb\"},\"inLanguage\":\"en-US\",\"potentialAction\":[{\"@type\":\"ReadAction\",\"target\":[\"https:\/\/acefootball.com\/da\/fodboldnyheder\/fc-midtjylland-henter-silberbauer-ind-til-akademiet\/\"]}]},{\"@type\":\"BreadcrumbList\",\"@id\":\"https:\/\/acefootball.com\/da\/fodboldnyheder\/fc-midtjylland-henter-silberbauer-ind-til-akademiet\/#breadcrumb\",\"itemListElement\":[{\"@type\":\"ListItem\",\"position\":1,\"name\":\"Home\",\"item\":\"https:\/\/acefootball.com\/da\/\"},{\"@type\":\"ListItem\",\"position\":2,\"name\":\"FC Midtjylland henter Silberbauer ind til akademiet\"}]},{\"@type\":\"Article\",\"@id\":\"https:\/\/acefootball.com\/da\/fodboldnyheder\/fc-midtjylland-henter-silberbauer-ind-til-akademiet\/#article\",\"isPartOf\":{\"@id\":\"https:\/\/acefootball.com\/da\/fodboldnyheder\/fc-midtjylland-henter-silberbauer-ind-til-akademiet\/#webpage\"},\"author\":{\"@id\":\"https:\/\/acefootball.com\/da\/#\/schema\/person\/ee67e9cf04a276f144100ffa722f10cd\"},\"headline\":\"FC Midtjylland henter Silberbauer ind til akademiet\",\"datePublished\":\"2020-08-17T10:52:08+00:00\",\"dateModified\":\"2020-08-17T10:52:08+00:00\",\"mainEntityOfPage\":{\"@id\":\"https:\/\/acefootball.com\/da\/fodboldnyheder\/fc-midtjylland-henter-silberbauer-ind-til-akademiet\/#webpage\"},\"wordCount\":130,\"commentCount\":0,\"publisher\":{\"@id\":\"https:\/\/acefootball.com\/da\/#organization\"},\"image\":{\"@id\":\"https:\/\/acefootball.com\/da\/fodboldnyheder\/fc-midtjylland-henter-silberbauer-ind-til-akademiet\/#primaryimage\"},\"thumbnailUrl\":\"https:\/\/acefootball.com\/da\/wp-content\/uploads\/sites\/2\/2020\/08\/Design-uden-navn-96.jpg\",\"keywords\":[\"FC Midtjylland\",\"Michael Silberbauer\",\"Superligaen\"],\"articleSection\":[\"Nyhed\"],\"inLanguage\":\"en-US\",\"potentialAction\":[{\"@type\":\"CommentAction\",\"name\":\"Comment\",\"target\":[\"https:\/\/acefootball.com\/da\/fodboldnyheder\/fc-midtjylland-henter-silberbauer-ind-til-akademiet\/#respond\"]}]},{\"@type\":\"Person\",\"@id\":\"https:\/\/acefootball.com\/da\/#\/schema\/person\/ee67e9cf04a276f144100ffa722f10cd\",\"name\":\"Mads Dreyer\",\"image\":{\"@type\":\"ImageObject\",\"@id\":\"https:\/\/acefootball.com\/da\/#personlogo\",\"inLanguage\":\"en-US\",\"url\":\"https:\/\/secure.gravatar.com\/avatar\/7c7abf72cfde9902b6a60efe60c88d4c?s=96&d=mm&r=g\",\"contentUrl\":\"https:\/\/secure.gravatar.com\/avatar\/7c7abf72cfde9902b6a60efe60c88d4c?s=96&d=mm&r=g\",\"caption\":\"Mads Dreyer\"},\"description\":\"Skribent og fodboldn\u00f8rd, der lige nu fort\u00e6ller om alt og intet i fodboldverdenen p\u00e5 acefootball.com. Uddannet i kommunikation fra Aalborg Universitet.\",\"sameAs\":[\"https:\/\/www.linkedin.com\/in\/mads-dreyer-b9b08266\/\"],\"url\":\"https:\/\/acefootball.com\/da\/fodboldnyheder\/author\/mdnronaldo\/\"}]}<\/script>\n<!-- \/ Yoast SEO plugin. -->","yoast_head_json":{"title":"FC Midtjylland henter Silberbauer ind til akademiet","description":"Den tidligere landsholdsspiller Michael Silberbauer tiltr\u00e6der i FC Midtjylland, hvor han skal hj\u00e6lpe med udviklingen af talenter","robots":{"index":"index","follow":"follow","max-snippet":"max-snippet:-1","max-image-preview":"max-image-preview:large","max-video-preview":"max-video-preview:-1"},"canonical":"https:\/\/acefootball.com\/da\/fodboldnyheder\/fc-midtjylland-henter-silberbauer-ind-til-akademiet\/","og_locale":"en_US","og_type":"article","og_title":"FC Midtjylland henter Silberbauer ind til akademiet","og_description":"Den tidligere landsholdsspiller Michael Silberbauer tiltr\u00e6der i FC Midtjylland, hvor han skal hj\u00e6lpe med udviklingen af talenter","og_url":"https:\/\/acefootball.com\/da\/fodboldnyheder\/fc-midtjylland-henter-silberbauer-ind-til-akademiet\/","og_site_name":"Ace Football Danmark","article_publisher":"https:\/\/www.facebook.com\/acefootballdk","article_published_time":"2020-08-17T10:52:08+00:00","og_image":[{"width":1024,"height":683,"url":"https:\/\/acefootball.com\/da\/wp-content\/uploads\/sites\/2\/2020\/08\/Design-uden-navn-96.jpg","type":"image\/jpeg"}],"twitter_card":"summary_large_image","twitter_misc":{"Written by":"Mads Dreyer","Est. reading time":"1 minute"},"schema":{"@context":"https:\/\/schema.org","@graph":[{"@type":"Organization","@id":"https:\/\/acefootball.com\/da\/#organization","name":"Ace Football","url":"https:\/\/acefootball.com\/da\/","sameAs":["https:\/\/www.facebook.com\/acefootballdk"],"logo":{"@type":"ImageObject","@id":"https:\/\/acefootball.com\/da\/#logo","inLanguage":"en-US","url":"https:\/\/acefootball.com\/da\/wp-content\/uploads\/sites\/2\/2020\/07\/Ace-Football-30-07-2020-2.png","contentUrl":"https:\/\/acefootball.com\/da\/wp-content\/uploads\/sites\/2\/2020\/07\/Ace-Football-30-07-2020-2.png","width":1200,"height":600,"caption":"Ace Football"},"image":{"@id":"https:\/\/acefootball.com\/da\/#logo"}},{"@type":"WebSite","@id":"https:\/\/acefootball.com\/da\/#website","url":"https:\/\/acefootball.com\/da\/","name":"Ace Football Danmark","description":"Nyheder, Spiltips &amp; Livescore","publisher":{"@id":"https:\/\/acefootball.com\/da\/#organization"},"potentialAction":[{"@type":"SearchAction","target":{"@type":"EntryPoint","urlTemplate":"https:\/\/acefootball.com\/da\/?s={search_term_string}"},"query-input":"required name=search_term_string"}],"inLanguage":"en-US"},{"@type":"ImageObject","@id":"https:\/\/acefootball.com\/da\/fodboldnyheder\/fc-midtjylland-henter-silberbauer-ind-til-akademiet\/#primaryimage","inLanguage":"en-US","url":"https:\/\/acefootball.com\/da\/wp-content\/uploads\/sites\/2\/2020\/08\/Design-uden-navn-96.jpg","contentUrl":"https:\/\/acefootball.com\/da\/wp-content\/uploads\/sites\/2\/2020\/08\/Design-uden-navn-96.jpg","width":1024,"height":683,"caption":"Foto: fcm.dk"},{"@type":"WebPage","@id":"https:\/\/acefootball.com\/da\/fodboldnyheder\/fc-midtjylland-henter-silberbauer-ind-til-akademiet\/#webpage","url":"https:\/\/acefootball.com\/da\/fodboldnyheder\/fc-midtjylland-henter-silberbauer-ind-til-akademiet\/","name":"FC Midtjylland henter Silberbauer ind til akademiet","isPartOf":{"@id":"https:\/\/acefootball.com\/da\/#website"},"primaryImageOfPage":{"@id":"https:\/\/acefootball.com\/da\/fodboldnyheder\/fc-midtjylland-henter-silberbauer-ind-til-akademiet\/#primaryimage"},"datePublished":"2020-08-17T10:52:08+00:00","dateModified":"2020-08-17T10:52:08+00:00","description":"Den tidligere landsholdsspiller Michael Silberbauer tiltr\u00e6der i FC Midtjylland, hvor han skal hj\u00e6lpe med udviklingen af talenter","breadcrumb":{"@id":"https:\/\/acefootball.com\/da\/fodboldnyheder\/fc-midtjylland-henter-silberbauer-ind-til-akademiet\/#breadcrumb"},"inLanguage":"en-US","potentialAction":[{"@type":"ReadAction","target":["https:\/\/acefootball.com\/da\/fodboldnyheder\/fc-midtjylland-henter-silberbauer-ind-til-akademiet\/"]}]},{"@type":"BreadcrumbList","@id":"https:\/\/acefootball.com\/da\/fodboldnyheder\/fc-midtjylland-henter-silberbauer-ind-til-akademiet\/#breadcrumb","itemListElement":[{"@type":"ListItem","position":1,"name":"Home","item":"https:\/\/acefootball.com\/da\/"},{"@type":"ListItem","position":2,"name":"FC Midtjylland henter Silberbauer ind til akademiet"}]},{"@type":"Article","@id":"https:\/\/acefootball.com\/da\/fodboldnyheder\/fc-midtjylland-henter-silberbauer-ind-til-akademiet\/#article","isPartOf":{"@id":"https:\/\/acefootball.com\/da\/fodboldnyheder\/fc-midtjylland-henter-silberbauer-ind-til-akademiet\/#webpage"},"author":{"@id":"https:\/\/acefootball.com\/da\/#\/schema\/person\/ee67e9cf04a276f144100ffa722f10cd"},"headline":"FC Midtjylland henter Silberbauer ind til akademiet","datePublished":"2020-08-17T10:52:08+00:00","dateModified":"2020-08-17T10:52:08+00:00","mainEntityOfPage":{"@id":"https:\/\/acefootball.com\/da\/fodboldnyheder\/fc-midtjylland-henter-silberbauer-ind-til-akademiet\/#webpage"},"wordCount":130,"commentCount":0,"publisher":{"@id":"https:\/\/acefootball.com\/da\/#organization"},"image":{"@id":"https:\/\/acefootball.com\/da\/fodboldnyheder\/fc-midtjylland-henter-silberbauer-ind-til-akademiet\/#primaryimage"},"thumbnailUrl":"https:\/\/acefootball.com\/da\/wp-content\/uploads\/sites\/2\/2020\/08\/Design-uden-navn-96.jpg","keywords":["FC Midtjylland","Michael Silberbauer","Superligaen"],"articleSection":["Nyhed"],"inLanguage":"en-US","potentialAction":[{"@type":"CommentAction","name":"Comment","target":["https:\/\/acefootball.com\/da\/fodboldnyheder\/fc-midtjylland-henter-silberbauer-ind-til-akademiet\/#respond"]}]},{"@type":"Person","@id":"https:\/\/acefootball.com\/da\/#\/schema\/person\/ee67e9cf04a276f144100ffa722f10cd","name":"Mads Dreyer","image":{"@type":"ImageObject","@id":"https:\/\/acefootball.com\/da\/#personlogo","inLanguage":"en-US","url":"https:\/\/secure.gravatar.com\/avatar\/7c7abf72cfde9902b6a60efe60c88d4c?s=96&d=mm&r=g","contentUrl":"https:\/\/secure.gravatar.com\/avatar\/7c7abf72cfde9902b6a60efe60c88d4c?s=96&d=mm&r=g","caption":"Mads Dreyer"},"description":"Skribent og fodboldn\u00f8rd, der lige nu fort\u00e6ller om alt og intet i fodboldverdenen p\u00e5 acefootball.com. Uddannet i kommunikation fra Aalborg Universitet.","sameAs":["https:\/\/www.linkedin.com\/in\/mads-dreyer-b9b08266\/"],"url":"https:\/\/acefootball.com\/da\/fodboldnyheder\/author\/mdnronaldo\/"}]}},"fimg_url":"https:\/\/acefootball.com\/da\/wp-content\/uploads\/sites\/2\/2020\/08\/Design-uden-navn-96.jpg","_links":{"self":[{"href":"https:\/\/acefootball.com\/da\/wp-json\/wp\/v2\/posts\/234390"}],"collection":[{"href":"https:\/\/acefootball.com\/da\/wp-json\/wp\/v2\/posts"}],"about":[{"href":"https:\/\/acefootball.com\/da\/wp-json\/wp\/v2\/types\/post"}],"author":[{"embeddable":true,"href":"https:\/\/acefootball.com\/da\/wp-json\/wp\/v2\/users\/705"}],"replies":[{"embeddable":true,"href":"https:\/\/acefootball.com\/da\/wp-json\/wp\/v2\/comments?post=234390"}],"version-history":[{"count":0,"href":"https:\/\/acefootball.com\/da\/wp-json\/wp\/v2\/posts\/234390\/revisions"}],"wp:featuredmedia":[{"embeddable":true,"href":"https:\/\/acefootball.com\/da\/wp-json\/wp\/v2\/media\/234391"}],"wp:attachment":[{"href":"https:\/\/acefootball.com\/da\/wp-json\/wp\/v2\/media?parent=234390"}],"wp:term":[{"taxonomy":"category","embeddable":true,"href":"https:\/\/acefootball.com\/da\/wp-json\/wp\/v2\/categories?post=234390"},{"taxonomy":"post_tag","embeddable":true,"href":"https:\/\/acefootball.com\/da\/wp-json\/wp\/v2\/tags?post=234390"}],"curies":[{"name":"wp","href":"https:\/\/api.w.org\/{rel}","templated":true}]}}