{"id":234366,"date":"2020-08-17T10:25:15","date_gmt":"2020-08-17T08:25:15","guid":{"rendered":"https:\/\/acefootball.com\/da\/?p=234366"},"modified":"2020-08-17T10:25:16","modified_gmt":"2020-08-17T08:25:16","slug":"ugens-superliga-rygter-durmisi-problemer-i-broendby-og-angriberjagt-i-fck","status":"publish","type":"post","link":"https:\/\/acefootball.com\/da\/fodboldnyheder\/ugens-superliga-rygter-durmisi-problemer-i-broendby-og-angriberjagt-i-fck\/","title":{"rendered":"Ugens Superliga-rygter: Durmisi-problemer i Br\u00f8ndby og angriberjagt i FCK"},"content":{"rendered":"\n<h2>Vi starter mandagen ud med en omgang Ugens Superliga-rygter, hvor der blandt andet er nyt fra Br\u00f8ndby, FCK, AaB og FC Midtjylland<\/h2>\n\n\n\n<h3>FCK f\u00e5r bud afvist p\u00e5 ghanesisk angriber<\/h3>\n\n\n\n<p>FC K\u00f8benhavn har denne sommer sagt farvel til Dame N&#8217;Doye, og ind er som bekendt kommet Kamil Wilczek.<\/p>\n\n\n\n<p>Man skulle derfor tro at angriberkabalen var g\u00e5et op hos L\u00f8verne, men St\u00e5le Solbakken og kompagni er angiveligt stadig p\u00e5 udkig efter forst\u00e6rkninger.<\/p>\n\n\n\n<p>I hvert fald skriver det ghanesiske medie Sportsworldghana, at k\u00f8benhavnerne har f\u00e5et afvist et bud p\u00e5 Sparta Prag-angriberen Benjamin Tetteh, der angiveligt ogs\u00e5 tiltr\u00e6kker sig interesse fra Galatasaray, Stade Reims og Monaco.<\/p>\n\n\n\n<p>Den historie kan du l\u00e6se mere om herunder:<\/p>\n\n\n\n<figure class=\"wp-block-embed-wordpress wp-block-embed is-type-wp-embed is-provider-ace-football-danmark\"><div class=\"wp-block-embed__wrapper\">\n<blockquote class=\"wp-embedded-content\" data-secret=\"WBbQ2ZcELg\"><a href=\"https:\/\/acefootball.com\/da\/fodboldnyheder\/medie-sparta-prag-afviser-fc-koebenhavns-tetteh-bud\/\">Medie: Sparta Prag afviser FC K\u00f8benhavns Tetteh-bud<\/a><\/blockquote><iframe class=\"wp-embedded-content\" sandbox=\"allow-scripts\" security=\"restricted\" style=\"position: absolute; clip: rect(1px, 1px, 1px, 1px);\" title=\"&#8220;Medie: Sparta Prag afviser FC K\u00f8benhavns Tetteh-bud&#8221; &#8212; Ace Football Danmark\" src=\"https:\/\/acefootball.com\/da\/fodboldnyheder\/medie-sparta-prag-afviser-fc-koebenhavns-tetteh-bud\/embed\/#?secret=WBbQ2ZcELg\" data-secret=\"WBbQ2ZcELg\" width=\"600\" height=\"338\" frameborder=\"0\" marginwidth=\"0\" marginheight=\"0\" scrolling=\"no\"><\/iframe>\n<\/div><\/figure>\n\n\n\n<h3>\u00d8konomien adskiller Br\u00f8ndby og Riza Durmisi<\/h3>\n\n\n\n<p>Blandt Br\u00f8ndbys fans er et af de helt store h\u00e5b denne sommer at hente Riza Durmisi hjem.<\/p>\n\n\n\n<p>Det ville dog kr\u00e6ve, at Durmisi skal betragteligt ned i l\u00f8n, da han i Lazio tjener omkring 17-18 millioner kroner om \u00e5ret if\u00f8lge <a href=\"https:\/\/ekstrabladet.dk\/plus\/sportogspil\/broendbys-transfersommer-saadan-vil-de-handle\/8245975\" target=\"_blank\" rel=\"noreferrer noopener\">Ekstra Bladet<\/a>.<\/p>\n\n\n\n<p>Den l\u00f8n ville Br\u00f8ndby aldrig v\u00e6re i stand til at matche, hvorfor skiftet er op til Durmisi selv. Et skifte til en anden udenlandsk klub denne sommer virker derfor mere oplagt for den tidligere danske landsholdsspiller.<\/p>\n\n\n\n<h3>Salgsklar Skov Olsen for dyr for FCK<\/h3>\n\n\n\n<p>Skriverierne om Andreas Skov Olsen til FC K\u00f8benhavn har v\u00e6ret mange den seneste tid.<\/p>\n\n\n\n<p>Bologna har angiveligt mistet t\u00e5lmodigheden med den danske kantspiller, men de vil gerne tjene penge p\u00e5 Skov Olsen, hvorfor de ikke er interesserede i en lejeaftale, hvilket skulle v\u00e6re den eneste mulighed for FC K\u00f8benhavn.<\/p>\n\n\n\n<p>Istedet skulle en La Liga-klub v\u00e6re yderst interesserede i at k\u00f8be den 20-\u00e5rige dansker fri fra den italienske klub, hvor han skal afl\u00f8se et andet skandinavisk stortalent.<\/p>\n\n\n\n<p>Det har vi skrevet mere om i nedenst\u00e5ende artikel:<\/p>\n\n\n\n<figure class=\"wp-block-embed-wordpress wp-block-embed is-type-wp-embed is-provider-ace-football-danmark\"><div class=\"wp-block-embed__wrapper\">\n<blockquote class=\"wp-embedded-content\" data-secret=\"TYT98tNf8I\"><a href=\"https:\/\/acefootball.com\/da\/fodboldnyheder\/dropper-fck-skov-olsen-er-paa-vej-til-la-liga\/\">Dropper FCK &#8211; Skov Olsen er p\u00e5 vej til La Liga<\/a><\/blockquote><iframe class=\"wp-embedded-content\" sandbox=\"allow-scripts\" security=\"restricted\" style=\"position: absolute; clip: rect(1px, 1px, 1px, 1px);\" title=\"&#8220;Dropper FCK &#8211; Skov Olsen er p\u00e5 vej til La Liga&#8221; &#8212; Ace Football Danmark\" src=\"https:\/\/acefootball.com\/da\/fodboldnyheder\/dropper-fck-skov-olsen-er-paa-vej-til-la-liga\/embed\/#?secret=TYT98tNf8I\" data-secret=\"TYT98tNf8I\" width=\"600\" height=\"338\" frameborder=\"0\" marginwidth=\"0\" marginheight=\"0\" scrolling=\"no\"><\/iframe>\n<\/div><\/figure>\n\n\n\n<h3>FCK-forsvarer har best\u00e5et l\u00e6getjek i Sverige<\/h3>\n\n\n\n<p>S\u00e5 skulle den v\u00e6re god nok. Sotirios Papagiannopoulos er snart fortid i FC K\u00f8benhavn, og han skifter istedet hjem til den bedste svenske r\u00e6kke.<\/p>\n\n\n\n<p>Her skulle den svenske forsvarsspiller allerede have best\u00e5et et l\u00e6getjek hos AIK, der if\u00f8lge <a href=\"https:\/\/www.expressen.se\/sport\/sotte-klar-for-aik-har-lakarundersokts\/\" target=\"_blank\" rel=\"noreferrer noopener\">SportExpressen<\/a> vil pr\u00e6sentere Papagiannopoulos som ny spiller i denne uge.<\/p>\n\n\n\n<p>Han bliver derfor holdkammerater med blandt andre Anders Lindegaard og Anders Randrup i hovedstadsklubben.<\/p>\n\n\n\n<figure class=\"wp-block-embed-wordpress wp-block-embed is-type-wp-embed is-provider-ace-football-danmark\"><div class=\"wp-block-embed__wrapper\">\n<blockquote class=\"wp-embedded-content\" data-secret=\"ErFDpYdZAK\"><a href=\"https:\/\/acefootball.com\/da\/fodboldnyheder\/svensk-medie-fck-stopper-naermer-sig-skifte-til-aik\/\">Svensk medie: FCK-stopper n\u00e6rmer sig skifte til AIK<\/a><\/blockquote><iframe class=\"wp-embedded-content\" sandbox=\"allow-scripts\" security=\"restricted\" style=\"position: absolute; clip: rect(1px, 1px, 1px, 1px);\" title=\"&#8220;Svensk medie: FCK-stopper n\u00e6rmer sig skifte til AIK&#8221; &#8212; Ace Football Danmark\" src=\"https:\/\/acefootball.com\/da\/fodboldnyheder\/svensk-medie-fck-stopper-naermer-sig-skifte-til-aik\/embed\/#?secret=ErFDpYdZAK\" data-secret=\"ErFDpYdZAK\" width=\"600\" height=\"338\" frameborder=\"0\" marginwidth=\"0\" marginheight=\"0\" scrolling=\"no\"><\/iframe>\n<\/div><\/figure>\n\n\n\n<h3>Br\u00f8ndby vil styrke angrebet med lejeaftale<\/h3>\n\n\n\n<p>Et andet navn, der har v\u00e6ret sat i forbindelse med Br\u00f8ndby denne sommer, er Jens Odgaard fra Sassuolo.<\/p>\n\n\n\n<p>If\u00f8lge italienske medier vil Sassuolo gerne af med den danske angriber, og der skulle angiveligt v\u00e6re dansk interesse for angriberen.<\/p>\n\n\n\n<p>Angriberens profil passer fint til Br\u00f8ndbys strategi, men igen skal Br\u00f8ndby h\u00e5be p\u00e5 at lande en lejeaftale, da Odgaard kostede Sassuolo 37 millioner kroner for to \u00e5r siden.<\/p>\n\n\n\n<p>Br\u00f8ndby er p\u00e5 desperat jagt efter en angriber, og da pengene er sm\u00e5 p\u00e5 Vestegnen, mener Ekstra Bladet, at den nye angriber h\u00f8jest sandsynligt bliver hentet ind p\u00e5 en lejeaftale fra udlandet, uden dog at n\u00e6vne konkrete navne.<\/p>\n\n\n\n<p>Det kan du l\u00e6se mere om herunder:<\/p>\n\n\n\n<figure class=\"wp-block-embed-wordpress wp-block-embed is-type-wp-embed is-provider-ace-football-danmark\"><div class=\"wp-block-embed__wrapper\">\n<blockquote class=\"wp-embedded-content\" data-secret=\"uTIb0XmacH\"><a href=\"https:\/\/acefootball.com\/da\/fodboldnyheder\/eb-varsler-om-ny-lejesvend-fra-udlandet-i-broendby-if\/\">EB varsler om ny lejesvend fra udlandet i Br\u00f8ndby IF<\/a><\/blockquote><iframe class=\"wp-embedded-content\" sandbox=\"allow-scripts\" security=\"restricted\" style=\"position: absolute; clip: rect(1px, 1px, 1px, 1px);\" title=\"&#8220;EB varsler om ny lejesvend fra udlandet i Br\u00f8ndby IF&#8221; &#8212; Ace Football Danmark\" src=\"https:\/\/acefootball.com\/da\/fodboldnyheder\/eb-varsler-om-ny-lejesvend-fra-udlandet-i-broendby-if\/embed\/#?secret=uTIb0XmacH\" data-secret=\"uTIb0XmacH\" width=\"600\" height=\"338\" frameborder=\"0\" marginwidth=\"0\" marginheight=\"0\" scrolling=\"no\"><\/iframe>\n<\/div><\/figure>\n\n\n\n<h3>L\u00f8ntung Sisto v\u00e6lger portugisisk bejler<\/h3>\n\n\n\n<p>Pione Sisto og FC Midtjylland har i de senere uger v\u00e6ret et s\u00e6rdeles varmt emne, da man p\u00e5 Heden har snakket \u00e5bent om at hente klubbens tidligere profil hjem.<\/p>\n\n\n\n<p>Der skulle allerede v\u00e6re aftalt et transferbel\u00f8b med Celta Vigo, men Sistos h\u00f8je l\u00f8n skiller de danske mestre og spilleren.<\/p>\n\n\n\n<p>Istedet melder <a href=\"https:\/\/www.tipsbladet.dk\/nyhed\/primera-division\/pione-sisto-rykker-taettere-paa-et-skifte-til-sporting-cp\" target=\"_blank\" rel=\"noreferrer noopener\">Tipsbladet<\/a> Pione Sisto t\u00e6t p\u00e5 portugisiske Sporting, der allerede skulle have fremlagt en kontrakt til Sisto, som han h\u00f8jest sandsynligt v\u00e6lger at takke ja til.<\/p>\n\n\n\n<figure class=\"wp-block-embed-wordpress wp-block-embed is-type-wp-embed is-provider-ace-football-danmark\"><div class=\"wp-block-embed__wrapper\">\n<blockquote class=\"wp-embedded-content\" data-secret=\"7ydwwElo7X\"><a href=\"https:\/\/acefootball.com\/da\/fodboldnyheder\/avis-fcm-og-sisto-uenige-om-loennen\/\">Avis: FCM og Sisto uenige om l\u00f8nnen<\/a><\/blockquote><iframe class=\"wp-embedded-content\" sandbox=\"allow-scripts\" security=\"restricted\" style=\"position: absolute; clip: rect(1px, 1px, 1px, 1px);\" title=\"&#8220;Avis: FCM og Sisto uenige om l\u00f8nnen&#8221; &#8212; Ace Football Danmark\" src=\"https:\/\/acefootball.com\/da\/fodboldnyheder\/avis-fcm-og-sisto-uenige-om-loennen\/embed\/#?secret=7ydwwElo7X\" data-secret=\"7ydwwElo7X\" width=\"600\" height=\"338\" frameborder=\"0\" marginwidth=\"0\" marginheight=\"0\" scrolling=\"no\"><\/iframe>\n<\/div><\/figure>\n\n\n\n<h3>Afsl\u00f8rer portugisisk midtbanespillers k\u00e6reste AaB-skiftet?<\/h3>\n\n\n\n<p>Navnet Pedro Ferreira ringer nok ikke mange klokker hos Superliga-fans, men det er muligvis et navn, vi skal v\u00e6nne os til i fremtiden.<\/p>\n\n\n\n<p>AaB blev i sidste uge sat i forbindelse med den 22-\u00e5rige portugiser, og nu bliver der pustet endnu mere liv i rygterne.<\/p>\n\n\n\n<figure class=\"wp-block-embed-wordpress wp-block-embed is-type-wp-embed is-provider-ace-football-danmark\"><div class=\"wp-block-embed__wrapper\">\n<blockquote class=\"wp-embedded-content\" data-secret=\"qC0Q0tDkFO\"><a href=\"https:\/\/acefootball.com\/da\/fodboldnyheder\/medie-aab-taet-paa-portugisisk-midtbanemand\/\">Medie: AaB t\u00e6t p\u00e5 portugisisk midtbanemand<\/a><\/blockquote><iframe class=\"wp-embedded-content\" sandbox=\"allow-scripts\" security=\"restricted\" style=\"position: absolute; clip: rect(1px, 1px, 1px, 1px);\" title=\"&#8220;Medie: AaB t\u00e6t p\u00e5 portugisisk midtbanemand&#8221; &#8212; Ace Football Danmark\" src=\"https:\/\/acefootball.com\/da\/fodboldnyheder\/medie-aab-taet-paa-portugisisk-midtbanemand\/embed\/#?secret=qC0Q0tDkFO\" data-secret=\"qC0Q0tDkFO\" width=\"600\" height=\"338\" frameborder=\"0\" marginwidth=\"0\" marginheight=\"0\" scrolling=\"no\"><\/iframe>\n<\/div><\/figure>\n\n\n\n<p>Midtbanespillerens k\u00e6reste har liket kommentarer p\u00e5 Instagram med teksten &#8220;AaB&#8221;, ligesom at hun er begyndt at f\u00f8lge den nordjyske klub p\u00e5 selvsamme platform.<\/p>\n\n\n\n<figure class=\"wp-block-embed-twitter wp-block-embed is-type-rich is-provider-twitter\"><div class=\"wp-block-embed__wrapper\">\n<blockquote class=\"twitter-tweet\" data-width=\"550\" data-dnt=\"true\"><p lang=\"da\" dir=\"ltr\">Pedro Ferreira kunne godt v\u00e6re p\u00e5 vej til Nordens Paris. En f\u00f8lger tippede os med, at hans k\u00e6reste f\u00f8lger AaB p\u00e5 Instagram \ud83d\udc40<a href=\"https:\/\/twitter.com\/hashtag\/transferdk?src=hash&amp;ref_src=twsrc%5Etfw\">#transferdk<\/a> <a href=\"https:\/\/twitter.com\/hashtag\/aabinside?src=hash&amp;ref_src=twsrc%5Etfw\">#aabinside<\/a> <a href=\"https:\/\/twitter.com\/hashtag\/sldk?src=hash&amp;ref_src=twsrc%5Etfw\">#sldk<\/a> <a href=\"https:\/\/t.co\/0XhyHySXLV\">pic.twitter.com\/0XhyHySXLV<\/a><\/p>&mdash; attenfemogfirsvibes (@1885vibes) <a href=\"https:\/\/twitter.com\/1885vibes\/status\/1294728926858706945?ref_src=twsrc%5Etfw\">August 15, 2020<\/a><\/blockquote><script async src=\"https:\/\/platform.twitter.com\/widgets.js\" charset=\"utf-8\"><\/script>\n<\/div><\/figure>\n\n\n\n<h3>Tidligere Superliga-profil tiltr\u00e6kker sig dansk interesse<\/h3>\n\n\n\n<p>Sidst men ikke mindst kan en tidligere Superliga-profil m\u00e5ske v\u00e6re p\u00e5 vej tilbage efter et par mislykkede ophold i udlandet.<\/p>\n\n\n\n<p>Bubacarr Sanneh har haft et mareridtsophold i Anderlecht, der er desperate for at komme af med forsvarsspilleren, og man vil angiveligt slippe Sanneh gratis for at slippe af med den h\u00f8je l\u00f8n.<\/p>\n\n\n\n<p>Det skulle angiveligt have fristet flere Superliga-klubber, der skulle lure p\u00e5 den 25-\u00e5rige gambianer, som dog skulle v\u00e6re villig til at g\u00e5 ned i l\u00f8n for at skifte tilbage til Danmark.<\/p>\n\n\n\n<figure class=\"wp-block-embed-wordpress wp-block-embed is-type-wp-embed is-provider-ace-football-danmark\"><div class=\"wp-block-embed__wrapper\">\n<blockquote class=\"wp-embedded-content\" data-secret=\"rxx63dYGhV\"><a href=\"https:\/\/acefootball.com\/da\/fodboldnyheder\/belgisk-medie-melder-om-dansk-interesse-i-gratis-sanneh\/\">Belgisk medie melder om dansk interesse i gratis Sanneh<\/a><\/blockquote><iframe class=\"wp-embedded-content\" sandbox=\"allow-scripts\" security=\"restricted\" style=\"position: absolute; clip: rect(1px, 1px, 1px, 1px);\" title=\"&#8220;Belgisk medie melder om dansk interesse i gratis Sanneh&#8221; &#8212; Ace Football Danmark\" src=\"https:\/\/acefootball.com\/da\/fodboldnyheder\/belgisk-medie-melder-om-dansk-interesse-i-gratis-sanneh\/embed\/#?secret=rxx63dYGhV\" data-secret=\"rxx63dYGhV\" width=\"600\" height=\"338\" frameborder=\"0\" marginwidth=\"0\" marginheight=\"0\" scrolling=\"no\"><\/iframe>\n<\/div><\/figure>\n","protected":false},"excerpt":{"rendered":"<p>Vi starter mandagen ud med en omgang Ugens Superliga-rygter, hvor der blandt andet er nyt fra Br\u00f8ndby, FCK, AaB og FC Midtjylland<\/p>\n","protected":false},"author":43,"featured_media":234377,"comment_status":"open","ping_status":"closed","sticky":false,"template":"","format":"standard","meta":{"om_disable_all_campaigns":false,"push_articles_ronaldo":{"active":false,"canonical":0,"publish":false},"force_updates":null},"categories":[7],"tags":[17,53,16,51,588],"enet_tags":{"team":["8470","8595","8391","8113"],"league":["46"],"sport_events":[]},"yoast_head":"<!-- This site is optimized with the Yoast SEO plugin v18.3 - https:\/\/yoast.com\/wordpress\/plugins\/seo\/ -->\n<title>Ugens Superliga-rygter: Durmisi-problemer i Br\u00f8ndby og angriberjagt i FCK<\/title>\n<meta name=\"robots\" content=\"index, follow, max-snippet:-1, max-image-preview:large, max-video-preview:-1\" \/>\n<link rel=\"canonical\" href=\"https:\/\/acefootball.com\/da\/fodboldnyheder\/ugens-superliga-rygter-durmisi-problemer-i-broendby-og-angriberjagt-i-fck\/\" \/>\n<meta property=\"og:locale\" content=\"en_US\" \/>\n<meta property=\"og:type\" content=\"article\" \/>\n<meta property=\"og:title\" content=\"Ugens Superliga-rygter: Durmisi-problemer i Br\u00f8ndby og angriberjagt i FCK\" \/>\n<meta property=\"og:description\" content=\"Vi starter mandagen ud med en omgang Ugens Superliga-rygter, hvor der blandt andet er nyt fra Br\u00f8ndby, FCK, AaB og FC Midtjylland\" \/>\n<meta property=\"og:url\" content=\"https:\/\/acefootball.com\/da\/fodboldnyheder\/ugens-superliga-rygter-durmisi-problemer-i-broendby-og-angriberjagt-i-fck\/\" \/>\n<meta property=\"og:site_name\" content=\"Ace Football Danmark\" \/>\n<meta property=\"article:publisher\" content=\"https:\/\/www.facebook.com\/acefootballdk\" \/>\n<meta property=\"article:published_time\" content=\"2020-08-17T08:25:15+00:00\" \/>\n<meta property=\"article:modified_time\" content=\"2020-08-17T08:25:16+00:00\" \/>\n<meta property=\"og:image\" content=\"https:\/\/acefootball.com\/da\/wp-content\/uploads\/sites\/2\/2020\/08\/1.-22.jpg\" \/>\n\t<meta property=\"og:image:width\" content=\"1920\" \/>\n\t<meta property=\"og:image:height\" content=\"1080\" \/>\n\t<meta property=\"og:image:type\" content=\"image\/jpeg\" \/>\n<meta name=\"twitter:card\" content=\"summary_large_image\" \/>\n<meta name=\"twitter:label1\" content=\"Written by\" \/>\n\t<meta name=\"twitter:data1\" content=\"Mikki M\u00f8ller-Iversen\" \/>\n\t<meta name=\"twitter:label2\" content=\"Est. reading time\" \/>\n\t<meta name=\"twitter:data2\" content=\"4 minutes\" \/>\n<script type=\"application\/ld+json\" class=\"yoast-schema-graph\">{\"@context\":\"https:\/\/schema.org\",\"@graph\":[{\"@type\":\"Organization\",\"@id\":\"https:\/\/acefootball.com\/da\/#organization\",\"name\":\"Ace Football\",\"url\":\"https:\/\/acefootball.com\/da\/\",\"sameAs\":[\"https:\/\/www.facebook.com\/acefootballdk\"],\"logo\":{\"@type\":\"ImageObject\",\"@id\":\"https:\/\/acefootball.com\/da\/#logo\",\"inLanguage\":\"en-US\",\"url\":\"https:\/\/acefootball.com\/da\/wp-content\/uploads\/sites\/2\/2020\/07\/Ace-Football-30-07-2020-2.png\",\"contentUrl\":\"https:\/\/acefootball.com\/da\/wp-content\/uploads\/sites\/2\/2020\/07\/Ace-Football-30-07-2020-2.png\",\"width\":1200,\"height\":600,\"caption\":\"Ace Football\"},\"image\":{\"@id\":\"https:\/\/acefootball.com\/da\/#logo\"}},{\"@type\":\"WebSite\",\"@id\":\"https:\/\/acefootball.com\/da\/#website\",\"url\":\"https:\/\/acefootball.com\/da\/\",\"name\":\"Ace Football Danmark\",\"description\":\"Nyheder, Spiltips &amp; Livescore\",\"publisher\":{\"@id\":\"https:\/\/acefootball.com\/da\/#organization\"},\"potentialAction\":[{\"@type\":\"SearchAction\",\"target\":{\"@type\":\"EntryPoint\",\"urlTemplate\":\"https:\/\/acefootball.com\/da\/?s={search_term_string}\"},\"query-input\":\"required name=search_term_string\"}],\"inLanguage\":\"en-US\"},{\"@type\":\"ImageObject\",\"@id\":\"https:\/\/acefootball.com\/da\/fodboldnyheder\/ugens-superliga-rygter-durmisi-problemer-i-broendby-og-angriberjagt-i-fck\/#primaryimage\",\"inLanguage\":\"en-US\",\"url\":\"https:\/\/acefootball.com\/da\/wp-content\/uploads\/sites\/2\/2020\/08\/1.-22.jpg\",\"contentUrl\":\"https:\/\/acefootball.com\/da\/wp-content\/uploads\/sites\/2\/2020\/08\/1.-22.jpg\",\"width\":1920,\"height\":1080,\"caption\":\"Riza Durmisi Andreas Skov Olsen Benjamin Tetteh\"},{\"@type\":\"WebPage\",\"@id\":\"https:\/\/acefootball.com\/da\/fodboldnyheder\/ugens-superliga-rygter-durmisi-problemer-i-broendby-og-angriberjagt-i-fck\/#webpage\",\"url\":\"https:\/\/acefootball.com\/da\/fodboldnyheder\/ugens-superliga-rygter-durmisi-problemer-i-broendby-og-angriberjagt-i-fck\/\",\"name\":\"Ugens Superliga-rygter: Durmisi-problemer i Br\u00f8ndby og angriberjagt i FCK\",\"isPartOf\":{\"@id\":\"https:\/\/acefootball.com\/da\/#website\"},\"primaryImageOfPage\":{\"@id\":\"https:\/\/acefootball.com\/da\/fodboldnyheder\/ugens-superliga-rygter-durmisi-problemer-i-broendby-og-angriberjagt-i-fck\/#primaryimage\"},\"datePublished\":\"2020-08-17T08:25:15+00:00\",\"dateModified\":\"2020-08-17T08:25:16+00:00\",\"breadcrumb\":{\"@id\":\"https:\/\/acefootball.com\/da\/fodboldnyheder\/ugens-superliga-rygter-durmisi-problemer-i-broendby-og-angriberjagt-i-fck\/#breadcrumb\"},\"inLanguage\":\"en-US\",\"potentialAction\":[{\"@type\":\"ReadAction\",\"target\":[\"https:\/\/acefootball.com\/da\/fodboldnyheder\/ugens-superliga-rygter-durmisi-problemer-i-broendby-og-angriberjagt-i-fck\/\"]}]},{\"@type\":\"BreadcrumbList\",\"@id\":\"https:\/\/acefootball.com\/da\/fodboldnyheder\/ugens-superliga-rygter-durmisi-problemer-i-broendby-og-angriberjagt-i-fck\/#breadcrumb\",\"itemListElement\":[{\"@type\":\"ListItem\",\"position\":1,\"name\":\"Home\",\"item\":\"https:\/\/acefootball.com\/da\/\"},{\"@type\":\"ListItem\",\"position\":2,\"name\":\"Ugens Superliga-rygter: Durmisi-problemer i Br\u00f8ndby og angriberjagt i FCK\"}]},{\"@type\":\"Article\",\"@id\":\"https:\/\/acefootball.com\/da\/fodboldnyheder\/ugens-superliga-rygter-durmisi-problemer-i-broendby-og-angriberjagt-i-fck\/#article\",\"isPartOf\":{\"@id\":\"https:\/\/acefootball.com\/da\/fodboldnyheder\/ugens-superliga-rygter-durmisi-problemer-i-broendby-og-angriberjagt-i-fck\/#webpage\"},\"author\":{\"@id\":\"https:\/\/acefootball.com\/da\/#\/schema\/person\/017c0abe4a8e92938220bf6c097dda93\"},\"headline\":\"Ugens Superliga-rygter: Durmisi-problemer i Br\u00f8ndby og angriberjagt i FCK\",\"datePublished\":\"2020-08-17T08:25:15+00:00\",\"dateModified\":\"2020-08-17T08:25:16+00:00\",\"mainEntityOfPage\":{\"@id\":\"https:\/\/acefootball.com\/da\/fodboldnyheder\/ugens-superliga-rygter-durmisi-problemer-i-broendby-og-angriberjagt-i-fck\/#webpage\"},\"wordCount\":846,\"commentCount\":0,\"publisher\":{\"@id\":\"https:\/\/acefootball.com\/da\/#organization\"},\"image\":{\"@id\":\"https:\/\/acefootball.com\/da\/fodboldnyheder\/ugens-superliga-rygter-durmisi-problemer-i-broendby-og-angriberjagt-i-fck\/#primaryimage\"},\"thumbnailUrl\":\"https:\/\/acefootball.com\/da\/wp-content\/uploads\/sites\/2\/2020\/08\/1.-22.jpg\",\"keywords\":[\"AaB\",\"Br\u00f8ndby IF\",\"FC K\u00f8benhavn\",\"FC Midtjylland\",\"Superligaen\"],\"articleSection\":[\"Transfer\"],\"inLanguage\":\"en-US\",\"potentialAction\":[{\"@type\":\"CommentAction\",\"name\":\"Comment\",\"target\":[\"https:\/\/acefootball.com\/da\/fodboldnyheder\/ugens-superliga-rygter-durmisi-problemer-i-broendby-og-angriberjagt-i-fck\/#respond\"]}]},{\"@type\":\"Person\",\"@id\":\"https:\/\/acefootball.com\/da\/#\/schema\/person\/017c0abe4a8e92938220bf6c097dda93\",\"name\":\"Mikki M\u00f8ller-Iversen\",\"image\":{\"@type\":\"ImageObject\",\"@id\":\"https:\/\/acefootball.com\/da\/#personlogo\",\"inLanguage\":\"en-US\",\"url\":\"https:\/\/secure.gravatar.com\/avatar\/e05b419e8b5ae5fcf516800181b96aa2?s=96&d=mm&r=g\",\"contentUrl\":\"https:\/\/secure.gravatar.com\/avatar\/e05b419e8b5ae5fcf516800181b96aa2?s=96&d=mm&r=g\",\"caption\":\"Mikki M\u00f8ller-Iversen\"},\"description\":\"Social Media Manager and writer at Ace Football. Main focus on Danish football and special stories.\",\"sameAs\":[\"https:\/\/www.linkedin.com\/in\/mikki-mller-iversen-26a3a689\/\"],\"url\":\"https:\/\/acefootball.com\/da\/fodboldnyheder\/author\/mmironaldo\/\"}]}<\/script>\n<!-- \/ Yoast SEO plugin. -->","yoast_head_json":{"title":"Ugens Superliga-rygter: Durmisi-problemer i Br\u00f8ndby og angriberjagt i FCK","robots":{"index":"index","follow":"follow","max-snippet":"max-snippet:-1","max-image-preview":"max-image-preview:large","max-video-preview":"max-video-preview:-1"},"canonical":"https:\/\/acefootball.com\/da\/fodboldnyheder\/ugens-superliga-rygter-durmisi-problemer-i-broendby-og-angriberjagt-i-fck\/","og_locale":"en_US","og_type":"article","og_title":"Ugens Superliga-rygter: Durmisi-problemer i Br\u00f8ndby og angriberjagt i FCK","og_description":"Vi starter mandagen ud med en omgang Ugens Superliga-rygter, hvor der blandt andet er nyt fra Br\u00f8ndby, FCK, AaB og FC Midtjylland","og_url":"https:\/\/acefootball.com\/da\/fodboldnyheder\/ugens-superliga-rygter-durmisi-problemer-i-broendby-og-angriberjagt-i-fck\/","og_site_name":"Ace Football Danmark","article_publisher":"https:\/\/www.facebook.com\/acefootballdk","article_published_time":"2020-08-17T08:25:15+00:00","article_modified_time":"2020-08-17T08:25:16+00:00","og_image":[{"width":1920,"height":1080,"url":"https:\/\/acefootball.com\/da\/wp-content\/uploads\/sites\/2\/2020\/08\/1.-22.jpg","type":"image\/jpeg"}],"twitter_card":"summary_large_image","twitter_misc":{"Written by":"Mikki M\u00f8ller-Iversen","Est. reading time":"4 minutes"},"schema":{"@context":"https:\/\/schema.org","@graph":[{"@type":"Organization","@id":"https:\/\/acefootball.com\/da\/#organization","name":"Ace Football","url":"https:\/\/acefootball.com\/da\/","sameAs":["https:\/\/www.facebook.com\/acefootballdk"],"logo":{"@type":"ImageObject","@id":"https:\/\/acefootball.com\/da\/#logo","inLanguage":"en-US","url":"https:\/\/acefootball.com\/da\/wp-content\/uploads\/sites\/2\/2020\/07\/Ace-Football-30-07-2020-2.png","contentUrl":"https:\/\/acefootball.com\/da\/wp-content\/uploads\/sites\/2\/2020\/07\/Ace-Football-30-07-2020-2.png","width":1200,"height":600,"caption":"Ace Football"},"image":{"@id":"https:\/\/acefootball.com\/da\/#logo"}},{"@type":"WebSite","@id":"https:\/\/acefootball.com\/da\/#website","url":"https:\/\/acefootball.com\/da\/","name":"Ace Football Danmark","description":"Nyheder, Spiltips &amp; Livescore","publisher":{"@id":"https:\/\/acefootball.com\/da\/#organization"},"potentialAction":[{"@type":"SearchAction","target":{"@type":"EntryPoint","urlTemplate":"https:\/\/acefootball.com\/da\/?s={search_term_string}"},"query-input":"required name=search_term_string"}],"inLanguage":"en-US"},{"@type":"ImageObject","@id":"https:\/\/acefootball.com\/da\/fodboldnyheder\/ugens-superliga-rygter-durmisi-problemer-i-broendby-og-angriberjagt-i-fck\/#primaryimage","inLanguage":"en-US","url":"https:\/\/acefootball.com\/da\/wp-content\/uploads\/sites\/2\/2020\/08\/1.-22.jpg","contentUrl":"https:\/\/acefootball.com\/da\/wp-content\/uploads\/sites\/2\/2020\/08\/1.-22.jpg","width":1920,"height":1080,"caption":"Riza Durmisi Andreas Skov Olsen Benjamin Tetteh"},{"@type":"WebPage","@id":"https:\/\/acefootball.com\/da\/fodboldnyheder\/ugens-superliga-rygter-durmisi-problemer-i-broendby-og-angriberjagt-i-fck\/#webpage","url":"https:\/\/acefootball.com\/da\/fodboldnyheder\/ugens-superliga-rygter-durmisi-problemer-i-broendby-og-angriberjagt-i-fck\/","name":"Ugens Superliga-rygter: Durmisi-problemer i Br\u00f8ndby og angriberjagt i FCK","isPartOf":{"@id":"https:\/\/acefootball.com\/da\/#website"},"primaryImageOfPage":{"@id":"https:\/\/acefootball.com\/da\/fodboldnyheder\/ugens-superliga-rygter-durmisi-problemer-i-broendby-og-angriberjagt-i-fck\/#primaryimage"},"datePublished":"2020-08-17T08:25:15+00:00","dateModified":"2020-08-17T08:25:16+00:00","breadcrumb":{"@id":"https:\/\/acefootball.com\/da\/fodboldnyheder\/ugens-superliga-rygter-durmisi-problemer-i-broendby-og-angriberjagt-i-fck\/#breadcrumb"},"inLanguage":"en-US","potentialAction":[{"@type":"ReadAction","target":["https:\/\/acefootball.com\/da\/fodboldnyheder\/ugens-superliga-rygter-durmisi-problemer-i-broendby-og-angriberjagt-i-fck\/"]}]},{"@type":"BreadcrumbList","@id":"https:\/\/acefootball.com\/da\/fodboldnyheder\/ugens-superliga-rygter-durmisi-problemer-i-broendby-og-angriberjagt-i-fck\/#breadcrumb","itemListElement":[{"@type":"ListItem","position":1,"name":"Home","item":"https:\/\/acefootball.com\/da\/"},{"@type":"ListItem","position":2,"name":"Ugens Superliga-rygter: Durmisi-problemer i Br\u00f8ndby og angriberjagt i FCK"}]},{"@type":"Article","@id":"https:\/\/acefootball.com\/da\/fodboldnyheder\/ugens-superliga-rygter-durmisi-problemer-i-broendby-og-angriberjagt-i-fck\/#article","isPartOf":{"@id":"https:\/\/acefootball.com\/da\/fodboldnyheder\/ugens-superliga-rygter-durmisi-problemer-i-broendby-og-angriberjagt-i-fck\/#webpage"},"author":{"@id":"https:\/\/acefootball.com\/da\/#\/schema\/person\/017c0abe4a8e92938220bf6c097dda93"},"headline":"Ugens Superliga-rygter: Durmisi-problemer i Br\u00f8ndby og angriberjagt i FCK","datePublished":"2020-08-17T08:25:15+00:00","dateModified":"2020-08-17T08:25:16+00:00","mainEntityOfPage":{"@id":"https:\/\/acefootball.com\/da\/fodboldnyheder\/ugens-superliga-rygter-durmisi-problemer-i-broendby-og-angriberjagt-i-fck\/#webpage"},"wordCount":846,"commentCount":0,"publisher":{"@id":"https:\/\/acefootball.com\/da\/#organization"},"image":{"@id":"https:\/\/acefootball.com\/da\/fodboldnyheder\/ugens-superliga-rygter-durmisi-problemer-i-broendby-og-angriberjagt-i-fck\/#primaryimage"},"thumbnailUrl":"https:\/\/acefootball.com\/da\/wp-content\/uploads\/sites\/2\/2020\/08\/1.-22.jpg","keywords":["AaB","Br\u00f8ndby IF","FC K\u00f8benhavn","FC Midtjylland","Superligaen"],"articleSection":["Transfer"],"inLanguage":"en-US","potentialAction":[{"@type":"CommentAction","name":"Comment","target":["https:\/\/acefootball.com\/da\/fodboldnyheder\/ugens-superliga-rygter-durmisi-problemer-i-broendby-og-angriberjagt-i-fck\/#respond"]}]},{"@type":"Person","@id":"https:\/\/acefootball.com\/da\/#\/schema\/person\/017c0abe4a8e92938220bf6c097dda93","name":"Mikki M\u00f8ller-Iversen","image":{"@type":"ImageObject","@id":"https:\/\/acefootball.com\/da\/#personlogo","inLanguage":"en-US","url":"https:\/\/secure.gravatar.com\/avatar\/e05b419e8b5ae5fcf516800181b96aa2?s=96&d=mm&r=g","contentUrl":"https:\/\/secure.gravatar.com\/avatar\/e05b419e8b5ae5fcf516800181b96aa2?s=96&d=mm&r=g","caption":"Mikki M\u00f8ller-Iversen"},"description":"Social Media Manager and writer at Ace Football. Main focus on Danish football and special stories.","sameAs":["https:\/\/www.linkedin.com\/in\/mikki-mller-iversen-26a3a689\/"],"url":"https:\/\/acefootball.com\/da\/fodboldnyheder\/author\/mmironaldo\/"}]}},"fimg_url":"https:\/\/acefootball.com\/da\/wp-content\/uploads\/sites\/2\/2020\/08\/1.-22.jpg","_links":{"self":[{"href":"https:\/\/acefootball.com\/da\/wp-json\/wp\/v2\/posts\/234366"}],"collection":[{"href":"https:\/\/acefootball.com\/da\/wp-json\/wp\/v2\/posts"}],"about":[{"href":"https:\/\/acefootball.com\/da\/wp-json\/wp\/v2\/types\/post"}],"author":[{"embeddable":true,"href":"https:\/\/acefootball.com\/da\/wp-json\/wp\/v2\/users\/43"}],"replies":[{"embeddable":true,"href":"https:\/\/acefootball.com\/da\/wp-json\/wp\/v2\/comments?post=234366"}],"version-history":[{"count":0,"href":"https:\/\/acefootball.com\/da\/wp-json\/wp\/v2\/posts\/234366\/revisions"}],"wp:featuredmedia":[{"embeddable":true,"href":"https:\/\/acefootball.com\/da\/wp-json\/wp\/v2\/media\/234377"}],"wp:attachment":[{"href":"https:\/\/acefootball.com\/da\/wp-json\/wp\/v2\/media?parent=234366"}],"wp:term":[{"taxonomy":"category","embeddable":true,"href":"https:\/\/acefootball.com\/da\/wp-json\/wp\/v2\/categories?post=234366"},{"taxonomy":"post_tag","embeddable":true,"href":"https:\/\/acefootball.com\/da\/wp-json\/wp\/v2\/tags?post=234366"}],"curies":[{"name":"wp","href":"https:\/\/api.w.org\/{rel}","templated":true}]}}