{"id":234364,"date":"2020-08-17T09:06:24","date_gmt":"2020-08-17T07:06:24","guid":{"rendered":"https:\/\/acefootball.com\/da\/?p=234364"},"modified":"2020-08-17T09:06:25","modified_gmt":"2020-08-17T07:06:25","slug":"avis-jess-thorup-faar-sparket-i-belgien","status":"publish","type":"post","link":"https:\/\/acefootball.com\/da\/fodboldnyheder\/avis-jess-thorup-faar-sparket-i-belgien\/","title":{"rendered":"Avis: Jess Thorup f\u00e5r sparket i Belgien"},"content":{"rendered":"\n<h2>If\u00f8lge en belgisk avis kan Jess Thorup meget vel blive fyret i l\u00f8bet af mandagen efter en skidt start p\u00e5 s\u00e6sonen<\/h2>\n\n\n\n<p>I Belgien er man allerede startet p\u00e5 den nye s\u00e6son, efter den foreg\u00e5ende blev afsluttet f\u00f8r tid i forbindelse med corona-pandemien.<\/p>\n\n\n\n<p>Her er det ikke g\u00e5et som h\u00e5bet for Jess Thorups Gent, der har lagt ud med to nederlag til Sint-Truiden og Kortrijk, og nu bliver der allerede snakket fyring af danskeren.<\/p>\n\n\n\n<p>Hos avisen <a href=\"https:\/\/www.hln.be\/sport\/voetbal\/belgisch-voetbal\/aa-gent\/exit-jess-thorup-bij-aa-gent-na-0-op-6-wordt-hij-vervangen-door-boloni~ab776b21\/\" target=\"_blank\" rel=\"noreferrer noopener\">HLN <\/a>forventer man nemlig, at Thorup f\u00e5r sparket denne mandag.<\/p>\n\n\n\n<p>Gent skilte sig denne sommer af med stjernen Jonathan David, som tog til franske Lille, og det vurderes som en af de afg\u00f8rende faktorer for den d\u00e5rlige s\u00e6sonstart.<\/p>\n\n\n\n<p>Jess Thorup og co. endte som nummer to efter suver\u00e6ne Club Br\u00fcgge i sidste s\u00e6son.<\/p>\n","protected":false},"excerpt":{"rendered":"<p>If\u00f8lge en belgisk avis kan Jess Thorup meget vel blive fyret i l\u00f8bet af mandagen efter en skidt start p\u00e5 s\u00e6sonen<\/p>\n","protected":false},"author":705,"featured_media":234365,"comment_status":"open","ping_status":"closed","sticky":false,"template":"","format":"standard","meta":{"om_disable_all_campaigns":false,"push_articles_ronaldo":{"active":false,"canonical":0,"publish":false},"force_updates":null},"categories":[1],"tags":[141,1427,5507],"enet_tags":{"player":["159885"],"league":["40"],"team":["9991"],"sport_events":[]},"yoast_head":"<!-- This site is optimized with the Yoast SEO plugin v18.3 - https:\/\/yoast.com\/wordpress\/plugins\/seo\/ -->\n<title>Avis: Jess Thorup f\u00e5r sparket i Belgien<\/title>\n<meta name=\"description\" content=\"If\u00f8lge en belgisk avis kan Jess Thorup meget vel blive fyret i l\u00f8bet af mandagen efter en skidt start p\u00e5 s\u00e6sonen\" \/>\n<meta name=\"robots\" content=\"index, follow, max-snippet:-1, max-image-preview:large, max-video-preview:-1\" \/>\n<link rel=\"canonical\" href=\"https:\/\/acefootball.com\/da\/fodboldnyheder\/avis-jess-thorup-faar-sparket-i-belgien\/\" \/>\n<meta property=\"og:locale\" content=\"en_US\" \/>\n<meta property=\"og:type\" content=\"article\" \/>\n<meta property=\"og:title\" content=\"Avis: Jess Thorup f\u00e5r sparket i Belgien\" \/>\n<meta property=\"og:description\" content=\"If\u00f8lge en belgisk avis kan Jess Thorup meget vel blive fyret i l\u00f8bet af mandagen efter en skidt start p\u00e5 s\u00e6sonen\" \/>\n<meta property=\"og:url\" content=\"https:\/\/acefootball.com\/da\/fodboldnyheder\/avis-jess-thorup-faar-sparket-i-belgien\/\" \/>\n<meta property=\"og:site_name\" content=\"Ace Football Danmark\" \/>\n<meta property=\"article:publisher\" content=\"https:\/\/www.facebook.com\/acefootballdk\" \/>\n<meta property=\"article:published_time\" content=\"2020-08-17T07:06:24+00:00\" \/>\n<meta property=\"article:modified_time\" content=\"2020-08-17T07:06:25+00:00\" \/>\n<meta property=\"og:image\" content=\"https:\/\/acefootball.com\/da\/wp-content\/uploads\/sites\/2\/2020\/08\/GettyImages-1202067057.jpg\" \/>\n\t<meta property=\"og:image:width\" content=\"1024\" \/>\n\t<meta property=\"og:image:height\" content=\"683\" \/>\n\t<meta property=\"og:image:type\" content=\"image\/jpeg\" \/>\n<meta name=\"twitter:card\" content=\"summary_large_image\" \/>\n<meta name=\"twitter:label1\" content=\"Written by\" \/>\n\t<meta name=\"twitter:data1\" content=\"Mads Dreyer\" \/>\n\t<meta name=\"twitter:label2\" content=\"Est. reading time\" \/>\n\t<meta name=\"twitter:data2\" content=\"1 minute\" \/>\n<script type=\"application\/ld+json\" class=\"yoast-schema-graph\">{\"@context\":\"https:\/\/schema.org\",\"@graph\":[{\"@type\":\"Organization\",\"@id\":\"https:\/\/acefootball.com\/da\/#organization\",\"name\":\"Ace Football\",\"url\":\"https:\/\/acefootball.com\/da\/\",\"sameAs\":[\"https:\/\/www.facebook.com\/acefootballdk\"],\"logo\":{\"@type\":\"ImageObject\",\"@id\":\"https:\/\/acefootball.com\/da\/#logo\",\"inLanguage\":\"en-US\",\"url\":\"https:\/\/acefootball.com\/da\/wp-content\/uploads\/sites\/2\/2020\/07\/Ace-Football-30-07-2020-2.png\",\"contentUrl\":\"https:\/\/acefootball.com\/da\/wp-content\/uploads\/sites\/2\/2020\/07\/Ace-Football-30-07-2020-2.png\",\"width\":1200,\"height\":600,\"caption\":\"Ace Football\"},\"image\":{\"@id\":\"https:\/\/acefootball.com\/da\/#logo\"}},{\"@type\":\"WebSite\",\"@id\":\"https:\/\/acefootball.com\/da\/#website\",\"url\":\"https:\/\/acefootball.com\/da\/\",\"name\":\"Ace Football Danmark\",\"description\":\"Nyheder, Spiltips &amp; Livescore\",\"publisher\":{\"@id\":\"https:\/\/acefootball.com\/da\/#organization\"},\"potentialAction\":[{\"@type\":\"SearchAction\",\"target\":{\"@type\":\"EntryPoint\",\"urlTemplate\":\"https:\/\/acefootball.com\/da\/?s={search_term_string}\"},\"query-input\":\"required name=search_term_string\"}],\"inLanguage\":\"en-US\"},{\"@type\":\"ImageObject\",\"@id\":\"https:\/\/acefootball.com\/da\/fodboldnyheder\/avis-jess-thorup-faar-sparket-i-belgien\/#primaryimage\",\"inLanguage\":\"en-US\",\"url\":\"https:\/\/acefootball.com\/da\/wp-content\/uploads\/sites\/2\/2020\/08\/GettyImages-1202067057.jpg\",\"contentUrl\":\"https:\/\/acefootball.com\/da\/wp-content\/uploads\/sites\/2\/2020\/08\/GettyImages-1202067057.jpg\",\"width\":1024,\"height\":683,\"caption\":\"ROME, ITALY - FEBRUARY 20: KAA Gent head coach Jess Thorup looks on during the UEFA Europa League round of 32 first leg match between AS Roma and KAA Gent at Stadio Olimpico on February 20, 2020 in Rome, Italy. (Photo by Paolo Bruno\/Getty Images)\"},{\"@type\":\"WebPage\",\"@id\":\"https:\/\/acefootball.com\/da\/fodboldnyheder\/avis-jess-thorup-faar-sparket-i-belgien\/#webpage\",\"url\":\"https:\/\/acefootball.com\/da\/fodboldnyheder\/avis-jess-thorup-faar-sparket-i-belgien\/\",\"name\":\"Avis: Jess Thorup f\u00e5r sparket i Belgien\",\"isPartOf\":{\"@id\":\"https:\/\/acefootball.com\/da\/#website\"},\"primaryImageOfPage\":{\"@id\":\"https:\/\/acefootball.com\/da\/fodboldnyheder\/avis-jess-thorup-faar-sparket-i-belgien\/#primaryimage\"},\"datePublished\":\"2020-08-17T07:06:24+00:00\",\"dateModified\":\"2020-08-17T07:06:25+00:00\",\"description\":\"If\u00f8lge en belgisk avis kan Jess Thorup meget vel blive fyret i l\u00f8bet af mandagen efter en skidt start p\u00e5 s\u00e6sonen\",\"breadcrumb\":{\"@id\":\"https:\/\/acefootball.com\/da\/fodboldnyheder\/avis-jess-thorup-faar-sparket-i-belgien\/#breadcrumb\"},\"inLanguage\":\"en-US\",\"potentialAction\":[{\"@type\":\"ReadAction\",\"target\":[\"https:\/\/acefootball.com\/da\/fodboldnyheder\/avis-jess-thorup-faar-sparket-i-belgien\/\"]}]},{\"@type\":\"BreadcrumbList\",\"@id\":\"https:\/\/acefootball.com\/da\/fodboldnyheder\/avis-jess-thorup-faar-sparket-i-belgien\/#breadcrumb\",\"itemListElement\":[{\"@type\":\"ListItem\",\"position\":1,\"name\":\"Home\",\"item\":\"https:\/\/acefootball.com\/da\/\"},{\"@type\":\"ListItem\",\"position\":2,\"name\":\"Avis: Jess Thorup f\u00e5r sparket i Belgien\"}]},{\"@type\":\"Article\",\"@id\":\"https:\/\/acefootball.com\/da\/fodboldnyheder\/avis-jess-thorup-faar-sparket-i-belgien\/#article\",\"isPartOf\":{\"@id\":\"https:\/\/acefootball.com\/da\/fodboldnyheder\/avis-jess-thorup-faar-sparket-i-belgien\/#webpage\"},\"author\":{\"@id\":\"https:\/\/acefootball.com\/da\/#\/schema\/person\/ee67e9cf04a276f144100ffa722f10cd\"},\"headline\":\"Avis: Jess Thorup f\u00e5r sparket i Belgien\",\"datePublished\":\"2020-08-17T07:06:24+00:00\",\"dateModified\":\"2020-08-17T07:06:25+00:00\",\"mainEntityOfPage\":{\"@id\":\"https:\/\/acefootball.com\/da\/fodboldnyheder\/avis-jess-thorup-faar-sparket-i-belgien\/#webpage\"},\"wordCount\":151,\"commentCount\":0,\"publisher\":{\"@id\":\"https:\/\/acefootball.com\/da\/#organization\"},\"image\":{\"@id\":\"https:\/\/acefootball.com\/da\/fodboldnyheder\/avis-jess-thorup-faar-sparket-i-belgien\/#primaryimage\"},\"thumbnailUrl\":\"https:\/\/acefootball.com\/da\/wp-content\/uploads\/sites\/2\/2020\/08\/GettyImages-1202067057.jpg\",\"keywords\":[\"Jess Thorup\",\"Jupiler League\",\"KAA Gent\"],\"articleSection\":[\"Nyhed\"],\"inLanguage\":\"en-US\",\"potentialAction\":[{\"@type\":\"CommentAction\",\"name\":\"Comment\",\"target\":[\"https:\/\/acefootball.com\/da\/fodboldnyheder\/avis-jess-thorup-faar-sparket-i-belgien\/#respond\"]}]},{\"@type\":\"Person\",\"@id\":\"https:\/\/acefootball.com\/da\/#\/schema\/person\/ee67e9cf04a276f144100ffa722f10cd\",\"name\":\"Mads Dreyer\",\"image\":{\"@type\":\"ImageObject\",\"@id\":\"https:\/\/acefootball.com\/da\/#personlogo\",\"inLanguage\":\"en-US\",\"url\":\"https:\/\/secure.gravatar.com\/avatar\/7c7abf72cfde9902b6a60efe60c88d4c?s=96&d=mm&r=g\",\"contentUrl\":\"https:\/\/secure.gravatar.com\/avatar\/7c7abf72cfde9902b6a60efe60c88d4c?s=96&d=mm&r=g\",\"caption\":\"Mads Dreyer\"},\"description\":\"Skribent og fodboldn\u00f8rd, der lige nu fort\u00e6ller om alt og intet i fodboldverdenen p\u00e5 acefootball.com. Uddannet i kommunikation fra Aalborg Universitet.\",\"sameAs\":[\"https:\/\/www.linkedin.com\/in\/mads-dreyer-b9b08266\/\"],\"url\":\"https:\/\/acefootball.com\/da\/fodboldnyheder\/author\/mdnronaldo\/\"}]}<\/script>\n<!-- \/ Yoast SEO plugin. -->","yoast_head_json":{"title":"Avis: Jess Thorup f\u00e5r sparket i Belgien","description":"If\u00f8lge en belgisk avis kan Jess Thorup meget vel blive fyret i l\u00f8bet af mandagen efter en skidt start p\u00e5 s\u00e6sonen","robots":{"index":"index","follow":"follow","max-snippet":"max-snippet:-1","max-image-preview":"max-image-preview:large","max-video-preview":"max-video-preview:-1"},"canonical":"https:\/\/acefootball.com\/da\/fodboldnyheder\/avis-jess-thorup-faar-sparket-i-belgien\/","og_locale":"en_US","og_type":"article","og_title":"Avis: Jess Thorup f\u00e5r sparket i Belgien","og_description":"If\u00f8lge en belgisk avis kan Jess Thorup meget vel blive fyret i l\u00f8bet af mandagen efter en skidt start p\u00e5 s\u00e6sonen","og_url":"https:\/\/acefootball.com\/da\/fodboldnyheder\/avis-jess-thorup-faar-sparket-i-belgien\/","og_site_name":"Ace Football Danmark","article_publisher":"https:\/\/www.facebook.com\/acefootballdk","article_published_time":"2020-08-17T07:06:24+00:00","article_modified_time":"2020-08-17T07:06:25+00:00","og_image":[{"width":1024,"height":683,"url":"https:\/\/acefootball.com\/da\/wp-content\/uploads\/sites\/2\/2020\/08\/GettyImages-1202067057.jpg","type":"image\/jpeg"}],"twitter_card":"summary_large_image","twitter_misc":{"Written by":"Mads Dreyer","Est. reading time":"1 minute"},"schema":{"@context":"https:\/\/schema.org","@graph":[{"@type":"Organization","@id":"https:\/\/acefootball.com\/da\/#organization","name":"Ace Football","url":"https:\/\/acefootball.com\/da\/","sameAs":["https:\/\/www.facebook.com\/acefootballdk"],"logo":{"@type":"ImageObject","@id":"https:\/\/acefootball.com\/da\/#logo","inLanguage":"en-US","url":"https:\/\/acefootball.com\/da\/wp-content\/uploads\/sites\/2\/2020\/07\/Ace-Football-30-07-2020-2.png","contentUrl":"https:\/\/acefootball.com\/da\/wp-content\/uploads\/sites\/2\/2020\/07\/Ace-Football-30-07-2020-2.png","width":1200,"height":600,"caption":"Ace Football"},"image":{"@id":"https:\/\/acefootball.com\/da\/#logo"}},{"@type":"WebSite","@id":"https:\/\/acefootball.com\/da\/#website","url":"https:\/\/acefootball.com\/da\/","name":"Ace Football Danmark","description":"Nyheder, Spiltips &amp; Livescore","publisher":{"@id":"https:\/\/acefootball.com\/da\/#organization"},"potentialAction":[{"@type":"SearchAction","target":{"@type":"EntryPoint","urlTemplate":"https:\/\/acefootball.com\/da\/?s={search_term_string}"},"query-input":"required name=search_term_string"}],"inLanguage":"en-US"},{"@type":"ImageObject","@id":"https:\/\/acefootball.com\/da\/fodboldnyheder\/avis-jess-thorup-faar-sparket-i-belgien\/#primaryimage","inLanguage":"en-US","url":"https:\/\/acefootball.com\/da\/wp-content\/uploads\/sites\/2\/2020\/08\/GettyImages-1202067057.jpg","contentUrl":"https:\/\/acefootball.com\/da\/wp-content\/uploads\/sites\/2\/2020\/08\/GettyImages-1202067057.jpg","width":1024,"height":683,"caption":"ROME, ITALY - FEBRUARY 20: KAA Gent head coach Jess Thorup looks on during the UEFA Europa League round of 32 first leg match between AS Roma and KAA Gent at Stadio Olimpico on February 20, 2020 in Rome, Italy. (Photo by Paolo Bruno\/Getty Images)"},{"@type":"WebPage","@id":"https:\/\/acefootball.com\/da\/fodboldnyheder\/avis-jess-thorup-faar-sparket-i-belgien\/#webpage","url":"https:\/\/acefootball.com\/da\/fodboldnyheder\/avis-jess-thorup-faar-sparket-i-belgien\/","name":"Avis: Jess Thorup f\u00e5r sparket i Belgien","isPartOf":{"@id":"https:\/\/acefootball.com\/da\/#website"},"primaryImageOfPage":{"@id":"https:\/\/acefootball.com\/da\/fodboldnyheder\/avis-jess-thorup-faar-sparket-i-belgien\/#primaryimage"},"datePublished":"2020-08-17T07:06:24+00:00","dateModified":"2020-08-17T07:06:25+00:00","description":"If\u00f8lge en belgisk avis kan Jess Thorup meget vel blive fyret i l\u00f8bet af mandagen efter en skidt start p\u00e5 s\u00e6sonen","breadcrumb":{"@id":"https:\/\/acefootball.com\/da\/fodboldnyheder\/avis-jess-thorup-faar-sparket-i-belgien\/#breadcrumb"},"inLanguage":"en-US","potentialAction":[{"@type":"ReadAction","target":["https:\/\/acefootball.com\/da\/fodboldnyheder\/avis-jess-thorup-faar-sparket-i-belgien\/"]}]},{"@type":"BreadcrumbList","@id":"https:\/\/acefootball.com\/da\/fodboldnyheder\/avis-jess-thorup-faar-sparket-i-belgien\/#breadcrumb","itemListElement":[{"@type":"ListItem","position":1,"name":"Home","item":"https:\/\/acefootball.com\/da\/"},{"@type":"ListItem","position":2,"name":"Avis: Jess Thorup f\u00e5r sparket i Belgien"}]},{"@type":"Article","@id":"https:\/\/acefootball.com\/da\/fodboldnyheder\/avis-jess-thorup-faar-sparket-i-belgien\/#article","isPartOf":{"@id":"https:\/\/acefootball.com\/da\/fodboldnyheder\/avis-jess-thorup-faar-sparket-i-belgien\/#webpage"},"author":{"@id":"https:\/\/acefootball.com\/da\/#\/schema\/person\/ee67e9cf04a276f144100ffa722f10cd"},"headline":"Avis: Jess Thorup f\u00e5r sparket i Belgien","datePublished":"2020-08-17T07:06:24+00:00","dateModified":"2020-08-17T07:06:25+00:00","mainEntityOfPage":{"@id":"https:\/\/acefootball.com\/da\/fodboldnyheder\/avis-jess-thorup-faar-sparket-i-belgien\/#webpage"},"wordCount":151,"commentCount":0,"publisher":{"@id":"https:\/\/acefootball.com\/da\/#organization"},"image":{"@id":"https:\/\/acefootball.com\/da\/fodboldnyheder\/avis-jess-thorup-faar-sparket-i-belgien\/#primaryimage"},"thumbnailUrl":"https:\/\/acefootball.com\/da\/wp-content\/uploads\/sites\/2\/2020\/08\/GettyImages-1202067057.jpg","keywords":["Jess Thorup","Jupiler League","KAA Gent"],"articleSection":["Nyhed"],"inLanguage":"en-US","potentialAction":[{"@type":"CommentAction","name":"Comment","target":["https:\/\/acefootball.com\/da\/fodboldnyheder\/avis-jess-thorup-faar-sparket-i-belgien\/#respond"]}]},{"@type":"Person","@id":"https:\/\/acefootball.com\/da\/#\/schema\/person\/ee67e9cf04a276f144100ffa722f10cd","name":"Mads Dreyer","image":{"@type":"ImageObject","@id":"https:\/\/acefootball.com\/da\/#personlogo","inLanguage":"en-US","url":"https:\/\/secure.gravatar.com\/avatar\/7c7abf72cfde9902b6a60efe60c88d4c?s=96&d=mm&r=g","contentUrl":"https:\/\/secure.gravatar.com\/avatar\/7c7abf72cfde9902b6a60efe60c88d4c?s=96&d=mm&r=g","caption":"Mads Dreyer"},"description":"Skribent og fodboldn\u00f8rd, der lige nu fort\u00e6ller om alt og intet i fodboldverdenen p\u00e5 acefootball.com. Uddannet i kommunikation fra Aalborg Universitet.","sameAs":["https:\/\/www.linkedin.com\/in\/mads-dreyer-b9b08266\/"],"url":"https:\/\/acefootball.com\/da\/fodboldnyheder\/author\/mdnronaldo\/"}]}},"fimg_url":"https:\/\/acefootball.com\/da\/wp-content\/uploads\/sites\/2\/2020\/08\/GettyImages-1202067057.jpg","_links":{"self":[{"href":"https:\/\/acefootball.com\/da\/wp-json\/wp\/v2\/posts\/234364"}],"collection":[{"href":"https:\/\/acefootball.com\/da\/wp-json\/wp\/v2\/posts"}],"about":[{"href":"https:\/\/acefootball.com\/da\/wp-json\/wp\/v2\/types\/post"}],"author":[{"embeddable":true,"href":"https:\/\/acefootball.com\/da\/wp-json\/wp\/v2\/users\/705"}],"replies":[{"embeddable":true,"href":"https:\/\/acefootball.com\/da\/wp-json\/wp\/v2\/comments?post=234364"}],"version-history":[{"count":0,"href":"https:\/\/acefootball.com\/da\/wp-json\/wp\/v2\/posts\/234364\/revisions"}],"wp:featuredmedia":[{"embeddable":true,"href":"https:\/\/acefootball.com\/da\/wp-json\/wp\/v2\/media\/234365"}],"wp:attachment":[{"href":"https:\/\/acefootball.com\/da\/wp-json\/wp\/v2\/media?parent=234364"}],"wp:term":[{"taxonomy":"category","embeddable":true,"href":"https:\/\/acefootball.com\/da\/wp-json\/wp\/v2\/categories?post=234364"},{"taxonomy":"post_tag","embeddable":true,"href":"https:\/\/acefootball.com\/da\/wp-json\/wp\/v2\/tags?post=234364"}],"curies":[{"name":"wp","href":"https:\/\/api.w.org\/{rel}","templated":true}]}}