{"id":234296,"date":"2020-08-16T14:26:09","date_gmt":"2020-08-16T12:26:09","guid":{"rendered":"https:\/\/acefootball.com\/da\/?p=234296"},"modified":"2020-08-16T14:26:10","modified_gmt":"2020-08-16T12:26:10","slug":"medie-barca-boss-afviste-bayern-stjerne-paa-grund-af-nationalitet","status":"publish","type":"post","link":"https:\/\/acefootball.com\/da\/fodboldnyheder\/medie-barca-boss-afviste-bayern-stjerne-paa-grund-af-nationalitet\/","title":{"rendered":"Medie: Barca-boss afviste Bayern-stjerne p\u00e5 grund af nationalitet"},"content":{"rendered":"\n<h2>FC Barcelona havde efter sigende muligheden for at snuppe Alphonso Davies f\u00f8r Bayern M\u00fcnchen, men det canadiske pas var ikke attraktivt<\/h2>\n\n\n\n<p>Det er n\u00e6ppe g\u00e5et nogens n\u00e6se forbi, at FC Barcelona fik \u00f8rene godt og grundigt i maskinen i Champions League-kvartfinalen mod Bayern M\u00fcnchen.<\/p>\n\n\n\n<p>Det blev til en \u00f8ret\u00e6ve p\u00e5 8-2, og kritikken hagler i \u00f8jeblikket ned over den catalanske storklub, men det stopper ikke her.<\/p>\n\n\n\n<p>If\u00f8lge den anerkendte journalist p\u00e5 mediet <a href=\"https:\/\/www.tudn.com\/\" target=\"_blank\" rel=\"noreferrer noopener\">TUDN<\/a>, Luis Omar Tapia, blev Barcelona-pr\u00e6sident Josep Maria Bartomeu for \u00e5r tilbage r\u00e5dgivet af klublegenden Hristo Stoichkov om at tage et n\u00e6rmere kig p\u00e5 Alphonso Davies, som dengang endnu var i MLS.<\/p>\n\n\n\n<figure class=\"wp-block-embed-twitter wp-block-embed is-type-rich is-provider-twitter\"><div class=\"wp-block-embed__wrapper\">\n<blockquote class=\"twitter-tweet\" data-width=\"550\" data-dnt=\"true\"><p lang=\"en\" dir=\"ltr\">Here is a did you know? Stoitchkov spoke to Bartomeu about Davies months before Bayern came on board. His response was, he is Canadian no thanks. <a href=\"https:\/\/t.co\/xOwFDy6OdM\">https:\/\/t.co\/xOwFDy6OdM<\/a><\/p>&mdash; Luis Omar Tapia (@LuisOmarTapia) <a href=\"https:\/\/twitter.com\/LuisOmarTapia\/status\/1294462230528954369?ref_src=twsrc%5Etfw\">August 15, 2020<\/a><\/blockquote><script async src=\"https:\/\/platform.twitter.com\/widgets.js\" charset=\"utf-8\"><\/script>\n<\/div><\/figure>\n\n\n\n<p>Svaret var dog: &#8220;Ellers tak, han er fra Canada.&#8221;<\/p>\n\n\n\n<p>Canada er da heller ikke kendt for at udvikle mange storspillere, men taler historien sandt, har Bartomeu muligvis afvist en de mest lovende venstrebacks i nyere tid.<\/p>\n\n\n\n<p>Informationen skulle komme direkte fra Stoichkov, som selv arbejder i TUDN og deraf har en indg\u00e5ende viden om de amerikanske r\u00e6kker.<\/p>\n\n\n\n<p>Alphonso Davies skiftede i stedet til Bayern M\u00fcnchen i januar 2019.<\/p>\n","protected":false},"excerpt":{"rendered":"<p>FC Barcelona havde efter sigende muligheden for at snuppe Alphonso Davies f\u00f8r Bayern M\u00fcnchen, men det canadiske pas var ikke attraktivt<\/p>\n","protected":false},"author":705,"featured_media":234298,"comment_status":"open","ping_status":"closed","sticky":false,"template":"","format":"standard","meta":{"om_disable_all_campaigns":false,"push_articles_ronaldo":{"active":false,"canonical":0,"publish":false},"force_updates":null},"categories":[1],"tags":[4563,74,41,303],"enet_tags":{"player":["751202"],"team":["9823","8634"],"league":["87"],"sport_events":[]},"yoast_head":"<!-- This site is optimized with the Yoast SEO plugin v18.3 - https:\/\/yoast.com\/wordpress\/plugins\/seo\/ -->\n<title>Medie: Barca-boss afviste Bayern-stjerne p\u00e5 grund af nationalitet<\/title>\n<meta name=\"description\" content=\"FC Barcelona havde efter sigende muligheden for at snuppe Alphonso Davies f\u00f8r Bayern M\u00fcnchen, men det canadiske pas var ikke attraktivt\" \/>\n<meta name=\"robots\" content=\"index, follow, max-snippet:-1, max-image-preview:large, max-video-preview:-1\" \/>\n<link rel=\"canonical\" href=\"https:\/\/acefootball.com\/da\/fodboldnyheder\/medie-barca-boss-afviste-bayern-stjerne-paa-grund-af-nationalitet\/\" \/>\n<meta property=\"og:locale\" content=\"en_US\" \/>\n<meta property=\"og:type\" content=\"article\" \/>\n<meta property=\"og:title\" content=\"Medie: Barca-boss afviste Bayern-stjerne p\u00e5 grund af nationalitet\" \/>\n<meta property=\"og:description\" content=\"FC Barcelona havde efter sigende muligheden for at snuppe Alphonso Davies f\u00f8r Bayern M\u00fcnchen, men det canadiske pas var ikke attraktivt\" \/>\n<meta property=\"og:url\" content=\"https:\/\/acefootball.com\/da\/fodboldnyheder\/medie-barca-boss-afviste-bayern-stjerne-paa-grund-af-nationalitet\/\" \/>\n<meta property=\"og:site_name\" content=\"Ace Football Danmark\" \/>\n<meta property=\"article:publisher\" content=\"https:\/\/www.facebook.com\/acefootballdk\" \/>\n<meta property=\"article:published_time\" content=\"2020-08-16T12:26:09+00:00\" \/>\n<meta property=\"article:modified_time\" content=\"2020-08-16T12:26:10+00:00\" \/>\n<meta property=\"og:image\" content=\"https:\/\/acefootball.com\/da\/wp-content\/uploads\/sites\/2\/2020\/08\/GettyImages-452645394.jpg\" \/>\n\t<meta property=\"og:image:width\" content=\"1024\" \/>\n\t<meta property=\"og:image:height\" content=\"682\" \/>\n\t<meta property=\"og:image:type\" content=\"image\/jpeg\" \/>\n<meta name=\"twitter:card\" content=\"summary_large_image\" \/>\n<meta name=\"twitter:label1\" content=\"Written by\" \/>\n\t<meta name=\"twitter:data1\" content=\"Mads Dreyer\" \/>\n\t<meta name=\"twitter:label2\" content=\"Est. reading time\" \/>\n\t<meta name=\"twitter:data2\" content=\"1 minute\" \/>\n<script type=\"application\/ld+json\" class=\"yoast-schema-graph\">{\"@context\":\"https:\/\/schema.org\",\"@graph\":[{\"@type\":\"Organization\",\"@id\":\"https:\/\/acefootball.com\/da\/#organization\",\"name\":\"Ace Football\",\"url\":\"https:\/\/acefootball.com\/da\/\",\"sameAs\":[\"https:\/\/www.facebook.com\/acefootballdk\"],\"logo\":{\"@type\":\"ImageObject\",\"@id\":\"https:\/\/acefootball.com\/da\/#logo\",\"inLanguage\":\"en-US\",\"url\":\"https:\/\/acefootball.com\/da\/wp-content\/uploads\/sites\/2\/2020\/07\/Ace-Football-30-07-2020-2.png\",\"contentUrl\":\"https:\/\/acefootball.com\/da\/wp-content\/uploads\/sites\/2\/2020\/07\/Ace-Football-30-07-2020-2.png\",\"width\":1200,\"height\":600,\"caption\":\"Ace Football\"},\"image\":{\"@id\":\"https:\/\/acefootball.com\/da\/#logo\"}},{\"@type\":\"WebSite\",\"@id\":\"https:\/\/acefootball.com\/da\/#website\",\"url\":\"https:\/\/acefootball.com\/da\/\",\"name\":\"Ace Football Danmark\",\"description\":\"Nyheder, Spiltips &amp; Livescore\",\"publisher\":{\"@id\":\"https:\/\/acefootball.com\/da\/#organization\"},\"potentialAction\":[{\"@type\":\"SearchAction\",\"target\":{\"@type\":\"EntryPoint\",\"urlTemplate\":\"https:\/\/acefootball.com\/da\/?s={search_term_string}\"},\"query-input\":\"required name=search_term_string\"}],\"inLanguage\":\"en-US\"},{\"@type\":\"ImageObject\",\"@id\":\"https:\/\/acefootball.com\/da\/fodboldnyheder\/medie-barca-boss-afviste-bayern-stjerne-paa-grund-af-nationalitet\/#primaryimage\",\"inLanguage\":\"en-US\",\"url\":\"https:\/\/acefootball.com\/da\/wp-content\/uploads\/sites\/2\/2020\/08\/GettyImages-452645394.jpg\",\"contentUrl\":\"https:\/\/acefootball.com\/da\/wp-content\/uploads\/sites\/2\/2020\/08\/GettyImages-452645394.jpg\",\"width\":1024,\"height\":682,\"caption\":\"BARCELONA, SPAIN - JULY 25: FC Barcelona President Josep Maria Bartomeu looks on during a FC Barcelona training session at Ciutat Esportiva de Sant Joan Despi on July 25, 2014 in Barcelona, Spain. (Photo by David Ramos\/Getty Images)\"},{\"@type\":\"WebPage\",\"@id\":\"https:\/\/acefootball.com\/da\/fodboldnyheder\/medie-barca-boss-afviste-bayern-stjerne-paa-grund-af-nationalitet\/#webpage\",\"url\":\"https:\/\/acefootball.com\/da\/fodboldnyheder\/medie-barca-boss-afviste-bayern-stjerne-paa-grund-af-nationalitet\/\",\"name\":\"Medie: Barca-boss afviste Bayern-stjerne p\u00e5 grund af nationalitet\",\"isPartOf\":{\"@id\":\"https:\/\/acefootball.com\/da\/#website\"},\"primaryImageOfPage\":{\"@id\":\"https:\/\/acefootball.com\/da\/fodboldnyheder\/medie-barca-boss-afviste-bayern-stjerne-paa-grund-af-nationalitet\/#primaryimage\"},\"datePublished\":\"2020-08-16T12:26:09+00:00\",\"dateModified\":\"2020-08-16T12:26:10+00:00\",\"description\":\"FC Barcelona havde efter sigende muligheden for at snuppe Alphonso Davies f\u00f8r Bayern M\u00fcnchen, men det canadiske pas var ikke attraktivt\",\"breadcrumb\":{\"@id\":\"https:\/\/acefootball.com\/da\/fodboldnyheder\/medie-barca-boss-afviste-bayern-stjerne-paa-grund-af-nationalitet\/#breadcrumb\"},\"inLanguage\":\"en-US\",\"potentialAction\":[{\"@type\":\"ReadAction\",\"target\":[\"https:\/\/acefootball.com\/da\/fodboldnyheder\/medie-barca-boss-afviste-bayern-stjerne-paa-grund-af-nationalitet\/\"]}]},{\"@type\":\"BreadcrumbList\",\"@id\":\"https:\/\/acefootball.com\/da\/fodboldnyheder\/medie-barca-boss-afviste-bayern-stjerne-paa-grund-af-nationalitet\/#breadcrumb\",\"itemListElement\":[{\"@type\":\"ListItem\",\"position\":1,\"name\":\"Home\",\"item\":\"https:\/\/acefootball.com\/da\/\"},{\"@type\":\"ListItem\",\"position\":2,\"name\":\"Medie: Barca-boss afviste Bayern-stjerne p\u00e5 grund af nationalitet\"}]},{\"@type\":\"Article\",\"@id\":\"https:\/\/acefootball.com\/da\/fodboldnyheder\/medie-barca-boss-afviste-bayern-stjerne-paa-grund-af-nationalitet\/#article\",\"isPartOf\":{\"@id\":\"https:\/\/acefootball.com\/da\/fodboldnyheder\/medie-barca-boss-afviste-bayern-stjerne-paa-grund-af-nationalitet\/#webpage\"},\"author\":{\"@id\":\"https:\/\/acefootball.com\/da\/#\/schema\/person\/ee67e9cf04a276f144100ffa722f10cd\"},\"headline\":\"Medie: Barca-boss afviste Bayern-stjerne p\u00e5 grund af nationalitet\",\"datePublished\":\"2020-08-16T12:26:09+00:00\",\"dateModified\":\"2020-08-16T12:26:10+00:00\",\"mainEntityOfPage\":{\"@id\":\"https:\/\/acefootball.com\/da\/fodboldnyheder\/medie-barca-boss-afviste-bayern-stjerne-paa-grund-af-nationalitet\/#webpage\"},\"wordCount\":224,\"commentCount\":0,\"publisher\":{\"@id\":\"https:\/\/acefootball.com\/da\/#organization\"},\"image\":{\"@id\":\"https:\/\/acefootball.com\/da\/fodboldnyheder\/medie-barca-boss-afviste-bayern-stjerne-paa-grund-af-nationalitet\/#primaryimage\"},\"thumbnailUrl\":\"https:\/\/acefootball.com\/da\/wp-content\/uploads\/sites\/2\/2020\/08\/GettyImages-452645394.jpg\",\"keywords\":[\"Alphonso Davies\",\"Bayern M\u00fcnchen\",\"FC Barcelona\",\"La Liga\"],\"articleSection\":[\"Nyhed\"],\"inLanguage\":\"en-US\",\"potentialAction\":[{\"@type\":\"CommentAction\",\"name\":\"Comment\",\"target\":[\"https:\/\/acefootball.com\/da\/fodboldnyheder\/medie-barca-boss-afviste-bayern-stjerne-paa-grund-af-nationalitet\/#respond\"]}]},{\"@type\":\"Person\",\"@id\":\"https:\/\/acefootball.com\/da\/#\/schema\/person\/ee67e9cf04a276f144100ffa722f10cd\",\"name\":\"Mads Dreyer\",\"image\":{\"@type\":\"ImageObject\",\"@id\":\"https:\/\/acefootball.com\/da\/#personlogo\",\"inLanguage\":\"en-US\",\"url\":\"https:\/\/secure.gravatar.com\/avatar\/7c7abf72cfde9902b6a60efe60c88d4c?s=96&d=mm&r=g\",\"contentUrl\":\"https:\/\/secure.gravatar.com\/avatar\/7c7abf72cfde9902b6a60efe60c88d4c?s=96&d=mm&r=g\",\"caption\":\"Mads Dreyer\"},\"description\":\"Skribent og fodboldn\u00f8rd, der lige nu fort\u00e6ller om alt og intet i fodboldverdenen p\u00e5 acefootball.com. Uddannet i kommunikation fra Aalborg Universitet.\",\"sameAs\":[\"https:\/\/www.linkedin.com\/in\/mads-dreyer-b9b08266\/\"],\"url\":\"https:\/\/acefootball.com\/da\/fodboldnyheder\/author\/mdnronaldo\/\"}]}<\/script>\n<!-- \/ Yoast SEO plugin. -->","yoast_head_json":{"title":"Medie: Barca-boss afviste Bayern-stjerne p\u00e5 grund af nationalitet","description":"FC Barcelona havde efter sigende muligheden for at snuppe Alphonso Davies f\u00f8r Bayern M\u00fcnchen, men det canadiske pas var ikke attraktivt","robots":{"index":"index","follow":"follow","max-snippet":"max-snippet:-1","max-image-preview":"max-image-preview:large","max-video-preview":"max-video-preview:-1"},"canonical":"https:\/\/acefootball.com\/da\/fodboldnyheder\/medie-barca-boss-afviste-bayern-stjerne-paa-grund-af-nationalitet\/","og_locale":"en_US","og_type":"article","og_title":"Medie: Barca-boss afviste Bayern-stjerne p\u00e5 grund af nationalitet","og_description":"FC Barcelona havde efter sigende muligheden for at snuppe Alphonso Davies f\u00f8r Bayern M\u00fcnchen, men det canadiske pas var ikke attraktivt","og_url":"https:\/\/acefootball.com\/da\/fodboldnyheder\/medie-barca-boss-afviste-bayern-stjerne-paa-grund-af-nationalitet\/","og_site_name":"Ace Football Danmark","article_publisher":"https:\/\/www.facebook.com\/acefootballdk","article_published_time":"2020-08-16T12:26:09+00:00","article_modified_time":"2020-08-16T12:26:10+00:00","og_image":[{"width":1024,"height":682,"url":"https:\/\/acefootball.com\/da\/wp-content\/uploads\/sites\/2\/2020\/08\/GettyImages-452645394.jpg","type":"image\/jpeg"}],"twitter_card":"summary_large_image","twitter_misc":{"Written by":"Mads Dreyer","Est. reading time":"1 minute"},"schema":{"@context":"https:\/\/schema.org","@graph":[{"@type":"Organization","@id":"https:\/\/acefootball.com\/da\/#organization","name":"Ace Football","url":"https:\/\/acefootball.com\/da\/","sameAs":["https:\/\/www.facebook.com\/acefootballdk"],"logo":{"@type":"ImageObject","@id":"https:\/\/acefootball.com\/da\/#logo","inLanguage":"en-US","url":"https:\/\/acefootball.com\/da\/wp-content\/uploads\/sites\/2\/2020\/07\/Ace-Football-30-07-2020-2.png","contentUrl":"https:\/\/acefootball.com\/da\/wp-content\/uploads\/sites\/2\/2020\/07\/Ace-Football-30-07-2020-2.png","width":1200,"height":600,"caption":"Ace Football"},"image":{"@id":"https:\/\/acefootball.com\/da\/#logo"}},{"@type":"WebSite","@id":"https:\/\/acefootball.com\/da\/#website","url":"https:\/\/acefootball.com\/da\/","name":"Ace Football Danmark","description":"Nyheder, Spiltips &amp; Livescore","publisher":{"@id":"https:\/\/acefootball.com\/da\/#organization"},"potentialAction":[{"@type":"SearchAction","target":{"@type":"EntryPoint","urlTemplate":"https:\/\/acefootball.com\/da\/?s={search_term_string}"},"query-input":"required name=search_term_string"}],"inLanguage":"en-US"},{"@type":"ImageObject","@id":"https:\/\/acefootball.com\/da\/fodboldnyheder\/medie-barca-boss-afviste-bayern-stjerne-paa-grund-af-nationalitet\/#primaryimage","inLanguage":"en-US","url":"https:\/\/acefootball.com\/da\/wp-content\/uploads\/sites\/2\/2020\/08\/GettyImages-452645394.jpg","contentUrl":"https:\/\/acefootball.com\/da\/wp-content\/uploads\/sites\/2\/2020\/08\/GettyImages-452645394.jpg","width":1024,"height":682,"caption":"BARCELONA, SPAIN - JULY 25: FC Barcelona President Josep Maria Bartomeu looks on during a FC Barcelona training session at Ciutat Esportiva de Sant Joan Despi on July 25, 2014 in Barcelona, Spain. (Photo by David Ramos\/Getty Images)"},{"@type":"WebPage","@id":"https:\/\/acefootball.com\/da\/fodboldnyheder\/medie-barca-boss-afviste-bayern-stjerne-paa-grund-af-nationalitet\/#webpage","url":"https:\/\/acefootball.com\/da\/fodboldnyheder\/medie-barca-boss-afviste-bayern-stjerne-paa-grund-af-nationalitet\/","name":"Medie: Barca-boss afviste Bayern-stjerne p\u00e5 grund af nationalitet","isPartOf":{"@id":"https:\/\/acefootball.com\/da\/#website"},"primaryImageOfPage":{"@id":"https:\/\/acefootball.com\/da\/fodboldnyheder\/medie-barca-boss-afviste-bayern-stjerne-paa-grund-af-nationalitet\/#primaryimage"},"datePublished":"2020-08-16T12:26:09+00:00","dateModified":"2020-08-16T12:26:10+00:00","description":"FC Barcelona havde efter sigende muligheden for at snuppe Alphonso Davies f\u00f8r Bayern M\u00fcnchen, men det canadiske pas var ikke attraktivt","breadcrumb":{"@id":"https:\/\/acefootball.com\/da\/fodboldnyheder\/medie-barca-boss-afviste-bayern-stjerne-paa-grund-af-nationalitet\/#breadcrumb"},"inLanguage":"en-US","potentialAction":[{"@type":"ReadAction","target":["https:\/\/acefootball.com\/da\/fodboldnyheder\/medie-barca-boss-afviste-bayern-stjerne-paa-grund-af-nationalitet\/"]}]},{"@type":"BreadcrumbList","@id":"https:\/\/acefootball.com\/da\/fodboldnyheder\/medie-barca-boss-afviste-bayern-stjerne-paa-grund-af-nationalitet\/#breadcrumb","itemListElement":[{"@type":"ListItem","position":1,"name":"Home","item":"https:\/\/acefootball.com\/da\/"},{"@type":"ListItem","position":2,"name":"Medie: Barca-boss afviste Bayern-stjerne p\u00e5 grund af nationalitet"}]},{"@type":"Article","@id":"https:\/\/acefootball.com\/da\/fodboldnyheder\/medie-barca-boss-afviste-bayern-stjerne-paa-grund-af-nationalitet\/#article","isPartOf":{"@id":"https:\/\/acefootball.com\/da\/fodboldnyheder\/medie-barca-boss-afviste-bayern-stjerne-paa-grund-af-nationalitet\/#webpage"},"author":{"@id":"https:\/\/acefootball.com\/da\/#\/schema\/person\/ee67e9cf04a276f144100ffa722f10cd"},"headline":"Medie: Barca-boss afviste Bayern-stjerne p\u00e5 grund af nationalitet","datePublished":"2020-08-16T12:26:09+00:00","dateModified":"2020-08-16T12:26:10+00:00","mainEntityOfPage":{"@id":"https:\/\/acefootball.com\/da\/fodboldnyheder\/medie-barca-boss-afviste-bayern-stjerne-paa-grund-af-nationalitet\/#webpage"},"wordCount":224,"commentCount":0,"publisher":{"@id":"https:\/\/acefootball.com\/da\/#organization"},"image":{"@id":"https:\/\/acefootball.com\/da\/fodboldnyheder\/medie-barca-boss-afviste-bayern-stjerne-paa-grund-af-nationalitet\/#primaryimage"},"thumbnailUrl":"https:\/\/acefootball.com\/da\/wp-content\/uploads\/sites\/2\/2020\/08\/GettyImages-452645394.jpg","keywords":["Alphonso Davies","Bayern M\u00fcnchen","FC Barcelona","La Liga"],"articleSection":["Nyhed"],"inLanguage":"en-US","potentialAction":[{"@type":"CommentAction","name":"Comment","target":["https:\/\/acefootball.com\/da\/fodboldnyheder\/medie-barca-boss-afviste-bayern-stjerne-paa-grund-af-nationalitet\/#respond"]}]},{"@type":"Person","@id":"https:\/\/acefootball.com\/da\/#\/schema\/person\/ee67e9cf04a276f144100ffa722f10cd","name":"Mads Dreyer","image":{"@type":"ImageObject","@id":"https:\/\/acefootball.com\/da\/#personlogo","inLanguage":"en-US","url":"https:\/\/secure.gravatar.com\/avatar\/7c7abf72cfde9902b6a60efe60c88d4c?s=96&d=mm&r=g","contentUrl":"https:\/\/secure.gravatar.com\/avatar\/7c7abf72cfde9902b6a60efe60c88d4c?s=96&d=mm&r=g","caption":"Mads Dreyer"},"description":"Skribent og fodboldn\u00f8rd, der lige nu fort\u00e6ller om alt og intet i fodboldverdenen p\u00e5 acefootball.com. Uddannet i kommunikation fra Aalborg Universitet.","sameAs":["https:\/\/www.linkedin.com\/in\/mads-dreyer-b9b08266\/"],"url":"https:\/\/acefootball.com\/da\/fodboldnyheder\/author\/mdnronaldo\/"}]}},"fimg_url":"https:\/\/acefootball.com\/da\/wp-content\/uploads\/sites\/2\/2020\/08\/GettyImages-452645394.jpg","_links":{"self":[{"href":"https:\/\/acefootball.com\/da\/wp-json\/wp\/v2\/posts\/234296"}],"collection":[{"href":"https:\/\/acefootball.com\/da\/wp-json\/wp\/v2\/posts"}],"about":[{"href":"https:\/\/acefootball.com\/da\/wp-json\/wp\/v2\/types\/post"}],"author":[{"embeddable":true,"href":"https:\/\/acefootball.com\/da\/wp-json\/wp\/v2\/users\/705"}],"replies":[{"embeddable":true,"href":"https:\/\/acefootball.com\/da\/wp-json\/wp\/v2\/comments?post=234296"}],"version-history":[{"count":0,"href":"https:\/\/acefootball.com\/da\/wp-json\/wp\/v2\/posts\/234296\/revisions"}],"wp:featuredmedia":[{"embeddable":true,"href":"https:\/\/acefootball.com\/da\/wp-json\/wp\/v2\/media\/234298"}],"wp:attachment":[{"href":"https:\/\/acefootball.com\/da\/wp-json\/wp\/v2\/media?parent=234296"}],"wp:term":[{"taxonomy":"category","embeddable":true,"href":"https:\/\/acefootball.com\/da\/wp-json\/wp\/v2\/categories?post=234296"},{"taxonomy":"post_tag","embeddable":true,"href":"https:\/\/acefootball.com\/da\/wp-json\/wp\/v2\/tags?post=234296"}],"curies":[{"name":"wp","href":"https:\/\/api.w.org\/{rel}","templated":true}]}}