{"id":234294,"date":"2020-08-16T13:44:22","date_gmt":"2020-08-16T11:44:22","guid":{"rendered":"https:\/\/acefootball.com\/da\/?p=234294"},"modified":"2020-08-16T13:44:22","modified_gmt":"2020-08-16T11:44:22","slug":"medie-benfica-vil-fortsaette-oprustningen-med-real-klubmand","status":"publish","type":"post","link":"https:\/\/acefootball.com\/da\/fodboldnyheder\/medie-benfica-vil-fortsaette-oprustningen-med-real-klubmand\/","title":{"rendered":"Medie: Benfica vil forts\u00e6tte oprustningen med Real-klubmand"},"content":{"rendered":"\n<h2>Benfica er godt i gang med sommerhandlerne, og nu skulle Real Madrids Nacho Fern\u00e1ndez ogs\u00e5 v\u00e6re p\u00e5 radaren<\/h2>\n\n\n\n<p>Der er allerede tidligt i transfervinduet blevet handlet godt ind i Benfica, hvor man har skrevet kontrakt med Everton, Jan Vertonghen og Luca Waldschmidt.<\/p>\n\n\n\n<p>Oprustningen kan dog snart forts\u00e6tte, da portugiserne if\u00f8lge <a href=\"https:\/\/www.abola.pt\/nnh\/2020-08-16\/benfica-nacho-fernandez-apontado-a-luz\/857142\" target=\"_blank\" rel=\"noreferrer noopener\">A Bola<\/a> ogs\u00e5 har kig p\u00e5 Real Madrid-reserven Nacho Fern\u00e1ndez.<\/p>\n\n\n\n<p>Den 30-\u00e5rige klubmand har kontraktudl\u00f8b om to \u00e5r men har i denne s\u00e6son v\u00e6ret plaget af skader, og derfor er det kun blevet til 10 kampe i alle turneringer.<\/p>\n\n\n\n<div class=\"wp-block-si-widget wp-block-si-widget--center\"><si-lb-widget widget-id=\"PlayerSeasonProfile\" width=\"440\" data-card=\"true\" data-language=\"da\" data-provider=\"mrgreen\" data-player-id=\"213499\"><\/si-lb-widget><\/div>\n\n\n\n<p>Sidste sommers tilgang af Eder Militao har ogs\u00e5 set Nacho dumpe ned som fjerdevalg til midterforsvaret, mens brasilianeren ligeledes har v\u00e6ret fortrukket som reserve for Dani Carvajal p\u00e5 h\u00f8jreback.<\/p>\n\n\n\n<p>Mediet skriver ogs\u00e5, at Valencia skulle v\u00e6re interesserede i den alsidige forsvarsspiller, der kan erhverves for omkring 75 millioner kroner.<\/p>\n","protected":false},"excerpt":{"rendered":"<p>Benfica er godt i gang med sommerhandlerne, og nu skulle Real Madrids Nacho Fern\u00e1ndez ogs\u00e5 v\u00e6re p\u00e5 radaren<\/p>\n","protected":false},"author":705,"featured_media":234295,"comment_status":"open","ping_status":"closed","sticky":false,"template":"","format":"standard","meta":{"om_disable_all_campaigns":false,"push_articles_ronaldo":{"active":false,"canonical":0,"publish":false},"force_updates":null},"categories":[7],"tags":[303,1260,3238,85,39,604],"enet_tags":{"league":["87","61"],"player":["213499"],"team":["8633","9772","10267"],"sport_events":[]},"yoast_head":"<!-- This site is optimized with the Yoast SEO plugin v18.3 - https:\/\/yoast.com\/wordpress\/plugins\/seo\/ -->\n<title>Medie: Benfica vil forts\u00e6tte oprustningen med Real-klubmand<\/title>\n<meta name=\"description\" content=\"Benfica er godt i gang med sommerhandlerne, og nu skulle Real Madrids Nacho Fern\u00e1ndez ogs\u00e5 v\u00e6re p\u00e5 radaren\" \/>\n<meta name=\"robots\" content=\"index, follow, max-snippet:-1, max-image-preview:large, max-video-preview:-1\" \/>\n<link rel=\"canonical\" href=\"https:\/\/acefootball.com\/da\/fodboldnyheder\/medie-benfica-vil-fortsaette-oprustningen-med-real-klubmand\/\" \/>\n<meta property=\"og:locale\" content=\"en_US\" \/>\n<meta property=\"og:type\" content=\"article\" \/>\n<meta property=\"og:title\" content=\"Medie: Benfica vil forts\u00e6tte oprustningen med Real-klubmand\" \/>\n<meta property=\"og:description\" content=\"Benfica er godt i gang med sommerhandlerne, og nu skulle Real Madrids Nacho Fern\u00e1ndez ogs\u00e5 v\u00e6re p\u00e5 radaren\" \/>\n<meta property=\"og:url\" content=\"https:\/\/acefootball.com\/da\/fodboldnyheder\/medie-benfica-vil-fortsaette-oprustningen-med-real-klubmand\/\" \/>\n<meta property=\"og:site_name\" content=\"Ace Football Danmark\" \/>\n<meta property=\"article:publisher\" content=\"https:\/\/www.facebook.com\/acefootballdk\" \/>\n<meta property=\"article:published_time\" content=\"2020-08-16T11:44:22+00:00\" \/>\n<meta property=\"og:image\" content=\"https:\/\/acefootball.com\/da\/wp-content\/uploads\/sites\/2\/2020\/08\/GettyImages-1093725310.jpg\" \/>\n\t<meta property=\"og:image:width\" content=\"1024\" \/>\n\t<meta property=\"og:image:height\" content=\"681\" \/>\n\t<meta property=\"og:image:type\" content=\"image\/jpeg\" \/>\n<meta name=\"twitter:card\" content=\"summary_large_image\" \/>\n<meta name=\"twitter:label1\" content=\"Written by\" \/>\n\t<meta name=\"twitter:data1\" content=\"Mads Dreyer\" \/>\n\t<meta name=\"twitter:label2\" content=\"Est. reading time\" \/>\n\t<meta name=\"twitter:data2\" content=\"1 minute\" \/>\n<script type=\"application\/ld+json\" class=\"yoast-schema-graph\">{\"@context\":\"https:\/\/schema.org\",\"@graph\":[{\"@type\":\"Organization\",\"@id\":\"https:\/\/acefootball.com\/da\/#organization\",\"name\":\"Ace Football\",\"url\":\"https:\/\/acefootball.com\/da\/\",\"sameAs\":[\"https:\/\/www.facebook.com\/acefootballdk\"],\"logo\":{\"@type\":\"ImageObject\",\"@id\":\"https:\/\/acefootball.com\/da\/#logo\",\"inLanguage\":\"en-US\",\"url\":\"https:\/\/acefootball.com\/da\/wp-content\/uploads\/sites\/2\/2020\/07\/Ace-Football-30-07-2020-2.png\",\"contentUrl\":\"https:\/\/acefootball.com\/da\/wp-content\/uploads\/sites\/2\/2020\/07\/Ace-Football-30-07-2020-2.png\",\"width\":1200,\"height\":600,\"caption\":\"Ace Football\"},\"image\":{\"@id\":\"https:\/\/acefootball.com\/da\/#logo\"}},{\"@type\":\"WebSite\",\"@id\":\"https:\/\/acefootball.com\/da\/#website\",\"url\":\"https:\/\/acefootball.com\/da\/\",\"name\":\"Ace Football Danmark\",\"description\":\"Nyheder, Spiltips &amp; Livescore\",\"publisher\":{\"@id\":\"https:\/\/acefootball.com\/da\/#organization\"},\"potentialAction\":[{\"@type\":\"SearchAction\",\"target\":{\"@type\":\"EntryPoint\",\"urlTemplate\":\"https:\/\/acefootball.com\/da\/?s={search_term_string}\"},\"query-input\":\"required name=search_term_string\"}],\"inLanguage\":\"en-US\"},{\"@type\":\"ImageObject\",\"@id\":\"https:\/\/acefootball.com\/da\/fodboldnyheder\/medie-benfica-vil-fortsaette-oprustningen-med-real-klubmand\/#primaryimage\",\"inLanguage\":\"en-US\",\"url\":\"https:\/\/acefootball.com\/da\/wp-content\/uploads\/sites\/2\/2020\/08\/GettyImages-1093725310.jpg\",\"contentUrl\":\"https:\/\/acefootball.com\/da\/wp-content\/uploads\/sites\/2\/2020\/08\/GettyImages-1093725310.jpg\",\"width\":1024,\"height\":681,\"caption\":\"SEVILLE, SPAIN - JANUARY 13: Nacho Fernandez of Real Madrid CF in action during the La Liga match between Real Betis Balompie and Real Madrid CF at Estadio Benito Villamarin on January 13, 2019 in Seville, Spain. (Photo by Aitor Alcalde\/Getty Images)\"},{\"@type\":\"WebPage\",\"@id\":\"https:\/\/acefootball.com\/da\/fodboldnyheder\/medie-benfica-vil-fortsaette-oprustningen-med-real-klubmand\/#webpage\",\"url\":\"https:\/\/acefootball.com\/da\/fodboldnyheder\/medie-benfica-vil-fortsaette-oprustningen-med-real-klubmand\/\",\"name\":\"Medie: Benfica vil forts\u00e6tte oprustningen med Real-klubmand\",\"isPartOf\":{\"@id\":\"https:\/\/acefootball.com\/da\/#website\"},\"primaryImageOfPage\":{\"@id\":\"https:\/\/acefootball.com\/da\/fodboldnyheder\/medie-benfica-vil-fortsaette-oprustningen-med-real-klubmand\/#primaryimage\"},\"datePublished\":\"2020-08-16T11:44:22+00:00\",\"dateModified\":\"2020-08-16T11:44:22+00:00\",\"description\":\"Benfica er godt i gang med sommerhandlerne, og nu skulle Real Madrids Nacho Fern\u00e1ndez ogs\u00e5 v\u00e6re p\u00e5 radaren\",\"breadcrumb\":{\"@id\":\"https:\/\/acefootball.com\/da\/fodboldnyheder\/medie-benfica-vil-fortsaette-oprustningen-med-real-klubmand\/#breadcrumb\"},\"inLanguage\":\"en-US\",\"potentialAction\":[{\"@type\":\"ReadAction\",\"target\":[\"https:\/\/acefootball.com\/da\/fodboldnyheder\/medie-benfica-vil-fortsaette-oprustningen-med-real-klubmand\/\"]}]},{\"@type\":\"BreadcrumbList\",\"@id\":\"https:\/\/acefootball.com\/da\/fodboldnyheder\/medie-benfica-vil-fortsaette-oprustningen-med-real-klubmand\/#breadcrumb\",\"itemListElement\":[{\"@type\":\"ListItem\",\"position\":1,\"name\":\"Home\",\"item\":\"https:\/\/acefootball.com\/da\/\"},{\"@type\":\"ListItem\",\"position\":2,\"name\":\"Medie: Benfica vil forts\u00e6tte oprustningen med Real-klubmand\"}]},{\"@type\":\"Article\",\"@id\":\"https:\/\/acefootball.com\/da\/fodboldnyheder\/medie-benfica-vil-fortsaette-oprustningen-med-real-klubmand\/#article\",\"isPartOf\":{\"@id\":\"https:\/\/acefootball.com\/da\/fodboldnyheder\/medie-benfica-vil-fortsaette-oprustningen-med-real-klubmand\/#webpage\"},\"author\":{\"@id\":\"https:\/\/acefootball.com\/da\/#\/schema\/person\/ee67e9cf04a276f144100ffa722f10cd\"},\"headline\":\"Medie: Benfica vil forts\u00e6tte oprustningen med Real-klubmand\",\"datePublished\":\"2020-08-16T11:44:22+00:00\",\"dateModified\":\"2020-08-16T11:44:22+00:00\",\"mainEntityOfPage\":{\"@id\":\"https:\/\/acefootball.com\/da\/fodboldnyheder\/medie-benfica-vil-fortsaette-oprustningen-med-real-klubmand\/#webpage\"},\"wordCount\":156,\"commentCount\":0,\"publisher\":{\"@id\":\"https:\/\/acefootball.com\/da\/#organization\"},\"image\":{\"@id\":\"https:\/\/acefootball.com\/da\/fodboldnyheder\/medie-benfica-vil-fortsaette-oprustningen-med-real-klubmand\/#primaryimage\"},\"thumbnailUrl\":\"https:\/\/acefootball.com\/da\/wp-content\/uploads\/sites\/2\/2020\/08\/GettyImages-1093725310.jpg\",\"keywords\":[\"La Liga\",\"Nacho Fernandez\",\"Primeira Liga\",\"Real Madrid\",\"SL Benfica\",\"Valencia\"],\"articleSection\":[\"Transfer\"],\"inLanguage\":\"en-US\",\"potentialAction\":[{\"@type\":\"CommentAction\",\"name\":\"Comment\",\"target\":[\"https:\/\/acefootball.com\/da\/fodboldnyheder\/medie-benfica-vil-fortsaette-oprustningen-med-real-klubmand\/#respond\"]}]},{\"@type\":\"Person\",\"@id\":\"https:\/\/acefootball.com\/da\/#\/schema\/person\/ee67e9cf04a276f144100ffa722f10cd\",\"name\":\"Mads Dreyer\",\"image\":{\"@type\":\"ImageObject\",\"@id\":\"https:\/\/acefootball.com\/da\/#personlogo\",\"inLanguage\":\"en-US\",\"url\":\"https:\/\/secure.gravatar.com\/avatar\/7c7abf72cfde9902b6a60efe60c88d4c?s=96&d=mm&r=g\",\"contentUrl\":\"https:\/\/secure.gravatar.com\/avatar\/7c7abf72cfde9902b6a60efe60c88d4c?s=96&d=mm&r=g\",\"caption\":\"Mads Dreyer\"},\"description\":\"Skribent og fodboldn\u00f8rd, der lige nu fort\u00e6ller om alt og intet i fodboldverdenen p\u00e5 acefootball.com. Uddannet i kommunikation fra Aalborg Universitet.\",\"sameAs\":[\"https:\/\/www.linkedin.com\/in\/mads-dreyer-b9b08266\/\"],\"url\":\"https:\/\/acefootball.com\/da\/fodboldnyheder\/author\/mdnronaldo\/\"}]}<\/script>\n<!-- \/ Yoast SEO plugin. -->","yoast_head_json":{"title":"Medie: Benfica vil forts\u00e6tte oprustningen med Real-klubmand","description":"Benfica er godt i gang med sommerhandlerne, og nu skulle Real Madrids Nacho Fern\u00e1ndez ogs\u00e5 v\u00e6re p\u00e5 radaren","robots":{"index":"index","follow":"follow","max-snippet":"max-snippet:-1","max-image-preview":"max-image-preview:large","max-video-preview":"max-video-preview:-1"},"canonical":"https:\/\/acefootball.com\/da\/fodboldnyheder\/medie-benfica-vil-fortsaette-oprustningen-med-real-klubmand\/","og_locale":"en_US","og_type":"article","og_title":"Medie: Benfica vil forts\u00e6tte oprustningen med Real-klubmand","og_description":"Benfica er godt i gang med sommerhandlerne, og nu skulle Real Madrids Nacho Fern\u00e1ndez ogs\u00e5 v\u00e6re p\u00e5 radaren","og_url":"https:\/\/acefootball.com\/da\/fodboldnyheder\/medie-benfica-vil-fortsaette-oprustningen-med-real-klubmand\/","og_site_name":"Ace Football Danmark","article_publisher":"https:\/\/www.facebook.com\/acefootballdk","article_published_time":"2020-08-16T11:44:22+00:00","og_image":[{"width":1024,"height":681,"url":"https:\/\/acefootball.com\/da\/wp-content\/uploads\/sites\/2\/2020\/08\/GettyImages-1093725310.jpg","type":"image\/jpeg"}],"twitter_card":"summary_large_image","twitter_misc":{"Written by":"Mads Dreyer","Est. reading time":"1 minute"},"schema":{"@context":"https:\/\/schema.org","@graph":[{"@type":"Organization","@id":"https:\/\/acefootball.com\/da\/#organization","name":"Ace Football","url":"https:\/\/acefootball.com\/da\/","sameAs":["https:\/\/www.facebook.com\/acefootballdk"],"logo":{"@type":"ImageObject","@id":"https:\/\/acefootball.com\/da\/#logo","inLanguage":"en-US","url":"https:\/\/acefootball.com\/da\/wp-content\/uploads\/sites\/2\/2020\/07\/Ace-Football-30-07-2020-2.png","contentUrl":"https:\/\/acefootball.com\/da\/wp-content\/uploads\/sites\/2\/2020\/07\/Ace-Football-30-07-2020-2.png","width":1200,"height":600,"caption":"Ace Football"},"image":{"@id":"https:\/\/acefootball.com\/da\/#logo"}},{"@type":"WebSite","@id":"https:\/\/acefootball.com\/da\/#website","url":"https:\/\/acefootball.com\/da\/","name":"Ace Football Danmark","description":"Nyheder, Spiltips &amp; Livescore","publisher":{"@id":"https:\/\/acefootball.com\/da\/#organization"},"potentialAction":[{"@type":"SearchAction","target":{"@type":"EntryPoint","urlTemplate":"https:\/\/acefootball.com\/da\/?s={search_term_string}"},"query-input":"required name=search_term_string"}],"inLanguage":"en-US"},{"@type":"ImageObject","@id":"https:\/\/acefootball.com\/da\/fodboldnyheder\/medie-benfica-vil-fortsaette-oprustningen-med-real-klubmand\/#primaryimage","inLanguage":"en-US","url":"https:\/\/acefootball.com\/da\/wp-content\/uploads\/sites\/2\/2020\/08\/GettyImages-1093725310.jpg","contentUrl":"https:\/\/acefootball.com\/da\/wp-content\/uploads\/sites\/2\/2020\/08\/GettyImages-1093725310.jpg","width":1024,"height":681,"caption":"SEVILLE, SPAIN - JANUARY 13: Nacho Fernandez of Real Madrid CF in action during the La Liga match between Real Betis Balompie and Real Madrid CF at Estadio Benito Villamarin on January 13, 2019 in Seville, Spain. (Photo by Aitor Alcalde\/Getty Images)"},{"@type":"WebPage","@id":"https:\/\/acefootball.com\/da\/fodboldnyheder\/medie-benfica-vil-fortsaette-oprustningen-med-real-klubmand\/#webpage","url":"https:\/\/acefootball.com\/da\/fodboldnyheder\/medie-benfica-vil-fortsaette-oprustningen-med-real-klubmand\/","name":"Medie: Benfica vil forts\u00e6tte oprustningen med Real-klubmand","isPartOf":{"@id":"https:\/\/acefootball.com\/da\/#website"},"primaryImageOfPage":{"@id":"https:\/\/acefootball.com\/da\/fodboldnyheder\/medie-benfica-vil-fortsaette-oprustningen-med-real-klubmand\/#primaryimage"},"datePublished":"2020-08-16T11:44:22+00:00","dateModified":"2020-08-16T11:44:22+00:00","description":"Benfica er godt i gang med sommerhandlerne, og nu skulle Real Madrids Nacho Fern\u00e1ndez ogs\u00e5 v\u00e6re p\u00e5 radaren","breadcrumb":{"@id":"https:\/\/acefootball.com\/da\/fodboldnyheder\/medie-benfica-vil-fortsaette-oprustningen-med-real-klubmand\/#breadcrumb"},"inLanguage":"en-US","potentialAction":[{"@type":"ReadAction","target":["https:\/\/acefootball.com\/da\/fodboldnyheder\/medie-benfica-vil-fortsaette-oprustningen-med-real-klubmand\/"]}]},{"@type":"BreadcrumbList","@id":"https:\/\/acefootball.com\/da\/fodboldnyheder\/medie-benfica-vil-fortsaette-oprustningen-med-real-klubmand\/#breadcrumb","itemListElement":[{"@type":"ListItem","position":1,"name":"Home","item":"https:\/\/acefootball.com\/da\/"},{"@type":"ListItem","position":2,"name":"Medie: Benfica vil forts\u00e6tte oprustningen med Real-klubmand"}]},{"@type":"Article","@id":"https:\/\/acefootball.com\/da\/fodboldnyheder\/medie-benfica-vil-fortsaette-oprustningen-med-real-klubmand\/#article","isPartOf":{"@id":"https:\/\/acefootball.com\/da\/fodboldnyheder\/medie-benfica-vil-fortsaette-oprustningen-med-real-klubmand\/#webpage"},"author":{"@id":"https:\/\/acefootball.com\/da\/#\/schema\/person\/ee67e9cf04a276f144100ffa722f10cd"},"headline":"Medie: Benfica vil forts\u00e6tte oprustningen med Real-klubmand","datePublished":"2020-08-16T11:44:22+00:00","dateModified":"2020-08-16T11:44:22+00:00","mainEntityOfPage":{"@id":"https:\/\/acefootball.com\/da\/fodboldnyheder\/medie-benfica-vil-fortsaette-oprustningen-med-real-klubmand\/#webpage"},"wordCount":156,"commentCount":0,"publisher":{"@id":"https:\/\/acefootball.com\/da\/#organization"},"image":{"@id":"https:\/\/acefootball.com\/da\/fodboldnyheder\/medie-benfica-vil-fortsaette-oprustningen-med-real-klubmand\/#primaryimage"},"thumbnailUrl":"https:\/\/acefootball.com\/da\/wp-content\/uploads\/sites\/2\/2020\/08\/GettyImages-1093725310.jpg","keywords":["La Liga","Nacho Fernandez","Primeira Liga","Real Madrid","SL Benfica","Valencia"],"articleSection":["Transfer"],"inLanguage":"en-US","potentialAction":[{"@type":"CommentAction","name":"Comment","target":["https:\/\/acefootball.com\/da\/fodboldnyheder\/medie-benfica-vil-fortsaette-oprustningen-med-real-klubmand\/#respond"]}]},{"@type":"Person","@id":"https:\/\/acefootball.com\/da\/#\/schema\/person\/ee67e9cf04a276f144100ffa722f10cd","name":"Mads Dreyer","image":{"@type":"ImageObject","@id":"https:\/\/acefootball.com\/da\/#personlogo","inLanguage":"en-US","url":"https:\/\/secure.gravatar.com\/avatar\/7c7abf72cfde9902b6a60efe60c88d4c?s=96&d=mm&r=g","contentUrl":"https:\/\/secure.gravatar.com\/avatar\/7c7abf72cfde9902b6a60efe60c88d4c?s=96&d=mm&r=g","caption":"Mads Dreyer"},"description":"Skribent og fodboldn\u00f8rd, der lige nu fort\u00e6ller om alt og intet i fodboldverdenen p\u00e5 acefootball.com. Uddannet i kommunikation fra Aalborg Universitet.","sameAs":["https:\/\/www.linkedin.com\/in\/mads-dreyer-b9b08266\/"],"url":"https:\/\/acefootball.com\/da\/fodboldnyheder\/author\/mdnronaldo\/"}]}},"fimg_url":"https:\/\/acefootball.com\/da\/wp-content\/uploads\/sites\/2\/2020\/08\/GettyImages-1093725310.jpg","_links":{"self":[{"href":"https:\/\/acefootball.com\/da\/wp-json\/wp\/v2\/posts\/234294"}],"collection":[{"href":"https:\/\/acefootball.com\/da\/wp-json\/wp\/v2\/posts"}],"about":[{"href":"https:\/\/acefootball.com\/da\/wp-json\/wp\/v2\/types\/post"}],"author":[{"embeddable":true,"href":"https:\/\/acefootball.com\/da\/wp-json\/wp\/v2\/users\/705"}],"replies":[{"embeddable":true,"href":"https:\/\/acefootball.com\/da\/wp-json\/wp\/v2\/comments?post=234294"}],"version-history":[{"count":0,"href":"https:\/\/acefootball.com\/da\/wp-json\/wp\/v2\/posts\/234294\/revisions"}],"wp:featuredmedia":[{"embeddable":true,"href":"https:\/\/acefootball.com\/da\/wp-json\/wp\/v2\/media\/234295"}],"wp:attachment":[{"href":"https:\/\/acefootball.com\/da\/wp-json\/wp\/v2\/media?parent=234294"}],"wp:term":[{"taxonomy":"category","embeddable":true,"href":"https:\/\/acefootball.com\/da\/wp-json\/wp\/v2\/categories?post=234294"},{"taxonomy":"post_tag","embeddable":true,"href":"https:\/\/acefootball.com\/da\/wp-json\/wp\/v2\/tags?post=234294"}],"curies":[{"name":"wp","href":"https:\/\/api.w.org\/{rel}","templated":true}]}}