{"id":234277,"date":"2020-08-16T10:20:31","date_gmt":"2020-08-16T08:20:31","guid":{"rendered":"https:\/\/acefootball.com\/da\/?p=234277"},"modified":"2020-08-16T10:21:32","modified_gmt":"2020-08-16T08:21:32","slug":"speciel-video-af-vidal-er-han-ved-at-kaste-op","status":"publish","type":"post","link":"https:\/\/acefootball.com\/da\/fodboldnyheder\/speciel-video-af-vidal-er-han-ved-at-kaste-op\/","title":{"rendered":"Speciel video af Vidal: Er han ved at kaste op?"},"content":{"rendered":"\n<h2>Arturo Vidal lignede mildest talt en, der er ved at kaste op, lige efter Robert Lewandowskis scoring til 6-2 i Champions League-kvartfinalen<\/h2>\n\n\n\n<div class=\"wp-block-si-widget wp-block-si-widget--center\"><si-lb-widget widget-id=\"MatchInfoWithOdds\" data-nopadding=\"true\" data-card=\"true\" width=\"440\" data-language=\"da\" data-provider=\"mrgreen\" data-event-id=\"3363666\"><\/si-lb-widget><\/div>\n\n\n\n<p>Man forst\u00e5r godt, hvis folk i FC Barcelona-lejren fik kvalme i l\u00f8bet af Champions League-kvartfinalen mod Bayern M\u00fcnchen.<\/p>\n\n\n\n<p>Catalanerne blev spillet ud af banen, og ved Robert Lewandowskis scoring til 6-2 lignede det bogstaveligt talt, at Arturo Vidal m\u00e5tte t\u00f8mme maven.<\/p>\n\n\n\n<figure class=\"wp-block-embed-twitter wp-block-embed is-type-rich is-provider-twitter\"><div class=\"wp-block-embed__wrapper\">\n<blockquote class=\"twitter-tweet\" data-width=\"550\" data-dnt=\"true\"><p lang=\"en\" dir=\"ltr\">Vidal before the game: &quot;Bayern will not play against a Bundesliga team. They will play against Barcelona, the best team in the world.&quot;<br><br>Vidal during the game:<a href=\"https:\/\/t.co\/ueQAsCKp9V\">pic.twitter.com\/ueQAsCKp9V<\/a><\/p>&mdash; Troll Football Media (@Troll__Footbal) <a href=\"https:\/\/twitter.com\/Troll__Footbal\/status\/1294672769045499905?ref_src=twsrc%5Etfw\">August 15, 2020<\/a><\/blockquote><script async src=\"https:\/\/platform.twitter.com\/widgets.js\" charset=\"utf-8\"><\/script>\n<\/div><\/figure>\n\n\n\n<p>Det kan da ogs\u00e5 godt v\u00e6re, at nederlaget rammer chileneren h\u00e5rdere end de fleste holdkammerater.<\/p>\n\n\n\n<p>P\u00e5 pressem\u00f8det inden kampen var den h\u00e5rdtarbejde midtbanemand nemlig fuld af selvtillid og forklarede, at Bayern var p\u00e5 vej til at m\u00f8de verdens bedste fodboldhold og ikke bare et tilf\u00e6ldigt hold fra Bundesligaen.<\/p>\n\n\n\n<p>Her kan man tale om at blive ramt af karma, og du kan se alle m\u00e5lene fra kampen i artiklen herunder.<\/p>\n\n\n\n<figure class=\"wp-block-embed-wordpress wp-block-embed is-type-wp-embed is-provider-ace-football-danmark\"><div class=\"wp-block-embed__wrapper\">\n<blockquote class=\"wp-embedded-content\" data-secret=\"LPXXFTpFNj\"><a href=\"https:\/\/acefootball.com\/da\/fodboldnyheder\/hoejdepunkter-se-alle-10-maal-fra-bayerns-storsejr-over-barcelona\/\">H\u00f8jdepunkter: Se alle 10 m\u00e5l fra Bayerns storsejr over Barcelona<\/a><\/blockquote><iframe class=\"wp-embedded-content\" sandbox=\"allow-scripts\" security=\"restricted\" style=\"position: absolute; clip: rect(1px, 1px, 1px, 1px);\" title=\"&#8220;H\u00f8jdepunkter: Se alle 10 m\u00e5l fra Bayerns storsejr over Barcelona&#8221; &#8212; Ace Football Danmark\" src=\"https:\/\/acefootball.com\/da\/fodboldnyheder\/hoejdepunkter-se-alle-10-maal-fra-bayerns-storsejr-over-barcelona\/embed\/#?secret=LPXXFTpFNj\" data-secret=\"LPXXFTpFNj\" width=\"600\" height=\"338\" frameborder=\"0\" marginwidth=\"0\" marginheight=\"0\" scrolling=\"no\"><\/iframe>\n<\/div><\/figure>\n","protected":false},"excerpt":{"rendered":"<p>Arturo Vidal lignede mildest talt en, der er ved at kaste op, lige efter Robert Lewandowskis scoring til 6-2 i Champions League-kvartfinalen<\/p>\n","protected":false},"author":705,"featured_media":234279,"comment_status":"open","ping_status":"closed","sticky":false,"template":"","format":"video","meta":{"om_disable_all_campaigns":false,"push_articles_ronaldo":{"active":false,"canonical":0,"publish":false},"force_updates":null},"categories":[8098],"tags":[983,74,206,41],"enet_tags":{"undefined":["49939"],"team":["9823","8634"],"league":["42"],"sport_events":[3363666]},"yoast_head":"<!-- This site is optimized with the Yoast SEO plugin v18.3 - https:\/\/yoast.com\/wordpress\/plugins\/seo\/ -->\n<title>Speciel video af Vidal: Er han ved at kaste op?<\/title>\n<meta name=\"description\" content=\"Arturo Vidal lignede mildest talt en, der er ved at kaste op, lige efter Robert Lewandowskis scoring til 6-2 i Champions League-kvartfinalen\" \/>\n<meta name=\"robots\" content=\"index, follow, max-snippet:-1, max-image-preview:large, max-video-preview:-1\" \/>\n<link rel=\"canonical\" href=\"https:\/\/acefootball.com\/da\/fodboldnyheder\/speciel-video-af-vidal-er-han-ved-at-kaste-op\/\" \/>\n<meta property=\"og:locale\" content=\"en_US\" \/>\n<meta property=\"og:type\" content=\"article\" \/>\n<meta property=\"og:title\" content=\"Speciel video af Vidal: Er han ved at kaste op?\" \/>\n<meta property=\"og:description\" content=\"Arturo Vidal lignede mildest talt en, der er ved at kaste op, lige efter Robert Lewandowskis scoring til 6-2 i Champions League-kvartfinalen\" \/>\n<meta property=\"og:url\" content=\"https:\/\/acefootball.com\/da\/fodboldnyheder\/speciel-video-af-vidal-er-han-ved-at-kaste-op\/\" \/>\n<meta property=\"og:site_name\" content=\"Ace Football Danmark\" \/>\n<meta property=\"article:publisher\" content=\"https:\/\/www.facebook.com\/acefootballdk\" \/>\n<meta property=\"article:published_time\" content=\"2020-08-16T08:20:31+00:00\" \/>\n<meta property=\"article:modified_time\" content=\"2020-08-16T08:21:32+00:00\" \/>\n<meta property=\"og:image\" content=\"https:\/\/acefootball.com\/da\/wp-content\/uploads\/sites\/2\/2020\/08\/Design-uden-navn-3.jpg\" \/>\n\t<meta property=\"og:image:width\" content=\"1024\" \/>\n\t<meta property=\"og:image:height\" content=\"683\" \/>\n\t<meta property=\"og:image:type\" content=\"image\/jpeg\" \/>\n<meta name=\"twitter:card\" content=\"summary_large_image\" \/>\n<meta name=\"twitter:label1\" content=\"Written by\" \/>\n\t<meta name=\"twitter:data1\" content=\"Mads Dreyer\" \/>\n\t<meta name=\"twitter:label2\" content=\"Est. reading time\" \/>\n\t<meta name=\"twitter:data2\" content=\"1 minute\" \/>\n<script type=\"application\/ld+json\" class=\"yoast-schema-graph\">{\"@context\":\"https:\/\/schema.org\",\"@graph\":[{\"@type\":\"Organization\",\"@id\":\"https:\/\/acefootball.com\/da\/#organization\",\"name\":\"Ace Football\",\"url\":\"https:\/\/acefootball.com\/da\/\",\"sameAs\":[\"https:\/\/www.facebook.com\/acefootballdk\"],\"logo\":{\"@type\":\"ImageObject\",\"@id\":\"https:\/\/acefootball.com\/da\/#logo\",\"inLanguage\":\"en-US\",\"url\":\"https:\/\/acefootball.com\/da\/wp-content\/uploads\/sites\/2\/2020\/07\/Ace-Football-30-07-2020-2.png\",\"contentUrl\":\"https:\/\/acefootball.com\/da\/wp-content\/uploads\/sites\/2\/2020\/07\/Ace-Football-30-07-2020-2.png\",\"width\":1200,\"height\":600,\"caption\":\"Ace Football\"},\"image\":{\"@id\":\"https:\/\/acefootball.com\/da\/#logo\"}},{\"@type\":\"WebSite\",\"@id\":\"https:\/\/acefootball.com\/da\/#website\",\"url\":\"https:\/\/acefootball.com\/da\/\",\"name\":\"Ace Football Danmark\",\"description\":\"Nyheder, Spiltips &amp; Livescore\",\"publisher\":{\"@id\":\"https:\/\/acefootball.com\/da\/#organization\"},\"potentialAction\":[{\"@type\":\"SearchAction\",\"target\":{\"@type\":\"EntryPoint\",\"urlTemplate\":\"https:\/\/acefootball.com\/da\/?s={search_term_string}\"},\"query-input\":\"required name=search_term_string\"}],\"inLanguage\":\"en-US\"},{\"@type\":\"ImageObject\",\"@id\":\"https:\/\/acefootball.com\/da\/fodboldnyheder\/speciel-video-af-vidal-er-han-ved-at-kaste-op\/#primaryimage\",\"inLanguage\":\"en-US\",\"url\":\"https:\/\/acefootball.com\/da\/wp-content\/uploads\/sites\/2\/2020\/08\/Design-uden-navn-3.jpg\",\"contentUrl\":\"https:\/\/acefootball.com\/da\/wp-content\/uploads\/sites\/2\/2020\/08\/Design-uden-navn-3.jpg\",\"width\":1024,\"height\":683,\"caption\":\"Billede: Esporte Interativo\"},{\"@type\":\"WebPage\",\"@id\":\"https:\/\/acefootball.com\/da\/fodboldnyheder\/speciel-video-af-vidal-er-han-ved-at-kaste-op\/#webpage\",\"url\":\"https:\/\/acefootball.com\/da\/fodboldnyheder\/speciel-video-af-vidal-er-han-ved-at-kaste-op\/\",\"name\":\"Speciel video af Vidal: Er han ved at kaste op?\",\"isPartOf\":{\"@id\":\"https:\/\/acefootball.com\/da\/#website\"},\"primaryImageOfPage\":{\"@id\":\"https:\/\/acefootball.com\/da\/fodboldnyheder\/speciel-video-af-vidal-er-han-ved-at-kaste-op\/#primaryimage\"},\"datePublished\":\"2020-08-16T08:20:31+00:00\",\"dateModified\":\"2020-08-16T08:21:32+00:00\",\"description\":\"Arturo Vidal lignede mildest talt en, der er ved at kaste op, lige efter Robert Lewandowskis scoring til 6-2 i Champions League-kvartfinalen\",\"breadcrumb\":{\"@id\":\"https:\/\/acefootball.com\/da\/fodboldnyheder\/speciel-video-af-vidal-er-han-ved-at-kaste-op\/#breadcrumb\"},\"inLanguage\":\"en-US\",\"potentialAction\":[{\"@type\":\"ReadAction\",\"target\":[\"https:\/\/acefootball.com\/da\/fodboldnyheder\/speciel-video-af-vidal-er-han-ved-at-kaste-op\/\"]}]},{\"@type\":\"BreadcrumbList\",\"@id\":\"https:\/\/acefootball.com\/da\/fodboldnyheder\/speciel-video-af-vidal-er-han-ved-at-kaste-op\/#breadcrumb\",\"itemListElement\":[{\"@type\":\"ListItem\",\"position\":1,\"name\":\"Home\",\"item\":\"https:\/\/acefootball.com\/da\/\"},{\"@type\":\"ListItem\",\"position\":2,\"name\":\"Speciel video af Vidal: Er han ved at kaste op?\"}]},{\"@type\":\"Article\",\"@id\":\"https:\/\/acefootball.com\/da\/fodboldnyheder\/speciel-video-af-vidal-er-han-ved-at-kaste-op\/#article\",\"isPartOf\":{\"@id\":\"https:\/\/acefootball.com\/da\/fodboldnyheder\/speciel-video-af-vidal-er-han-ved-at-kaste-op\/#webpage\"},\"author\":{\"@id\":\"https:\/\/acefootball.com\/da\/#\/schema\/person\/ee67e9cf04a276f144100ffa722f10cd\"},\"headline\":\"Speciel video af Vidal: Er han ved at kaste op?\",\"datePublished\":\"2020-08-16T08:20:31+00:00\",\"dateModified\":\"2020-08-16T08:21:32+00:00\",\"mainEntityOfPage\":{\"@id\":\"https:\/\/acefootball.com\/da\/fodboldnyheder\/speciel-video-af-vidal-er-han-ved-at-kaste-op\/#webpage\"},\"wordCount\":189,\"commentCount\":0,\"publisher\":{\"@id\":\"https:\/\/acefootball.com\/da\/#organization\"},\"image\":{\"@id\":\"https:\/\/acefootball.com\/da\/fodboldnyheder\/speciel-video-af-vidal-er-han-ved-at-kaste-op\/#primaryimage\"},\"thumbnailUrl\":\"https:\/\/acefootball.com\/da\/wp-content\/uploads\/sites\/2\/2020\/08\/Design-uden-navn-3.jpg\",\"keywords\":[\"Arturo Vidal\",\"Bayern M\u00fcnchen\",\"Champions League\",\"FC Barcelona\"],\"articleSection\":[\"Video\"],\"inLanguage\":\"en-US\",\"potentialAction\":[{\"@type\":\"CommentAction\",\"name\":\"Comment\",\"target\":[\"https:\/\/acefootball.com\/da\/fodboldnyheder\/speciel-video-af-vidal-er-han-ved-at-kaste-op\/#respond\"]}]},{\"@type\":\"Person\",\"@id\":\"https:\/\/acefootball.com\/da\/#\/schema\/person\/ee67e9cf04a276f144100ffa722f10cd\",\"name\":\"Mads Dreyer\",\"image\":{\"@type\":\"ImageObject\",\"@id\":\"https:\/\/acefootball.com\/da\/#personlogo\",\"inLanguage\":\"en-US\",\"url\":\"https:\/\/secure.gravatar.com\/avatar\/7c7abf72cfde9902b6a60efe60c88d4c?s=96&d=mm&r=g\",\"contentUrl\":\"https:\/\/secure.gravatar.com\/avatar\/7c7abf72cfde9902b6a60efe60c88d4c?s=96&d=mm&r=g\",\"caption\":\"Mads Dreyer\"},\"description\":\"Skribent og fodboldn\u00f8rd, der lige nu fort\u00e6ller om alt og intet i fodboldverdenen p\u00e5 acefootball.com. Uddannet i kommunikation fra Aalborg Universitet.\",\"sameAs\":[\"https:\/\/www.linkedin.com\/in\/mads-dreyer-b9b08266\/\"],\"url\":\"https:\/\/acefootball.com\/da\/fodboldnyheder\/author\/mdnronaldo\/\"}]}<\/script>\n<!-- \/ Yoast SEO plugin. -->","yoast_head_json":{"title":"Speciel video af Vidal: Er han ved at kaste op?","description":"Arturo Vidal lignede mildest talt en, der er ved at kaste op, lige efter Robert Lewandowskis scoring til 6-2 i Champions League-kvartfinalen","robots":{"index":"index","follow":"follow","max-snippet":"max-snippet:-1","max-image-preview":"max-image-preview:large","max-video-preview":"max-video-preview:-1"},"canonical":"https:\/\/acefootball.com\/da\/fodboldnyheder\/speciel-video-af-vidal-er-han-ved-at-kaste-op\/","og_locale":"en_US","og_type":"article","og_title":"Speciel video af Vidal: Er han ved at kaste op?","og_description":"Arturo Vidal lignede mildest talt en, der er ved at kaste op, lige efter Robert Lewandowskis scoring til 6-2 i Champions League-kvartfinalen","og_url":"https:\/\/acefootball.com\/da\/fodboldnyheder\/speciel-video-af-vidal-er-han-ved-at-kaste-op\/","og_site_name":"Ace Football Danmark","article_publisher":"https:\/\/www.facebook.com\/acefootballdk","article_published_time":"2020-08-16T08:20:31+00:00","article_modified_time":"2020-08-16T08:21:32+00:00","og_image":[{"width":1024,"height":683,"url":"https:\/\/acefootball.com\/da\/wp-content\/uploads\/sites\/2\/2020\/08\/Design-uden-navn-3.jpg","type":"image\/jpeg"}],"twitter_card":"summary_large_image","twitter_misc":{"Written by":"Mads Dreyer","Est. reading time":"1 minute"},"schema":{"@context":"https:\/\/schema.org","@graph":[{"@type":"Organization","@id":"https:\/\/acefootball.com\/da\/#organization","name":"Ace Football","url":"https:\/\/acefootball.com\/da\/","sameAs":["https:\/\/www.facebook.com\/acefootballdk"],"logo":{"@type":"ImageObject","@id":"https:\/\/acefootball.com\/da\/#logo","inLanguage":"en-US","url":"https:\/\/acefootball.com\/da\/wp-content\/uploads\/sites\/2\/2020\/07\/Ace-Football-30-07-2020-2.png","contentUrl":"https:\/\/acefootball.com\/da\/wp-content\/uploads\/sites\/2\/2020\/07\/Ace-Football-30-07-2020-2.png","width":1200,"height":600,"caption":"Ace Football"},"image":{"@id":"https:\/\/acefootball.com\/da\/#logo"}},{"@type":"WebSite","@id":"https:\/\/acefootball.com\/da\/#website","url":"https:\/\/acefootball.com\/da\/","name":"Ace Football Danmark","description":"Nyheder, Spiltips &amp; Livescore","publisher":{"@id":"https:\/\/acefootball.com\/da\/#organization"},"potentialAction":[{"@type":"SearchAction","target":{"@type":"EntryPoint","urlTemplate":"https:\/\/acefootball.com\/da\/?s={search_term_string}"},"query-input":"required name=search_term_string"}],"inLanguage":"en-US"},{"@type":"ImageObject","@id":"https:\/\/acefootball.com\/da\/fodboldnyheder\/speciel-video-af-vidal-er-han-ved-at-kaste-op\/#primaryimage","inLanguage":"en-US","url":"https:\/\/acefootball.com\/da\/wp-content\/uploads\/sites\/2\/2020\/08\/Design-uden-navn-3.jpg","contentUrl":"https:\/\/acefootball.com\/da\/wp-content\/uploads\/sites\/2\/2020\/08\/Design-uden-navn-3.jpg","width":1024,"height":683,"caption":"Billede: Esporte Interativo"},{"@type":"WebPage","@id":"https:\/\/acefootball.com\/da\/fodboldnyheder\/speciel-video-af-vidal-er-han-ved-at-kaste-op\/#webpage","url":"https:\/\/acefootball.com\/da\/fodboldnyheder\/speciel-video-af-vidal-er-han-ved-at-kaste-op\/","name":"Speciel video af Vidal: Er han ved at kaste op?","isPartOf":{"@id":"https:\/\/acefootball.com\/da\/#website"},"primaryImageOfPage":{"@id":"https:\/\/acefootball.com\/da\/fodboldnyheder\/speciel-video-af-vidal-er-han-ved-at-kaste-op\/#primaryimage"},"datePublished":"2020-08-16T08:20:31+00:00","dateModified":"2020-08-16T08:21:32+00:00","description":"Arturo Vidal lignede mildest talt en, der er ved at kaste op, lige efter Robert Lewandowskis scoring til 6-2 i Champions League-kvartfinalen","breadcrumb":{"@id":"https:\/\/acefootball.com\/da\/fodboldnyheder\/speciel-video-af-vidal-er-han-ved-at-kaste-op\/#breadcrumb"},"inLanguage":"en-US","potentialAction":[{"@type":"ReadAction","target":["https:\/\/acefootball.com\/da\/fodboldnyheder\/speciel-video-af-vidal-er-han-ved-at-kaste-op\/"]}]},{"@type":"BreadcrumbList","@id":"https:\/\/acefootball.com\/da\/fodboldnyheder\/speciel-video-af-vidal-er-han-ved-at-kaste-op\/#breadcrumb","itemListElement":[{"@type":"ListItem","position":1,"name":"Home","item":"https:\/\/acefootball.com\/da\/"},{"@type":"ListItem","position":2,"name":"Speciel video af Vidal: Er han ved at kaste op?"}]},{"@type":"Article","@id":"https:\/\/acefootball.com\/da\/fodboldnyheder\/speciel-video-af-vidal-er-han-ved-at-kaste-op\/#article","isPartOf":{"@id":"https:\/\/acefootball.com\/da\/fodboldnyheder\/speciel-video-af-vidal-er-han-ved-at-kaste-op\/#webpage"},"author":{"@id":"https:\/\/acefootball.com\/da\/#\/schema\/person\/ee67e9cf04a276f144100ffa722f10cd"},"headline":"Speciel video af Vidal: Er han ved at kaste op?","datePublished":"2020-08-16T08:20:31+00:00","dateModified":"2020-08-16T08:21:32+00:00","mainEntityOfPage":{"@id":"https:\/\/acefootball.com\/da\/fodboldnyheder\/speciel-video-af-vidal-er-han-ved-at-kaste-op\/#webpage"},"wordCount":189,"commentCount":0,"publisher":{"@id":"https:\/\/acefootball.com\/da\/#organization"},"image":{"@id":"https:\/\/acefootball.com\/da\/fodboldnyheder\/speciel-video-af-vidal-er-han-ved-at-kaste-op\/#primaryimage"},"thumbnailUrl":"https:\/\/acefootball.com\/da\/wp-content\/uploads\/sites\/2\/2020\/08\/Design-uden-navn-3.jpg","keywords":["Arturo Vidal","Bayern M\u00fcnchen","Champions League","FC Barcelona"],"articleSection":["Video"],"inLanguage":"en-US","potentialAction":[{"@type":"CommentAction","name":"Comment","target":["https:\/\/acefootball.com\/da\/fodboldnyheder\/speciel-video-af-vidal-er-han-ved-at-kaste-op\/#respond"]}]},{"@type":"Person","@id":"https:\/\/acefootball.com\/da\/#\/schema\/person\/ee67e9cf04a276f144100ffa722f10cd","name":"Mads Dreyer","image":{"@type":"ImageObject","@id":"https:\/\/acefootball.com\/da\/#personlogo","inLanguage":"en-US","url":"https:\/\/secure.gravatar.com\/avatar\/7c7abf72cfde9902b6a60efe60c88d4c?s=96&d=mm&r=g","contentUrl":"https:\/\/secure.gravatar.com\/avatar\/7c7abf72cfde9902b6a60efe60c88d4c?s=96&d=mm&r=g","caption":"Mads Dreyer"},"description":"Skribent og fodboldn\u00f8rd, der lige nu fort\u00e6ller om alt og intet i fodboldverdenen p\u00e5 acefootball.com. Uddannet i kommunikation fra Aalborg Universitet.","sameAs":["https:\/\/www.linkedin.com\/in\/mads-dreyer-b9b08266\/"],"url":"https:\/\/acefootball.com\/da\/fodboldnyheder\/author\/mdnronaldo\/"}]}},"fimg_url":"https:\/\/acefootball.com\/da\/wp-content\/uploads\/sites\/2\/2020\/08\/Design-uden-navn-3.jpg","_links":{"self":[{"href":"https:\/\/acefootball.com\/da\/wp-json\/wp\/v2\/posts\/234277"}],"collection":[{"href":"https:\/\/acefootball.com\/da\/wp-json\/wp\/v2\/posts"}],"about":[{"href":"https:\/\/acefootball.com\/da\/wp-json\/wp\/v2\/types\/post"}],"author":[{"embeddable":true,"href":"https:\/\/acefootball.com\/da\/wp-json\/wp\/v2\/users\/705"}],"replies":[{"embeddable":true,"href":"https:\/\/acefootball.com\/da\/wp-json\/wp\/v2\/comments?post=234277"}],"version-history":[{"count":0,"href":"https:\/\/acefootball.com\/da\/wp-json\/wp\/v2\/posts\/234277\/revisions"}],"wp:featuredmedia":[{"embeddable":true,"href":"https:\/\/acefootball.com\/da\/wp-json\/wp\/v2\/media\/234279"}],"wp:attachment":[{"href":"https:\/\/acefootball.com\/da\/wp-json\/wp\/v2\/media?parent=234277"}],"wp:term":[{"taxonomy":"category","embeddable":true,"href":"https:\/\/acefootball.com\/da\/wp-json\/wp\/v2\/categories?post=234277"},{"taxonomy":"post_tag","embeddable":true,"href":"https:\/\/acefootball.com\/da\/wp-json\/wp\/v2\/tags?post=234277"}],"curies":[{"name":"wp","href":"https:\/\/api.w.org\/{rel}","templated":true}]}}