{"id":234275,"date":"2020-08-16T10:02:11","date_gmt":"2020-08-16T08:02:11","guid":{"rendered":"https:\/\/acefootball.com\/da\/?p=234275"},"modified":"2020-08-16T10:24:41","modified_gmt":"2020-08-16T08:24:41","slug":"hvad-sker-der-sterling-braender-aartiets-chance-i-champions-league","status":"publish","type":"post","link":"https:\/\/acefootball.com\/da\/fodboldnyheder\/hvad-sker-der-sterling-braender-aartiets-chance-i-champions-league\/","title":{"rendered":"Hvad sker der?! &#8211; Sterling br\u00e6nder \u00e5rtiets chance i Champions League"},"content":{"rendered":"\n<h2>Raheem Sterling misbrugte en gigantisk chance i slutningen af Champions League-kvartfinalen mod Olympique Lyon<\/h2>\n\n\n\n<div class=\"wp-block-si-widget wp-block-si-widget--center\"><si-lb-widget widget-id=\"MatchInfoWithOdds\" data-nopadding=\"true\" data-card=\"true\" width=\"440\" data-language=\"da\" data-provider=\"mrgreen\" data-event-id=\"3363664\"><\/si-lb-widget><\/div>\n\n\n\n<p>Manchester City m\u00e5tte overraskende forlade Champions League l\u00f8rdag aften, da man tabte kvartinalen mod Olympique Lyon med 1-3.<\/p>\n\n\n\n<p>Meget kunne dog have g\u00e5et anderledes, hvis ikke Raheem Sterling havde br\u00e6ndt noget, der minder om \u00e5rtiets st\u00f8rste chance, i kampens d\u00f8ende minutter.<\/p>\n\n\n\n<p>Her var stillingen 1-2, og i n\u00e6ste \u00f8jeblik havde Moussa Demb\u00e9l\u00e9 lukket kampen med sin sidste scoring.<\/p>\n\n\n\n<p> Du kan se den k\u00e6mpestore afbr\u00e6nder i videoen herunder.<\/p>\n\n\n\n\n        <div class=\"svf-video-single only-video\">\n            <div class=\"svf-video-container svf-embedded embedded\">\n                <script>(function(){const el = document.createElement('iframe');el.allow = 'autoplay';el.frameBorder = '0';el.classList.add('svf-video');el.allowFullscreen = true;document.currentScript.parentNode.style.display = 'none';el.src = \"https:\/\/www.viafree.dk\/embed\/sport\/id\/e1e0db5e-ede8-437e-8670-0aa317d4475b?partnerId=a788403f-2c83-488f-adb0-2650ac7278a3\";el.addEventListener( 'load', function(){ this.parentNode.style.display = ''; });document.currentScript.parentNode.insertBefore(el, document.currentScript.nextSibling);})();<\/script>\n                <noscript><iframe allow=\"autoplay\" allowfullscreen frameborder=\"0\" class=\"svf-video\" src=\"https:\/\/www.viafree.dk\/embed\/sport\/id\/e1e0db5e-ede8-437e-8670-0aa317d4475b?partnerId=a788403f-2c83-488f-adb0-2650ac7278a3\"><\/iframe><\/noscript>\n            <\/div>\n                    <\/div>\n        \n\n\n\n<p><\/p>\n","protected":false},"excerpt":{"rendered":"<p>Raheem Sterling misbrugte en gigantisk chance i slutningen af Champions League-kvartfinalen mod Olympique Lyon<\/p>\n","protected":false},"author":705,"featured_media":234276,"comment_status":"open","ping_status":"closed","sticky":false,"template":"","format":"video","meta":{"om_disable_all_campaigns":false,"push_articles_ronaldo":{"active":false,"canonical":0,"publish":false},"force_updates":null},"categories":[8098],"tags":[206,44,4315,969],"enet_tags":{"league":["42"],"team":["8456","9748"],"player":["246575"],"sport_events":[3363664]},"yoast_head":"<!-- This site is optimized with the Yoast SEO plugin v18.3 - https:\/\/yoast.com\/wordpress\/plugins\/seo\/ -->\n<title>Hvad sker der?! - Sterling br\u00e6nder \u00e5rtiets chance i Champions League<\/title>\n<meta name=\"description\" content=\"Raheem Sterling misbrugte en gigantisk chance i slutningen af Champions League-kvartfinalen mod Olympique Lyon\" \/>\n<meta name=\"robots\" content=\"index, follow, max-snippet:-1, max-image-preview:large, max-video-preview:-1\" \/>\n<link rel=\"canonical\" href=\"https:\/\/acefootball.com\/da\/fodboldnyheder\/hvad-sker-der-sterling-braender-aartiets-chance-i-champions-league\/\" \/>\n<meta property=\"og:locale\" content=\"en_US\" \/>\n<meta property=\"og:type\" content=\"article\" \/>\n<meta property=\"og:title\" content=\"Hvad sker der?! - Sterling br\u00e6nder \u00e5rtiets chance i Champions League\" \/>\n<meta property=\"og:description\" content=\"Raheem Sterling misbrugte en gigantisk chance i slutningen af Champions League-kvartfinalen mod Olympique Lyon\" \/>\n<meta property=\"og:url\" content=\"https:\/\/acefootball.com\/da\/fodboldnyheder\/hvad-sker-der-sterling-braender-aartiets-chance-i-champions-league\/\" \/>\n<meta property=\"og:site_name\" content=\"Ace Football Danmark\" \/>\n<meta property=\"article:publisher\" content=\"https:\/\/www.facebook.com\/acefootballdk\" \/>\n<meta property=\"article:published_time\" content=\"2020-08-16T08:02:11+00:00\" \/>\n<meta property=\"article:modified_time\" content=\"2020-08-16T08:24:41+00:00\" \/>\n<meta property=\"og:image\" content=\"https:\/\/acefootball.com\/da\/wp-content\/uploads\/sites\/2\/2020\/08\/GettyImages-1266495982.jpg\" \/>\n\t<meta property=\"og:image:width\" content=\"1024\" \/>\n\t<meta property=\"og:image:height\" content=\"629\" \/>\n\t<meta property=\"og:image:type\" content=\"image\/jpeg\" \/>\n<meta name=\"twitter:card\" content=\"summary_large_image\" \/>\n<meta name=\"twitter:label1\" content=\"Written by\" \/>\n\t<meta name=\"twitter:data1\" content=\"Mads Dreyer\" \/>\n\t<meta name=\"twitter:label2\" content=\"Est. reading time\" \/>\n\t<meta name=\"twitter:data2\" content=\"1 minute\" \/>\n<script type=\"application\/ld+json\" class=\"yoast-schema-graph\">{\"@context\":\"https:\/\/schema.org\",\"@graph\":[{\"@type\":\"Organization\",\"@id\":\"https:\/\/acefootball.com\/da\/#organization\",\"name\":\"Ace Football\",\"url\":\"https:\/\/acefootball.com\/da\/\",\"sameAs\":[\"https:\/\/www.facebook.com\/acefootballdk\"],\"logo\":{\"@type\":\"ImageObject\",\"@id\":\"https:\/\/acefootball.com\/da\/#logo\",\"inLanguage\":\"en-US\",\"url\":\"https:\/\/acefootball.com\/da\/wp-content\/uploads\/sites\/2\/2020\/07\/Ace-Football-30-07-2020-2.png\",\"contentUrl\":\"https:\/\/acefootball.com\/da\/wp-content\/uploads\/sites\/2\/2020\/07\/Ace-Football-30-07-2020-2.png\",\"width\":1200,\"height\":600,\"caption\":\"Ace Football\"},\"image\":{\"@id\":\"https:\/\/acefootball.com\/da\/#logo\"}},{\"@type\":\"WebSite\",\"@id\":\"https:\/\/acefootball.com\/da\/#website\",\"url\":\"https:\/\/acefootball.com\/da\/\",\"name\":\"Ace Football Danmark\",\"description\":\"Nyheder, Spiltips &amp; Livescore\",\"publisher\":{\"@id\":\"https:\/\/acefootball.com\/da\/#organization\"},\"potentialAction\":[{\"@type\":\"SearchAction\",\"target\":{\"@type\":\"EntryPoint\",\"urlTemplate\":\"https:\/\/acefootball.com\/da\/?s={search_term_string}\"},\"query-input\":\"required name=search_term_string\"}],\"inLanguage\":\"en-US\"},{\"@type\":\"ImageObject\",\"@id\":\"https:\/\/acefootball.com\/da\/fodboldnyheder\/hvad-sker-der-sterling-braender-aartiets-chance-i-champions-league\/#primaryimage\",\"inLanguage\":\"en-US\",\"url\":\"https:\/\/acefootball.com\/da\/wp-content\/uploads\/sites\/2\/2020\/08\/GettyImages-1266495982.jpg\",\"contentUrl\":\"https:\/\/acefootball.com\/da\/wp-content\/uploads\/sites\/2\/2020\/08\/GettyImages-1266495982.jpg\",\"width\":1024,\"height\":629,\"caption\":\"LISBON, PORTUGAL - AUGUST 15: Gabriel Jesus of Manchester City and Raheem Sterling of Manchester City look dejected during the UEFA Champions League Quarter Final match between Manchester City and Lyon at Estadio Jose Alvalade on August 15, 2020 in Lisbon, Portugal. (Photo by Miguel A. Lopes\/Pool via Getty Images)\"},{\"@type\":\"WebPage\",\"@id\":\"https:\/\/acefootball.com\/da\/fodboldnyheder\/hvad-sker-der-sterling-braender-aartiets-chance-i-champions-league\/#webpage\",\"url\":\"https:\/\/acefootball.com\/da\/fodboldnyheder\/hvad-sker-der-sterling-braender-aartiets-chance-i-champions-league\/\",\"name\":\"Hvad sker der?! - Sterling br\u00e6nder \u00e5rtiets chance i Champions League\",\"isPartOf\":{\"@id\":\"https:\/\/acefootball.com\/da\/#website\"},\"primaryImageOfPage\":{\"@id\":\"https:\/\/acefootball.com\/da\/fodboldnyheder\/hvad-sker-der-sterling-braender-aartiets-chance-i-champions-league\/#primaryimage\"},\"datePublished\":\"2020-08-16T08:02:11+00:00\",\"dateModified\":\"2020-08-16T08:24:41+00:00\",\"description\":\"Raheem Sterling misbrugte en gigantisk chance i slutningen af Champions League-kvartfinalen mod Olympique Lyon\",\"breadcrumb\":{\"@id\":\"https:\/\/acefootball.com\/da\/fodboldnyheder\/hvad-sker-der-sterling-braender-aartiets-chance-i-champions-league\/#breadcrumb\"},\"inLanguage\":\"en-US\",\"potentialAction\":[{\"@type\":\"ReadAction\",\"target\":[\"https:\/\/acefootball.com\/da\/fodboldnyheder\/hvad-sker-der-sterling-braender-aartiets-chance-i-champions-league\/\"]}]},{\"@type\":\"BreadcrumbList\",\"@id\":\"https:\/\/acefootball.com\/da\/fodboldnyheder\/hvad-sker-der-sterling-braender-aartiets-chance-i-champions-league\/#breadcrumb\",\"itemListElement\":[{\"@type\":\"ListItem\",\"position\":1,\"name\":\"Home\",\"item\":\"https:\/\/acefootball.com\/da\/\"},{\"@type\":\"ListItem\",\"position\":2,\"name\":\"Hvad sker der?! &#8211; Sterling br\u00e6nder \u00e5rtiets chance i Champions League\"}]},{\"@type\":\"Article\",\"@id\":\"https:\/\/acefootball.com\/da\/fodboldnyheder\/hvad-sker-der-sterling-braender-aartiets-chance-i-champions-league\/#article\",\"isPartOf\":{\"@id\":\"https:\/\/acefootball.com\/da\/fodboldnyheder\/hvad-sker-der-sterling-braender-aartiets-chance-i-champions-league\/#webpage\"},\"author\":{\"@id\":\"https:\/\/acefootball.com\/da\/#\/schema\/person\/ee67e9cf04a276f144100ffa722f10cd\"},\"headline\":\"Hvad sker der?! &#8211; Sterling br\u00e6nder \u00e5rtiets chance i Champions League\",\"datePublished\":\"2020-08-16T08:02:11+00:00\",\"dateModified\":\"2020-08-16T08:24:41+00:00\",\"mainEntityOfPage\":{\"@id\":\"https:\/\/acefootball.com\/da\/fodboldnyheder\/hvad-sker-der-sterling-braender-aartiets-chance-i-champions-league\/#webpage\"},\"wordCount\":118,\"commentCount\":0,\"publisher\":{\"@id\":\"https:\/\/acefootball.com\/da\/#organization\"},\"image\":{\"@id\":\"https:\/\/acefootball.com\/da\/fodboldnyheder\/hvad-sker-der-sterling-braender-aartiets-chance-i-champions-league\/#primaryimage\"},\"thumbnailUrl\":\"https:\/\/acefootball.com\/da\/wp-content\/uploads\/sites\/2\/2020\/08\/GettyImages-1266495982.jpg\",\"keywords\":[\"Champions League\",\"Manchester City\",\"Olympique Lyon\",\"Raheem Sterling\"],\"articleSection\":[\"Video\"],\"inLanguage\":\"en-US\",\"potentialAction\":[{\"@type\":\"CommentAction\",\"name\":\"Comment\",\"target\":[\"https:\/\/acefootball.com\/da\/fodboldnyheder\/hvad-sker-der-sterling-braender-aartiets-chance-i-champions-league\/#respond\"]}]},{\"@type\":\"Person\",\"@id\":\"https:\/\/acefootball.com\/da\/#\/schema\/person\/ee67e9cf04a276f144100ffa722f10cd\",\"name\":\"Mads Dreyer\",\"image\":{\"@type\":\"ImageObject\",\"@id\":\"https:\/\/acefootball.com\/da\/#personlogo\",\"inLanguage\":\"en-US\",\"url\":\"https:\/\/secure.gravatar.com\/avatar\/7c7abf72cfde9902b6a60efe60c88d4c?s=96&d=mm&r=g\",\"contentUrl\":\"https:\/\/secure.gravatar.com\/avatar\/7c7abf72cfde9902b6a60efe60c88d4c?s=96&d=mm&r=g\",\"caption\":\"Mads Dreyer\"},\"description\":\"Skribent og fodboldn\u00f8rd, der lige nu fort\u00e6ller om alt og intet i fodboldverdenen p\u00e5 acefootball.com. Uddannet i kommunikation fra Aalborg Universitet.\",\"sameAs\":[\"https:\/\/www.linkedin.com\/in\/mads-dreyer-b9b08266\/\"],\"url\":\"https:\/\/acefootball.com\/da\/fodboldnyheder\/author\/mdnronaldo\/\"}]}<\/script>\n<!-- \/ Yoast SEO plugin. -->","yoast_head_json":{"title":"Hvad sker der?! - Sterling br\u00e6nder \u00e5rtiets chance i Champions League","description":"Raheem Sterling misbrugte en gigantisk chance i slutningen af Champions League-kvartfinalen mod Olympique Lyon","robots":{"index":"index","follow":"follow","max-snippet":"max-snippet:-1","max-image-preview":"max-image-preview:large","max-video-preview":"max-video-preview:-1"},"canonical":"https:\/\/acefootball.com\/da\/fodboldnyheder\/hvad-sker-der-sterling-braender-aartiets-chance-i-champions-league\/","og_locale":"en_US","og_type":"article","og_title":"Hvad sker der?! - Sterling br\u00e6nder \u00e5rtiets chance i Champions League","og_description":"Raheem Sterling misbrugte en gigantisk chance i slutningen af Champions League-kvartfinalen mod Olympique Lyon","og_url":"https:\/\/acefootball.com\/da\/fodboldnyheder\/hvad-sker-der-sterling-braender-aartiets-chance-i-champions-league\/","og_site_name":"Ace Football Danmark","article_publisher":"https:\/\/www.facebook.com\/acefootballdk","article_published_time":"2020-08-16T08:02:11+00:00","article_modified_time":"2020-08-16T08:24:41+00:00","og_image":[{"width":1024,"height":629,"url":"https:\/\/acefootball.com\/da\/wp-content\/uploads\/sites\/2\/2020\/08\/GettyImages-1266495982.jpg","type":"image\/jpeg"}],"twitter_card":"summary_large_image","twitter_misc":{"Written by":"Mads Dreyer","Est. reading time":"1 minute"},"schema":{"@context":"https:\/\/schema.org","@graph":[{"@type":"Organization","@id":"https:\/\/acefootball.com\/da\/#organization","name":"Ace Football","url":"https:\/\/acefootball.com\/da\/","sameAs":["https:\/\/www.facebook.com\/acefootballdk"],"logo":{"@type":"ImageObject","@id":"https:\/\/acefootball.com\/da\/#logo","inLanguage":"en-US","url":"https:\/\/acefootball.com\/da\/wp-content\/uploads\/sites\/2\/2020\/07\/Ace-Football-30-07-2020-2.png","contentUrl":"https:\/\/acefootball.com\/da\/wp-content\/uploads\/sites\/2\/2020\/07\/Ace-Football-30-07-2020-2.png","width":1200,"height":600,"caption":"Ace Football"},"image":{"@id":"https:\/\/acefootball.com\/da\/#logo"}},{"@type":"WebSite","@id":"https:\/\/acefootball.com\/da\/#website","url":"https:\/\/acefootball.com\/da\/","name":"Ace Football Danmark","description":"Nyheder, Spiltips &amp; Livescore","publisher":{"@id":"https:\/\/acefootball.com\/da\/#organization"},"potentialAction":[{"@type":"SearchAction","target":{"@type":"EntryPoint","urlTemplate":"https:\/\/acefootball.com\/da\/?s={search_term_string}"},"query-input":"required name=search_term_string"}],"inLanguage":"en-US"},{"@type":"ImageObject","@id":"https:\/\/acefootball.com\/da\/fodboldnyheder\/hvad-sker-der-sterling-braender-aartiets-chance-i-champions-league\/#primaryimage","inLanguage":"en-US","url":"https:\/\/acefootball.com\/da\/wp-content\/uploads\/sites\/2\/2020\/08\/GettyImages-1266495982.jpg","contentUrl":"https:\/\/acefootball.com\/da\/wp-content\/uploads\/sites\/2\/2020\/08\/GettyImages-1266495982.jpg","width":1024,"height":629,"caption":"LISBON, PORTUGAL - AUGUST 15: Gabriel Jesus of Manchester City and Raheem Sterling of Manchester City look dejected during the UEFA Champions League Quarter Final match between Manchester City and Lyon at Estadio Jose Alvalade on August 15, 2020 in Lisbon, Portugal. (Photo by Miguel A. Lopes\/Pool via Getty Images)"},{"@type":"WebPage","@id":"https:\/\/acefootball.com\/da\/fodboldnyheder\/hvad-sker-der-sterling-braender-aartiets-chance-i-champions-league\/#webpage","url":"https:\/\/acefootball.com\/da\/fodboldnyheder\/hvad-sker-der-sterling-braender-aartiets-chance-i-champions-league\/","name":"Hvad sker der?! - Sterling br\u00e6nder \u00e5rtiets chance i Champions League","isPartOf":{"@id":"https:\/\/acefootball.com\/da\/#website"},"primaryImageOfPage":{"@id":"https:\/\/acefootball.com\/da\/fodboldnyheder\/hvad-sker-der-sterling-braender-aartiets-chance-i-champions-league\/#primaryimage"},"datePublished":"2020-08-16T08:02:11+00:00","dateModified":"2020-08-16T08:24:41+00:00","description":"Raheem Sterling misbrugte en gigantisk chance i slutningen af Champions League-kvartfinalen mod Olympique Lyon","breadcrumb":{"@id":"https:\/\/acefootball.com\/da\/fodboldnyheder\/hvad-sker-der-sterling-braender-aartiets-chance-i-champions-league\/#breadcrumb"},"inLanguage":"en-US","potentialAction":[{"@type":"ReadAction","target":["https:\/\/acefootball.com\/da\/fodboldnyheder\/hvad-sker-der-sterling-braender-aartiets-chance-i-champions-league\/"]}]},{"@type":"BreadcrumbList","@id":"https:\/\/acefootball.com\/da\/fodboldnyheder\/hvad-sker-der-sterling-braender-aartiets-chance-i-champions-league\/#breadcrumb","itemListElement":[{"@type":"ListItem","position":1,"name":"Home","item":"https:\/\/acefootball.com\/da\/"},{"@type":"ListItem","position":2,"name":"Hvad sker der?! &#8211; Sterling br\u00e6nder \u00e5rtiets chance i Champions League"}]},{"@type":"Article","@id":"https:\/\/acefootball.com\/da\/fodboldnyheder\/hvad-sker-der-sterling-braender-aartiets-chance-i-champions-league\/#article","isPartOf":{"@id":"https:\/\/acefootball.com\/da\/fodboldnyheder\/hvad-sker-der-sterling-braender-aartiets-chance-i-champions-league\/#webpage"},"author":{"@id":"https:\/\/acefootball.com\/da\/#\/schema\/person\/ee67e9cf04a276f144100ffa722f10cd"},"headline":"Hvad sker der?! &#8211; Sterling br\u00e6nder \u00e5rtiets chance i Champions League","datePublished":"2020-08-16T08:02:11+00:00","dateModified":"2020-08-16T08:24:41+00:00","mainEntityOfPage":{"@id":"https:\/\/acefootball.com\/da\/fodboldnyheder\/hvad-sker-der-sterling-braender-aartiets-chance-i-champions-league\/#webpage"},"wordCount":118,"commentCount":0,"publisher":{"@id":"https:\/\/acefootball.com\/da\/#organization"},"image":{"@id":"https:\/\/acefootball.com\/da\/fodboldnyheder\/hvad-sker-der-sterling-braender-aartiets-chance-i-champions-league\/#primaryimage"},"thumbnailUrl":"https:\/\/acefootball.com\/da\/wp-content\/uploads\/sites\/2\/2020\/08\/GettyImages-1266495982.jpg","keywords":["Champions League","Manchester City","Olympique Lyon","Raheem Sterling"],"articleSection":["Video"],"inLanguage":"en-US","potentialAction":[{"@type":"CommentAction","name":"Comment","target":["https:\/\/acefootball.com\/da\/fodboldnyheder\/hvad-sker-der-sterling-braender-aartiets-chance-i-champions-league\/#respond"]}]},{"@type":"Person","@id":"https:\/\/acefootball.com\/da\/#\/schema\/person\/ee67e9cf04a276f144100ffa722f10cd","name":"Mads Dreyer","image":{"@type":"ImageObject","@id":"https:\/\/acefootball.com\/da\/#personlogo","inLanguage":"en-US","url":"https:\/\/secure.gravatar.com\/avatar\/7c7abf72cfde9902b6a60efe60c88d4c?s=96&d=mm&r=g","contentUrl":"https:\/\/secure.gravatar.com\/avatar\/7c7abf72cfde9902b6a60efe60c88d4c?s=96&d=mm&r=g","caption":"Mads Dreyer"},"description":"Skribent og fodboldn\u00f8rd, der lige nu fort\u00e6ller om alt og intet i fodboldverdenen p\u00e5 acefootball.com. Uddannet i kommunikation fra Aalborg Universitet.","sameAs":["https:\/\/www.linkedin.com\/in\/mads-dreyer-b9b08266\/"],"url":"https:\/\/acefootball.com\/da\/fodboldnyheder\/author\/mdnronaldo\/"}]}},"fimg_url":"https:\/\/acefootball.com\/da\/wp-content\/uploads\/sites\/2\/2020\/08\/GettyImages-1266495982.jpg","_links":{"self":[{"href":"https:\/\/acefootball.com\/da\/wp-json\/wp\/v2\/posts\/234275"}],"collection":[{"href":"https:\/\/acefootball.com\/da\/wp-json\/wp\/v2\/posts"}],"about":[{"href":"https:\/\/acefootball.com\/da\/wp-json\/wp\/v2\/types\/post"}],"author":[{"embeddable":true,"href":"https:\/\/acefootball.com\/da\/wp-json\/wp\/v2\/users\/705"}],"replies":[{"embeddable":true,"href":"https:\/\/acefootball.com\/da\/wp-json\/wp\/v2\/comments?post=234275"}],"version-history":[{"count":0,"href":"https:\/\/acefootball.com\/da\/wp-json\/wp\/v2\/posts\/234275\/revisions"}],"wp:featuredmedia":[{"embeddable":true,"href":"https:\/\/acefootball.com\/da\/wp-json\/wp\/v2\/media\/234276"}],"wp:attachment":[{"href":"https:\/\/acefootball.com\/da\/wp-json\/wp\/v2\/media?parent=234275"}],"wp:term":[{"taxonomy":"category","embeddable":true,"href":"https:\/\/acefootball.com\/da\/wp-json\/wp\/v2\/categories?post=234275"},{"taxonomy":"post_tag","embeddable":true,"href":"https:\/\/acefootball.com\/da\/wp-json\/wp\/v2\/tags?post=234275"}],"curies":[{"name":"wp","href":"https:\/\/api.w.org\/{rel}","templated":true}]}}