{"id":234259,"date":"2020-08-15T21:19:03","date_gmt":"2020-08-15T19:19:03","guid":{"rendered":"https:\/\/acefootball.com\/da\/?p=234259"},"modified":"2020-08-15T21:19:03","modified_gmt":"2020-08-15T19:19:03","slug":"spansk-krise-paa-vej-daarligste-champions-league-i-13-aar","status":"publish","type":"post","link":"https:\/\/acefootball.com\/da\/fodboldnyheder\/spansk-krise-paa-vej-daarligste-champions-league-i-13-aar\/","title":{"rendered":"Spansk krise p\u00e5 vej: D\u00e5rligste Champions League i 13 \u00e5r"},"content":{"rendered":"\n<h2>For f\u00f8rste gang i 13 s\u00e6soner er der ikke et spansk hold at finde blandt semifinalisterne i Champions League<\/h2>\n\n\n\n<p>Spansk fodbold har de seneste \u00e5r indtaget tronen i europ\u00e6isk fodbold, hvor man har pr\u00e6steret gode resultater og mange store titler.<\/p>\n\n\n\n<p>Real Madrid har inden for de seneste seks \u00e5r vundet Champions League fire gange, mens FC Barcelona ogs\u00e5 har hentet flere titler hjem. Derudover har Atl\u00e9tico Madrid v\u00e6ret i to finaler.<\/p>\n\n\n\n<p>Nu kan der dog m\u00e5ske v\u00e6re en mere stille periode p\u00e5 vej for det fodboldgale land.<\/p>\n\n\n\n<p>Efter Bayern M\u00fcnchens udradering af Barcelona er alle tre mandskaber nu ude af Champions League allerede efter kvartfinalerne. Det er f\u00f8rste gang i 13 \u00e5r, at Spanien ikke har bare \u00e9t hold med i semifinalerne.<\/p>\n\n\n\n<figure class=\"wp-block-embed-wordpress wp-block-embed is-type-wp-embed is-provider-ace-football-danmark\"><div class=\"wp-block-embed__wrapper\">\n<blockquote class=\"wp-embedded-content\" data-secret=\"DtYt46auuF\"><a href=\"https:\/\/acefootball.com\/da\/fodboldnyheder\/hoejdepunkter-se-alle-10-maal-fra-bayerns-storsejr-over-barcelona\/\">H\u00f8jdepunkter: Se alle 10 m\u00e5l fra Bayerns storsejr over Barcelona<\/a><\/blockquote><iframe class=\"wp-embedded-content\" sandbox=\"allow-scripts\" security=\"restricted\" style=\"position: absolute; clip: rect(1px, 1px, 1px, 1px);\" title=\"&#8220;H\u00f8jdepunkter: Se alle 10 m\u00e5l fra Bayerns storsejr over Barcelona&#8221; &#8212; Ace Football Danmark\" src=\"https:\/\/acefootball.com\/da\/fodboldnyheder\/hoejdepunkter-se-alle-10-maal-fra-bayerns-storsejr-over-barcelona\/embed\/#?secret=DtYt46auuF\" data-secret=\"DtYt46auuF\" width=\"600\" height=\"338\" frameborder=\"0\" marginwidth=\"0\" marginheight=\"0\" scrolling=\"no\"><\/iframe>\n<\/div><\/figure>\n\n\n\n<p>Seneste gang var i s\u00e6sonen 2006\/07, hvor AC Milan, Liverpool, Manchester United og Chelsea var de sidste fire akt\u00f8rer.<\/p>\n\n\n\n<p>Derimod kan Tyskland v\u00e6re p\u00e5 vej mod en ny storhedstid. Bayern M\u00fcnchen og RB Leipzig udg\u00f8r s\u00e5ledes halvdelen af \u00e5rets semifinalister, og det kan potentielt blive til en ren tysk finale.<\/p>\n","protected":false},"excerpt":{"rendered":"<p>For f\u00f8rste gang i 13 s\u00e6soner er der ikke et spansk hold at finde blandt semifinalisterne i Champions League<\/p>\n","protected":false},"author":705,"featured_media":234261,"comment_status":"open","ping_status":"closed","sticky":false,"template":"","format":"standard","meta":{"om_disable_all_campaigns":false,"push_articles_ronaldo":{"active":false,"canonical":0,"publish":false},"force_updates":null},"categories":[2470],"tags":[75,206,41,303,85],"enet_tags":{"team":["9906","8634","8633"],"league":["42","87"],"sport_events":[]},"yoast_head":"<!-- This site is optimized with the Yoast SEO plugin v18.3 - https:\/\/yoast.com\/wordpress\/plugins\/seo\/ -->\n<title>Spansk krise p\u00e5 vej: D\u00e5rligste Champions League i 13 \u00e5r<\/title>\n<meta name=\"description\" content=\"For f\u00f8rste gang i 13 s\u00e6soner er der ikke et spansk hold at finde blandt semifinalisterne i Champions League\" \/>\n<meta name=\"robots\" content=\"index, follow, max-snippet:-1, max-image-preview:large, max-video-preview:-1\" \/>\n<link rel=\"canonical\" href=\"https:\/\/acefootball.com\/da\/fodboldnyheder\/spansk-krise-paa-vej-daarligste-champions-league-i-13-aar\/\" \/>\n<meta property=\"og:locale\" content=\"en_US\" \/>\n<meta property=\"og:type\" content=\"article\" \/>\n<meta property=\"og:title\" content=\"Spansk krise p\u00e5 vej: D\u00e5rligste Champions League i 13 \u00e5r\" \/>\n<meta property=\"og:description\" content=\"For f\u00f8rste gang i 13 s\u00e6soner er der ikke et spansk hold at finde blandt semifinalisterne i Champions League\" \/>\n<meta property=\"og:url\" content=\"https:\/\/acefootball.com\/da\/fodboldnyheder\/spansk-krise-paa-vej-daarligste-champions-league-i-13-aar\/\" \/>\n<meta property=\"og:site_name\" content=\"Ace Football Danmark\" \/>\n<meta property=\"article:publisher\" content=\"https:\/\/www.facebook.com\/acefootballdk\" \/>\n<meta property=\"article:published_time\" content=\"2020-08-15T19:19:03+00:00\" \/>\n<meta property=\"og:image\" content=\"https:\/\/acefootball.com\/da\/wp-content\/uploads\/sites\/2\/2020\/08\/GettyImages-1266335817.jpg\" \/>\n\t<meta property=\"og:image:width\" content=\"1024\" \/>\n\t<meta property=\"og:image:height\" content=\"683\" \/>\n\t<meta property=\"og:image:type\" content=\"image\/jpeg\" \/>\n<meta name=\"twitter:card\" content=\"summary_large_image\" \/>\n<meta name=\"twitter:label1\" content=\"Written by\" \/>\n\t<meta name=\"twitter:data1\" content=\"Mads Dreyer\" \/>\n\t<meta name=\"twitter:label2\" content=\"Est. reading time\" \/>\n\t<meta name=\"twitter:data2\" content=\"1 minute\" \/>\n<script type=\"application\/ld+json\" class=\"yoast-schema-graph\">{\"@context\":\"https:\/\/schema.org\",\"@graph\":[{\"@type\":\"Organization\",\"@id\":\"https:\/\/acefootball.com\/da\/#organization\",\"name\":\"Ace Football\",\"url\":\"https:\/\/acefootball.com\/da\/\",\"sameAs\":[\"https:\/\/www.facebook.com\/acefootballdk\"],\"logo\":{\"@type\":\"ImageObject\",\"@id\":\"https:\/\/acefootball.com\/da\/#logo\",\"inLanguage\":\"en-US\",\"url\":\"https:\/\/acefootball.com\/da\/wp-content\/uploads\/sites\/2\/2020\/07\/Ace-Football-30-07-2020-2.png\",\"contentUrl\":\"https:\/\/acefootball.com\/da\/wp-content\/uploads\/sites\/2\/2020\/07\/Ace-Football-30-07-2020-2.png\",\"width\":1200,\"height\":600,\"caption\":\"Ace Football\"},\"image\":{\"@id\":\"https:\/\/acefootball.com\/da\/#logo\"}},{\"@type\":\"WebSite\",\"@id\":\"https:\/\/acefootball.com\/da\/#website\",\"url\":\"https:\/\/acefootball.com\/da\/\",\"name\":\"Ace Football Danmark\",\"description\":\"Nyheder, Spiltips &amp; Livescore\",\"publisher\":{\"@id\":\"https:\/\/acefootball.com\/da\/#organization\"},\"potentialAction\":[{\"@type\":\"SearchAction\",\"target\":{\"@type\":\"EntryPoint\",\"urlTemplate\":\"https:\/\/acefootball.com\/da\/?s={search_term_string}\"},\"query-input\":\"required name=search_term_string\"}],\"inLanguage\":\"en-US\"},{\"@type\":\"ImageObject\",\"@id\":\"https:\/\/acefootball.com\/da\/fodboldnyheder\/spansk-krise-paa-vej-daarligste-champions-league-i-13-aar\/#primaryimage\",\"inLanguage\":\"en-US\",\"url\":\"https:\/\/acefootball.com\/da\/wp-content\/uploads\/sites\/2\/2020\/08\/GettyImages-1266335817.jpg\",\"contentUrl\":\"https:\/\/acefootball.com\/da\/wp-content\/uploads\/sites\/2\/2020\/08\/GettyImages-1266335817.jpg\",\"width\":1024,\"height\":683,\"caption\":\"LISBON, PORTUGAL - AUGUST 14: Lionel Messi of FC Barcelona leaves the pitch at half time during the UEFA Champions League Quarter Final match between Barcelona and Bayern Munich at Estadio do Sport Lisboa e Benfica on August 14, 2020 in Lisbon, Portugal. (Photo by Rafael Marchante\/Pool via Getty Images)\"},{\"@type\":\"WebPage\",\"@id\":\"https:\/\/acefootball.com\/da\/fodboldnyheder\/spansk-krise-paa-vej-daarligste-champions-league-i-13-aar\/#webpage\",\"url\":\"https:\/\/acefootball.com\/da\/fodboldnyheder\/spansk-krise-paa-vej-daarligste-champions-league-i-13-aar\/\",\"name\":\"Spansk krise p\u00e5 vej: D\u00e5rligste Champions League i 13 \u00e5r\",\"isPartOf\":{\"@id\":\"https:\/\/acefootball.com\/da\/#website\"},\"primaryImageOfPage\":{\"@id\":\"https:\/\/acefootball.com\/da\/fodboldnyheder\/spansk-krise-paa-vej-daarligste-champions-league-i-13-aar\/#primaryimage\"},\"datePublished\":\"2020-08-15T19:19:03+00:00\",\"dateModified\":\"2020-08-15T19:19:03+00:00\",\"description\":\"For f\u00f8rste gang i 13 s\u00e6soner er der ikke et spansk hold at finde blandt semifinalisterne i Champions League\",\"breadcrumb\":{\"@id\":\"https:\/\/acefootball.com\/da\/fodboldnyheder\/spansk-krise-paa-vej-daarligste-champions-league-i-13-aar\/#breadcrumb\"},\"inLanguage\":\"en-US\",\"potentialAction\":[{\"@type\":\"ReadAction\",\"target\":[\"https:\/\/acefootball.com\/da\/fodboldnyheder\/spansk-krise-paa-vej-daarligste-champions-league-i-13-aar\/\"]}]},{\"@type\":\"BreadcrumbList\",\"@id\":\"https:\/\/acefootball.com\/da\/fodboldnyheder\/spansk-krise-paa-vej-daarligste-champions-league-i-13-aar\/#breadcrumb\",\"itemListElement\":[{\"@type\":\"ListItem\",\"position\":1,\"name\":\"Home\",\"item\":\"https:\/\/acefootball.com\/da\/\"},{\"@type\":\"ListItem\",\"position\":2,\"name\":\"Spansk krise p\u00e5 vej: D\u00e5rligste Champions League i 13 \u00e5r\"}]},{\"@type\":\"Article\",\"@id\":\"https:\/\/acefootball.com\/da\/fodboldnyheder\/spansk-krise-paa-vej-daarligste-champions-league-i-13-aar\/#article\",\"isPartOf\":{\"@id\":\"https:\/\/acefootball.com\/da\/fodboldnyheder\/spansk-krise-paa-vej-daarligste-champions-league-i-13-aar\/#webpage\"},\"author\":{\"@id\":\"https:\/\/acefootball.com\/da\/#\/schema\/person\/ee67e9cf04a276f144100ffa722f10cd\"},\"headline\":\"Spansk krise p\u00e5 vej: D\u00e5rligste Champions League i 13 \u00e5r\",\"datePublished\":\"2020-08-15T19:19:03+00:00\",\"dateModified\":\"2020-08-15T19:19:03+00:00\",\"mainEntityOfPage\":{\"@id\":\"https:\/\/acefootball.com\/da\/fodboldnyheder\/spansk-krise-paa-vej-daarligste-champions-league-i-13-aar\/#webpage\"},\"wordCount\":202,\"commentCount\":0,\"publisher\":{\"@id\":\"https:\/\/acefootball.com\/da\/#organization\"},\"image\":{\"@id\":\"https:\/\/acefootball.com\/da\/fodboldnyheder\/spansk-krise-paa-vej-daarligste-champions-league-i-13-aar\/#primaryimage\"},\"thumbnailUrl\":\"https:\/\/acefootball.com\/da\/wp-content\/uploads\/sites\/2\/2020\/08\/GettyImages-1266335817.jpg\",\"keywords\":[\"Atletico Madrid\",\"Champions League\",\"FC Barcelona\",\"La Liga\",\"Real Madrid\"],\"articleSection\":[\"Offsite\"],\"inLanguage\":\"en-US\",\"potentialAction\":[{\"@type\":\"CommentAction\",\"name\":\"Comment\",\"target\":[\"https:\/\/acefootball.com\/da\/fodboldnyheder\/spansk-krise-paa-vej-daarligste-champions-league-i-13-aar\/#respond\"]}]},{\"@type\":\"Person\",\"@id\":\"https:\/\/acefootball.com\/da\/#\/schema\/person\/ee67e9cf04a276f144100ffa722f10cd\",\"name\":\"Mads Dreyer\",\"image\":{\"@type\":\"ImageObject\",\"@id\":\"https:\/\/acefootball.com\/da\/#personlogo\",\"inLanguage\":\"en-US\",\"url\":\"https:\/\/secure.gravatar.com\/avatar\/7c7abf72cfde9902b6a60efe60c88d4c?s=96&d=mm&r=g\",\"contentUrl\":\"https:\/\/secure.gravatar.com\/avatar\/7c7abf72cfde9902b6a60efe60c88d4c?s=96&d=mm&r=g\",\"caption\":\"Mads Dreyer\"},\"description\":\"Skribent og fodboldn\u00f8rd, der lige nu fort\u00e6ller om alt og intet i fodboldverdenen p\u00e5 acefootball.com. Uddannet i kommunikation fra Aalborg Universitet.\",\"sameAs\":[\"https:\/\/www.linkedin.com\/in\/mads-dreyer-b9b08266\/\"],\"url\":\"https:\/\/acefootball.com\/da\/fodboldnyheder\/author\/mdnronaldo\/\"}]}<\/script>\n<!-- \/ Yoast SEO plugin. -->","yoast_head_json":{"title":"Spansk krise p\u00e5 vej: D\u00e5rligste Champions League i 13 \u00e5r","description":"For f\u00f8rste gang i 13 s\u00e6soner er der ikke et spansk hold at finde blandt semifinalisterne i Champions League","robots":{"index":"index","follow":"follow","max-snippet":"max-snippet:-1","max-image-preview":"max-image-preview:large","max-video-preview":"max-video-preview:-1"},"canonical":"https:\/\/acefootball.com\/da\/fodboldnyheder\/spansk-krise-paa-vej-daarligste-champions-league-i-13-aar\/","og_locale":"en_US","og_type":"article","og_title":"Spansk krise p\u00e5 vej: D\u00e5rligste Champions League i 13 \u00e5r","og_description":"For f\u00f8rste gang i 13 s\u00e6soner er der ikke et spansk hold at finde blandt semifinalisterne i Champions League","og_url":"https:\/\/acefootball.com\/da\/fodboldnyheder\/spansk-krise-paa-vej-daarligste-champions-league-i-13-aar\/","og_site_name":"Ace Football Danmark","article_publisher":"https:\/\/www.facebook.com\/acefootballdk","article_published_time":"2020-08-15T19:19:03+00:00","og_image":[{"width":1024,"height":683,"url":"https:\/\/acefootball.com\/da\/wp-content\/uploads\/sites\/2\/2020\/08\/GettyImages-1266335817.jpg","type":"image\/jpeg"}],"twitter_card":"summary_large_image","twitter_misc":{"Written by":"Mads Dreyer","Est. reading time":"1 minute"},"schema":{"@context":"https:\/\/schema.org","@graph":[{"@type":"Organization","@id":"https:\/\/acefootball.com\/da\/#organization","name":"Ace Football","url":"https:\/\/acefootball.com\/da\/","sameAs":["https:\/\/www.facebook.com\/acefootballdk"],"logo":{"@type":"ImageObject","@id":"https:\/\/acefootball.com\/da\/#logo","inLanguage":"en-US","url":"https:\/\/acefootball.com\/da\/wp-content\/uploads\/sites\/2\/2020\/07\/Ace-Football-30-07-2020-2.png","contentUrl":"https:\/\/acefootball.com\/da\/wp-content\/uploads\/sites\/2\/2020\/07\/Ace-Football-30-07-2020-2.png","width":1200,"height":600,"caption":"Ace Football"},"image":{"@id":"https:\/\/acefootball.com\/da\/#logo"}},{"@type":"WebSite","@id":"https:\/\/acefootball.com\/da\/#website","url":"https:\/\/acefootball.com\/da\/","name":"Ace Football Danmark","description":"Nyheder, Spiltips &amp; Livescore","publisher":{"@id":"https:\/\/acefootball.com\/da\/#organization"},"potentialAction":[{"@type":"SearchAction","target":{"@type":"EntryPoint","urlTemplate":"https:\/\/acefootball.com\/da\/?s={search_term_string}"},"query-input":"required name=search_term_string"}],"inLanguage":"en-US"},{"@type":"ImageObject","@id":"https:\/\/acefootball.com\/da\/fodboldnyheder\/spansk-krise-paa-vej-daarligste-champions-league-i-13-aar\/#primaryimage","inLanguage":"en-US","url":"https:\/\/acefootball.com\/da\/wp-content\/uploads\/sites\/2\/2020\/08\/GettyImages-1266335817.jpg","contentUrl":"https:\/\/acefootball.com\/da\/wp-content\/uploads\/sites\/2\/2020\/08\/GettyImages-1266335817.jpg","width":1024,"height":683,"caption":"LISBON, PORTUGAL - AUGUST 14: Lionel Messi of FC Barcelona leaves the pitch at half time during the UEFA Champions League Quarter Final match between Barcelona and Bayern Munich at Estadio do Sport Lisboa e Benfica on August 14, 2020 in Lisbon, Portugal. (Photo by Rafael Marchante\/Pool via Getty Images)"},{"@type":"WebPage","@id":"https:\/\/acefootball.com\/da\/fodboldnyheder\/spansk-krise-paa-vej-daarligste-champions-league-i-13-aar\/#webpage","url":"https:\/\/acefootball.com\/da\/fodboldnyheder\/spansk-krise-paa-vej-daarligste-champions-league-i-13-aar\/","name":"Spansk krise p\u00e5 vej: D\u00e5rligste Champions League i 13 \u00e5r","isPartOf":{"@id":"https:\/\/acefootball.com\/da\/#website"},"primaryImageOfPage":{"@id":"https:\/\/acefootball.com\/da\/fodboldnyheder\/spansk-krise-paa-vej-daarligste-champions-league-i-13-aar\/#primaryimage"},"datePublished":"2020-08-15T19:19:03+00:00","dateModified":"2020-08-15T19:19:03+00:00","description":"For f\u00f8rste gang i 13 s\u00e6soner er der ikke et spansk hold at finde blandt semifinalisterne i Champions League","breadcrumb":{"@id":"https:\/\/acefootball.com\/da\/fodboldnyheder\/spansk-krise-paa-vej-daarligste-champions-league-i-13-aar\/#breadcrumb"},"inLanguage":"en-US","potentialAction":[{"@type":"ReadAction","target":["https:\/\/acefootball.com\/da\/fodboldnyheder\/spansk-krise-paa-vej-daarligste-champions-league-i-13-aar\/"]}]},{"@type":"BreadcrumbList","@id":"https:\/\/acefootball.com\/da\/fodboldnyheder\/spansk-krise-paa-vej-daarligste-champions-league-i-13-aar\/#breadcrumb","itemListElement":[{"@type":"ListItem","position":1,"name":"Home","item":"https:\/\/acefootball.com\/da\/"},{"@type":"ListItem","position":2,"name":"Spansk krise p\u00e5 vej: D\u00e5rligste Champions League i 13 \u00e5r"}]},{"@type":"Article","@id":"https:\/\/acefootball.com\/da\/fodboldnyheder\/spansk-krise-paa-vej-daarligste-champions-league-i-13-aar\/#article","isPartOf":{"@id":"https:\/\/acefootball.com\/da\/fodboldnyheder\/spansk-krise-paa-vej-daarligste-champions-league-i-13-aar\/#webpage"},"author":{"@id":"https:\/\/acefootball.com\/da\/#\/schema\/person\/ee67e9cf04a276f144100ffa722f10cd"},"headline":"Spansk krise p\u00e5 vej: D\u00e5rligste Champions League i 13 \u00e5r","datePublished":"2020-08-15T19:19:03+00:00","dateModified":"2020-08-15T19:19:03+00:00","mainEntityOfPage":{"@id":"https:\/\/acefootball.com\/da\/fodboldnyheder\/spansk-krise-paa-vej-daarligste-champions-league-i-13-aar\/#webpage"},"wordCount":202,"commentCount":0,"publisher":{"@id":"https:\/\/acefootball.com\/da\/#organization"},"image":{"@id":"https:\/\/acefootball.com\/da\/fodboldnyheder\/spansk-krise-paa-vej-daarligste-champions-league-i-13-aar\/#primaryimage"},"thumbnailUrl":"https:\/\/acefootball.com\/da\/wp-content\/uploads\/sites\/2\/2020\/08\/GettyImages-1266335817.jpg","keywords":["Atletico Madrid","Champions League","FC Barcelona","La Liga","Real Madrid"],"articleSection":["Offsite"],"inLanguage":"en-US","potentialAction":[{"@type":"CommentAction","name":"Comment","target":["https:\/\/acefootball.com\/da\/fodboldnyheder\/spansk-krise-paa-vej-daarligste-champions-league-i-13-aar\/#respond"]}]},{"@type":"Person","@id":"https:\/\/acefootball.com\/da\/#\/schema\/person\/ee67e9cf04a276f144100ffa722f10cd","name":"Mads Dreyer","image":{"@type":"ImageObject","@id":"https:\/\/acefootball.com\/da\/#personlogo","inLanguage":"en-US","url":"https:\/\/secure.gravatar.com\/avatar\/7c7abf72cfde9902b6a60efe60c88d4c?s=96&d=mm&r=g","contentUrl":"https:\/\/secure.gravatar.com\/avatar\/7c7abf72cfde9902b6a60efe60c88d4c?s=96&d=mm&r=g","caption":"Mads Dreyer"},"description":"Skribent og fodboldn\u00f8rd, der lige nu fort\u00e6ller om alt og intet i fodboldverdenen p\u00e5 acefootball.com. Uddannet i kommunikation fra Aalborg Universitet.","sameAs":["https:\/\/www.linkedin.com\/in\/mads-dreyer-b9b08266\/"],"url":"https:\/\/acefootball.com\/da\/fodboldnyheder\/author\/mdnronaldo\/"}]}},"fimg_url":"https:\/\/acefootball.com\/da\/wp-content\/uploads\/sites\/2\/2020\/08\/GettyImages-1266335817.jpg","_links":{"self":[{"href":"https:\/\/acefootball.com\/da\/wp-json\/wp\/v2\/posts\/234259"}],"collection":[{"href":"https:\/\/acefootball.com\/da\/wp-json\/wp\/v2\/posts"}],"about":[{"href":"https:\/\/acefootball.com\/da\/wp-json\/wp\/v2\/types\/post"}],"author":[{"embeddable":true,"href":"https:\/\/acefootball.com\/da\/wp-json\/wp\/v2\/users\/705"}],"replies":[{"embeddable":true,"href":"https:\/\/acefootball.com\/da\/wp-json\/wp\/v2\/comments?post=234259"}],"version-history":[{"count":0,"href":"https:\/\/acefootball.com\/da\/wp-json\/wp\/v2\/posts\/234259\/revisions"}],"wp:featuredmedia":[{"embeddable":true,"href":"https:\/\/acefootball.com\/da\/wp-json\/wp\/v2\/media\/234261"}],"wp:attachment":[{"href":"https:\/\/acefootball.com\/da\/wp-json\/wp\/v2\/media?parent=234259"}],"wp:term":[{"taxonomy":"category","embeddable":true,"href":"https:\/\/acefootball.com\/da\/wp-json\/wp\/v2\/categories?post=234259"},{"taxonomy":"post_tag","embeddable":true,"href":"https:\/\/acefootball.com\/da\/wp-json\/wp\/v2\/tags?post=234259"}],"curies":[{"name":"wp","href":"https:\/\/api.w.org\/{rel}","templated":true}]}}