{"id":234256,"date":"2020-08-15T20:42:11","date_gmt":"2020-08-15T18:42:11","guid":{"rendered":"https:\/\/acefootball.com\/da\/?p=234256"},"modified":"2020-08-15T20:43:16","modified_gmt":"2020-08-15T18:43:16","slug":"fcm-stjerne-skadet-under-opvarmning-til-foerste-test","status":"publish","type":"post","link":"https:\/\/acefootball.com\/da\/fodboldnyheder\/fcm-stjerne-skadet-under-opvarmning-til-foerste-test\/","title":{"rendered":"FCM-stjerne skadet under opvarmning til f\u00f8rste test"},"content":{"rendered":"\n<h2>Evander skulle have startet inde i FC Midtjyllands tr\u00e6ningskamp mod Reims, men brasilianeren m\u00e5tte udg\u00e5 af opvarmning<\/h2>\n\n\n\n<p>Der er under en m\u00e5ned til Superliga-start, og derfor er de forskellige klubber s\u00e5 sm\u00e5t g\u00e5et i gang med forberedelserne til den nye s\u00e6son.<\/p>\n\n\n\n<p>I dag tog mestrene fra FC Midtjylland fat p\u00e5 et par tr\u00e6ningskampe, hvilket skete i Frankrig, hvor man m\u00f8dte Stade Reims.<\/p>\n\n\n\n<p>Her skulle Evander v\u00e6re startet p\u00e5 banen, men brasilianeren kom aldrig s\u00e5 langt, da han m\u00e5tte forlade opvarmningen med en skade. Det skriver klubben p\u00e5 Twitter.<\/p>\n\n\n\n<figure class=\"wp-block-embed-twitter wp-block-embed is-type-rich is-provider-twitter\"><div class=\"wp-block-embed__wrapper\">\n<blockquote class=\"twitter-tweet\" data-width=\"550\" data-dnt=\"true\"><p lang=\"da\" dir=\"ltr\">Evander er udg\u00e5et under opvarming og erstattes af Onyeka<a href=\"https:\/\/twitter.com\/hashtag\/SDRFCM?src=hash&amp;ref_src=twsrc%5Etfw\">#SDRFCM<\/a> <a href=\"https:\/\/t.co\/4rFc7eKTki\">https:\/\/t.co\/4rFc7eKTki<\/a><\/p>&mdash; FC Midtjylland (@fcmidtjylland) <a href=\"https:\/\/twitter.com\/fcmidtjylland\/status\/1294660129045057537?ref_src=twsrc%5Etfw\">August 15, 2020<\/a><\/blockquote><script async src=\"https:\/\/platform.twitter.com\/widgets.js\" charset=\"utf-8\"><\/script>\n<\/div><\/figure>\n\n\n\n<p>FC Midtjylland har endnu ikke givet en opdatering p\u00e5 omfanget af Evanders skade.<\/p>\n\n\n\n<p>Selve tr\u00e6ningskampen endte desuden 3-1 til Reims. Midtjydernes m\u00e5lscorer var Awer Mabil efter et kvarters spil p\u00e5 opl\u00e6g af Anders Dreyer.<\/p>\n","protected":false},"excerpt":{"rendered":"<p>Evander skulle have startet inde i FC Midtjyllands tr\u00e6ningskamp mod Reims, men brasilianeren m\u00e5tte udg\u00e5 af opvarmning<\/p>\n","protected":false},"author":705,"featured_media":234258,"comment_status":"open","ping_status":"closed","sticky":false,"template":"","format":"standard","meta":{"om_disable_all_campaigns":false,"push_articles_ronaldo":{"active":false,"canonical":0,"publish":false},"force_updates":null},"categories":[1],"tags":[4968,51,588],"enet_tags":{"player":["787351"],"team":["8113"],"league":["46"],"sport_events":[]},"yoast_head":"<!-- This site is optimized with the Yoast SEO plugin v18.3 - https:\/\/yoast.com\/wordpress\/plugins\/seo\/ -->\n<title>FCM-stjerne skadet under opvarmning til f\u00f8rste test<\/title>\n<meta name=\"description\" content=\"Evander skulle have startet inde i FC Midtjyllands tr\u00e6ningskamp mod Reims, men brasilianeren m\u00e5tte udg\u00e5 af opvarmning\" \/>\n<meta name=\"robots\" content=\"index, follow, max-snippet:-1, max-image-preview:large, max-video-preview:-1\" \/>\n<link rel=\"canonical\" href=\"https:\/\/acefootball.com\/da\/fodboldnyheder\/fcm-stjerne-skadet-under-opvarmning-til-foerste-test\/\" \/>\n<meta property=\"og:locale\" content=\"en_US\" \/>\n<meta property=\"og:type\" content=\"article\" \/>\n<meta property=\"og:title\" content=\"FCM-stjerne skadet under opvarmning til f\u00f8rste test\" \/>\n<meta property=\"og:description\" content=\"Evander skulle have startet inde i FC Midtjyllands tr\u00e6ningskamp mod Reims, men brasilianeren m\u00e5tte udg\u00e5 af opvarmning\" \/>\n<meta property=\"og:url\" content=\"https:\/\/acefootball.com\/da\/fodboldnyheder\/fcm-stjerne-skadet-under-opvarmning-til-foerste-test\/\" \/>\n<meta property=\"og:site_name\" content=\"Ace Football Danmark\" \/>\n<meta property=\"article:publisher\" content=\"https:\/\/www.facebook.com\/acefootballdk\" \/>\n<meta property=\"article:published_time\" content=\"2020-08-15T18:42:11+00:00\" \/>\n<meta property=\"article:modified_time\" content=\"2020-08-15T18:43:16+00:00\" \/>\n<meta property=\"og:image\" content=\"https:\/\/acefootball.com\/da\/wp-content\/uploads\/sites\/2\/2020\/08\/GettyImages-1214549052.jpg\" \/>\n\t<meta property=\"og:image:width\" content=\"1024\" \/>\n\t<meta property=\"og:image:height\" content=\"683\" \/>\n\t<meta property=\"og:image:type\" content=\"image\/jpeg\" \/>\n<meta name=\"twitter:card\" content=\"summary_large_image\" \/>\n<meta name=\"twitter:label1\" content=\"Written by\" \/>\n\t<meta name=\"twitter:data1\" content=\"Mads Dreyer\" \/>\n\t<meta name=\"twitter:label2\" content=\"Est. reading time\" \/>\n\t<meta name=\"twitter:data2\" content=\"1 minute\" \/>\n<script type=\"application\/ld+json\" class=\"yoast-schema-graph\">{\"@context\":\"https:\/\/schema.org\",\"@graph\":[{\"@type\":\"Organization\",\"@id\":\"https:\/\/acefootball.com\/da\/#organization\",\"name\":\"Ace Football\",\"url\":\"https:\/\/acefootball.com\/da\/\",\"sameAs\":[\"https:\/\/www.facebook.com\/acefootballdk\"],\"logo\":{\"@type\":\"ImageObject\",\"@id\":\"https:\/\/acefootball.com\/da\/#logo\",\"inLanguage\":\"en-US\",\"url\":\"https:\/\/acefootball.com\/da\/wp-content\/uploads\/sites\/2\/2020\/07\/Ace-Football-30-07-2020-2.png\",\"contentUrl\":\"https:\/\/acefootball.com\/da\/wp-content\/uploads\/sites\/2\/2020\/07\/Ace-Football-30-07-2020-2.png\",\"width\":1200,\"height\":600,\"caption\":\"Ace Football\"},\"image\":{\"@id\":\"https:\/\/acefootball.com\/da\/#logo\"}},{\"@type\":\"WebSite\",\"@id\":\"https:\/\/acefootball.com\/da\/#website\",\"url\":\"https:\/\/acefootball.com\/da\/\",\"name\":\"Ace Football Danmark\",\"description\":\"Nyheder, Spiltips &amp; Livescore\",\"publisher\":{\"@id\":\"https:\/\/acefootball.com\/da\/#organization\"},\"potentialAction\":[{\"@type\":\"SearchAction\",\"target\":{\"@type\":\"EntryPoint\",\"urlTemplate\":\"https:\/\/acefootball.com\/da\/?s={search_term_string}\"},\"query-input\":\"required name=search_term_string\"}],\"inLanguage\":\"en-US\"},{\"@type\":\"ImageObject\",\"@id\":\"https:\/\/acefootball.com\/da\/fodboldnyheder\/fcm-stjerne-skadet-under-opvarmning-til-foerste-test\/#primaryimage\",\"inLanguage\":\"en-US\",\"url\":\"https:\/\/acefootball.com\/da\/wp-content\/uploads\/sites\/2\/2020\/08\/GettyImages-1214549052.jpg\",\"contentUrl\":\"https:\/\/acefootball.com\/da\/wp-content\/uploads\/sites\/2\/2020\/08\/GettyImages-1214549052.jpg\",\"width\":1024,\"height\":683,\"caption\":\"AALBORG, DENMARK - MAY 22: Evander Ferreira of FC Midtjylland compete for the ball during the friendly match between AaB Aalborg and FC Midtjylland at Aalborg Portland Park on May 22, 2020 in Aalborg, Denmark. (Photo by Jan Christensen \/ FrontzoneSport via Getty Images)\"},{\"@type\":\"WebPage\",\"@id\":\"https:\/\/acefootball.com\/da\/fodboldnyheder\/fcm-stjerne-skadet-under-opvarmning-til-foerste-test\/#webpage\",\"url\":\"https:\/\/acefootball.com\/da\/fodboldnyheder\/fcm-stjerne-skadet-under-opvarmning-til-foerste-test\/\",\"name\":\"FCM-stjerne skadet under opvarmning til f\u00f8rste test\",\"isPartOf\":{\"@id\":\"https:\/\/acefootball.com\/da\/#website\"},\"primaryImageOfPage\":{\"@id\":\"https:\/\/acefootball.com\/da\/fodboldnyheder\/fcm-stjerne-skadet-under-opvarmning-til-foerste-test\/#primaryimage\"},\"datePublished\":\"2020-08-15T18:42:11+00:00\",\"dateModified\":\"2020-08-15T18:43:16+00:00\",\"description\":\"Evander skulle have startet inde i FC Midtjyllands tr\u00e6ningskamp mod Reims, men brasilianeren m\u00e5tte udg\u00e5 af opvarmning\",\"breadcrumb\":{\"@id\":\"https:\/\/acefootball.com\/da\/fodboldnyheder\/fcm-stjerne-skadet-under-opvarmning-til-foerste-test\/#breadcrumb\"},\"inLanguage\":\"en-US\",\"potentialAction\":[{\"@type\":\"ReadAction\",\"target\":[\"https:\/\/acefootball.com\/da\/fodboldnyheder\/fcm-stjerne-skadet-under-opvarmning-til-foerste-test\/\"]}]},{\"@type\":\"BreadcrumbList\",\"@id\":\"https:\/\/acefootball.com\/da\/fodboldnyheder\/fcm-stjerne-skadet-under-opvarmning-til-foerste-test\/#breadcrumb\",\"itemListElement\":[{\"@type\":\"ListItem\",\"position\":1,\"name\":\"Home\",\"item\":\"https:\/\/acefootball.com\/da\/\"},{\"@type\":\"ListItem\",\"position\":2,\"name\":\"FCM-stjerne skadet under opvarmning til f\u00f8rste test\"}]},{\"@type\":\"Article\",\"@id\":\"https:\/\/acefootball.com\/da\/fodboldnyheder\/fcm-stjerne-skadet-under-opvarmning-til-foerste-test\/#article\",\"isPartOf\":{\"@id\":\"https:\/\/acefootball.com\/da\/fodboldnyheder\/fcm-stjerne-skadet-under-opvarmning-til-foerste-test\/#webpage\"},\"author\":{\"@id\":\"https:\/\/acefootball.com\/da\/#\/schema\/person\/ee67e9cf04a276f144100ffa722f10cd\"},\"headline\":\"FCM-stjerne skadet under opvarmning til f\u00f8rste test\",\"datePublished\":\"2020-08-15T18:42:11+00:00\",\"dateModified\":\"2020-08-15T18:43:16+00:00\",\"mainEntityOfPage\":{\"@id\":\"https:\/\/acefootball.com\/da\/fodboldnyheder\/fcm-stjerne-skadet-under-opvarmning-til-foerste-test\/#webpage\"},\"wordCount\":148,\"commentCount\":0,\"publisher\":{\"@id\":\"https:\/\/acefootball.com\/da\/#organization\"},\"image\":{\"@id\":\"https:\/\/acefootball.com\/da\/fodboldnyheder\/fcm-stjerne-skadet-under-opvarmning-til-foerste-test\/#primaryimage\"},\"thumbnailUrl\":\"https:\/\/acefootball.com\/da\/wp-content\/uploads\/sites\/2\/2020\/08\/GettyImages-1214549052.jpg\",\"keywords\":[\"Evander\",\"FC Midtjylland\",\"Superligaen\"],\"articleSection\":[\"Nyhed\"],\"inLanguage\":\"en-US\",\"potentialAction\":[{\"@type\":\"CommentAction\",\"name\":\"Comment\",\"target\":[\"https:\/\/acefootball.com\/da\/fodboldnyheder\/fcm-stjerne-skadet-under-opvarmning-til-foerste-test\/#respond\"]}]},{\"@type\":\"Person\",\"@id\":\"https:\/\/acefootball.com\/da\/#\/schema\/person\/ee67e9cf04a276f144100ffa722f10cd\",\"name\":\"Mads Dreyer\",\"image\":{\"@type\":\"ImageObject\",\"@id\":\"https:\/\/acefootball.com\/da\/#personlogo\",\"inLanguage\":\"en-US\",\"url\":\"https:\/\/secure.gravatar.com\/avatar\/7c7abf72cfde9902b6a60efe60c88d4c?s=96&d=mm&r=g\",\"contentUrl\":\"https:\/\/secure.gravatar.com\/avatar\/7c7abf72cfde9902b6a60efe60c88d4c?s=96&d=mm&r=g\",\"caption\":\"Mads Dreyer\"},\"description\":\"Skribent og fodboldn\u00f8rd, der lige nu fort\u00e6ller om alt og intet i fodboldverdenen p\u00e5 acefootball.com. Uddannet i kommunikation fra Aalborg Universitet.\",\"sameAs\":[\"https:\/\/www.linkedin.com\/in\/mads-dreyer-b9b08266\/\"],\"url\":\"https:\/\/acefootball.com\/da\/fodboldnyheder\/author\/mdnronaldo\/\"}]}<\/script>\n<!-- \/ Yoast SEO plugin. -->","yoast_head_json":{"title":"FCM-stjerne skadet under opvarmning til f\u00f8rste test","description":"Evander skulle have startet inde i FC Midtjyllands tr\u00e6ningskamp mod Reims, men brasilianeren m\u00e5tte udg\u00e5 af opvarmning","robots":{"index":"index","follow":"follow","max-snippet":"max-snippet:-1","max-image-preview":"max-image-preview:large","max-video-preview":"max-video-preview:-1"},"canonical":"https:\/\/acefootball.com\/da\/fodboldnyheder\/fcm-stjerne-skadet-under-opvarmning-til-foerste-test\/","og_locale":"en_US","og_type":"article","og_title":"FCM-stjerne skadet under opvarmning til f\u00f8rste test","og_description":"Evander skulle have startet inde i FC Midtjyllands tr\u00e6ningskamp mod Reims, men brasilianeren m\u00e5tte udg\u00e5 af opvarmning","og_url":"https:\/\/acefootball.com\/da\/fodboldnyheder\/fcm-stjerne-skadet-under-opvarmning-til-foerste-test\/","og_site_name":"Ace Football Danmark","article_publisher":"https:\/\/www.facebook.com\/acefootballdk","article_published_time":"2020-08-15T18:42:11+00:00","article_modified_time":"2020-08-15T18:43:16+00:00","og_image":[{"width":1024,"height":683,"url":"https:\/\/acefootball.com\/da\/wp-content\/uploads\/sites\/2\/2020\/08\/GettyImages-1214549052.jpg","type":"image\/jpeg"}],"twitter_card":"summary_large_image","twitter_misc":{"Written by":"Mads Dreyer","Est. reading time":"1 minute"},"schema":{"@context":"https:\/\/schema.org","@graph":[{"@type":"Organization","@id":"https:\/\/acefootball.com\/da\/#organization","name":"Ace Football","url":"https:\/\/acefootball.com\/da\/","sameAs":["https:\/\/www.facebook.com\/acefootballdk"],"logo":{"@type":"ImageObject","@id":"https:\/\/acefootball.com\/da\/#logo","inLanguage":"en-US","url":"https:\/\/acefootball.com\/da\/wp-content\/uploads\/sites\/2\/2020\/07\/Ace-Football-30-07-2020-2.png","contentUrl":"https:\/\/acefootball.com\/da\/wp-content\/uploads\/sites\/2\/2020\/07\/Ace-Football-30-07-2020-2.png","width":1200,"height":600,"caption":"Ace Football"},"image":{"@id":"https:\/\/acefootball.com\/da\/#logo"}},{"@type":"WebSite","@id":"https:\/\/acefootball.com\/da\/#website","url":"https:\/\/acefootball.com\/da\/","name":"Ace Football Danmark","description":"Nyheder, Spiltips &amp; Livescore","publisher":{"@id":"https:\/\/acefootball.com\/da\/#organization"},"potentialAction":[{"@type":"SearchAction","target":{"@type":"EntryPoint","urlTemplate":"https:\/\/acefootball.com\/da\/?s={search_term_string}"},"query-input":"required name=search_term_string"}],"inLanguage":"en-US"},{"@type":"ImageObject","@id":"https:\/\/acefootball.com\/da\/fodboldnyheder\/fcm-stjerne-skadet-under-opvarmning-til-foerste-test\/#primaryimage","inLanguage":"en-US","url":"https:\/\/acefootball.com\/da\/wp-content\/uploads\/sites\/2\/2020\/08\/GettyImages-1214549052.jpg","contentUrl":"https:\/\/acefootball.com\/da\/wp-content\/uploads\/sites\/2\/2020\/08\/GettyImages-1214549052.jpg","width":1024,"height":683,"caption":"AALBORG, DENMARK - MAY 22: Evander Ferreira of FC Midtjylland compete for the ball during the friendly match between AaB Aalborg and FC Midtjylland at Aalborg Portland Park on May 22, 2020 in Aalborg, Denmark. (Photo by Jan Christensen \/ FrontzoneSport via Getty Images)"},{"@type":"WebPage","@id":"https:\/\/acefootball.com\/da\/fodboldnyheder\/fcm-stjerne-skadet-under-opvarmning-til-foerste-test\/#webpage","url":"https:\/\/acefootball.com\/da\/fodboldnyheder\/fcm-stjerne-skadet-under-opvarmning-til-foerste-test\/","name":"FCM-stjerne skadet under opvarmning til f\u00f8rste test","isPartOf":{"@id":"https:\/\/acefootball.com\/da\/#website"},"primaryImageOfPage":{"@id":"https:\/\/acefootball.com\/da\/fodboldnyheder\/fcm-stjerne-skadet-under-opvarmning-til-foerste-test\/#primaryimage"},"datePublished":"2020-08-15T18:42:11+00:00","dateModified":"2020-08-15T18:43:16+00:00","description":"Evander skulle have startet inde i FC Midtjyllands tr\u00e6ningskamp mod Reims, men brasilianeren m\u00e5tte udg\u00e5 af opvarmning","breadcrumb":{"@id":"https:\/\/acefootball.com\/da\/fodboldnyheder\/fcm-stjerne-skadet-under-opvarmning-til-foerste-test\/#breadcrumb"},"inLanguage":"en-US","potentialAction":[{"@type":"ReadAction","target":["https:\/\/acefootball.com\/da\/fodboldnyheder\/fcm-stjerne-skadet-under-opvarmning-til-foerste-test\/"]}]},{"@type":"BreadcrumbList","@id":"https:\/\/acefootball.com\/da\/fodboldnyheder\/fcm-stjerne-skadet-under-opvarmning-til-foerste-test\/#breadcrumb","itemListElement":[{"@type":"ListItem","position":1,"name":"Home","item":"https:\/\/acefootball.com\/da\/"},{"@type":"ListItem","position":2,"name":"FCM-stjerne skadet under opvarmning til f\u00f8rste test"}]},{"@type":"Article","@id":"https:\/\/acefootball.com\/da\/fodboldnyheder\/fcm-stjerne-skadet-under-opvarmning-til-foerste-test\/#article","isPartOf":{"@id":"https:\/\/acefootball.com\/da\/fodboldnyheder\/fcm-stjerne-skadet-under-opvarmning-til-foerste-test\/#webpage"},"author":{"@id":"https:\/\/acefootball.com\/da\/#\/schema\/person\/ee67e9cf04a276f144100ffa722f10cd"},"headline":"FCM-stjerne skadet under opvarmning til f\u00f8rste test","datePublished":"2020-08-15T18:42:11+00:00","dateModified":"2020-08-15T18:43:16+00:00","mainEntityOfPage":{"@id":"https:\/\/acefootball.com\/da\/fodboldnyheder\/fcm-stjerne-skadet-under-opvarmning-til-foerste-test\/#webpage"},"wordCount":148,"commentCount":0,"publisher":{"@id":"https:\/\/acefootball.com\/da\/#organization"},"image":{"@id":"https:\/\/acefootball.com\/da\/fodboldnyheder\/fcm-stjerne-skadet-under-opvarmning-til-foerste-test\/#primaryimage"},"thumbnailUrl":"https:\/\/acefootball.com\/da\/wp-content\/uploads\/sites\/2\/2020\/08\/GettyImages-1214549052.jpg","keywords":["Evander","FC Midtjylland","Superligaen"],"articleSection":["Nyhed"],"inLanguage":"en-US","potentialAction":[{"@type":"CommentAction","name":"Comment","target":["https:\/\/acefootball.com\/da\/fodboldnyheder\/fcm-stjerne-skadet-under-opvarmning-til-foerste-test\/#respond"]}]},{"@type":"Person","@id":"https:\/\/acefootball.com\/da\/#\/schema\/person\/ee67e9cf04a276f144100ffa722f10cd","name":"Mads Dreyer","image":{"@type":"ImageObject","@id":"https:\/\/acefootball.com\/da\/#personlogo","inLanguage":"en-US","url":"https:\/\/secure.gravatar.com\/avatar\/7c7abf72cfde9902b6a60efe60c88d4c?s=96&d=mm&r=g","contentUrl":"https:\/\/secure.gravatar.com\/avatar\/7c7abf72cfde9902b6a60efe60c88d4c?s=96&d=mm&r=g","caption":"Mads Dreyer"},"description":"Skribent og fodboldn\u00f8rd, der lige nu fort\u00e6ller om alt og intet i fodboldverdenen p\u00e5 acefootball.com. Uddannet i kommunikation fra Aalborg Universitet.","sameAs":["https:\/\/www.linkedin.com\/in\/mads-dreyer-b9b08266\/"],"url":"https:\/\/acefootball.com\/da\/fodboldnyheder\/author\/mdnronaldo\/"}]}},"fimg_url":"https:\/\/acefootball.com\/da\/wp-content\/uploads\/sites\/2\/2020\/08\/GettyImages-1214549052.jpg","_links":{"self":[{"href":"https:\/\/acefootball.com\/da\/wp-json\/wp\/v2\/posts\/234256"}],"collection":[{"href":"https:\/\/acefootball.com\/da\/wp-json\/wp\/v2\/posts"}],"about":[{"href":"https:\/\/acefootball.com\/da\/wp-json\/wp\/v2\/types\/post"}],"author":[{"embeddable":true,"href":"https:\/\/acefootball.com\/da\/wp-json\/wp\/v2\/users\/705"}],"replies":[{"embeddable":true,"href":"https:\/\/acefootball.com\/da\/wp-json\/wp\/v2\/comments?post=234256"}],"version-history":[{"count":0,"href":"https:\/\/acefootball.com\/da\/wp-json\/wp\/v2\/posts\/234256\/revisions"}],"wp:featuredmedia":[{"embeddable":true,"href":"https:\/\/acefootball.com\/da\/wp-json\/wp\/v2\/media\/234258"}],"wp:attachment":[{"href":"https:\/\/acefootball.com\/da\/wp-json\/wp\/v2\/media?parent=234256"}],"wp:term":[{"taxonomy":"category","embeddable":true,"href":"https:\/\/acefootball.com\/da\/wp-json\/wp\/v2\/categories?post=234256"},{"taxonomy":"post_tag","embeddable":true,"href":"https:\/\/acefootball.com\/da\/wp-json\/wp\/v2\/tags?post=234256"}],"curies":[{"name":"wp","href":"https:\/\/api.w.org\/{rel}","templated":true}]}}