{"id":234250,"date":"2020-08-15T20:05:36","date_gmt":"2020-08-15T18:05:36","guid":{"rendered":"https:\/\/acefootball.com\/da\/?p=234250"},"modified":"2020-08-15T20:05:36","modified_gmt":"2020-08-15T18:05:36","slug":"startopstillinger-andersen-baenket-til-city-brag","status":"publish","type":"post","link":"https:\/\/acefootball.com\/da\/fodboldnyheder\/startopstillinger-andersen-baenket-til-city-brag\/","title":{"rendered":"Startopstillinger: Andersen b\u00e6nket til City-brag"},"content":{"rendered":"\n<h2>Manchester City og Olympique Lyon har startopstillingerne klar til aftenens Champions League-kvartfinale, og der er ikke blevet plads til Joachim Andersen<\/h2>\n\n\n\n<div class=\"wp-block-si-widget wp-block-si-widget--center\"><si-lb-widget widget-id=\"MatchInfoWithOdds\" data-nopadding=\"true\" data-card=\"true\" width=\"440\" data-language=\"da\" data-provider=\"mrgreen\" data-event-id=\"3363664\"><\/si-lb-widget><\/div>\n\n\n\n<p>Den sidste semifinalist i \u00e5rets Champions League skal findes i aften, hvor Manchester City m\u00f8der Olympique Lyon.<\/p>\n\n\n\n<p>Det bliver desv\u00e6rre ikke med dansk deltagelse fra start, da franskm\u00e6ndene har valgt at b\u00e6nke Joachim Andersen.<\/p>\n\n\n\n<p>Hos Manchester City er der ikke mange overraskelser, udover at Eric Garc\u00eda, der ikke \u00f8nsker at forl\u00e6nge sin kontrakt, har f\u00e5et en startplads i midterforsvaret.<\/p>\n\n\n\n<p>Du kan se begge startopstillinger herunder.<\/p>\n\n\n\n<figure class=\"wp-block-embed-twitter wp-block-embed is-type-rich is-provider-twitter\"><div class=\"wp-block-embed__wrapper\">\n<blockquote class=\"twitter-tweet\" data-width=\"550\" data-dnt=\"true\"><p lang=\"en\" dir=\"ltr\">Here&#39;s how we line-up tonight! \ud83d\udc4a<br><br>STARTING XI | Ederson, Walker, Garcia, Laporte, Cancelo, Fernandinho (C), Rodrigo, Gundogan, De Bruyne, Sterling, Jesus<br><br>\ud83d\udd35 <a href=\"https:\/\/twitter.com\/hashtag\/ManCity?src=hash&amp;ref_src=twsrc%5Etfw\">#ManCity<\/a> | <a href=\"https:\/\/t.co\/axa0klD5re\">https:\/\/t.co\/axa0klD5re<\/a> <a href=\"https:\/\/t.co\/pZKLKukBCj\">pic.twitter.com\/pZKLKukBCj<\/a><\/p>&mdash; Manchester City (@ManCity) <a href=\"https:\/\/twitter.com\/ManCity\/status\/1294691621687222273?ref_src=twsrc%5Etfw\">August 15, 2020<\/a><\/blockquote><script async src=\"https:\/\/platform.twitter.com\/widgets.js\" charset=\"utf-8\"><\/script>\n<\/div><\/figure>\n\n\n\n<figure class=\"wp-block-embed-twitter wp-block-embed is-type-rich is-provider-twitter\"><div class=\"wp-block-embed__wrapper\">\n<blockquote class=\"twitter-tweet\" data-width=\"550\" data-dnt=\"true\"><p lang=\"fr\" dir=\"ltr\">La composition de notre \u00e9quipe pour le quart de finale de <a href=\"https:\/\/twitter.com\/ChampionsLeague?ref_src=twsrc%5Etfw\">@ChampionsLeague<\/a> ! \ud83d\udc4a\ud83d\udd34\ud83d\udd35 <a href=\"https:\/\/twitter.com\/hashtag\/ManCityOL?src=hash&amp;ref_src=twsrc%5Etfw\">#ManCityOL<\/a> <a href=\"https:\/\/t.co\/76wHa4kAOO\">pic.twitter.com\/76wHa4kAOO<\/a><\/p>&mdash; Olympique Lyonnais (@OL) <a href=\"https:\/\/twitter.com\/OL\/status\/1294692815763582981?ref_src=twsrc%5Etfw\">August 15, 2020<\/a><\/blockquote><script async src=\"https:\/\/platform.twitter.com\/widgets.js\" charset=\"utf-8\"><\/script>\n<\/div><\/figure>\n\n\n\n<p>Hvis du tror p\u00e5 en sejr til storfavoritterne, er der gode odds at hente hos Betfair, der giver 2.00 p\u00e5 Manchester City. Klik herunder for at l\u00e6se mere.<\/p>\n\n\n\n<figure class=\"wp-block-embed-wordpress wp-block-embed is-type-wp-embed is-provider-ace-football-danmark\"><div class=\"wp-block-embed__wrapper\">\n<blockquote class=\"wp-embedded-content\" data-secret=\"5N3ICsRf3b\"><a href=\"https:\/\/acefootball.com\/da\/fodboldnyheder\/dobbelt-op-paa-city-faa-odds-2-guardiola-og-co\/\">Dobbelt op p\u00e5 City: F\u00e5 odds 2.00 p\u00e5 Guardiola og co.<\/a><\/blockquote><iframe class=\"wp-embedded-content\" sandbox=\"allow-scripts\" security=\"restricted\" style=\"position: absolute; clip: rect(1px, 1px, 1px, 1px);\" title=\"&#8220;Dobbelt op p\u00e5 City: F\u00e5 odds 2.00 p\u00e5 Guardiola og co.&#8221; &#8212; Ace Football Danmark\" src=\"https:\/\/acefootball.com\/da\/fodboldnyheder\/dobbelt-op-paa-city-faa-odds-2-guardiola-og-co\/embed\/#?secret=5N3ICsRf3b\" data-secret=\"5N3ICsRf3b\" width=\"600\" height=\"338\" frameborder=\"0\" marginwidth=\"0\" marginheight=\"0\" scrolling=\"no\"><\/iframe>\n<\/div><\/figure>\n","protected":false},"excerpt":{"rendered":"<p>Manchester City og Olympique Lyon har startopstillingerne klar til aftenens Champions League-kvartfinale, og der er ikke blevet plads til Joachim Andersen<\/p>\n","protected":false},"author":705,"featured_media":234255,"comment_status":"open","ping_status":"closed","sticky":false,"template":"","format":"standard","meta":{"om_disable_all_campaigns":false,"push_articles_ronaldo":{"active":false,"canonical":0,"publish":false},"force_updates":null},"categories":[8062],"tags":[206,44,4315],"enet_tags":{"league":["42"],"team":["8456","9748"],"sport_events":[3363664]},"yoast_head":"<!-- This site is optimized with the Yoast SEO plugin v18.3 - https:\/\/yoast.com\/wordpress\/plugins\/seo\/ -->\n<title>Startopstillinger: Andersen b\u00e6nket til City-brag<\/title>\n<meta name=\"description\" content=\"Manchester City og Lyon har startopstillingerne klar til aftenens Champions League-m\u00f8de, og der er ikke blevet plads til Joachim Andersen\" \/>\n<meta name=\"robots\" content=\"index, follow, max-snippet:-1, max-image-preview:large, max-video-preview:-1\" \/>\n<link rel=\"canonical\" href=\"https:\/\/acefootball.com\/da\/fodboldnyheder\/startopstillinger-andersen-baenket-til-city-brag\/\" \/>\n<meta property=\"og:locale\" content=\"en_US\" \/>\n<meta property=\"og:type\" content=\"article\" \/>\n<meta property=\"og:title\" content=\"Startopstillinger: Andersen b\u00e6nket til City-brag\" \/>\n<meta property=\"og:description\" content=\"Manchester City og Lyon har startopstillingerne klar til aftenens Champions League-m\u00f8de, og der er ikke blevet plads til Joachim Andersen\" \/>\n<meta property=\"og:url\" content=\"https:\/\/acefootball.com\/da\/fodboldnyheder\/startopstillinger-andersen-baenket-til-city-brag\/\" \/>\n<meta property=\"og:site_name\" content=\"Ace Football Danmark\" \/>\n<meta property=\"article:publisher\" content=\"https:\/\/www.facebook.com\/acefootballdk\" \/>\n<meta property=\"article:published_time\" content=\"2020-08-15T18:05:36+00:00\" \/>\n<meta property=\"og:image\" content=\"https:\/\/acefootball.com\/da\/wp-content\/uploads\/sites\/2\/2020\/08\/GettyImages-1266329503.jpg\" \/>\n\t<meta property=\"og:image:width\" content=\"1024\" \/>\n\t<meta property=\"og:image:height\" content=\"763\" \/>\n\t<meta property=\"og:image:type\" content=\"image\/jpeg\" \/>\n<meta name=\"twitter:card\" content=\"summary_large_image\" \/>\n<meta name=\"twitter:label1\" content=\"Written by\" \/>\n\t<meta name=\"twitter:data1\" content=\"Mads Dreyer\" \/>\n\t<meta name=\"twitter:label2\" content=\"Est. reading time\" \/>\n\t<meta name=\"twitter:data2\" content=\"1 minute\" \/>\n<script type=\"application\/ld+json\" class=\"yoast-schema-graph\">{\"@context\":\"https:\/\/schema.org\",\"@graph\":[{\"@type\":\"Organization\",\"@id\":\"https:\/\/acefootball.com\/da\/#organization\",\"name\":\"Ace Football\",\"url\":\"https:\/\/acefootball.com\/da\/\",\"sameAs\":[\"https:\/\/www.facebook.com\/acefootballdk\"],\"logo\":{\"@type\":\"ImageObject\",\"@id\":\"https:\/\/acefootball.com\/da\/#logo\",\"inLanguage\":\"en-US\",\"url\":\"https:\/\/acefootball.com\/da\/wp-content\/uploads\/sites\/2\/2020\/07\/Ace-Football-30-07-2020-2.png\",\"contentUrl\":\"https:\/\/acefootball.com\/da\/wp-content\/uploads\/sites\/2\/2020\/07\/Ace-Football-30-07-2020-2.png\",\"width\":1200,\"height\":600,\"caption\":\"Ace Football\"},\"image\":{\"@id\":\"https:\/\/acefootball.com\/da\/#logo\"}},{\"@type\":\"WebSite\",\"@id\":\"https:\/\/acefootball.com\/da\/#website\",\"url\":\"https:\/\/acefootball.com\/da\/\",\"name\":\"Ace Football Danmark\",\"description\":\"Nyheder, Spiltips &amp; Livescore\",\"publisher\":{\"@id\":\"https:\/\/acefootball.com\/da\/#organization\"},\"potentialAction\":[{\"@type\":\"SearchAction\",\"target\":{\"@type\":\"EntryPoint\",\"urlTemplate\":\"https:\/\/acefootball.com\/da\/?s={search_term_string}\"},\"query-input\":\"required name=search_term_string\"}],\"inLanguage\":\"en-US\"},{\"@type\":\"ImageObject\",\"@id\":\"https:\/\/acefootball.com\/da\/fodboldnyheder\/startopstillinger-andersen-baenket-til-city-brag\/#primaryimage\",\"inLanguage\":\"en-US\",\"url\":\"https:\/\/acefootball.com\/da\/wp-content\/uploads\/sites\/2\/2020\/08\/GettyImages-1266329503.jpg\",\"contentUrl\":\"https:\/\/acefootball.com\/da\/wp-content\/uploads\/sites\/2\/2020\/08\/GettyImages-1266329503.jpg\",\"width\":1024,\"height\":763,\"caption\":\"LISBON, PORTUGAL - AUGUST 14: Joachim Andersen of Olympique Lyon in action during the Olympique Lyonnais Training Session ahead of the UEFA Champions League match between Manchester City and Olympique Lyonnais at Estadio Jose Alvalade on August 14, 2020 in Lisbon, Portugal. (Photo by Miguel A. Lopes\/Pool via Getty Images)\"},{\"@type\":\"WebPage\",\"@id\":\"https:\/\/acefootball.com\/da\/fodboldnyheder\/startopstillinger-andersen-baenket-til-city-brag\/#webpage\",\"url\":\"https:\/\/acefootball.com\/da\/fodboldnyheder\/startopstillinger-andersen-baenket-til-city-brag\/\",\"name\":\"Startopstillinger: Andersen b\u00e6nket til City-brag\",\"isPartOf\":{\"@id\":\"https:\/\/acefootball.com\/da\/#website\"},\"primaryImageOfPage\":{\"@id\":\"https:\/\/acefootball.com\/da\/fodboldnyheder\/startopstillinger-andersen-baenket-til-city-brag\/#primaryimage\"},\"datePublished\":\"2020-08-15T18:05:36+00:00\",\"dateModified\":\"2020-08-15T18:05:36+00:00\",\"description\":\"Manchester City og Lyon har startopstillingerne klar til aftenens Champions League-m\u00f8de, og der er ikke blevet plads til Joachim Andersen\",\"breadcrumb\":{\"@id\":\"https:\/\/acefootball.com\/da\/fodboldnyheder\/startopstillinger-andersen-baenket-til-city-brag\/#breadcrumb\"},\"inLanguage\":\"en-US\",\"potentialAction\":[{\"@type\":\"ReadAction\",\"target\":[\"https:\/\/acefootball.com\/da\/fodboldnyheder\/startopstillinger-andersen-baenket-til-city-brag\/\"]}]},{\"@type\":\"BreadcrumbList\",\"@id\":\"https:\/\/acefootball.com\/da\/fodboldnyheder\/startopstillinger-andersen-baenket-til-city-brag\/#breadcrumb\",\"itemListElement\":[{\"@type\":\"ListItem\",\"position\":1,\"name\":\"Home\",\"item\":\"https:\/\/acefootball.com\/da\/\"},{\"@type\":\"ListItem\",\"position\":2,\"name\":\"Startopstillinger: Andersen b\u00e6nket til City-brag\"}]},{\"@type\":\"Article\",\"@id\":\"https:\/\/acefootball.com\/da\/fodboldnyheder\/startopstillinger-andersen-baenket-til-city-brag\/#article\",\"isPartOf\":{\"@id\":\"https:\/\/acefootball.com\/da\/fodboldnyheder\/startopstillinger-andersen-baenket-til-city-brag\/#webpage\"},\"author\":{\"@id\":\"https:\/\/acefootball.com\/da\/#\/schema\/person\/ee67e9cf04a276f144100ffa722f10cd\"},\"headline\":\"Startopstillinger: Andersen b\u00e6nket til City-brag\",\"datePublished\":\"2020-08-15T18:05:36+00:00\",\"dateModified\":\"2020-08-15T18:05:36+00:00\",\"mainEntityOfPage\":{\"@id\":\"https:\/\/acefootball.com\/da\/fodboldnyheder\/startopstillinger-andersen-baenket-til-city-brag\/#webpage\"},\"wordCount\":144,\"commentCount\":0,\"publisher\":{\"@id\":\"https:\/\/acefootball.com\/da\/#organization\"},\"image\":{\"@id\":\"https:\/\/acefootball.com\/da\/fodboldnyheder\/startopstillinger-andersen-baenket-til-city-brag\/#primaryimage\"},\"thumbnailUrl\":\"https:\/\/acefootball.com\/da\/wp-content\/uploads\/sites\/2\/2020\/08\/GettyImages-1266329503.jpg\",\"keywords\":[\"Champions League\",\"Manchester City\",\"Olympique Lyon\"],\"articleSection\":[\"Kamp\"],\"inLanguage\":\"en-US\",\"potentialAction\":[{\"@type\":\"CommentAction\",\"name\":\"Comment\",\"target\":[\"https:\/\/acefootball.com\/da\/fodboldnyheder\/startopstillinger-andersen-baenket-til-city-brag\/#respond\"]}]},{\"@type\":\"Person\",\"@id\":\"https:\/\/acefootball.com\/da\/#\/schema\/person\/ee67e9cf04a276f144100ffa722f10cd\",\"name\":\"Mads Dreyer\",\"image\":{\"@type\":\"ImageObject\",\"@id\":\"https:\/\/acefootball.com\/da\/#personlogo\",\"inLanguage\":\"en-US\",\"url\":\"https:\/\/secure.gravatar.com\/avatar\/7c7abf72cfde9902b6a60efe60c88d4c?s=96&d=mm&r=g\",\"contentUrl\":\"https:\/\/secure.gravatar.com\/avatar\/7c7abf72cfde9902b6a60efe60c88d4c?s=96&d=mm&r=g\",\"caption\":\"Mads Dreyer\"},\"description\":\"Skribent og fodboldn\u00f8rd, der lige nu fort\u00e6ller om alt og intet i fodboldverdenen p\u00e5 acefootball.com. Uddannet i kommunikation fra Aalborg Universitet.\",\"sameAs\":[\"https:\/\/www.linkedin.com\/in\/mads-dreyer-b9b08266\/\"],\"url\":\"https:\/\/acefootball.com\/da\/fodboldnyheder\/author\/mdnronaldo\/\"}]}<\/script>\n<!-- \/ Yoast SEO plugin. -->","yoast_head_json":{"title":"Startopstillinger: Andersen b\u00e6nket til City-brag","description":"Manchester City og Lyon har startopstillingerne klar til aftenens Champions League-m\u00f8de, og der er ikke blevet plads til Joachim Andersen","robots":{"index":"index","follow":"follow","max-snippet":"max-snippet:-1","max-image-preview":"max-image-preview:large","max-video-preview":"max-video-preview:-1"},"canonical":"https:\/\/acefootball.com\/da\/fodboldnyheder\/startopstillinger-andersen-baenket-til-city-brag\/","og_locale":"en_US","og_type":"article","og_title":"Startopstillinger: Andersen b\u00e6nket til City-brag","og_description":"Manchester City og Lyon har startopstillingerne klar til aftenens Champions League-m\u00f8de, og der er ikke blevet plads til Joachim Andersen","og_url":"https:\/\/acefootball.com\/da\/fodboldnyheder\/startopstillinger-andersen-baenket-til-city-brag\/","og_site_name":"Ace Football Danmark","article_publisher":"https:\/\/www.facebook.com\/acefootballdk","article_published_time":"2020-08-15T18:05:36+00:00","og_image":[{"width":1024,"height":763,"url":"https:\/\/acefootball.com\/da\/wp-content\/uploads\/sites\/2\/2020\/08\/GettyImages-1266329503.jpg","type":"image\/jpeg"}],"twitter_card":"summary_large_image","twitter_misc":{"Written by":"Mads Dreyer","Est. reading time":"1 minute"},"schema":{"@context":"https:\/\/schema.org","@graph":[{"@type":"Organization","@id":"https:\/\/acefootball.com\/da\/#organization","name":"Ace Football","url":"https:\/\/acefootball.com\/da\/","sameAs":["https:\/\/www.facebook.com\/acefootballdk"],"logo":{"@type":"ImageObject","@id":"https:\/\/acefootball.com\/da\/#logo","inLanguage":"en-US","url":"https:\/\/acefootball.com\/da\/wp-content\/uploads\/sites\/2\/2020\/07\/Ace-Football-30-07-2020-2.png","contentUrl":"https:\/\/acefootball.com\/da\/wp-content\/uploads\/sites\/2\/2020\/07\/Ace-Football-30-07-2020-2.png","width":1200,"height":600,"caption":"Ace Football"},"image":{"@id":"https:\/\/acefootball.com\/da\/#logo"}},{"@type":"WebSite","@id":"https:\/\/acefootball.com\/da\/#website","url":"https:\/\/acefootball.com\/da\/","name":"Ace Football Danmark","description":"Nyheder, Spiltips &amp; Livescore","publisher":{"@id":"https:\/\/acefootball.com\/da\/#organization"},"potentialAction":[{"@type":"SearchAction","target":{"@type":"EntryPoint","urlTemplate":"https:\/\/acefootball.com\/da\/?s={search_term_string}"},"query-input":"required name=search_term_string"}],"inLanguage":"en-US"},{"@type":"ImageObject","@id":"https:\/\/acefootball.com\/da\/fodboldnyheder\/startopstillinger-andersen-baenket-til-city-brag\/#primaryimage","inLanguage":"en-US","url":"https:\/\/acefootball.com\/da\/wp-content\/uploads\/sites\/2\/2020\/08\/GettyImages-1266329503.jpg","contentUrl":"https:\/\/acefootball.com\/da\/wp-content\/uploads\/sites\/2\/2020\/08\/GettyImages-1266329503.jpg","width":1024,"height":763,"caption":"LISBON, PORTUGAL - AUGUST 14: Joachim Andersen of Olympique Lyon in action during the Olympique Lyonnais Training Session ahead of the UEFA Champions League match between Manchester City and Olympique Lyonnais at Estadio Jose Alvalade on August 14, 2020 in Lisbon, Portugal. (Photo by Miguel A. Lopes\/Pool via Getty Images)"},{"@type":"WebPage","@id":"https:\/\/acefootball.com\/da\/fodboldnyheder\/startopstillinger-andersen-baenket-til-city-brag\/#webpage","url":"https:\/\/acefootball.com\/da\/fodboldnyheder\/startopstillinger-andersen-baenket-til-city-brag\/","name":"Startopstillinger: Andersen b\u00e6nket til City-brag","isPartOf":{"@id":"https:\/\/acefootball.com\/da\/#website"},"primaryImageOfPage":{"@id":"https:\/\/acefootball.com\/da\/fodboldnyheder\/startopstillinger-andersen-baenket-til-city-brag\/#primaryimage"},"datePublished":"2020-08-15T18:05:36+00:00","dateModified":"2020-08-15T18:05:36+00:00","description":"Manchester City og Lyon har startopstillingerne klar til aftenens Champions League-m\u00f8de, og der er ikke blevet plads til Joachim Andersen","breadcrumb":{"@id":"https:\/\/acefootball.com\/da\/fodboldnyheder\/startopstillinger-andersen-baenket-til-city-brag\/#breadcrumb"},"inLanguage":"en-US","potentialAction":[{"@type":"ReadAction","target":["https:\/\/acefootball.com\/da\/fodboldnyheder\/startopstillinger-andersen-baenket-til-city-brag\/"]}]},{"@type":"BreadcrumbList","@id":"https:\/\/acefootball.com\/da\/fodboldnyheder\/startopstillinger-andersen-baenket-til-city-brag\/#breadcrumb","itemListElement":[{"@type":"ListItem","position":1,"name":"Home","item":"https:\/\/acefootball.com\/da\/"},{"@type":"ListItem","position":2,"name":"Startopstillinger: Andersen b\u00e6nket til City-brag"}]},{"@type":"Article","@id":"https:\/\/acefootball.com\/da\/fodboldnyheder\/startopstillinger-andersen-baenket-til-city-brag\/#article","isPartOf":{"@id":"https:\/\/acefootball.com\/da\/fodboldnyheder\/startopstillinger-andersen-baenket-til-city-brag\/#webpage"},"author":{"@id":"https:\/\/acefootball.com\/da\/#\/schema\/person\/ee67e9cf04a276f144100ffa722f10cd"},"headline":"Startopstillinger: Andersen b\u00e6nket til City-brag","datePublished":"2020-08-15T18:05:36+00:00","dateModified":"2020-08-15T18:05:36+00:00","mainEntityOfPage":{"@id":"https:\/\/acefootball.com\/da\/fodboldnyheder\/startopstillinger-andersen-baenket-til-city-brag\/#webpage"},"wordCount":144,"commentCount":0,"publisher":{"@id":"https:\/\/acefootball.com\/da\/#organization"},"image":{"@id":"https:\/\/acefootball.com\/da\/fodboldnyheder\/startopstillinger-andersen-baenket-til-city-brag\/#primaryimage"},"thumbnailUrl":"https:\/\/acefootball.com\/da\/wp-content\/uploads\/sites\/2\/2020\/08\/GettyImages-1266329503.jpg","keywords":["Champions League","Manchester City","Olympique Lyon"],"articleSection":["Kamp"],"inLanguage":"en-US","potentialAction":[{"@type":"CommentAction","name":"Comment","target":["https:\/\/acefootball.com\/da\/fodboldnyheder\/startopstillinger-andersen-baenket-til-city-brag\/#respond"]}]},{"@type":"Person","@id":"https:\/\/acefootball.com\/da\/#\/schema\/person\/ee67e9cf04a276f144100ffa722f10cd","name":"Mads Dreyer","image":{"@type":"ImageObject","@id":"https:\/\/acefootball.com\/da\/#personlogo","inLanguage":"en-US","url":"https:\/\/secure.gravatar.com\/avatar\/7c7abf72cfde9902b6a60efe60c88d4c?s=96&d=mm&r=g","contentUrl":"https:\/\/secure.gravatar.com\/avatar\/7c7abf72cfde9902b6a60efe60c88d4c?s=96&d=mm&r=g","caption":"Mads Dreyer"},"description":"Skribent og fodboldn\u00f8rd, der lige nu fort\u00e6ller om alt og intet i fodboldverdenen p\u00e5 acefootball.com. Uddannet i kommunikation fra Aalborg Universitet.","sameAs":["https:\/\/www.linkedin.com\/in\/mads-dreyer-b9b08266\/"],"url":"https:\/\/acefootball.com\/da\/fodboldnyheder\/author\/mdnronaldo\/"}]}},"fimg_url":"https:\/\/acefootball.com\/da\/wp-content\/uploads\/sites\/2\/2020\/08\/GettyImages-1266329503.jpg","_links":{"self":[{"href":"https:\/\/acefootball.com\/da\/wp-json\/wp\/v2\/posts\/234250"}],"collection":[{"href":"https:\/\/acefootball.com\/da\/wp-json\/wp\/v2\/posts"}],"about":[{"href":"https:\/\/acefootball.com\/da\/wp-json\/wp\/v2\/types\/post"}],"author":[{"embeddable":true,"href":"https:\/\/acefootball.com\/da\/wp-json\/wp\/v2\/users\/705"}],"replies":[{"embeddable":true,"href":"https:\/\/acefootball.com\/da\/wp-json\/wp\/v2\/comments?post=234250"}],"version-history":[{"count":0,"href":"https:\/\/acefootball.com\/da\/wp-json\/wp\/v2\/posts\/234250\/revisions"}],"wp:featuredmedia":[{"embeddable":true,"href":"https:\/\/acefootball.com\/da\/wp-json\/wp\/v2\/media\/234255"}],"wp:attachment":[{"href":"https:\/\/acefootball.com\/da\/wp-json\/wp\/v2\/media?parent=234250"}],"wp:term":[{"taxonomy":"category","embeddable":true,"href":"https:\/\/acefootball.com\/da\/wp-json\/wp\/v2\/categories?post=234250"},{"taxonomy":"post_tag","embeddable":true,"href":"https:\/\/acefootball.com\/da\/wp-json\/wp\/v2\/tags?post=234250"}],"curies":[{"name":"wp","href":"https:\/\/api.w.org\/{rel}","templated":true}]}}