{"id":234247,"date":"2020-08-15T20:22:10","date_gmt":"2020-08-15T18:22:10","guid":{"rendered":"https:\/\/acefootball.com\/da\/?p=234247"},"modified":"2020-08-15T20:06:14","modified_gmt":"2020-08-15T18:06:14","slug":"medie-zidane-sender-nyindkoeb-paa-leje-i-dortmund","status":"publish","type":"post","link":"https:\/\/acefootball.com\/da\/fodboldnyheder\/medie-zidane-sender-nyindkoeb-paa-leje-i-dortmund\/","title":{"rendered":"Medie: Zidane sender nyindk\u00f8b p\u00e5 leje i Dortmund"},"content":{"rendered":"\n<h2>Real Madrid hentede i januar Reinier i Flamengo, og nu meldes den 18-\u00e5rige brasilianer p\u00e5 vej mod en lejeaftale i Borussia Dortmund<\/h2>\n\n\n\n<p>Der har v\u00e6ret godt gang i de brasilianske indk\u00f8b i Real Madrid de seneste s\u00e6soner, hvor spillere som Vinicius Jr. og Rodrygo allerede har gjort deres indtog i hovedstaden.<\/p>\n\n\n\n<p>I januar kom endnu en landsmand til Madrid i form af 18-\u00e5rige Reinier, som Zinedine Zidane endnu ikke har givet debut p\u00e5 f\u00f8rsteholdet, og if\u00f8lge <a href=\"https:\/\/www.marca.com\/en\/football\/real-madrid\/2020\/08\/15\/5f37b123268e3e3e268b4567.html\" target=\"_blank\" rel=\"noreferrer noopener\">Marca <\/a>m\u00e5 brasilianeren vente lidt endnu.<\/p>\n\n\n\n<p>Det spanske medie skriver nemlig, at Reinier er p\u00e5 vej mod en lejeaftale i Borussia Dortmund for hele den kommende s\u00e6son, mens der er option p\u00e5 et \u00e5r yderligere.<\/p>\n\n\n\n<figure class=\"wp-block-embed-youtube wp-block-embed is-type-video is-provider-youtube wp-embed-aspect-16-9 wp-has-aspect-ratio\"><div class=\"wp-block-embed__wrapper\">\n<iframe loading=\"lazy\" title=\"Reinier Jesus \u25cf Welcome to Borussia Dortmund \u25cf 2020 \u25fc\ud83d\udd36\" width=\"640\" height=\"360\" src=\"https:\/\/www.youtube.com\/embed\/68na8-H72mE?feature=oembed\" frameborder=\"0\" allow=\"accelerometer; autoplay; encrypted-media; gyroscope; picture-in-picture\" allowfullscreen><\/iframe>\n<\/div><\/figure>\n\n\n\n<p>Real Madrid har senest haft stor succes med at sende Achraf Hakimi to \u00e5r til Dortmund, og derfor ser man den tyske storklub som en god samarbejdspartner p\u00e5 den front.<\/p>\n\n\n\n<p>Reinier kostede den spanske kongeklub 225 millioner.<\/p>\n","protected":false},"excerpt":{"rendered":"<p>Real Madrid hentede i januar Reinier i Flamengo, og nu meldes den 18-\u00e5rige brasilianer p\u00e5 vej mod en lejeaftale i Borussia Dortmund<\/p>\n","protected":false},"author":705,"featured_media":234249,"comment_status":"open","ping_status":"closed","sticky":false,"template":"","format":"standard","meta":{"om_disable_all_campaigns":false,"push_articles_ronaldo":{"active":false,"canonical":0,"publish":false},"force_updates":null},"categories":[7],"tags":[142,143,303,85,8027],"enet_tags":{"team":["9789","8633"],"league":["54","87"],"player":["1075046"],"sport_events":[]},"yoast_head":"<!-- This site is optimized with the Yoast SEO plugin v18.3 - https:\/\/yoast.com\/wordpress\/plugins\/seo\/ -->\n<title>Medie: Zidane sender nyindk\u00f8b p\u00e5 leje i Dortmund<\/title>\n<meta name=\"description\" content=\"Real Madrid hentede i januar Reinier i Flamengo, og nu meldes den 18-\u00e5rige brasilianer p\u00e5 vej mod en lejeaftale i Borussia Dortmund\" \/>\n<meta name=\"robots\" content=\"index, follow, max-snippet:-1, max-image-preview:large, max-video-preview:-1\" \/>\n<link rel=\"canonical\" href=\"https:\/\/acefootball.com\/da\/fodboldnyheder\/medie-zidane-sender-nyindkoeb-paa-leje-i-dortmund\/\" \/>\n<meta property=\"og:locale\" content=\"en_US\" \/>\n<meta property=\"og:type\" content=\"article\" \/>\n<meta property=\"og:title\" content=\"Medie: Zidane sender nyindk\u00f8b p\u00e5 leje i Dortmund\" \/>\n<meta property=\"og:description\" content=\"Real Madrid hentede i januar Reinier i Flamengo, og nu meldes den 18-\u00e5rige brasilianer p\u00e5 vej mod en lejeaftale i Borussia Dortmund\" \/>\n<meta property=\"og:url\" content=\"https:\/\/acefootball.com\/da\/fodboldnyheder\/medie-zidane-sender-nyindkoeb-paa-leje-i-dortmund\/\" \/>\n<meta property=\"og:site_name\" content=\"Ace Football Danmark\" \/>\n<meta property=\"article:publisher\" content=\"https:\/\/www.facebook.com\/acefootballdk\" \/>\n<meta property=\"article:published_time\" content=\"2020-08-15T18:22:10+00:00\" \/>\n<meta property=\"article:modified_time\" content=\"2020-08-15T18:06:14+00:00\" \/>\n<meta property=\"og:image\" content=\"https:\/\/acefootball.com\/da\/wp-content\/uploads\/sites\/2\/2020\/08\/GettyImages-1251962551.jpg\" \/>\n\t<meta property=\"og:image:width\" content=\"1024\" \/>\n\t<meta property=\"og:image:height\" content=\"692\" \/>\n\t<meta property=\"og:image:type\" content=\"image\/jpeg\" \/>\n<meta name=\"twitter:card\" content=\"summary_large_image\" \/>\n<meta name=\"twitter:label1\" content=\"Written by\" \/>\n\t<meta name=\"twitter:data1\" content=\"Mads Dreyer\" \/>\n\t<meta name=\"twitter:label2\" content=\"Est. reading time\" \/>\n\t<meta name=\"twitter:data2\" content=\"1 minute\" \/>\n<script type=\"application\/ld+json\" class=\"yoast-schema-graph\">{\"@context\":\"https:\/\/schema.org\",\"@graph\":[{\"@type\":\"Organization\",\"@id\":\"https:\/\/acefootball.com\/da\/#organization\",\"name\":\"Ace Football\",\"url\":\"https:\/\/acefootball.com\/da\/\",\"sameAs\":[\"https:\/\/www.facebook.com\/acefootballdk\"],\"logo\":{\"@type\":\"ImageObject\",\"@id\":\"https:\/\/acefootball.com\/da\/#logo\",\"inLanguage\":\"en-US\",\"url\":\"https:\/\/acefootball.com\/da\/wp-content\/uploads\/sites\/2\/2020\/07\/Ace-Football-30-07-2020-2.png\",\"contentUrl\":\"https:\/\/acefootball.com\/da\/wp-content\/uploads\/sites\/2\/2020\/07\/Ace-Football-30-07-2020-2.png\",\"width\":1200,\"height\":600,\"caption\":\"Ace Football\"},\"image\":{\"@id\":\"https:\/\/acefootball.com\/da\/#logo\"}},{\"@type\":\"WebSite\",\"@id\":\"https:\/\/acefootball.com\/da\/#website\",\"url\":\"https:\/\/acefootball.com\/da\/\",\"name\":\"Ace Football Danmark\",\"description\":\"Nyheder, Spiltips &amp; Livescore\",\"publisher\":{\"@id\":\"https:\/\/acefootball.com\/da\/#organization\"},\"potentialAction\":[{\"@type\":\"SearchAction\",\"target\":{\"@type\":\"EntryPoint\",\"urlTemplate\":\"https:\/\/acefootball.com\/da\/?s={search_term_string}\"},\"query-input\":\"required name=search_term_string\"}],\"inLanguage\":\"en-US\"},{\"@type\":\"ImageObject\",\"@id\":\"https:\/\/acefootball.com\/da\/fodboldnyheder\/medie-zidane-sender-nyindkoeb-paa-leje-i-dortmund\/#primaryimage\",\"inLanguage\":\"en-US\",\"url\":\"https:\/\/acefootball.com\/da\/wp-content\/uploads\/sites\/2\/2020\/08\/GettyImages-1251962551.jpg\",\"contentUrl\":\"https:\/\/acefootball.com\/da\/wp-content\/uploads\/sites\/2\/2020\/08\/GettyImages-1251962551.jpg\",\"width\":1024,\"height\":692,\"caption\":\"MADRID, SPAIN - JUNE 24: Zinedine Zidane , Manger of Real Madrid encourages his players during the Liga match between Real Madrid CF and RCD Mallorca at Estadio Alfredo Di Stefano on June 24, 2020 in Madrid, Spain. (Photo by Gonzalo Arroyo Moreno\/Getty Images)\"},{\"@type\":\"WebPage\",\"@id\":\"https:\/\/acefootball.com\/da\/fodboldnyheder\/medie-zidane-sender-nyindkoeb-paa-leje-i-dortmund\/#webpage\",\"url\":\"https:\/\/acefootball.com\/da\/fodboldnyheder\/medie-zidane-sender-nyindkoeb-paa-leje-i-dortmund\/\",\"name\":\"Medie: Zidane sender nyindk\u00f8b p\u00e5 leje i Dortmund\",\"isPartOf\":{\"@id\":\"https:\/\/acefootball.com\/da\/#website\"},\"primaryImageOfPage\":{\"@id\":\"https:\/\/acefootball.com\/da\/fodboldnyheder\/medie-zidane-sender-nyindkoeb-paa-leje-i-dortmund\/#primaryimage\"},\"datePublished\":\"2020-08-15T18:22:10+00:00\",\"dateModified\":\"2020-08-15T18:06:14+00:00\",\"description\":\"Real Madrid hentede i januar Reinier i Flamengo, og nu meldes den 18-\u00e5rige brasilianer p\u00e5 vej mod en lejeaftale i Borussia Dortmund\",\"breadcrumb\":{\"@id\":\"https:\/\/acefootball.com\/da\/fodboldnyheder\/medie-zidane-sender-nyindkoeb-paa-leje-i-dortmund\/#breadcrumb\"},\"inLanguage\":\"en-US\",\"potentialAction\":[{\"@type\":\"ReadAction\",\"target\":[\"https:\/\/acefootball.com\/da\/fodboldnyheder\/medie-zidane-sender-nyindkoeb-paa-leje-i-dortmund\/\"]}]},{\"@type\":\"BreadcrumbList\",\"@id\":\"https:\/\/acefootball.com\/da\/fodboldnyheder\/medie-zidane-sender-nyindkoeb-paa-leje-i-dortmund\/#breadcrumb\",\"itemListElement\":[{\"@type\":\"ListItem\",\"position\":1,\"name\":\"Home\",\"item\":\"https:\/\/acefootball.com\/da\/\"},{\"@type\":\"ListItem\",\"position\":2,\"name\":\"Medie: Zidane sender nyindk\u00f8b p\u00e5 leje i Dortmund\"}]},{\"@type\":\"Article\",\"@id\":\"https:\/\/acefootball.com\/da\/fodboldnyheder\/medie-zidane-sender-nyindkoeb-paa-leje-i-dortmund\/#article\",\"isPartOf\":{\"@id\":\"https:\/\/acefootball.com\/da\/fodboldnyheder\/medie-zidane-sender-nyindkoeb-paa-leje-i-dortmund\/#webpage\"},\"author\":{\"@id\":\"https:\/\/acefootball.com\/da\/#\/schema\/person\/ee67e9cf04a276f144100ffa722f10cd\"},\"headline\":\"Medie: Zidane sender nyindk\u00f8b p\u00e5 leje i Dortmund\",\"datePublished\":\"2020-08-15T18:22:10+00:00\",\"dateModified\":\"2020-08-15T18:06:14+00:00\",\"mainEntityOfPage\":{\"@id\":\"https:\/\/acefootball.com\/da\/fodboldnyheder\/medie-zidane-sender-nyindkoeb-paa-leje-i-dortmund\/#webpage\"},\"wordCount\":173,\"commentCount\":0,\"publisher\":{\"@id\":\"https:\/\/acefootball.com\/da\/#organization\"},\"image\":{\"@id\":\"https:\/\/acefootball.com\/da\/fodboldnyheder\/medie-zidane-sender-nyindkoeb-paa-leje-i-dortmund\/#primaryimage\"},\"thumbnailUrl\":\"https:\/\/acefootball.com\/da\/wp-content\/uploads\/sites\/2\/2020\/08\/GettyImages-1251962551.jpg\",\"keywords\":[\"Borussia Dortmund\",\"Bundesliga\",\"La Liga\",\"Real Madrid\",\"Reinier\"],\"articleSection\":[\"Transfer\"],\"inLanguage\":\"en-US\",\"potentialAction\":[{\"@type\":\"CommentAction\",\"name\":\"Comment\",\"target\":[\"https:\/\/acefootball.com\/da\/fodboldnyheder\/medie-zidane-sender-nyindkoeb-paa-leje-i-dortmund\/#respond\"]}]},{\"@type\":\"Person\",\"@id\":\"https:\/\/acefootball.com\/da\/#\/schema\/person\/ee67e9cf04a276f144100ffa722f10cd\",\"name\":\"Mads Dreyer\",\"image\":{\"@type\":\"ImageObject\",\"@id\":\"https:\/\/acefootball.com\/da\/#personlogo\",\"inLanguage\":\"en-US\",\"url\":\"https:\/\/secure.gravatar.com\/avatar\/7c7abf72cfde9902b6a60efe60c88d4c?s=96&d=mm&r=g\",\"contentUrl\":\"https:\/\/secure.gravatar.com\/avatar\/7c7abf72cfde9902b6a60efe60c88d4c?s=96&d=mm&r=g\",\"caption\":\"Mads Dreyer\"},\"description\":\"Skribent og fodboldn\u00f8rd, der lige nu fort\u00e6ller om alt og intet i fodboldverdenen p\u00e5 acefootball.com. Uddannet i kommunikation fra Aalborg Universitet.\",\"sameAs\":[\"https:\/\/www.linkedin.com\/in\/mads-dreyer-b9b08266\/\"],\"url\":\"https:\/\/acefootball.com\/da\/fodboldnyheder\/author\/mdnronaldo\/\"}]}<\/script>\n<!-- \/ Yoast SEO plugin. -->","yoast_head_json":{"title":"Medie: Zidane sender nyindk\u00f8b p\u00e5 leje i Dortmund","description":"Real Madrid hentede i januar Reinier i Flamengo, og nu meldes den 18-\u00e5rige brasilianer p\u00e5 vej mod en lejeaftale i Borussia Dortmund","robots":{"index":"index","follow":"follow","max-snippet":"max-snippet:-1","max-image-preview":"max-image-preview:large","max-video-preview":"max-video-preview:-1"},"canonical":"https:\/\/acefootball.com\/da\/fodboldnyheder\/medie-zidane-sender-nyindkoeb-paa-leje-i-dortmund\/","og_locale":"en_US","og_type":"article","og_title":"Medie: Zidane sender nyindk\u00f8b p\u00e5 leje i Dortmund","og_description":"Real Madrid hentede i januar Reinier i Flamengo, og nu meldes den 18-\u00e5rige brasilianer p\u00e5 vej mod en lejeaftale i Borussia Dortmund","og_url":"https:\/\/acefootball.com\/da\/fodboldnyheder\/medie-zidane-sender-nyindkoeb-paa-leje-i-dortmund\/","og_site_name":"Ace Football Danmark","article_publisher":"https:\/\/www.facebook.com\/acefootballdk","article_published_time":"2020-08-15T18:22:10+00:00","article_modified_time":"2020-08-15T18:06:14+00:00","og_image":[{"width":1024,"height":692,"url":"https:\/\/acefootball.com\/da\/wp-content\/uploads\/sites\/2\/2020\/08\/GettyImages-1251962551.jpg","type":"image\/jpeg"}],"twitter_card":"summary_large_image","twitter_misc":{"Written by":"Mads Dreyer","Est. reading time":"1 minute"},"schema":{"@context":"https:\/\/schema.org","@graph":[{"@type":"Organization","@id":"https:\/\/acefootball.com\/da\/#organization","name":"Ace Football","url":"https:\/\/acefootball.com\/da\/","sameAs":["https:\/\/www.facebook.com\/acefootballdk"],"logo":{"@type":"ImageObject","@id":"https:\/\/acefootball.com\/da\/#logo","inLanguage":"en-US","url":"https:\/\/acefootball.com\/da\/wp-content\/uploads\/sites\/2\/2020\/07\/Ace-Football-30-07-2020-2.png","contentUrl":"https:\/\/acefootball.com\/da\/wp-content\/uploads\/sites\/2\/2020\/07\/Ace-Football-30-07-2020-2.png","width":1200,"height":600,"caption":"Ace Football"},"image":{"@id":"https:\/\/acefootball.com\/da\/#logo"}},{"@type":"WebSite","@id":"https:\/\/acefootball.com\/da\/#website","url":"https:\/\/acefootball.com\/da\/","name":"Ace Football Danmark","description":"Nyheder, Spiltips &amp; Livescore","publisher":{"@id":"https:\/\/acefootball.com\/da\/#organization"},"potentialAction":[{"@type":"SearchAction","target":{"@type":"EntryPoint","urlTemplate":"https:\/\/acefootball.com\/da\/?s={search_term_string}"},"query-input":"required name=search_term_string"}],"inLanguage":"en-US"},{"@type":"ImageObject","@id":"https:\/\/acefootball.com\/da\/fodboldnyheder\/medie-zidane-sender-nyindkoeb-paa-leje-i-dortmund\/#primaryimage","inLanguage":"en-US","url":"https:\/\/acefootball.com\/da\/wp-content\/uploads\/sites\/2\/2020\/08\/GettyImages-1251962551.jpg","contentUrl":"https:\/\/acefootball.com\/da\/wp-content\/uploads\/sites\/2\/2020\/08\/GettyImages-1251962551.jpg","width":1024,"height":692,"caption":"MADRID, SPAIN - JUNE 24: Zinedine Zidane , Manger of Real Madrid encourages his players during the Liga match between Real Madrid CF and RCD Mallorca at Estadio Alfredo Di Stefano on June 24, 2020 in Madrid, Spain. (Photo by Gonzalo Arroyo Moreno\/Getty Images)"},{"@type":"WebPage","@id":"https:\/\/acefootball.com\/da\/fodboldnyheder\/medie-zidane-sender-nyindkoeb-paa-leje-i-dortmund\/#webpage","url":"https:\/\/acefootball.com\/da\/fodboldnyheder\/medie-zidane-sender-nyindkoeb-paa-leje-i-dortmund\/","name":"Medie: Zidane sender nyindk\u00f8b p\u00e5 leje i Dortmund","isPartOf":{"@id":"https:\/\/acefootball.com\/da\/#website"},"primaryImageOfPage":{"@id":"https:\/\/acefootball.com\/da\/fodboldnyheder\/medie-zidane-sender-nyindkoeb-paa-leje-i-dortmund\/#primaryimage"},"datePublished":"2020-08-15T18:22:10+00:00","dateModified":"2020-08-15T18:06:14+00:00","description":"Real Madrid hentede i januar Reinier i Flamengo, og nu meldes den 18-\u00e5rige brasilianer p\u00e5 vej mod en lejeaftale i Borussia Dortmund","breadcrumb":{"@id":"https:\/\/acefootball.com\/da\/fodboldnyheder\/medie-zidane-sender-nyindkoeb-paa-leje-i-dortmund\/#breadcrumb"},"inLanguage":"en-US","potentialAction":[{"@type":"ReadAction","target":["https:\/\/acefootball.com\/da\/fodboldnyheder\/medie-zidane-sender-nyindkoeb-paa-leje-i-dortmund\/"]}]},{"@type":"BreadcrumbList","@id":"https:\/\/acefootball.com\/da\/fodboldnyheder\/medie-zidane-sender-nyindkoeb-paa-leje-i-dortmund\/#breadcrumb","itemListElement":[{"@type":"ListItem","position":1,"name":"Home","item":"https:\/\/acefootball.com\/da\/"},{"@type":"ListItem","position":2,"name":"Medie: Zidane sender nyindk\u00f8b p\u00e5 leje i Dortmund"}]},{"@type":"Article","@id":"https:\/\/acefootball.com\/da\/fodboldnyheder\/medie-zidane-sender-nyindkoeb-paa-leje-i-dortmund\/#article","isPartOf":{"@id":"https:\/\/acefootball.com\/da\/fodboldnyheder\/medie-zidane-sender-nyindkoeb-paa-leje-i-dortmund\/#webpage"},"author":{"@id":"https:\/\/acefootball.com\/da\/#\/schema\/person\/ee67e9cf04a276f144100ffa722f10cd"},"headline":"Medie: Zidane sender nyindk\u00f8b p\u00e5 leje i Dortmund","datePublished":"2020-08-15T18:22:10+00:00","dateModified":"2020-08-15T18:06:14+00:00","mainEntityOfPage":{"@id":"https:\/\/acefootball.com\/da\/fodboldnyheder\/medie-zidane-sender-nyindkoeb-paa-leje-i-dortmund\/#webpage"},"wordCount":173,"commentCount":0,"publisher":{"@id":"https:\/\/acefootball.com\/da\/#organization"},"image":{"@id":"https:\/\/acefootball.com\/da\/fodboldnyheder\/medie-zidane-sender-nyindkoeb-paa-leje-i-dortmund\/#primaryimage"},"thumbnailUrl":"https:\/\/acefootball.com\/da\/wp-content\/uploads\/sites\/2\/2020\/08\/GettyImages-1251962551.jpg","keywords":["Borussia Dortmund","Bundesliga","La Liga","Real Madrid","Reinier"],"articleSection":["Transfer"],"inLanguage":"en-US","potentialAction":[{"@type":"CommentAction","name":"Comment","target":["https:\/\/acefootball.com\/da\/fodboldnyheder\/medie-zidane-sender-nyindkoeb-paa-leje-i-dortmund\/#respond"]}]},{"@type":"Person","@id":"https:\/\/acefootball.com\/da\/#\/schema\/person\/ee67e9cf04a276f144100ffa722f10cd","name":"Mads Dreyer","image":{"@type":"ImageObject","@id":"https:\/\/acefootball.com\/da\/#personlogo","inLanguage":"en-US","url":"https:\/\/secure.gravatar.com\/avatar\/7c7abf72cfde9902b6a60efe60c88d4c?s=96&d=mm&r=g","contentUrl":"https:\/\/secure.gravatar.com\/avatar\/7c7abf72cfde9902b6a60efe60c88d4c?s=96&d=mm&r=g","caption":"Mads Dreyer"},"description":"Skribent og fodboldn\u00f8rd, der lige nu fort\u00e6ller om alt og intet i fodboldverdenen p\u00e5 acefootball.com. Uddannet i kommunikation fra Aalborg Universitet.","sameAs":["https:\/\/www.linkedin.com\/in\/mads-dreyer-b9b08266\/"],"url":"https:\/\/acefootball.com\/da\/fodboldnyheder\/author\/mdnronaldo\/"}]}},"fimg_url":"https:\/\/acefootball.com\/da\/wp-content\/uploads\/sites\/2\/2020\/08\/GettyImages-1251962551.jpg","_links":{"self":[{"href":"https:\/\/acefootball.com\/da\/wp-json\/wp\/v2\/posts\/234247"}],"collection":[{"href":"https:\/\/acefootball.com\/da\/wp-json\/wp\/v2\/posts"}],"about":[{"href":"https:\/\/acefootball.com\/da\/wp-json\/wp\/v2\/types\/post"}],"author":[{"embeddable":true,"href":"https:\/\/acefootball.com\/da\/wp-json\/wp\/v2\/users\/705"}],"replies":[{"embeddable":true,"href":"https:\/\/acefootball.com\/da\/wp-json\/wp\/v2\/comments?post=234247"}],"version-history":[{"count":0,"href":"https:\/\/acefootball.com\/da\/wp-json\/wp\/v2\/posts\/234247\/revisions"}],"wp:featuredmedia":[{"embeddable":true,"href":"https:\/\/acefootball.com\/da\/wp-json\/wp\/v2\/media\/234249"}],"wp:attachment":[{"href":"https:\/\/acefootball.com\/da\/wp-json\/wp\/v2\/media?parent=234247"}],"wp:term":[{"taxonomy":"category","embeddable":true,"href":"https:\/\/acefootball.com\/da\/wp-json\/wp\/v2\/categories?post=234247"},{"taxonomy":"post_tag","embeddable":true,"href":"https:\/\/acefootball.com\/da\/wp-json\/wp\/v2\/tags?post=234247"}],"curies":[{"name":"wp","href":"https:\/\/api.w.org\/{rel}","templated":true}]}}