{"id":234240,"date":"2020-08-15T18:20:35","date_gmt":"2020-08-15T16:20:35","guid":{"rendered":"https:\/\/acefootball.com\/da\/?p=234240"},"modified":"2020-08-15T18:17:08","modified_gmt":"2020-08-15T16:17:08","slug":"rygte-roma-faar-premier-league-konkurrence-om-smalling","status":"publish","type":"post","link":"https:\/\/acefootball.com\/da\/fodboldnyheder\/rygte-roma-faar-premier-league-konkurrence-om-smalling\/","title":{"rendered":"Rygte: Roma f\u00e5r Premier League-konkurrence om Smalling"},"content":{"rendered":"\n<h2>AS Roma vil angiveligt gerne beholde Manchester United-lejesvenden Chris Smalling, men der ser ud til at komme konkurrence fra Newcastle<\/h2>\n\n\n\n<p>Manchester United sendte sidste sommer Chris Smalling til AS Roma p\u00e5 en lejeaftale, og her har forsvarsspilleren gjort det s\u00e5 godt, at italienerne nu gerne vil forts\u00e6tte samarbejdet.<\/p>\n\n\n\n<p>Det har flere medier ogs\u00e5 regnet med ville komme til at ske, da 30-\u00e5rige Smalling n\u00e6ppe har en fremtid p\u00e5 Old Trafford, men nu er der efter sigende kommet konkurrence til romerne.<\/p>\n\n\n\n<div class=\"wp-block-si-widget wp-block-si-widget--center\"><si-lb-widget widget-id=\"PlayerSeasonProfile\" width=\"440\" data-card=\"true\" data-language=\"da\" data-provider=\"mrgreen\" data-player-id=\"165823\"><\/si-lb-widget><\/div>\n\n\n\n<p>If\u00f8lge <a href=\"https:\/\/www.skysports.com\/football\/news\/12040\/12049968\/chris-smalling-newcastle-target-manchester-united-defender\" target=\"_blank\" rel=\"noreferrer noopener\">Sky Sports<\/a> blander Newcastle United sig nemlig i kampen, da Steve Bruce gerne vil styrke de bagerste r\u00e6kker hos nordengl\u00e6nderne.<\/p>\n\n\n\n<p>Smalling er dog fortsat ejet af Manchester United, hvor han har to \u00e5r tilbage af kontrakten, men if\u00f8lge mediet er man mere end klar til at s\u00e6lge.<\/p>\n","protected":false},"excerpt":{"rendered":"<p>AS Roma vil angiveligt gerne beholde Manchester United-lejesvenden Chris Smalling, men der ser ud til at komme konkurrence fra Newcastle<\/p>\n","protected":false},"author":705,"featured_media":234241,"comment_status":"open","ping_status":"closed","sticky":false,"template":"","format":"standard","meta":{"om_disable_all_campaigns":false,"push_articles_ronaldo":{"active":false,"canonical":0,"publish":false},"force_updates":null},"categories":[7],"tags":[82,2269,126,2007,131],"enet_tags":{"team":["8686","10260","10261"],"player":["165823"],"league":["55"],"sport_events":[]},"yoast_head":"<!-- This site is optimized with the Yoast SEO plugin v18.3 - https:\/\/yoast.com\/wordpress\/plugins\/seo\/ -->\n<title>Rygte: Roma f\u00e5r Premier League-konkurrence om Smalling<\/title>\n<meta name=\"description\" content=\"AS Roma vil angiveligt gerne beholde Manchester United-lejesvenden Chris Smalling, men der ser ud til at komme konkurrence fra Newcastle\" \/>\n<meta name=\"robots\" content=\"index, follow, max-snippet:-1, max-image-preview:large, max-video-preview:-1\" \/>\n<link rel=\"canonical\" href=\"https:\/\/acefootball.com\/da\/fodboldnyheder\/rygte-roma-faar-premier-league-konkurrence-om-smalling\/\" \/>\n<meta property=\"og:locale\" content=\"en_US\" \/>\n<meta property=\"og:type\" content=\"article\" \/>\n<meta property=\"og:title\" content=\"Rygte: Roma f\u00e5r Premier League-konkurrence om Smalling\" \/>\n<meta property=\"og:description\" content=\"AS Roma vil angiveligt gerne beholde Manchester United-lejesvenden Chris Smalling, men der ser ud til at komme konkurrence fra Newcastle\" \/>\n<meta property=\"og:url\" content=\"https:\/\/acefootball.com\/da\/fodboldnyheder\/rygte-roma-faar-premier-league-konkurrence-om-smalling\/\" \/>\n<meta property=\"og:site_name\" content=\"Ace Football Danmark\" \/>\n<meta property=\"article:publisher\" content=\"https:\/\/www.facebook.com\/acefootballdk\" \/>\n<meta property=\"article:published_time\" content=\"2020-08-15T16:20:35+00:00\" \/>\n<meta property=\"article:modified_time\" content=\"2020-08-15T16:17:08+00:00\" \/>\n<meta property=\"og:image\" content=\"https:\/\/acefootball.com\/da\/wp-content\/uploads\/sites\/2\/2020\/08\/GettyImages-1186173527.jpg\" \/>\n\t<meta property=\"og:image:width\" content=\"1024\" \/>\n\t<meta property=\"og:image:height\" content=\"673\" \/>\n\t<meta property=\"og:image:type\" content=\"image\/jpeg\" \/>\n<meta name=\"twitter:card\" content=\"summary_large_image\" \/>\n<meta name=\"twitter:label1\" content=\"Written by\" \/>\n\t<meta name=\"twitter:data1\" content=\"Mads Dreyer\" \/>\n\t<meta name=\"twitter:label2\" content=\"Est. reading time\" \/>\n\t<meta name=\"twitter:data2\" content=\"1 minute\" \/>\n<script type=\"application\/ld+json\" class=\"yoast-schema-graph\">{\"@context\":\"https:\/\/schema.org\",\"@graph\":[{\"@type\":\"Organization\",\"@id\":\"https:\/\/acefootball.com\/da\/#organization\",\"name\":\"Ace Football\",\"url\":\"https:\/\/acefootball.com\/da\/\",\"sameAs\":[\"https:\/\/www.facebook.com\/acefootballdk\"],\"logo\":{\"@type\":\"ImageObject\",\"@id\":\"https:\/\/acefootball.com\/da\/#logo\",\"inLanguage\":\"en-US\",\"url\":\"https:\/\/acefootball.com\/da\/wp-content\/uploads\/sites\/2\/2020\/07\/Ace-Football-30-07-2020-2.png\",\"contentUrl\":\"https:\/\/acefootball.com\/da\/wp-content\/uploads\/sites\/2\/2020\/07\/Ace-Football-30-07-2020-2.png\",\"width\":1200,\"height\":600,\"caption\":\"Ace Football\"},\"image\":{\"@id\":\"https:\/\/acefootball.com\/da\/#logo\"}},{\"@type\":\"WebSite\",\"@id\":\"https:\/\/acefootball.com\/da\/#website\",\"url\":\"https:\/\/acefootball.com\/da\/\",\"name\":\"Ace Football Danmark\",\"description\":\"Nyheder, Spiltips &amp; Livescore\",\"publisher\":{\"@id\":\"https:\/\/acefootball.com\/da\/#organization\"},\"potentialAction\":[{\"@type\":\"SearchAction\",\"target\":{\"@type\":\"EntryPoint\",\"urlTemplate\":\"https:\/\/acefootball.com\/da\/?s={search_term_string}\"},\"query-input\":\"required name=search_term_string\"}],\"inLanguage\":\"en-US\"},{\"@type\":\"ImageObject\",\"@id\":\"https:\/\/acefootball.com\/da\/fodboldnyheder\/rygte-roma-faar-premier-league-konkurrence-om-smalling\/#primaryimage\",\"inLanguage\":\"en-US\",\"url\":\"https:\/\/acefootball.com\/da\/wp-content\/uploads\/sites\/2\/2020\/08\/GettyImages-1186173527.jpg\",\"contentUrl\":\"https:\/\/acefootball.com\/da\/wp-content\/uploads\/sites\/2\/2020\/08\/GettyImages-1186173527.jpg\",\"width\":1024,\"height\":673,\"caption\":\"MOENCHENGLADBACH, GERMANY - NOVEMBER 07: Chris Smalling of AS Roma reacts during the UEFA Europa League group J match between Borussia Moenchengladbach and AS Roma at Borussia-Park on November 07, 2019 in Moenchengladbach, Germany. (Photo by J\u00f6rg Sch\u00fcler\/Bongarts\/Getty Images)\"},{\"@type\":\"WebPage\",\"@id\":\"https:\/\/acefootball.com\/da\/fodboldnyheder\/rygte-roma-faar-premier-league-konkurrence-om-smalling\/#webpage\",\"url\":\"https:\/\/acefootball.com\/da\/fodboldnyheder\/rygte-roma-faar-premier-league-konkurrence-om-smalling\/\",\"name\":\"Rygte: Roma f\u00e5r Premier League-konkurrence om Smalling\",\"isPartOf\":{\"@id\":\"https:\/\/acefootball.com\/da\/#website\"},\"primaryImageOfPage\":{\"@id\":\"https:\/\/acefootball.com\/da\/fodboldnyheder\/rygte-roma-faar-premier-league-konkurrence-om-smalling\/#primaryimage\"},\"datePublished\":\"2020-08-15T16:20:35+00:00\",\"dateModified\":\"2020-08-15T16:17:08+00:00\",\"description\":\"AS Roma vil angiveligt gerne beholde Manchester United-lejesvenden Chris Smalling, men der ser ud til at komme konkurrence fra Newcastle\",\"breadcrumb\":{\"@id\":\"https:\/\/acefootball.com\/da\/fodboldnyheder\/rygte-roma-faar-premier-league-konkurrence-om-smalling\/#breadcrumb\"},\"inLanguage\":\"en-US\",\"potentialAction\":[{\"@type\":\"ReadAction\",\"target\":[\"https:\/\/acefootball.com\/da\/fodboldnyheder\/rygte-roma-faar-premier-league-konkurrence-om-smalling\/\"]}]},{\"@type\":\"BreadcrumbList\",\"@id\":\"https:\/\/acefootball.com\/da\/fodboldnyheder\/rygte-roma-faar-premier-league-konkurrence-om-smalling\/#breadcrumb\",\"itemListElement\":[{\"@type\":\"ListItem\",\"position\":1,\"name\":\"Home\",\"item\":\"https:\/\/acefootball.com\/da\/\"},{\"@type\":\"ListItem\",\"position\":2,\"name\":\"Rygte: Roma f\u00e5r Premier League-konkurrence om Smalling\"}]},{\"@type\":\"Article\",\"@id\":\"https:\/\/acefootball.com\/da\/fodboldnyheder\/rygte-roma-faar-premier-league-konkurrence-om-smalling\/#article\",\"isPartOf\":{\"@id\":\"https:\/\/acefootball.com\/da\/fodboldnyheder\/rygte-roma-faar-premier-league-konkurrence-om-smalling\/#webpage\"},\"author\":{\"@id\":\"https:\/\/acefootball.com\/da\/#\/schema\/person\/ee67e9cf04a276f144100ffa722f10cd\"},\"headline\":\"Rygte: Roma f\u00e5r Premier League-konkurrence om Smalling\",\"datePublished\":\"2020-08-15T16:20:35+00:00\",\"dateModified\":\"2020-08-15T16:17:08+00:00\",\"mainEntityOfPage\":{\"@id\":\"https:\/\/acefootball.com\/da\/fodboldnyheder\/rygte-roma-faar-premier-league-konkurrence-om-smalling\/#webpage\"},\"wordCount\":144,\"commentCount\":0,\"publisher\":{\"@id\":\"https:\/\/acefootball.com\/da\/#organization\"},\"image\":{\"@id\":\"https:\/\/acefootball.com\/da\/fodboldnyheder\/rygte-roma-faar-premier-league-konkurrence-om-smalling\/#primaryimage\"},\"thumbnailUrl\":\"https:\/\/acefootball.com\/da\/wp-content\/uploads\/sites\/2\/2020\/08\/GettyImages-1186173527.jpg\",\"keywords\":[\"AS Roma\",\"Chris Smalling\",\"Manchester United\",\"Newcastle United\",\"Serie A\"],\"articleSection\":[\"Transfer\"],\"inLanguage\":\"en-US\",\"potentialAction\":[{\"@type\":\"CommentAction\",\"name\":\"Comment\",\"target\":[\"https:\/\/acefootball.com\/da\/fodboldnyheder\/rygte-roma-faar-premier-league-konkurrence-om-smalling\/#respond\"]}]},{\"@type\":\"Person\",\"@id\":\"https:\/\/acefootball.com\/da\/#\/schema\/person\/ee67e9cf04a276f144100ffa722f10cd\",\"name\":\"Mads Dreyer\",\"image\":{\"@type\":\"ImageObject\",\"@id\":\"https:\/\/acefootball.com\/da\/#personlogo\",\"inLanguage\":\"en-US\",\"url\":\"https:\/\/secure.gravatar.com\/avatar\/7c7abf72cfde9902b6a60efe60c88d4c?s=96&d=mm&r=g\",\"contentUrl\":\"https:\/\/secure.gravatar.com\/avatar\/7c7abf72cfde9902b6a60efe60c88d4c?s=96&d=mm&r=g\",\"caption\":\"Mads Dreyer\"},\"description\":\"Skribent og fodboldn\u00f8rd, der lige nu fort\u00e6ller om alt og intet i fodboldverdenen p\u00e5 acefootball.com. Uddannet i kommunikation fra Aalborg Universitet.\",\"sameAs\":[\"https:\/\/www.linkedin.com\/in\/mads-dreyer-b9b08266\/\"],\"url\":\"https:\/\/acefootball.com\/da\/fodboldnyheder\/author\/mdnronaldo\/\"}]}<\/script>\n<!-- \/ Yoast SEO plugin. -->","yoast_head_json":{"title":"Rygte: Roma f\u00e5r Premier League-konkurrence om Smalling","description":"AS Roma vil angiveligt gerne beholde Manchester United-lejesvenden Chris Smalling, men der ser ud til at komme konkurrence fra Newcastle","robots":{"index":"index","follow":"follow","max-snippet":"max-snippet:-1","max-image-preview":"max-image-preview:large","max-video-preview":"max-video-preview:-1"},"canonical":"https:\/\/acefootball.com\/da\/fodboldnyheder\/rygte-roma-faar-premier-league-konkurrence-om-smalling\/","og_locale":"en_US","og_type":"article","og_title":"Rygte: Roma f\u00e5r Premier League-konkurrence om Smalling","og_description":"AS Roma vil angiveligt gerne beholde Manchester United-lejesvenden Chris Smalling, men der ser ud til at komme konkurrence fra Newcastle","og_url":"https:\/\/acefootball.com\/da\/fodboldnyheder\/rygte-roma-faar-premier-league-konkurrence-om-smalling\/","og_site_name":"Ace Football Danmark","article_publisher":"https:\/\/www.facebook.com\/acefootballdk","article_published_time":"2020-08-15T16:20:35+00:00","article_modified_time":"2020-08-15T16:17:08+00:00","og_image":[{"width":1024,"height":673,"url":"https:\/\/acefootball.com\/da\/wp-content\/uploads\/sites\/2\/2020\/08\/GettyImages-1186173527.jpg","type":"image\/jpeg"}],"twitter_card":"summary_large_image","twitter_misc":{"Written by":"Mads Dreyer","Est. reading time":"1 minute"},"schema":{"@context":"https:\/\/schema.org","@graph":[{"@type":"Organization","@id":"https:\/\/acefootball.com\/da\/#organization","name":"Ace Football","url":"https:\/\/acefootball.com\/da\/","sameAs":["https:\/\/www.facebook.com\/acefootballdk"],"logo":{"@type":"ImageObject","@id":"https:\/\/acefootball.com\/da\/#logo","inLanguage":"en-US","url":"https:\/\/acefootball.com\/da\/wp-content\/uploads\/sites\/2\/2020\/07\/Ace-Football-30-07-2020-2.png","contentUrl":"https:\/\/acefootball.com\/da\/wp-content\/uploads\/sites\/2\/2020\/07\/Ace-Football-30-07-2020-2.png","width":1200,"height":600,"caption":"Ace Football"},"image":{"@id":"https:\/\/acefootball.com\/da\/#logo"}},{"@type":"WebSite","@id":"https:\/\/acefootball.com\/da\/#website","url":"https:\/\/acefootball.com\/da\/","name":"Ace Football Danmark","description":"Nyheder, Spiltips &amp; Livescore","publisher":{"@id":"https:\/\/acefootball.com\/da\/#organization"},"potentialAction":[{"@type":"SearchAction","target":{"@type":"EntryPoint","urlTemplate":"https:\/\/acefootball.com\/da\/?s={search_term_string}"},"query-input":"required name=search_term_string"}],"inLanguage":"en-US"},{"@type":"ImageObject","@id":"https:\/\/acefootball.com\/da\/fodboldnyheder\/rygte-roma-faar-premier-league-konkurrence-om-smalling\/#primaryimage","inLanguage":"en-US","url":"https:\/\/acefootball.com\/da\/wp-content\/uploads\/sites\/2\/2020\/08\/GettyImages-1186173527.jpg","contentUrl":"https:\/\/acefootball.com\/da\/wp-content\/uploads\/sites\/2\/2020\/08\/GettyImages-1186173527.jpg","width":1024,"height":673,"caption":"MOENCHENGLADBACH, GERMANY - NOVEMBER 07: Chris Smalling of AS Roma reacts during the UEFA Europa League group J match between Borussia Moenchengladbach and AS Roma at Borussia-Park on November 07, 2019 in Moenchengladbach, Germany. (Photo by J\u00f6rg Sch\u00fcler\/Bongarts\/Getty Images)"},{"@type":"WebPage","@id":"https:\/\/acefootball.com\/da\/fodboldnyheder\/rygte-roma-faar-premier-league-konkurrence-om-smalling\/#webpage","url":"https:\/\/acefootball.com\/da\/fodboldnyheder\/rygte-roma-faar-premier-league-konkurrence-om-smalling\/","name":"Rygte: Roma f\u00e5r Premier League-konkurrence om Smalling","isPartOf":{"@id":"https:\/\/acefootball.com\/da\/#website"},"primaryImageOfPage":{"@id":"https:\/\/acefootball.com\/da\/fodboldnyheder\/rygte-roma-faar-premier-league-konkurrence-om-smalling\/#primaryimage"},"datePublished":"2020-08-15T16:20:35+00:00","dateModified":"2020-08-15T16:17:08+00:00","description":"AS Roma vil angiveligt gerne beholde Manchester United-lejesvenden Chris Smalling, men der ser ud til at komme konkurrence fra Newcastle","breadcrumb":{"@id":"https:\/\/acefootball.com\/da\/fodboldnyheder\/rygte-roma-faar-premier-league-konkurrence-om-smalling\/#breadcrumb"},"inLanguage":"en-US","potentialAction":[{"@type":"ReadAction","target":["https:\/\/acefootball.com\/da\/fodboldnyheder\/rygte-roma-faar-premier-league-konkurrence-om-smalling\/"]}]},{"@type":"BreadcrumbList","@id":"https:\/\/acefootball.com\/da\/fodboldnyheder\/rygte-roma-faar-premier-league-konkurrence-om-smalling\/#breadcrumb","itemListElement":[{"@type":"ListItem","position":1,"name":"Home","item":"https:\/\/acefootball.com\/da\/"},{"@type":"ListItem","position":2,"name":"Rygte: Roma f\u00e5r Premier League-konkurrence om Smalling"}]},{"@type":"Article","@id":"https:\/\/acefootball.com\/da\/fodboldnyheder\/rygte-roma-faar-premier-league-konkurrence-om-smalling\/#article","isPartOf":{"@id":"https:\/\/acefootball.com\/da\/fodboldnyheder\/rygte-roma-faar-premier-league-konkurrence-om-smalling\/#webpage"},"author":{"@id":"https:\/\/acefootball.com\/da\/#\/schema\/person\/ee67e9cf04a276f144100ffa722f10cd"},"headline":"Rygte: Roma f\u00e5r Premier League-konkurrence om Smalling","datePublished":"2020-08-15T16:20:35+00:00","dateModified":"2020-08-15T16:17:08+00:00","mainEntityOfPage":{"@id":"https:\/\/acefootball.com\/da\/fodboldnyheder\/rygte-roma-faar-premier-league-konkurrence-om-smalling\/#webpage"},"wordCount":144,"commentCount":0,"publisher":{"@id":"https:\/\/acefootball.com\/da\/#organization"},"image":{"@id":"https:\/\/acefootball.com\/da\/fodboldnyheder\/rygte-roma-faar-premier-league-konkurrence-om-smalling\/#primaryimage"},"thumbnailUrl":"https:\/\/acefootball.com\/da\/wp-content\/uploads\/sites\/2\/2020\/08\/GettyImages-1186173527.jpg","keywords":["AS Roma","Chris Smalling","Manchester United","Newcastle United","Serie A"],"articleSection":["Transfer"],"inLanguage":"en-US","potentialAction":[{"@type":"CommentAction","name":"Comment","target":["https:\/\/acefootball.com\/da\/fodboldnyheder\/rygte-roma-faar-premier-league-konkurrence-om-smalling\/#respond"]}]},{"@type":"Person","@id":"https:\/\/acefootball.com\/da\/#\/schema\/person\/ee67e9cf04a276f144100ffa722f10cd","name":"Mads Dreyer","image":{"@type":"ImageObject","@id":"https:\/\/acefootball.com\/da\/#personlogo","inLanguage":"en-US","url":"https:\/\/secure.gravatar.com\/avatar\/7c7abf72cfde9902b6a60efe60c88d4c?s=96&d=mm&r=g","contentUrl":"https:\/\/secure.gravatar.com\/avatar\/7c7abf72cfde9902b6a60efe60c88d4c?s=96&d=mm&r=g","caption":"Mads Dreyer"},"description":"Skribent og fodboldn\u00f8rd, der lige nu fort\u00e6ller om alt og intet i fodboldverdenen p\u00e5 acefootball.com. Uddannet i kommunikation fra Aalborg Universitet.","sameAs":["https:\/\/www.linkedin.com\/in\/mads-dreyer-b9b08266\/"],"url":"https:\/\/acefootball.com\/da\/fodboldnyheder\/author\/mdnronaldo\/"}]}},"fimg_url":"https:\/\/acefootball.com\/da\/wp-content\/uploads\/sites\/2\/2020\/08\/GettyImages-1186173527.jpg","_links":{"self":[{"href":"https:\/\/acefootball.com\/da\/wp-json\/wp\/v2\/posts\/234240"}],"collection":[{"href":"https:\/\/acefootball.com\/da\/wp-json\/wp\/v2\/posts"}],"about":[{"href":"https:\/\/acefootball.com\/da\/wp-json\/wp\/v2\/types\/post"}],"author":[{"embeddable":true,"href":"https:\/\/acefootball.com\/da\/wp-json\/wp\/v2\/users\/705"}],"replies":[{"embeddable":true,"href":"https:\/\/acefootball.com\/da\/wp-json\/wp\/v2\/comments?post=234240"}],"version-history":[{"count":0,"href":"https:\/\/acefootball.com\/da\/wp-json\/wp\/v2\/posts\/234240\/revisions"}],"wp:featuredmedia":[{"embeddable":true,"href":"https:\/\/acefootball.com\/da\/wp-json\/wp\/v2\/media\/234241"}],"wp:attachment":[{"href":"https:\/\/acefootball.com\/da\/wp-json\/wp\/v2\/media?parent=234240"}],"wp:term":[{"taxonomy":"category","embeddable":true,"href":"https:\/\/acefootball.com\/da\/wp-json\/wp\/v2\/categories?post=234240"},{"taxonomy":"post_tag","embeddable":true,"href":"https:\/\/acefootball.com\/da\/wp-json\/wp\/v2\/tags?post=234240"}],"curies":[{"name":"wp","href":"https:\/\/api.w.org\/{rel}","templated":true}]}}