{"id":234221,"date":"2020-08-15T16:24:22","date_gmt":"2020-08-15T14:24:22","guid":{"rendered":"https:\/\/acefootball.com\/da\/?p=234221"},"modified":"2020-08-15T16:13:15","modified_gmt":"2020-08-15T14:13:15","slug":"arsenal-bekraefter-afsked-med-spansk-sportsdirektoer","status":"publish","type":"post","link":"https:\/\/acefootball.com\/da\/fodboldnyheder\/arsenal-bekraefter-afsked-med-spansk-sportsdirektoer\/","title":{"rendered":"Arsenal bekr\u00e6fter afsked med spansk sportsdirekt\u00f8r"},"content":{"rendered":"\n<h2>Arsenal har bekr\u00e6ftet, at man tager afsked med sportsdirekt\u00f8r Ra\u00fal Sanllehi, der erstattes af administrerende direkt\u00f8r Vinai Venkatesham<\/h2>\n\n\n\n<p>Det blev kun til to og et halvt \u00e5r i Arsenal for Ra\u00fal Sanllehi, der nu forlader posten som sportsdirekt\u00f8r i Premier League-klubben.<\/p>\n\n\n\n<p>The Gunners bekr\u00e6fter p\u00e5 sin hjemmeside, at samarbejdet med spanieren afbrydes, og i stedet tager den administrerende direkt\u00f8r Vinai Venkatesham over.<\/p>\n\n\n\n<figure class=\"wp-block-embed-twitter wp-block-embed is-type-rich is-provider-twitter\"><div class=\"wp-block-embed__wrapper\">\n<blockquote class=\"twitter-tweet\" data-width=\"550\" data-dnt=\"true\"><p lang=\"en\" dir=\"ltr\">We are announcing today that head of football Raul Sanllehi\u00a0is leaving the club and Vinai Venkatesham, our current managing director, will lead us going forward.<\/p>&mdash; Arsenal (@Arsenal) <a href=\"https:\/\/twitter.com\/Arsenal\/status\/1294589842312040450?ref_src=twsrc%5Etfw\">August 15, 2020<\/a><\/blockquote><script async src=\"https:\/\/platform.twitter.com\/widgets.js\" charset=\"utf-8\"><\/script>\n<\/div><\/figure>\n\n\n\n<p>&#8220;Jeg er stolt og glad over det bidrag, jeg har givet til Arsenal over de seneste tre \u00e5r, og jeg ser frem til at f\u00f8lge klubbens fremtidige succes. Arsenal er en sand fodboldinstitution,&#8221; lyder det fra Sanllehi.<\/p>\n\n\n\n<p>Ra\u00fal Sanllehi blev ansat p\u00e5 Emirates i februar 2018 efter en tid i FC Barcelona, og afskeden kommer formentlig som konsekvens af de store nedsk\u00e6ringer i klubben.<\/p>\n\n\n\n<figure class=\"wp-block-embed-wordpress wp-block-embed is-type-wp-embed is-provider-ace-football-danmark\"><div class=\"wp-block-embed__wrapper\">\n<blockquote class=\"wp-embedded-content\" data-secret=\"6HytHa6XKM\"><a href=\"https:\/\/acefootball.com\/da\/fodboldnyheder\/dollarsmil-willian-tjener-kassen-paa-arsenal-skifte\/\">Dollarsmil: Willian tjener kassen p\u00e5 Arsenal-skifte<\/a><\/blockquote><iframe class=\"wp-embedded-content\" sandbox=\"allow-scripts\" security=\"restricted\" style=\"position: absolute; clip: rect(1px, 1px, 1px, 1px);\" title=\"&#8220;Dollarsmil: Willian tjener kassen p\u00e5 Arsenal-skifte&#8221; &#8212; Ace Football Danmark\" src=\"https:\/\/acefootball.com\/da\/fodboldnyheder\/dollarsmil-willian-tjener-kassen-paa-arsenal-skifte\/embed\/#?secret=6HytHa6XKM\" data-secret=\"6HytHa6XKM\" width=\"600\" height=\"338\" frameborder=\"0\" marginwidth=\"0\" marginheight=\"0\" scrolling=\"no\"><\/iframe>\n<\/div><\/figure>\n","protected":false},"excerpt":{"rendered":"<p>Arsenal har bekr\u00e6ftet, at man tager afsked med sportsdirekt\u00f8r Ra\u00fal Sanllehi, der erstattes af administrerende direkt\u00f8r Vinai Venkatesham<\/p>\n","protected":false},"author":705,"featured_media":234225,"comment_status":"open","ping_status":"closed","sticky":false,"template":"","format":"standard","meta":{"om_disable_all_campaigns":false,"push_articles_ronaldo":{"active":false,"canonical":0,"publish":false},"force_updates":null},"categories":[1],"tags":[227,134,1674],"enet_tags":{"team":["9825"],"league":["47"],"sport_events":[]},"yoast_head":"<!-- This site is optimized with the Yoast SEO plugin v18.3 - https:\/\/yoast.com\/wordpress\/plugins\/seo\/ -->\n<title>Arsenal bekr\u00e6fter afsked med spansk sportsdirekt\u00f8r<\/title>\n<meta name=\"description\" content=\"Arsenal har bekr\u00e6ftet, at man tager afsked med sportsdirekt\u00f8r Ra\u00fal Sanllehi, der erstattes af administrerende direkt\u00f8r Vinai Venkatesham\" \/>\n<meta name=\"robots\" content=\"index, follow, max-snippet:-1, max-image-preview:large, max-video-preview:-1\" \/>\n<link rel=\"canonical\" href=\"https:\/\/acefootball.com\/da\/fodboldnyheder\/arsenal-bekraefter-afsked-med-spansk-sportsdirektoer\/\" \/>\n<meta property=\"og:locale\" content=\"en_US\" \/>\n<meta property=\"og:type\" content=\"article\" \/>\n<meta property=\"og:title\" content=\"Arsenal bekr\u00e6fter afsked med spansk sportsdirekt\u00f8r\" \/>\n<meta property=\"og:description\" content=\"Arsenal har bekr\u00e6ftet, at man tager afsked med sportsdirekt\u00f8r Ra\u00fal Sanllehi, der erstattes af administrerende direkt\u00f8r Vinai Venkatesham\" \/>\n<meta property=\"og:url\" content=\"https:\/\/acefootball.com\/da\/fodboldnyheder\/arsenal-bekraefter-afsked-med-spansk-sportsdirektoer\/\" \/>\n<meta property=\"og:site_name\" content=\"Ace Football Danmark\" \/>\n<meta property=\"article:publisher\" content=\"https:\/\/www.facebook.com\/acefootballdk\" \/>\n<meta property=\"article:published_time\" content=\"2020-08-15T14:24:22+00:00\" \/>\n<meta property=\"article:modified_time\" content=\"2020-08-15T14:13:15+00:00\" \/>\n<meta property=\"og:image\" content=\"https:\/\/acefootball.com\/da\/wp-content\/uploads\/sites\/2\/2020\/08\/GettyImages-1259039314.jpg\" \/>\n\t<meta property=\"og:image:width\" content=\"1024\" \/>\n\t<meta property=\"og:image:height\" content=\"697\" \/>\n\t<meta property=\"og:image:type\" content=\"image\/jpeg\" \/>\n<meta name=\"twitter:card\" content=\"summary_large_image\" \/>\n<meta name=\"twitter:label1\" content=\"Written by\" \/>\n\t<meta name=\"twitter:data1\" content=\"Mads Dreyer\" \/>\n\t<meta name=\"twitter:label2\" content=\"Est. reading time\" \/>\n\t<meta name=\"twitter:data2\" content=\"1 minute\" \/>\n<script type=\"application\/ld+json\" class=\"yoast-schema-graph\">{\"@context\":\"https:\/\/schema.org\",\"@graph\":[{\"@type\":\"Organization\",\"@id\":\"https:\/\/acefootball.com\/da\/#organization\",\"name\":\"Ace Football\",\"url\":\"https:\/\/acefootball.com\/da\/\",\"sameAs\":[\"https:\/\/www.facebook.com\/acefootballdk\"],\"logo\":{\"@type\":\"ImageObject\",\"@id\":\"https:\/\/acefootball.com\/da\/#logo\",\"inLanguage\":\"en-US\",\"url\":\"https:\/\/acefootball.com\/da\/wp-content\/uploads\/sites\/2\/2020\/07\/Ace-Football-30-07-2020-2.png\",\"contentUrl\":\"https:\/\/acefootball.com\/da\/wp-content\/uploads\/sites\/2\/2020\/07\/Ace-Football-30-07-2020-2.png\",\"width\":1200,\"height\":600,\"caption\":\"Ace Football\"},\"image\":{\"@id\":\"https:\/\/acefootball.com\/da\/#logo\"}},{\"@type\":\"WebSite\",\"@id\":\"https:\/\/acefootball.com\/da\/#website\",\"url\":\"https:\/\/acefootball.com\/da\/\",\"name\":\"Ace Football Danmark\",\"description\":\"Nyheder, Spiltips &amp; Livescore\",\"publisher\":{\"@id\":\"https:\/\/acefootball.com\/da\/#organization\"},\"potentialAction\":[{\"@type\":\"SearchAction\",\"target\":{\"@type\":\"EntryPoint\",\"urlTemplate\":\"https:\/\/acefootball.com\/da\/?s={search_term_string}\"},\"query-input\":\"required name=search_term_string\"}],\"inLanguage\":\"en-US\"},{\"@type\":\"ImageObject\",\"@id\":\"https:\/\/acefootball.com\/da\/fodboldnyheder\/arsenal-bekraefter-afsked-med-spansk-sportsdirektoer\/#primaryimage\",\"inLanguage\":\"en-US\",\"url\":\"https:\/\/acefootball.com\/da\/wp-content\/uploads\/sites\/2\/2020\/08\/GettyImages-1259039314.jpg\",\"contentUrl\":\"https:\/\/acefootball.com\/da\/wp-content\/uploads\/sites\/2\/2020\/08\/GettyImages-1259039314.jpg\",\"width\":1024,\"height\":697,\"caption\":\"LONDON, ENGLAND - JULY 26: Mikel Arteta, Manager of Arsenal (second from right) talks with his team during a drinks break during the Premier League match between Arsenal FC and Watford FC at Emirates Stadium on July 26, 2020 in London, England. Football Stadiums around Europe remain empty due to the Coronavirus Pandemic as Government social distancing laws prohibit fans inside venues resulting in all fixtures being played behind closed doors. (Photo by Rui Vieira\/Pool via Getty Images)\"},{\"@type\":\"WebPage\",\"@id\":\"https:\/\/acefootball.com\/da\/fodboldnyheder\/arsenal-bekraefter-afsked-med-spansk-sportsdirektoer\/#webpage\",\"url\":\"https:\/\/acefootball.com\/da\/fodboldnyheder\/arsenal-bekraefter-afsked-med-spansk-sportsdirektoer\/\",\"name\":\"Arsenal bekr\u00e6fter afsked med spansk sportsdirekt\u00f8r\",\"isPartOf\":{\"@id\":\"https:\/\/acefootball.com\/da\/#website\"},\"primaryImageOfPage\":{\"@id\":\"https:\/\/acefootball.com\/da\/fodboldnyheder\/arsenal-bekraefter-afsked-med-spansk-sportsdirektoer\/#primaryimage\"},\"datePublished\":\"2020-08-15T14:24:22+00:00\",\"dateModified\":\"2020-08-15T14:13:15+00:00\",\"description\":\"Arsenal har bekr\u00e6ftet, at man tager afsked med sportsdirekt\u00f8r Ra\u00fal Sanllehi, der erstattes af administrerende direkt\u00f8r Vinai Venkatesham\",\"breadcrumb\":{\"@id\":\"https:\/\/acefootball.com\/da\/fodboldnyheder\/arsenal-bekraefter-afsked-med-spansk-sportsdirektoer\/#breadcrumb\"},\"inLanguage\":\"en-US\",\"potentialAction\":[{\"@type\":\"ReadAction\",\"target\":[\"https:\/\/acefootball.com\/da\/fodboldnyheder\/arsenal-bekraefter-afsked-med-spansk-sportsdirektoer\/\"]}]},{\"@type\":\"BreadcrumbList\",\"@id\":\"https:\/\/acefootball.com\/da\/fodboldnyheder\/arsenal-bekraefter-afsked-med-spansk-sportsdirektoer\/#breadcrumb\",\"itemListElement\":[{\"@type\":\"ListItem\",\"position\":1,\"name\":\"Home\",\"item\":\"https:\/\/acefootball.com\/da\/\"},{\"@type\":\"ListItem\",\"position\":2,\"name\":\"Arsenal bekr\u00e6fter afsked med spansk sportsdirekt\u00f8r\"}]},{\"@type\":\"Article\",\"@id\":\"https:\/\/acefootball.com\/da\/fodboldnyheder\/arsenal-bekraefter-afsked-med-spansk-sportsdirektoer\/#article\",\"isPartOf\":{\"@id\":\"https:\/\/acefootball.com\/da\/fodboldnyheder\/arsenal-bekraefter-afsked-med-spansk-sportsdirektoer\/#webpage\"},\"author\":{\"@id\":\"https:\/\/acefootball.com\/da\/#\/schema\/person\/ee67e9cf04a276f144100ffa722f10cd\"},\"headline\":\"Arsenal bekr\u00e6fter afsked med spansk sportsdirekt\u00f8r\",\"datePublished\":\"2020-08-15T14:24:22+00:00\",\"dateModified\":\"2020-08-15T14:13:15+00:00\",\"mainEntityOfPage\":{\"@id\":\"https:\/\/acefootball.com\/da\/fodboldnyheder\/arsenal-bekraefter-afsked-med-spansk-sportsdirektoer\/#webpage\"},\"wordCount\":155,\"commentCount\":0,\"publisher\":{\"@id\":\"https:\/\/acefootball.com\/da\/#organization\"},\"image\":{\"@id\":\"https:\/\/acefootball.com\/da\/fodboldnyheder\/arsenal-bekraefter-afsked-med-spansk-sportsdirektoer\/#primaryimage\"},\"thumbnailUrl\":\"https:\/\/acefootball.com\/da\/wp-content\/uploads\/sites\/2\/2020\/08\/GettyImages-1259039314.jpg\",\"keywords\":[\"Arsenal\",\"Premier League\",\"Raul Sanllehi\"],\"articleSection\":[\"Nyhed\"],\"inLanguage\":\"en-US\",\"potentialAction\":[{\"@type\":\"CommentAction\",\"name\":\"Comment\",\"target\":[\"https:\/\/acefootball.com\/da\/fodboldnyheder\/arsenal-bekraefter-afsked-med-spansk-sportsdirektoer\/#respond\"]}]},{\"@type\":\"Person\",\"@id\":\"https:\/\/acefootball.com\/da\/#\/schema\/person\/ee67e9cf04a276f144100ffa722f10cd\",\"name\":\"Mads Dreyer\",\"image\":{\"@type\":\"ImageObject\",\"@id\":\"https:\/\/acefootball.com\/da\/#personlogo\",\"inLanguage\":\"en-US\",\"url\":\"https:\/\/secure.gravatar.com\/avatar\/7c7abf72cfde9902b6a60efe60c88d4c?s=96&d=mm&r=g\",\"contentUrl\":\"https:\/\/secure.gravatar.com\/avatar\/7c7abf72cfde9902b6a60efe60c88d4c?s=96&d=mm&r=g\",\"caption\":\"Mads Dreyer\"},\"description\":\"Skribent og fodboldn\u00f8rd, der lige nu fort\u00e6ller om alt og intet i fodboldverdenen p\u00e5 acefootball.com. Uddannet i kommunikation fra Aalborg Universitet.\",\"sameAs\":[\"https:\/\/www.linkedin.com\/in\/mads-dreyer-b9b08266\/\"],\"url\":\"https:\/\/acefootball.com\/da\/fodboldnyheder\/author\/mdnronaldo\/\"}]}<\/script>\n<!-- \/ Yoast SEO plugin. -->","yoast_head_json":{"title":"Arsenal bekr\u00e6fter afsked med spansk sportsdirekt\u00f8r","description":"Arsenal har bekr\u00e6ftet, at man tager afsked med sportsdirekt\u00f8r Ra\u00fal Sanllehi, der erstattes af administrerende direkt\u00f8r Vinai Venkatesham","robots":{"index":"index","follow":"follow","max-snippet":"max-snippet:-1","max-image-preview":"max-image-preview:large","max-video-preview":"max-video-preview:-1"},"canonical":"https:\/\/acefootball.com\/da\/fodboldnyheder\/arsenal-bekraefter-afsked-med-spansk-sportsdirektoer\/","og_locale":"en_US","og_type":"article","og_title":"Arsenal bekr\u00e6fter afsked med spansk sportsdirekt\u00f8r","og_description":"Arsenal har bekr\u00e6ftet, at man tager afsked med sportsdirekt\u00f8r Ra\u00fal Sanllehi, der erstattes af administrerende direkt\u00f8r Vinai Venkatesham","og_url":"https:\/\/acefootball.com\/da\/fodboldnyheder\/arsenal-bekraefter-afsked-med-spansk-sportsdirektoer\/","og_site_name":"Ace Football Danmark","article_publisher":"https:\/\/www.facebook.com\/acefootballdk","article_published_time":"2020-08-15T14:24:22+00:00","article_modified_time":"2020-08-15T14:13:15+00:00","og_image":[{"width":1024,"height":697,"url":"https:\/\/acefootball.com\/da\/wp-content\/uploads\/sites\/2\/2020\/08\/GettyImages-1259039314.jpg","type":"image\/jpeg"}],"twitter_card":"summary_large_image","twitter_misc":{"Written by":"Mads Dreyer","Est. reading time":"1 minute"},"schema":{"@context":"https:\/\/schema.org","@graph":[{"@type":"Organization","@id":"https:\/\/acefootball.com\/da\/#organization","name":"Ace Football","url":"https:\/\/acefootball.com\/da\/","sameAs":["https:\/\/www.facebook.com\/acefootballdk"],"logo":{"@type":"ImageObject","@id":"https:\/\/acefootball.com\/da\/#logo","inLanguage":"en-US","url":"https:\/\/acefootball.com\/da\/wp-content\/uploads\/sites\/2\/2020\/07\/Ace-Football-30-07-2020-2.png","contentUrl":"https:\/\/acefootball.com\/da\/wp-content\/uploads\/sites\/2\/2020\/07\/Ace-Football-30-07-2020-2.png","width":1200,"height":600,"caption":"Ace Football"},"image":{"@id":"https:\/\/acefootball.com\/da\/#logo"}},{"@type":"WebSite","@id":"https:\/\/acefootball.com\/da\/#website","url":"https:\/\/acefootball.com\/da\/","name":"Ace Football Danmark","description":"Nyheder, Spiltips &amp; Livescore","publisher":{"@id":"https:\/\/acefootball.com\/da\/#organization"},"potentialAction":[{"@type":"SearchAction","target":{"@type":"EntryPoint","urlTemplate":"https:\/\/acefootball.com\/da\/?s={search_term_string}"},"query-input":"required name=search_term_string"}],"inLanguage":"en-US"},{"@type":"ImageObject","@id":"https:\/\/acefootball.com\/da\/fodboldnyheder\/arsenal-bekraefter-afsked-med-spansk-sportsdirektoer\/#primaryimage","inLanguage":"en-US","url":"https:\/\/acefootball.com\/da\/wp-content\/uploads\/sites\/2\/2020\/08\/GettyImages-1259039314.jpg","contentUrl":"https:\/\/acefootball.com\/da\/wp-content\/uploads\/sites\/2\/2020\/08\/GettyImages-1259039314.jpg","width":1024,"height":697,"caption":"LONDON, ENGLAND - JULY 26: Mikel Arteta, Manager of Arsenal (second from right) talks with his team during a drinks break during the Premier League match between Arsenal FC and Watford FC at Emirates Stadium on July 26, 2020 in London, England. Football Stadiums around Europe remain empty due to the Coronavirus Pandemic as Government social distancing laws prohibit fans inside venues resulting in all fixtures being played behind closed doors. (Photo by Rui Vieira\/Pool via Getty Images)"},{"@type":"WebPage","@id":"https:\/\/acefootball.com\/da\/fodboldnyheder\/arsenal-bekraefter-afsked-med-spansk-sportsdirektoer\/#webpage","url":"https:\/\/acefootball.com\/da\/fodboldnyheder\/arsenal-bekraefter-afsked-med-spansk-sportsdirektoer\/","name":"Arsenal bekr\u00e6fter afsked med spansk sportsdirekt\u00f8r","isPartOf":{"@id":"https:\/\/acefootball.com\/da\/#website"},"primaryImageOfPage":{"@id":"https:\/\/acefootball.com\/da\/fodboldnyheder\/arsenal-bekraefter-afsked-med-spansk-sportsdirektoer\/#primaryimage"},"datePublished":"2020-08-15T14:24:22+00:00","dateModified":"2020-08-15T14:13:15+00:00","description":"Arsenal har bekr\u00e6ftet, at man tager afsked med sportsdirekt\u00f8r Ra\u00fal Sanllehi, der erstattes af administrerende direkt\u00f8r Vinai Venkatesham","breadcrumb":{"@id":"https:\/\/acefootball.com\/da\/fodboldnyheder\/arsenal-bekraefter-afsked-med-spansk-sportsdirektoer\/#breadcrumb"},"inLanguage":"en-US","potentialAction":[{"@type":"ReadAction","target":["https:\/\/acefootball.com\/da\/fodboldnyheder\/arsenal-bekraefter-afsked-med-spansk-sportsdirektoer\/"]}]},{"@type":"BreadcrumbList","@id":"https:\/\/acefootball.com\/da\/fodboldnyheder\/arsenal-bekraefter-afsked-med-spansk-sportsdirektoer\/#breadcrumb","itemListElement":[{"@type":"ListItem","position":1,"name":"Home","item":"https:\/\/acefootball.com\/da\/"},{"@type":"ListItem","position":2,"name":"Arsenal bekr\u00e6fter afsked med spansk sportsdirekt\u00f8r"}]},{"@type":"Article","@id":"https:\/\/acefootball.com\/da\/fodboldnyheder\/arsenal-bekraefter-afsked-med-spansk-sportsdirektoer\/#article","isPartOf":{"@id":"https:\/\/acefootball.com\/da\/fodboldnyheder\/arsenal-bekraefter-afsked-med-spansk-sportsdirektoer\/#webpage"},"author":{"@id":"https:\/\/acefootball.com\/da\/#\/schema\/person\/ee67e9cf04a276f144100ffa722f10cd"},"headline":"Arsenal bekr\u00e6fter afsked med spansk sportsdirekt\u00f8r","datePublished":"2020-08-15T14:24:22+00:00","dateModified":"2020-08-15T14:13:15+00:00","mainEntityOfPage":{"@id":"https:\/\/acefootball.com\/da\/fodboldnyheder\/arsenal-bekraefter-afsked-med-spansk-sportsdirektoer\/#webpage"},"wordCount":155,"commentCount":0,"publisher":{"@id":"https:\/\/acefootball.com\/da\/#organization"},"image":{"@id":"https:\/\/acefootball.com\/da\/fodboldnyheder\/arsenal-bekraefter-afsked-med-spansk-sportsdirektoer\/#primaryimage"},"thumbnailUrl":"https:\/\/acefootball.com\/da\/wp-content\/uploads\/sites\/2\/2020\/08\/GettyImages-1259039314.jpg","keywords":["Arsenal","Premier League","Raul Sanllehi"],"articleSection":["Nyhed"],"inLanguage":"en-US","potentialAction":[{"@type":"CommentAction","name":"Comment","target":["https:\/\/acefootball.com\/da\/fodboldnyheder\/arsenal-bekraefter-afsked-med-spansk-sportsdirektoer\/#respond"]}]},{"@type":"Person","@id":"https:\/\/acefootball.com\/da\/#\/schema\/person\/ee67e9cf04a276f144100ffa722f10cd","name":"Mads Dreyer","image":{"@type":"ImageObject","@id":"https:\/\/acefootball.com\/da\/#personlogo","inLanguage":"en-US","url":"https:\/\/secure.gravatar.com\/avatar\/7c7abf72cfde9902b6a60efe60c88d4c?s=96&d=mm&r=g","contentUrl":"https:\/\/secure.gravatar.com\/avatar\/7c7abf72cfde9902b6a60efe60c88d4c?s=96&d=mm&r=g","caption":"Mads Dreyer"},"description":"Skribent og fodboldn\u00f8rd, der lige nu fort\u00e6ller om alt og intet i fodboldverdenen p\u00e5 acefootball.com. Uddannet i kommunikation fra Aalborg Universitet.","sameAs":["https:\/\/www.linkedin.com\/in\/mads-dreyer-b9b08266\/"],"url":"https:\/\/acefootball.com\/da\/fodboldnyheder\/author\/mdnronaldo\/"}]}},"fimg_url":"https:\/\/acefootball.com\/da\/wp-content\/uploads\/sites\/2\/2020\/08\/GettyImages-1259039314.jpg","_links":{"self":[{"href":"https:\/\/acefootball.com\/da\/wp-json\/wp\/v2\/posts\/234221"}],"collection":[{"href":"https:\/\/acefootball.com\/da\/wp-json\/wp\/v2\/posts"}],"about":[{"href":"https:\/\/acefootball.com\/da\/wp-json\/wp\/v2\/types\/post"}],"author":[{"embeddable":true,"href":"https:\/\/acefootball.com\/da\/wp-json\/wp\/v2\/users\/705"}],"replies":[{"embeddable":true,"href":"https:\/\/acefootball.com\/da\/wp-json\/wp\/v2\/comments?post=234221"}],"version-history":[{"count":0,"href":"https:\/\/acefootball.com\/da\/wp-json\/wp\/v2\/posts\/234221\/revisions"}],"wp:featuredmedia":[{"embeddable":true,"href":"https:\/\/acefootball.com\/da\/wp-json\/wp\/v2\/media\/234225"}],"wp:attachment":[{"href":"https:\/\/acefootball.com\/da\/wp-json\/wp\/v2\/media?parent=234221"}],"wp:term":[{"taxonomy":"category","embeddable":true,"href":"https:\/\/acefootball.com\/da\/wp-json\/wp\/v2\/categories?post=234221"},{"taxonomy":"post_tag","embeddable":true,"href":"https:\/\/acefootball.com\/da\/wp-json\/wp\/v2\/tags?post=234221"}],"curies":[{"name":"wp","href":"https:\/\/api.w.org\/{rel}","templated":true}]}}